{"id":28343,"date":"2014-09-22T09:11:49","date_gmt":"2014-09-22T13:11:49","guid":{"rendered":"http:\/\/uqactualite.odev.ca\/?p=28343"},"modified":"2014-09-22T09:11:49","modified_gmt":"2014-09-22T13:11:49","slug":"spin-o-thon-17-cyclistes-pedalent-au-profit-de-leucan","status":"publish","type":"post","link":"https:\/\/www.uqac.ca\/uqactualites\/2014\/09\/22\/spin-o-thon-17-cyclistes-pedalent-au-profit-de-leucan\/","title":{"rendered":"Spin-o-thon : 17 cyclistes p\u00e9dalent au profit de Leucan"},"content":{"rendered":"<p style=\"text-align: justify\">Le mercredi 17 septembre dernier, le doyen des \u00e9tudes de l\u2019UQAC, \u00c9tienne H\u00e9bert, donnait rendez-vous \u00e0 ses coll\u00e8gues afin de relever le d\u00e9fi du Spin-o-thon. Mis sur pied dans le cadre du D\u00e9fi t\u00eates ras\u00e9es Leucan, l\u2019\u00e9v\u00e9nement r\u00e9unissait pas moins de 17 cyclistes issus de la communaut\u00e9 universitaire venus p\u00e9daler pendant une heure au profit de l\u2019organisme.<\/p>\n<p style=\"text-align: justify\">C\u2019est \u00e0 titre de pr\u00e9sident d\u2019honneur de Saguenay pour le D\u00e9fi t\u00eates ras\u00e9es que M.\u00a0H\u00e9bert a invit\u00e9 ses comparses \u00e0 p\u00e9daler avec lui pour la cause. \u00c0 cette occasion, la t\u00eate de M.\u00a0H\u00e9bert a aussi \u00e9t\u00e9 mise aux ench\u00e8res\u00a0: en effet, c\u2019est celui qui allait offrir la meilleure mise qui aurait la chance de raser les cheveux du doyen. C\u2019est finalement le duo compos\u00e9 de Mustapha Fahmi, vice-recteur \u00e0 l\u2019enseignement, \u00e0 la recherche et \u00e0 la cr\u00e9ation, et de Jean Wauthier, directeur du Bureau des affaires publiques, qui a proc\u00e9d\u00e9 \u00e0 cette coupe de cheveux \u00e0 la fois \u00e9tonnante et symbolique.<\/p>\n<p style=\"text-align: justify\">Toutes nos f\u00e9licitations \u00e0 \u00c9tienne H\u00e9bert ainsi qu\u2019aux cyclistes pr\u00e9sents qui, par leur g\u00e9n\u00e9rosit\u00e9, ont permis de sensibiliser la communaut\u00e9 universitaire \u00e0 la cause des enfants atteints de cancer.<\/p>\n<p style=\"text-align: justify\"><span style=\"color: #808080\"><b><br \/>\n_______________________________________________________________________________________<\/b><\/span><\/p>\n<p style=\"text-align: justify\"><span style=\"color: #808080\"><strong>Photo\u00a0: <\/strong>Jonathan Bergeron, charg\u00e9 de projets au d\u00e9veloppement philanthropique pour Leucan Saguenay\u2212Lac-St-Jean, \u00c9tienne H\u00e9bert, doyen des \u00e9tudes de l\u2019UQAC, et Christina Bergeron, \u00e9tudiante ayant livr\u00e9 un t\u00e9moignage sur l\u2019importance de Leucan lors du Spin-o-thon<\/span><\/p>\n<p style=\"text-align: justify\"><span style=\"color: #808080\"><strong>\u00a9 Denis Blackburn, UQAC<br \/>\n<\/strong><b>_______________________________________________________________________________________<\/b><\/span><\/p>\n","protected":false},"excerpt":{"rendered":"<p>Le mercredi 17 septembre dernier, le doyen des \u00e9tudes de l\u2019UQAC, \u00c9tienne H\u00e9bert, donnait rendez-vous \u00e0 ses coll\u00e8gues afin de relever le d\u00e9fi du Spin-o-thon. Mis sur pied dans le cadre du D\u00e9fi t\u00eates ras\u00e9es Leucan, l\u2019\u00e9v\u00e9nement r\u00e9unissait pas moins de 17 cyclistes issus de la communaut\u00e9 universitaire venus p\u00e9daler pendant une heure au profit [&hellip;]<\/p>\n","protected":false},"author":5,"featured_media":28344,"comment_status":"open","ping_status":"open","sticky":false,"template":"","format":"standard","meta":{"footnotes":""},"categories":[2,61],"tags":[1045,1554,806,1568,1104],"yoast_head":"<!-- This site is optimized with the Yoast SEO plugin v24.2 - https:\/\/yoast.com\/wordpress\/plugins\/seo\/ -->\r\n<title>Spin-o-thon : 17 cyclistes p\u00e9dalent au profit de Leucan - UQACtualit\u00e9s<\/title>\r\n<meta name=\"robots\" content=\"index, follow, max-snippet:-1, max-image-preview:large, max-video-preview:-1\" \/>\r\n<link rel=\"canonical\" href=\"https:\/\/www.uqac.ca\/uqactualites\/2014\/09\/22\/spin-o-thon-17-cyclistes-pedalent-au-profit-de-leucan\/\" \/>\r\n<meta property=\"og:locale\" content=\"fr_CA\" \/>\r\n<meta property=\"og:type\" content=\"article\" \/>\r\n<meta property=\"og:title\" content=\"Spin-o-thon : 17 cyclistes p\u00e9dalent au profit de Leucan - UQACtualit\u00e9s\" \/>\r\n<meta property=\"og:description\" content=\"Le mercredi 17 septembre dernier, le doyen des \u00e9tudes de l\u2019UQAC, \u00c9tienne H\u00e9bert, donnait rendez-vous \u00e0 ses coll\u00e8gues afin de relever le d\u00e9fi du Spin-o-thon. Mis sur pied dans le cadre du D\u00e9fi t\u00eates ras\u00e9es Leucan, l\u2019\u00e9v\u00e9nement r\u00e9unissait pas moins de 17 cyclistes issus de la communaut\u00e9 universitaire venus p\u00e9daler pendant une heure au profit [&hellip;]\" \/>\r\n<meta property=\"og:url\" content=\"https:\/\/www.uqac.ca\/uqactualites\/2014\/09\/22\/spin-o-thon-17-cyclistes-pedalent-au-profit-de-leucan\/\" \/>\r\n<meta property=\"og:site_name\" content=\"UQACtualit\u00e9s\" \/>\r\n<meta property=\"article:published_time\" content=\"2014-09-22T13:11:49+00:00\" \/>\r\n<meta property=\"og:image\" content=\"https:\/\/www.uqac.ca\/uqactualites\/wp-content\/uploads\/2014\/09\/Spin-o-thon-Web-\u00a9Denis-Blackburn.jpg\" \/>\r\n\t<meta property=\"og:image:width\" content=\"620\" \/>\r\n\t<meta property=\"og:image:height\" content=\"300\" \/>\r\n\t<meta property=\"og:image:type\" content=\"image\/jpeg\" \/>\r\n<meta name=\"author\" content=\"Service des communications et des relations publiques\" \/>\r\n<meta name=\"twitter:card\" content=\"summary_large_image\" \/>\r\n<meta name=\"twitter:label1\" content=\"\u00c9crit par\" \/>\n\t<meta name=\"twitter:data1\" content=\"Service des communications et des relations publiques\" \/>\n\t<meta name=\"twitter:label2\" content=\"Estimation du temps de lecture\" \/>\n\t<meta name=\"twitter:data2\" content=\"1 minute\" \/>\r\n<script type=\"application\/ld+json\" class=\"yoast-schema-graph\">{\"@context\":\"https:\/\/schema.org\",\"@graph\":[{\"@type\":\"WebPage\",\"@id\":\"https:\/\/www.uqac.ca\/uqactualites\/2014\/09\/22\/spin-o-thon-17-cyclistes-pedalent-au-profit-de-leucan\/\",\"url\":\"https:\/\/www.uqac.ca\/uqactualites\/2014\/09\/22\/spin-o-thon-17-cyclistes-pedalent-au-profit-de-leucan\/\",\"name\":\"Spin-o-thon : 17 cyclistes p\u00e9dalent au profit de Leucan - UQACtualit\u00e9s\",\"isPartOf\":{\"@id\":\"https:\/\/www.uqac.ca\/uqactualites\/#website\"},\"primaryImageOfPage\":{\"@id\":\"https:\/\/www.uqac.ca\/uqactualites\/2014\/09\/22\/spin-o-thon-17-cyclistes-pedalent-au-profit-de-leucan\/#primaryimage\"},\"image\":{\"@id\":\"https:\/\/www.uqac.ca\/uqactualites\/2014\/09\/22\/spin-o-thon-17-cyclistes-pedalent-au-profit-de-leucan\/#primaryimage\"},\"thumbnailUrl\":\"https:\/\/www.uqac.ca\/uqactualites\/wp-content\/uploads\/2014\/09\/Spin-o-thon-Web-\u00a9Denis-Blackburn.jpg\",\"datePublished\":\"2014-09-22T13:11:49+00:00\",\"dateModified\":\"2014-09-22T13:11:49+00:00\",\"author\":{\"@id\":\"https:\/\/www.uqac.ca\/uqactualites\/#\/schema\/person\/366c45a0c4f0e677b41b4af5886e2018\"},\"breadcrumb\":{\"@id\":\"https:\/\/www.uqac.ca\/uqactualites\/2014\/09\/22\/spin-o-thon-17-cyclistes-pedalent-au-profit-de-leucan\/#breadcrumb\"},\"inLanguage\":\"fr-CA\",\"potentialAction\":[{\"@type\":\"ReadAction\",\"target\":[\"https:\/\/www.uqac.ca\/uqactualites\/2014\/09\/22\/spin-o-thon-17-cyclistes-pedalent-au-profit-de-leucan\/\"]}]},{\"@type\":\"ImageObject\",\"inLanguage\":\"fr-CA\",\"@id\":\"https:\/\/www.uqac.ca\/uqactualites\/2014\/09\/22\/spin-o-thon-17-cyclistes-pedalent-au-profit-de-leucan\/#primaryimage\",\"url\":\"https:\/\/www.uqac.ca\/uqactualites\/wp-content\/uploads\/2014\/09\/Spin-o-thon-Web-\u00a9Denis-Blackburn.jpg\",\"contentUrl\":\"https:\/\/www.uqac.ca\/uqactualites\/wp-content\/uploads\/2014\/09\/Spin-o-thon-Web-\u00a9Denis-Blackburn.jpg\",\"width\":620,\"height\":300},{\"@type\":\"BreadcrumbList\",\"@id\":\"https:\/\/www.uqac.ca\/uqactualites\/2014\/09\/22\/spin-o-thon-17-cyclistes-pedalent-au-profit-de-leucan\/#breadcrumb\",\"itemListElement\":[{\"@type\":\"ListItem\",\"position\":1,\"name\":\"Home\",\"item\":\"https:\/\/www.uqac.ca\/uqactualites\/\"},{\"@type\":\"ListItem\",\"position\":2,\"name\":\"Spin-o-thon : 17 cyclistes p\u00e9dalent au profit de Leucan\"}]},{\"@type\":\"WebSite\",\"@id\":\"https:\/\/www.uqac.ca\/uqactualites\/#website\",\"url\":\"https:\/\/www.uqac.ca\/uqactualites\/\",\"name\":\"UQACtualit\u00e9s\",\"description\":\"Le portail des nouvelles de l&#039;UQAC\",\"potentialAction\":[{\"@type\":\"SearchAction\",\"target\":{\"@type\":\"EntryPoint\",\"urlTemplate\":\"https:\/\/www.uqac.ca\/uqactualites\/?s={search_term_string}\"},\"query-input\":{\"@type\":\"PropertyValueSpecification\",\"valueRequired\":true,\"valueName\":\"search_term_string\"}}],\"inLanguage\":\"fr-CA\"},{\"@type\":\"Person\",\"@id\":\"https:\/\/www.uqac.ca\/uqactualites\/#\/schema\/person\/366c45a0c4f0e677b41b4af5886e2018\",\"name\":\"Service des communications et des relations publiques\",\"image\":{\"@type\":\"ImageObject\",\"inLanguage\":\"fr-CA\",\"@id\":\"https:\/\/www.uqac.ca\/uqactualites\/#\/schema\/person\/image\/\",\"url\":\"https:\/\/secure.gravatar.com\/avatar\/20fbbda8a292f59f2d3461a5b999c00b?s=96&d=mm&r=g\",\"contentUrl\":\"https:\/\/secure.gravatar.com\/avatar\/20fbbda8a292f59f2d3461a5b999c00b?s=96&d=mm&r=g\",\"caption\":\"Service des communications et des relations publiques\"},\"url\":\"https:\/\/www.uqac.ca\/uqactualites\/author\/bap\/\"}]}<\/script>\r\n<!-- \/ Yoast SEO plugin. -->","yoast_head_json":{"title":"Spin-o-thon : 17 cyclistes p\u00e9dalent au profit de Leucan - UQACtualit\u00e9s","robots":{"index":"index","follow":"follow","max-snippet":"max-snippet:-1","max-image-preview":"max-image-preview:large","max-video-preview":"max-video-preview:-1"},"canonical":"https:\/\/www.uqac.ca\/uqactualites\/2014\/09\/22\/spin-o-thon-17-cyclistes-pedalent-au-profit-de-leucan\/","og_locale":"fr_CA","og_type":"article","og_title":"Spin-o-thon : 17 cyclistes p\u00e9dalent au profit de Leucan - UQACtualit\u00e9s","og_description":"Le mercredi 17 septembre dernier, le doyen des \u00e9tudes de l\u2019UQAC, \u00c9tienne H\u00e9bert, donnait rendez-vous \u00e0 ses coll\u00e8gues afin de relever le d\u00e9fi du Spin-o-thon. Mis sur pied dans le cadre du D\u00e9fi t\u00eates ras\u00e9es Leucan, l\u2019\u00e9v\u00e9nement r\u00e9unissait pas moins de 17 cyclistes issus de la communaut\u00e9 universitaire venus p\u00e9daler pendant une heure au profit [&hellip;]","og_url":"https:\/\/www.uqac.ca\/uqactualites\/2014\/09\/22\/spin-o-thon-17-cyclistes-pedalent-au-profit-de-leucan\/","og_site_name":"UQACtualit\u00e9s","article_published_time":"2014-09-22T13:11:49+00:00","og_image":[{"width":620,"height":300,"url":"https:\/\/www.uqac.ca\/uqactualites\/wp-content\/uploads\/2014\/09\/Spin-o-thon-Web-\u00a9Denis-Blackburn.jpg","type":"image\/jpeg"}],"author":"Service des communications et des relations publiques","twitter_card":"summary_large_image","twitter_misc":{"\u00c9crit par":"Service des communications et des relations publiques","Estimation du temps de lecture":"1 minute"},"schema":{"@context":"https:\/\/schema.org","@graph":[{"@type":"WebPage","@id":"https:\/\/www.uqac.ca\/uqactualites\/2014\/09\/22\/spin-o-thon-17-cyclistes-pedalent-au-profit-de-leucan\/","url":"https:\/\/www.uqac.ca\/uqactualites\/2014\/09\/22\/spin-o-thon-17-cyclistes-pedalent-au-profit-de-leucan\/","name":"Spin-o-thon : 17 cyclistes p\u00e9dalent au profit de Leucan - UQACtualit\u00e9s","isPartOf":{"@id":"https:\/\/www.uqac.ca\/uqactualites\/#website"},"primaryImageOfPage":{"@id":"https:\/\/www.uqac.ca\/uqactualites\/2014\/09\/22\/spin-o-thon-17-cyclistes-pedalent-au-profit-de-leucan\/#primaryimage"},"image":{"@id":"https:\/\/www.uqac.ca\/uqactualites\/2014\/09\/22\/spin-o-thon-17-cyclistes-pedalent-au-profit-de-leucan\/#primaryimage"},"thumbnailUrl":"https:\/\/www.uqac.ca\/uqactualites\/wp-content\/uploads\/2014\/09\/Spin-o-thon-Web-\u00a9Denis-Blackburn.jpg","datePublished":"2014-09-22T13:11:49+00:00","dateModified":"2014-09-22T13:11:49+00:00","author":{"@id":"https:\/\/www.uqac.ca\/uqactualites\/#\/schema\/person\/366c45a0c4f0e677b41b4af5886e2018"},"breadcrumb":{"@id":"https:\/\/www.uqac.ca\/uqactualites\/2014\/09\/22\/spin-o-thon-17-cyclistes-pedalent-au-profit-de-leucan\/#breadcrumb"},"inLanguage":"fr-CA","potentialAction":[{"@type":"ReadAction","target":["https:\/\/www.uqac.ca\/uqactualites\/2014\/09\/22\/spin-o-thon-17-cyclistes-pedalent-au-profit-de-leucan\/"]}]},{"@type":"ImageObject","inLanguage":"fr-CA","@id":"https:\/\/www.uqac.ca\/uqactualites\/2014\/09\/22\/spin-o-thon-17-cyclistes-pedalent-au-profit-de-leucan\/#primaryimage","url":"https:\/\/www.uqac.ca\/uqactualites\/wp-content\/uploads\/2014\/09\/Spin-o-thon-Web-\u00a9Denis-Blackburn.jpg","contentUrl":"https:\/\/www.uqac.ca\/uqactualites\/wp-content\/uploads\/2014\/09\/Spin-o-thon-Web-\u00a9Denis-Blackburn.jpg","width":620,"height":300},{"@type":"BreadcrumbList","@id":"https:\/\/www.uqac.ca\/uqactualites\/2014\/09\/22\/spin-o-thon-17-cyclistes-pedalent-au-profit-de-leucan\/#breadcrumb","itemListElement":[{"@type":"ListItem","position":1,"name":"Home","item":"https:\/\/www.uqac.ca\/uqactualites\/"},{"@type":"ListItem","position":2,"name":"Spin-o-thon : 17 cyclistes p\u00e9dalent au profit de Leucan"}]},{"@type":"WebSite","@id":"https:\/\/www.uqac.ca\/uqactualites\/#website","url":"https:\/\/www.uqac.ca\/uqactualites\/","name":"UQACtualit\u00e9s","description":"Le portail des nouvelles de l&#039;UQAC","potentialAction":[{"@type":"SearchAction","target":{"@type":"EntryPoint","urlTemplate":"https:\/\/www.uqac.ca\/uqactualites\/?s={search_term_string}"},"query-input":{"@type":"PropertyValueSpecification","valueRequired":true,"valueName":"search_term_string"}}],"inLanguage":"fr-CA"},{"@type":"Person","@id":"https:\/\/www.uqac.ca\/uqactualites\/#\/schema\/person\/366c45a0c4f0e677b41b4af5886e2018","name":"Service des communications et des relations publiques","image":{"@type":"ImageObject","inLanguage":"fr-CA","@id":"https:\/\/www.uqac.ca\/uqactualites\/#\/schema\/person\/image\/","url":"https:\/\/secure.gravatar.com\/avatar\/20fbbda8a292f59f2d3461a5b999c00b?s=96&d=mm&r=g","contentUrl":"https:\/\/secure.gravatar.com\/avatar\/20fbbda8a292f59f2d3461a5b999c00b?s=96&d=mm&r=g","caption":"Service des communications et des relations publiques"},"url":"https:\/\/www.uqac.ca\/uqactualites\/author\/bap\/"}]}},"_links":{"self":[{"href":"https:\/\/www.uqac.ca\/uqactualites\/wp-json\/wp\/v2\/posts\/28343"}],"collection":[{"href":"https:\/\/www.uqac.ca\/uqactualites\/wp-json\/wp\/v2\/posts"}],"about":[{"href":"https:\/\/www.uqac.ca\/uqactualites\/wp-json\/wp\/v2\/types\/post"}],"author":[{"embeddable":true,"href":"https:\/\/www.uqac.ca\/uqactualites\/wp-json\/wp\/v2\/users\/5"}],"replies":[{"embeddable":true,"href":"https:\/\/www.uqac.ca\/uqactualites\/wp-json\/wp\/v2\/comments?post=28343"}],"version-history":[{"count":0,"href":"https:\/\/www.uqac.ca\/uqactualites\/wp-json\/wp\/v2\/posts\/28343\/revisions"}],"wp:featuredmedia":[{"embeddable":true,"href":"https:\/\/www.uqac.ca\/uqactualites\/wp-json\/wp\/v2\/media\/28344"}],"wp:attachment":[{"href":"https:\/\/www.uqac.ca\/uqactualites\/wp-json\/wp\/v2\/media?parent=28343"}],"wp:term":[{"taxonomy":"category","embeddable":true,"href":"https:\/\/www.uqac.ca\/uqactualites\/wp-json\/wp\/v2\/categories?post=28343"},{"taxonomy":"post_tag","embeddable":true,"href":"https:\/\/www.uqac.ca\/uqactualites\/wp-json\/wp\/v2\/tags?post=28343"}],"curies":[{"name":"wp","href":"https:\/\/api.w.org\/{rel}","templated":true}]}}