{"id":28360,"date":"2014-09-23T15:31:39","date_gmt":"2014-09-23T19:31:39","guid":{"rendered":"http:\/\/uqactualite.odev.ca\/?p=28360"},"modified":"2014-09-23T15:31:39","modified_gmt":"2014-09-23T19:31:39","slug":"tournage-dune-video-promotionnelle-le-bureau-des-affaires-publiques-demande-votre-collaboration","status":"publish","type":"post","link":"https:\/\/www.uqac.ca\/uqactualites\/2014\/09\/23\/tournage-dune-video-promotionnelle-le-bureau-des-affaires-publiques-demande-votre-collaboration\/","title":{"rendered":"Tournage d\u2019une vid\u00e9o promotionnelle : Le Bureau des affaires publiques demande votre collaboration"},"content":{"rendered":"<p style=\"text-align: justify\">Le Bureau des affaires publiques tient \u00e0 informer la communaut\u00e9 universitaire qu\u2019il proc\u00e9dera au tournage d\u2019une vid\u00e9o promotionnelle \u00e0 l\u2019aide d\u2019un drone\u00a0:<\/p>\n<p style=\"text-align: center\"><strong>Jeudi 25 septembre 2014<\/strong><br \/>\nCampus de l\u2019UQAC \u25aa Zone autour du Pavillon Alphonse-Desjardins \u2502 Terrain synth\u00e9tique \u2502 R\u00e9sidences<\/p>\n<p style=\"text-align: justify\">Certaines zones du stationnement situ\u00e9 devant le Pavillon Alphonse-Desjardins seront ferm\u00e9es \u00e0 compter du mercredi 24 septembre \u00e0 22\u00a0h, et ce, jusqu\u2019\u00e0 la fin du tournage. Afin d\u2019assurer la s\u00e9curit\u00e9 de tous, merci de bien vouloir respecter les espaces r\u00e9serv\u00e9s et d\u00e9limit\u00e9s par des bornes et des rubans de s\u00e9curit\u00e9.<\/p>\n<p style=\"text-align: justify\">Nous vous remercions de votre collaboration.<\/p>\n<p style=\"text-align: justify\"><strong><br \/>\nRenseignements\u00a0: <\/strong><br \/>\nPatricia Jean, technicienne en information<br \/>\nBureau des affaires publiques<br \/>\nUniversit\u00e9 du Qu\u00e9bec \u00e0 Chicoutimi<br \/>\n418 545-5011, poste\u00a02350\u00a0 \u25aa\u00a0 <span style=\"text-decoration: underline\"><a href=\"mailto:patricia_jean@uqac.ca\">patricia_jean@uqac.ca<\/a><\/span><\/p>\n","protected":false},"excerpt":{"rendered":"<p>Le Bureau des affaires publiques tient \u00e0 informer la communaut\u00e9 universitaire qu\u2019il proc\u00e9dera au tournage d\u2019une vid\u00e9o promotionnelle \u00e0 l\u2019aide d\u2019un drone\u00a0: Jeudi 25 septembre 2014 Campus de l\u2019UQAC \u25aa Zone autour du Pavillon Alphonse-Desjardins \u2502 Terrain synth\u00e9tique \u2502 R\u00e9sidences Certaines zones du stationnement situ\u00e9 devant le Pavillon Alphonse-Desjardins seront ferm\u00e9es \u00e0 compter du mercredi [&hellip;]<\/p>\n","protected":false},"author":5,"featured_media":20987,"comment_status":"open","ping_status":"open","sticky":false,"template":"","format":"standard","meta":{"footnotes":""},"categories":[2772],"tags":[1059,1576,1577,1505,578],"yoast_head":"<!-- This site is optimized with the Yoast SEO plugin v24.2 - https:\/\/yoast.com\/wordpress\/plugins\/seo\/ -->\r\n<title>Tournage d\u2019une vid\u00e9o promotionnelle : Le Bureau des affaires publiques demande votre collaboration - UQACtualit\u00e9s<\/title>\r\n<meta name=\"robots\" content=\"index, follow, max-snippet:-1, max-image-preview:large, max-video-preview:-1\" \/>\r\n<link rel=\"canonical\" href=\"https:\/\/www.uqac.ca\/uqactualites\/2014\/09\/23\/tournage-dune-video-promotionnelle-le-bureau-des-affaires-publiques-demande-votre-collaboration\/\" \/>\r\n<meta property=\"og:locale\" content=\"fr_CA\" \/>\r\n<meta property=\"og:type\" content=\"article\" \/>\r\n<meta property=\"og:title\" content=\"Tournage d\u2019une vid\u00e9o promotionnelle : Le Bureau des affaires publiques demande votre collaboration - UQACtualit\u00e9s\" \/>\r\n<meta property=\"og:description\" content=\"Le Bureau des affaires publiques tient \u00e0 informer la communaut\u00e9 universitaire qu\u2019il proc\u00e9dera au tournage d\u2019une vid\u00e9o promotionnelle \u00e0 l\u2019aide d\u2019un drone\u00a0: Jeudi 25 septembre 2014 Campus de l\u2019UQAC \u25aa Zone autour du Pavillon Alphonse-Desjardins \u2502 Terrain synth\u00e9tique \u2502 R\u00e9sidences Certaines zones du stationnement situ\u00e9 devant le Pavillon Alphonse-Desjardins seront ferm\u00e9es \u00e0 compter du mercredi [&hellip;]\" \/>\r\n<meta property=\"og:url\" content=\"https:\/\/www.uqac.ca\/uqactualites\/2014\/09\/23\/tournage-dune-video-promotionnelle-le-bureau-des-affaires-publiques-demande-votre-collaboration\/\" \/>\r\n<meta property=\"og:site_name\" content=\"UQACtualit\u00e9s\" \/>\r\n<meta property=\"article:published_time\" content=\"2014-09-23T19:31:39+00:00\" \/>\r\n<meta property=\"og:image\" content=\"https:\/\/www.uqac.ca\/uqactualites\/wp-content\/uploads\/2012\/05\/avis-important.jpg\" \/>\r\n\t<meta property=\"og:image:width\" content=\"620\" \/>\r\n\t<meta property=\"og:image:height\" content=\"300\" \/>\r\n\t<meta property=\"og:image:type\" content=\"image\/jpeg\" \/>\r\n<meta name=\"author\" content=\"Service des communications et des relations publiques\" \/>\r\n<meta name=\"twitter:card\" content=\"summary_large_image\" \/>\r\n<meta name=\"twitter:label1\" content=\"\u00c9crit par\" \/>\n\t<meta name=\"twitter:data1\" content=\"Service des communications et des relations publiques\" \/>\n\t<meta name=\"twitter:label2\" content=\"Estimation du temps de lecture\" \/>\n\t<meta name=\"twitter:data2\" content=\"1 minute\" \/>\r\n<script type=\"application\/ld+json\" class=\"yoast-schema-graph\">{\"@context\":\"https:\/\/schema.org\",\"@graph\":[{\"@type\":\"WebPage\",\"@id\":\"https:\/\/www.uqac.ca\/uqactualites\/2014\/09\/23\/tournage-dune-video-promotionnelle-le-bureau-des-affaires-publiques-demande-votre-collaboration\/\",\"url\":\"https:\/\/www.uqac.ca\/uqactualites\/2014\/09\/23\/tournage-dune-video-promotionnelle-le-bureau-des-affaires-publiques-demande-votre-collaboration\/\",\"name\":\"Tournage d\u2019une vid\u00e9o promotionnelle : Le Bureau des affaires publiques demande votre collaboration - UQACtualit\u00e9s\",\"isPartOf\":{\"@id\":\"https:\/\/www.uqac.ca\/uqactualites\/#website\"},\"primaryImageOfPage\":{\"@id\":\"https:\/\/www.uqac.ca\/uqactualites\/2014\/09\/23\/tournage-dune-video-promotionnelle-le-bureau-des-affaires-publiques-demande-votre-collaboration\/#primaryimage\"},\"image\":{\"@id\":\"https:\/\/www.uqac.ca\/uqactualites\/2014\/09\/23\/tournage-dune-video-promotionnelle-le-bureau-des-affaires-publiques-demande-votre-collaboration\/#primaryimage\"},\"thumbnailUrl\":\"https:\/\/www.uqac.ca\/uqactualites\/wp-content\/uploads\/2012\/05\/avis-important.jpg\",\"datePublished\":\"2014-09-23T19:31:39+00:00\",\"dateModified\":\"2014-09-23T19:31:39+00:00\",\"author\":{\"@id\":\"https:\/\/www.uqac.ca\/uqactualites\/#\/schema\/person\/366c45a0c4f0e677b41b4af5886e2018\"},\"breadcrumb\":{\"@id\":\"https:\/\/www.uqac.ca\/uqactualites\/2014\/09\/23\/tournage-dune-video-promotionnelle-le-bureau-des-affaires-publiques-demande-votre-collaboration\/#breadcrumb\"},\"inLanguage\":\"fr-CA\",\"potentialAction\":[{\"@type\":\"ReadAction\",\"target\":[\"https:\/\/www.uqac.ca\/uqactualites\/2014\/09\/23\/tournage-dune-video-promotionnelle-le-bureau-des-affaires-publiques-demande-votre-collaboration\/\"]}]},{\"@type\":\"ImageObject\",\"inLanguage\":\"fr-CA\",\"@id\":\"https:\/\/www.uqac.ca\/uqactualites\/2014\/09\/23\/tournage-dune-video-promotionnelle-le-bureau-des-affaires-publiques-demande-votre-collaboration\/#primaryimage\",\"url\":\"https:\/\/www.uqac.ca\/uqactualites\/wp-content\/uploads\/2012\/05\/avis-important.jpg\",\"contentUrl\":\"https:\/\/www.uqac.ca\/uqactualites\/wp-content\/uploads\/2012\/05\/avis-important.jpg\",\"width\":620,\"height\":300},{\"@type\":\"BreadcrumbList\",\"@id\":\"https:\/\/www.uqac.ca\/uqactualites\/2014\/09\/23\/tournage-dune-video-promotionnelle-le-bureau-des-affaires-publiques-demande-votre-collaboration\/#breadcrumb\",\"itemListElement\":[{\"@type\":\"ListItem\",\"position\":1,\"name\":\"Home\",\"item\":\"https:\/\/www.uqac.ca\/uqactualites\/\"},{\"@type\":\"ListItem\",\"position\":2,\"name\":\"Tournage d\u2019une vid\u00e9o promotionnelle : Le Bureau des affaires publiques demande votre collaboration\"}]},{\"@type\":\"WebSite\",\"@id\":\"https:\/\/www.uqac.ca\/uqactualites\/#website\",\"url\":\"https:\/\/www.uqac.ca\/uqactualites\/\",\"name\":\"UQACtualit\u00e9s\",\"description\":\"Le portail des nouvelles de l&#039;UQAC\",\"potentialAction\":[{\"@type\":\"SearchAction\",\"target\":{\"@type\":\"EntryPoint\",\"urlTemplate\":\"https:\/\/www.uqac.ca\/uqactualites\/?s={search_term_string}\"},\"query-input\":{\"@type\":\"PropertyValueSpecification\",\"valueRequired\":true,\"valueName\":\"search_term_string\"}}],\"inLanguage\":\"fr-CA\"},{\"@type\":\"Person\",\"@id\":\"https:\/\/www.uqac.ca\/uqactualites\/#\/schema\/person\/366c45a0c4f0e677b41b4af5886e2018\",\"name\":\"Service des communications et des relations publiques\",\"image\":{\"@type\":\"ImageObject\",\"inLanguage\":\"fr-CA\",\"@id\":\"https:\/\/www.uqac.ca\/uqactualites\/#\/schema\/person\/image\/\",\"url\":\"https:\/\/secure.gravatar.com\/avatar\/20fbbda8a292f59f2d3461a5b999c00b?s=96&d=mm&r=g\",\"contentUrl\":\"https:\/\/secure.gravatar.com\/avatar\/20fbbda8a292f59f2d3461a5b999c00b?s=96&d=mm&r=g\",\"caption\":\"Service des communications et des relations publiques\"},\"url\":\"https:\/\/www.uqac.ca\/uqactualites\/author\/bap\/\"}]}<\/script>\r\n<!-- \/ Yoast SEO plugin. -->","yoast_head_json":{"title":"Tournage d\u2019une vid\u00e9o promotionnelle : Le Bureau des affaires publiques demande votre collaboration - UQACtualit\u00e9s","robots":{"index":"index","follow":"follow","max-snippet":"max-snippet:-1","max-image-preview":"max-image-preview:large","max-video-preview":"max-video-preview:-1"},"canonical":"https:\/\/www.uqac.ca\/uqactualites\/2014\/09\/23\/tournage-dune-video-promotionnelle-le-bureau-des-affaires-publiques-demande-votre-collaboration\/","og_locale":"fr_CA","og_type":"article","og_title":"Tournage d\u2019une vid\u00e9o promotionnelle : Le Bureau des affaires publiques demande votre collaboration - UQACtualit\u00e9s","og_description":"Le Bureau des affaires publiques tient \u00e0 informer la communaut\u00e9 universitaire qu\u2019il proc\u00e9dera au tournage d\u2019une vid\u00e9o promotionnelle \u00e0 l\u2019aide d\u2019un drone\u00a0: Jeudi 25 septembre 2014 Campus de l\u2019UQAC \u25aa Zone autour du Pavillon Alphonse-Desjardins \u2502 Terrain synth\u00e9tique \u2502 R\u00e9sidences Certaines zones du stationnement situ\u00e9 devant le Pavillon Alphonse-Desjardins seront ferm\u00e9es \u00e0 compter du mercredi [&hellip;]","og_url":"https:\/\/www.uqac.ca\/uqactualites\/2014\/09\/23\/tournage-dune-video-promotionnelle-le-bureau-des-affaires-publiques-demande-votre-collaboration\/","og_site_name":"UQACtualit\u00e9s","article_published_time":"2014-09-23T19:31:39+00:00","og_image":[{"width":620,"height":300,"url":"https:\/\/www.uqac.ca\/uqactualites\/wp-content\/uploads\/2012\/05\/avis-important.jpg","type":"image\/jpeg"}],"author":"Service des communications et des relations publiques","twitter_card":"summary_large_image","twitter_misc":{"\u00c9crit par":"Service des communications et des relations publiques","Estimation du temps de lecture":"1 minute"},"schema":{"@context":"https:\/\/schema.org","@graph":[{"@type":"WebPage","@id":"https:\/\/www.uqac.ca\/uqactualites\/2014\/09\/23\/tournage-dune-video-promotionnelle-le-bureau-des-affaires-publiques-demande-votre-collaboration\/","url":"https:\/\/www.uqac.ca\/uqactualites\/2014\/09\/23\/tournage-dune-video-promotionnelle-le-bureau-des-affaires-publiques-demande-votre-collaboration\/","name":"Tournage d\u2019une vid\u00e9o promotionnelle : Le Bureau des affaires publiques demande votre collaboration - UQACtualit\u00e9s","isPartOf":{"@id":"https:\/\/www.uqac.ca\/uqactualites\/#website"},"primaryImageOfPage":{"@id":"https:\/\/www.uqac.ca\/uqactualites\/2014\/09\/23\/tournage-dune-video-promotionnelle-le-bureau-des-affaires-publiques-demande-votre-collaboration\/#primaryimage"},"image":{"@id":"https:\/\/www.uqac.ca\/uqactualites\/2014\/09\/23\/tournage-dune-video-promotionnelle-le-bureau-des-affaires-publiques-demande-votre-collaboration\/#primaryimage"},"thumbnailUrl":"https:\/\/www.uqac.ca\/uqactualites\/wp-content\/uploads\/2012\/05\/avis-important.jpg","datePublished":"2014-09-23T19:31:39+00:00","dateModified":"2014-09-23T19:31:39+00:00","author":{"@id":"https:\/\/www.uqac.ca\/uqactualites\/#\/schema\/person\/366c45a0c4f0e677b41b4af5886e2018"},"breadcrumb":{"@id":"https:\/\/www.uqac.ca\/uqactualites\/2014\/09\/23\/tournage-dune-video-promotionnelle-le-bureau-des-affaires-publiques-demande-votre-collaboration\/#breadcrumb"},"inLanguage":"fr-CA","potentialAction":[{"@type":"ReadAction","target":["https:\/\/www.uqac.ca\/uqactualites\/2014\/09\/23\/tournage-dune-video-promotionnelle-le-bureau-des-affaires-publiques-demande-votre-collaboration\/"]}]},{"@type":"ImageObject","inLanguage":"fr-CA","@id":"https:\/\/www.uqac.ca\/uqactualites\/2014\/09\/23\/tournage-dune-video-promotionnelle-le-bureau-des-affaires-publiques-demande-votre-collaboration\/#primaryimage","url":"https:\/\/www.uqac.ca\/uqactualites\/wp-content\/uploads\/2012\/05\/avis-important.jpg","contentUrl":"https:\/\/www.uqac.ca\/uqactualites\/wp-content\/uploads\/2012\/05\/avis-important.jpg","width":620,"height":300},{"@type":"BreadcrumbList","@id":"https:\/\/www.uqac.ca\/uqactualites\/2014\/09\/23\/tournage-dune-video-promotionnelle-le-bureau-des-affaires-publiques-demande-votre-collaboration\/#breadcrumb","itemListElement":[{"@type":"ListItem","position":1,"name":"Home","item":"https:\/\/www.uqac.ca\/uqactualites\/"},{"@type":"ListItem","position":2,"name":"Tournage d\u2019une vid\u00e9o promotionnelle : Le Bureau des affaires publiques demande votre collaboration"}]},{"@type":"WebSite","@id":"https:\/\/www.uqac.ca\/uqactualites\/#website","url":"https:\/\/www.uqac.ca\/uqactualites\/","name":"UQACtualit\u00e9s","description":"Le portail des nouvelles de l&#039;UQAC","potentialAction":[{"@type":"SearchAction","target":{"@type":"EntryPoint","urlTemplate":"https:\/\/www.uqac.ca\/uqactualites\/?s={search_term_string}"},"query-input":{"@type":"PropertyValueSpecification","valueRequired":true,"valueName":"search_term_string"}}],"inLanguage":"fr-CA"},{"@type":"Person","@id":"https:\/\/www.uqac.ca\/uqactualites\/#\/schema\/person\/366c45a0c4f0e677b41b4af5886e2018","name":"Service des communications et des relations publiques","image":{"@type":"ImageObject","inLanguage":"fr-CA","@id":"https:\/\/www.uqac.ca\/uqactualites\/#\/schema\/person\/image\/","url":"https:\/\/secure.gravatar.com\/avatar\/20fbbda8a292f59f2d3461a5b999c00b?s=96&d=mm&r=g","contentUrl":"https:\/\/secure.gravatar.com\/avatar\/20fbbda8a292f59f2d3461a5b999c00b?s=96&d=mm&r=g","caption":"Service des communications et des relations publiques"},"url":"https:\/\/www.uqac.ca\/uqactualites\/author\/bap\/"}]}},"_links":{"self":[{"href":"https:\/\/www.uqac.ca\/uqactualites\/wp-json\/wp\/v2\/posts\/28360"}],"collection":[{"href":"https:\/\/www.uqac.ca\/uqactualites\/wp-json\/wp\/v2\/posts"}],"about":[{"href":"https:\/\/www.uqac.ca\/uqactualites\/wp-json\/wp\/v2\/types\/post"}],"author":[{"embeddable":true,"href":"https:\/\/www.uqac.ca\/uqactualites\/wp-json\/wp\/v2\/users\/5"}],"replies":[{"embeddable":true,"href":"https:\/\/www.uqac.ca\/uqactualites\/wp-json\/wp\/v2\/comments?post=28360"}],"version-history":[{"count":0,"href":"https:\/\/www.uqac.ca\/uqactualites\/wp-json\/wp\/v2\/posts\/28360\/revisions"}],"wp:featuredmedia":[{"embeddable":true,"href":"https:\/\/www.uqac.ca\/uqactualites\/wp-json\/wp\/v2\/media\/20987"}],"wp:attachment":[{"href":"https:\/\/www.uqac.ca\/uqactualites\/wp-json\/wp\/v2\/media?parent=28360"}],"wp:term":[{"taxonomy":"category","embeddable":true,"href":"https:\/\/www.uqac.ca\/uqactualites\/wp-json\/wp\/v2\/categories?post=28360"},{"taxonomy":"post_tag","embeddable":true,"href":"https:\/\/www.uqac.ca\/uqactualites\/wp-json\/wp\/v2\/tags?post=28360"}],"curies":[{"name":"wp","href":"https:\/\/api.w.org\/{rel}","templated":true}]}}