{"id":28420,"date":"2014-10-16T10:35:25","date_gmt":"2014-10-16T14:35:25","guid":{"rendered":"http:\/\/uqactualite.odev.ca\/?p=28420"},"modified":"2014-10-16T10:35:25","modified_gmt":"2014-10-16T14:35:25","slug":"conference-sur-lastrophotographie","status":"publish","type":"post","link":"https:\/\/www.uqac.ca\/uqactualites\/2014\/10\/16\/conference-sur-lastrophotographie\/","title":{"rendered":"Rappel &#8211; Conf\u00e9rence sur l\u2019astrophotographie"},"content":{"rendered":"<p style=\"text-align: justify\">La communaut\u00e9 universitaire est invit\u00e9e \u00e0 assister \u00e0 une conf\u00e9rence sur l&rsquo;astrophotographie, anim\u00e9e par St\u00e9phane Simard, pr\u00e9sident du Club d&rsquo;astronomie amateur Sirius\u00a0:<\/p>\n<p style=\"text-align: center\"><strong>Lundi 20 octobre 2014 <\/strong><strong>\u25aa<\/strong><strong> 13\u00a0h<br \/>\n<\/strong>Local P1-7130<\/p>\n<p style=\"text-align: justify\">Entr\u00e9e libre.<\/p>\n<p style=\"text-align: justify\">Pour plus de d\u00e9tails sur l\u2019astrophotographie, consultez la <span style=\"text-decoration: underline\"><a href=\"https:\/\/www.facebook.com\/maeastrophoto\" target=\"_blank\" rel=\"noopener\"><strong>page Facebook de St\u00e9phane Simard<\/strong><\/a><\/span>.<br \/>\nConsultez \u00e9galement la <span style=\"text-decoration: underline\"><strong><a href=\"https:\/\/fr.wikipedia.org\/wiki\/Wikip%C3%A9dia:Projets_p%C3%A9dagogiques\/C%C3%A9gep_de_Chicoutimi\/Mois_de_la_contribution#Pr.C3.A9sentation_de_la_conf.C3.A9rence_du_20_octobre\" target=\"_blank\" rel=\"noopener\">page Wikip\u00e9dia<\/a><\/strong><\/span> r\u00e9alis\u00e9e dans le cadre des activit\u00e9s tenues par les projets p\u00e9dagogiques au c\u00e9gep de Chicoutimi et \u00e0 l&rsquo;UQAC pendant le Mois de la contribution francophone 2014.<\/p>\n<p style=\"text-align: justify\"><strong><br \/>\nRenseignements\u00a0:<br \/>\n<\/strong>Simon Villeneuve, charg\u00e9 de cours<br \/>\nD\u00e9partement des sciences fondamentales<br \/>\n<span style=\"text-decoration: underline\"><a href=\"mailto:simon1_villeneuve@uqac.ca\">simon1_villeneuve@uqac.ca<\/a><\/span><\/p>\n","protected":false},"excerpt":{"rendered":"<p>La communaut\u00e9 universitaire est invit\u00e9e \u00e0 assister \u00e0 une conf\u00e9rence sur l&rsquo;astrophotographie, anim\u00e9e par St\u00e9phane Simard, pr\u00e9sident du Club d&rsquo;astronomie amateur Sirius\u00a0: Lundi 20 octobre 2014 \u25aa 13\u00a0h Local P1-7130 Entr\u00e9e libre. Pour plus de d\u00e9tails sur l\u2019astrophotographie, consultez la page Facebook de St\u00e9phane Simard. Consultez \u00e9galement la page Wikip\u00e9dia r\u00e9alis\u00e9e dans le cadre des [&hellip;]<\/p>\n","protected":false},"author":5,"featured_media":20989,"comment_status":"open","ping_status":"open","sticky":false,"template":"","format":"standard","meta":{"footnotes":""},"categories":[2772],"tags":[1614,1615,223,3,1085],"yoast_head":"<!-- This site is optimized with the Yoast SEO plugin v24.2 - https:\/\/yoast.com\/wordpress\/plugins\/seo\/ -->\r\n<title>Rappel - Conf\u00e9rence sur l\u2019astrophotographie - UQACtualit\u00e9s<\/title>\r\n<meta name=\"robots\" content=\"index, follow, max-snippet:-1, max-image-preview:large, max-video-preview:-1\" \/>\r\n<link rel=\"canonical\" href=\"https:\/\/www.uqac.ca\/uqactualites\/2014\/10\/16\/conference-sur-lastrophotographie\/\" \/>\r\n<meta property=\"og:locale\" content=\"fr_CA\" \/>\r\n<meta property=\"og:type\" content=\"article\" \/>\r\n<meta property=\"og:title\" content=\"Rappel - Conf\u00e9rence sur l\u2019astrophotographie - UQACtualit\u00e9s\" \/>\r\n<meta property=\"og:description\" content=\"La communaut\u00e9 universitaire est invit\u00e9e \u00e0 assister \u00e0 une conf\u00e9rence sur l&rsquo;astrophotographie, anim\u00e9e par St\u00e9phane Simard, pr\u00e9sident du Club d&rsquo;astronomie amateur Sirius\u00a0: Lundi 20 octobre 2014 \u25aa 13\u00a0h Local P1-7130 Entr\u00e9e libre. Pour plus de d\u00e9tails sur l\u2019astrophotographie, consultez la page Facebook de St\u00e9phane Simard. Consultez \u00e9galement la page Wikip\u00e9dia r\u00e9alis\u00e9e dans le cadre des [&hellip;]\" \/>\r\n<meta property=\"og:url\" content=\"https:\/\/www.uqac.ca\/uqactualites\/2014\/10\/16\/conference-sur-lastrophotographie\/\" \/>\r\n<meta property=\"og:site_name\" content=\"UQACtualit\u00e9s\" \/>\r\n<meta property=\"article:published_time\" content=\"2014-10-16T14:35:25+00:00\" \/>\r\n<meta property=\"og:image\" content=\"https:\/\/www.uqac.ca\/uqactualites\/wp-content\/uploads\/2012\/05\/avis-laCommunaut-.jpg\" \/>\r\n\t<meta property=\"og:image:width\" content=\"620\" \/>\r\n\t<meta property=\"og:image:height\" content=\"300\" \/>\r\n\t<meta property=\"og:image:type\" content=\"image\/jpeg\" \/>\r\n<meta name=\"author\" content=\"Service des communications et des relations publiques\" \/>\r\n<meta name=\"twitter:card\" content=\"summary_large_image\" \/>\r\n<meta name=\"twitter:label1\" content=\"\u00c9crit par\" \/>\n\t<meta name=\"twitter:data1\" content=\"Service des communications et des relations publiques\" \/>\n\t<meta name=\"twitter:label2\" content=\"Estimation du temps de lecture\" \/>\n\t<meta name=\"twitter:data2\" content=\"1 minute\" \/>\r\n<script type=\"application\/ld+json\" class=\"yoast-schema-graph\">{\"@context\":\"https:\/\/schema.org\",\"@graph\":[{\"@type\":\"WebPage\",\"@id\":\"https:\/\/www.uqac.ca\/uqactualites\/2014\/10\/16\/conference-sur-lastrophotographie\/\",\"url\":\"https:\/\/www.uqac.ca\/uqactualites\/2014\/10\/16\/conference-sur-lastrophotographie\/\",\"name\":\"Rappel - Conf\u00e9rence sur l\u2019astrophotographie - UQACtualit\u00e9s\",\"isPartOf\":{\"@id\":\"https:\/\/www.uqac.ca\/uqactualites\/#website\"},\"primaryImageOfPage\":{\"@id\":\"https:\/\/www.uqac.ca\/uqactualites\/2014\/10\/16\/conference-sur-lastrophotographie\/#primaryimage\"},\"image\":{\"@id\":\"https:\/\/www.uqac.ca\/uqactualites\/2014\/10\/16\/conference-sur-lastrophotographie\/#primaryimage\"},\"thumbnailUrl\":\"https:\/\/www.uqac.ca\/uqactualites\/wp-content\/uploads\/2012\/05\/avis-laCommunaut-.jpg\",\"datePublished\":\"2014-10-16T14:35:25+00:00\",\"dateModified\":\"2014-10-16T14:35:25+00:00\",\"author\":{\"@id\":\"https:\/\/www.uqac.ca\/uqactualites\/#\/schema\/person\/366c45a0c4f0e677b41b4af5886e2018\"},\"breadcrumb\":{\"@id\":\"https:\/\/www.uqac.ca\/uqactualites\/2014\/10\/16\/conference-sur-lastrophotographie\/#breadcrumb\"},\"inLanguage\":\"fr-CA\",\"potentialAction\":[{\"@type\":\"ReadAction\",\"target\":[\"https:\/\/www.uqac.ca\/uqactualites\/2014\/10\/16\/conference-sur-lastrophotographie\/\"]}]},{\"@type\":\"ImageObject\",\"inLanguage\":\"fr-CA\",\"@id\":\"https:\/\/www.uqac.ca\/uqactualites\/2014\/10\/16\/conference-sur-lastrophotographie\/#primaryimage\",\"url\":\"https:\/\/www.uqac.ca\/uqactualites\/wp-content\/uploads\/2012\/05\/avis-laCommunaut-.jpg\",\"contentUrl\":\"https:\/\/www.uqac.ca\/uqactualites\/wp-content\/uploads\/2012\/05\/avis-laCommunaut-.jpg\",\"width\":620,\"height\":300},{\"@type\":\"BreadcrumbList\",\"@id\":\"https:\/\/www.uqac.ca\/uqactualites\/2014\/10\/16\/conference-sur-lastrophotographie\/#breadcrumb\",\"itemListElement\":[{\"@type\":\"ListItem\",\"position\":1,\"name\":\"Home\",\"item\":\"https:\/\/www.uqac.ca\/uqactualites\/\"},{\"@type\":\"ListItem\",\"position\":2,\"name\":\"Rappel &#8211; Conf\u00e9rence sur l\u2019astrophotographie\"}]},{\"@type\":\"WebSite\",\"@id\":\"https:\/\/www.uqac.ca\/uqactualites\/#website\",\"url\":\"https:\/\/www.uqac.ca\/uqactualites\/\",\"name\":\"UQACtualit\u00e9s\",\"description\":\"Le portail des nouvelles de l&#039;UQAC\",\"potentialAction\":[{\"@type\":\"SearchAction\",\"target\":{\"@type\":\"EntryPoint\",\"urlTemplate\":\"https:\/\/www.uqac.ca\/uqactualites\/?s={search_term_string}\"},\"query-input\":{\"@type\":\"PropertyValueSpecification\",\"valueRequired\":true,\"valueName\":\"search_term_string\"}}],\"inLanguage\":\"fr-CA\"},{\"@type\":\"Person\",\"@id\":\"https:\/\/www.uqac.ca\/uqactualites\/#\/schema\/person\/366c45a0c4f0e677b41b4af5886e2018\",\"name\":\"Service des communications et des relations publiques\",\"image\":{\"@type\":\"ImageObject\",\"inLanguage\":\"fr-CA\",\"@id\":\"https:\/\/www.uqac.ca\/uqactualites\/#\/schema\/person\/image\/\",\"url\":\"https:\/\/secure.gravatar.com\/avatar\/20fbbda8a292f59f2d3461a5b999c00b?s=96&d=mm&r=g\",\"contentUrl\":\"https:\/\/secure.gravatar.com\/avatar\/20fbbda8a292f59f2d3461a5b999c00b?s=96&d=mm&r=g\",\"caption\":\"Service des communications et des relations publiques\"},\"url\":\"https:\/\/www.uqac.ca\/uqactualites\/author\/bap\/\"}]}<\/script>\r\n<!-- \/ Yoast SEO plugin. -->","yoast_head_json":{"title":"Rappel - Conf\u00e9rence sur l\u2019astrophotographie - UQACtualit\u00e9s","robots":{"index":"index","follow":"follow","max-snippet":"max-snippet:-1","max-image-preview":"max-image-preview:large","max-video-preview":"max-video-preview:-1"},"canonical":"https:\/\/www.uqac.ca\/uqactualites\/2014\/10\/16\/conference-sur-lastrophotographie\/","og_locale":"fr_CA","og_type":"article","og_title":"Rappel - Conf\u00e9rence sur l\u2019astrophotographie - UQACtualit\u00e9s","og_description":"La communaut\u00e9 universitaire est invit\u00e9e \u00e0 assister \u00e0 une conf\u00e9rence sur l&rsquo;astrophotographie, anim\u00e9e par St\u00e9phane Simard, pr\u00e9sident du Club d&rsquo;astronomie amateur Sirius\u00a0: Lundi 20 octobre 2014 \u25aa 13\u00a0h Local P1-7130 Entr\u00e9e libre. Pour plus de d\u00e9tails sur l\u2019astrophotographie, consultez la page Facebook de St\u00e9phane Simard. Consultez \u00e9galement la page Wikip\u00e9dia r\u00e9alis\u00e9e dans le cadre des [&hellip;]","og_url":"https:\/\/www.uqac.ca\/uqactualites\/2014\/10\/16\/conference-sur-lastrophotographie\/","og_site_name":"UQACtualit\u00e9s","article_published_time":"2014-10-16T14:35:25+00:00","og_image":[{"width":620,"height":300,"url":"https:\/\/www.uqac.ca\/uqactualites\/wp-content\/uploads\/2012\/05\/avis-laCommunaut-.jpg","type":"image\/jpeg"}],"author":"Service des communications et des relations publiques","twitter_card":"summary_large_image","twitter_misc":{"\u00c9crit par":"Service des communications et des relations publiques","Estimation du temps de lecture":"1 minute"},"schema":{"@context":"https:\/\/schema.org","@graph":[{"@type":"WebPage","@id":"https:\/\/www.uqac.ca\/uqactualites\/2014\/10\/16\/conference-sur-lastrophotographie\/","url":"https:\/\/www.uqac.ca\/uqactualites\/2014\/10\/16\/conference-sur-lastrophotographie\/","name":"Rappel - Conf\u00e9rence sur l\u2019astrophotographie - UQACtualit\u00e9s","isPartOf":{"@id":"https:\/\/www.uqac.ca\/uqactualites\/#website"},"primaryImageOfPage":{"@id":"https:\/\/www.uqac.ca\/uqactualites\/2014\/10\/16\/conference-sur-lastrophotographie\/#primaryimage"},"image":{"@id":"https:\/\/www.uqac.ca\/uqactualites\/2014\/10\/16\/conference-sur-lastrophotographie\/#primaryimage"},"thumbnailUrl":"https:\/\/www.uqac.ca\/uqactualites\/wp-content\/uploads\/2012\/05\/avis-laCommunaut-.jpg","datePublished":"2014-10-16T14:35:25+00:00","dateModified":"2014-10-16T14:35:25+00:00","author":{"@id":"https:\/\/www.uqac.ca\/uqactualites\/#\/schema\/person\/366c45a0c4f0e677b41b4af5886e2018"},"breadcrumb":{"@id":"https:\/\/www.uqac.ca\/uqactualites\/2014\/10\/16\/conference-sur-lastrophotographie\/#breadcrumb"},"inLanguage":"fr-CA","potentialAction":[{"@type":"ReadAction","target":["https:\/\/www.uqac.ca\/uqactualites\/2014\/10\/16\/conference-sur-lastrophotographie\/"]}]},{"@type":"ImageObject","inLanguage":"fr-CA","@id":"https:\/\/www.uqac.ca\/uqactualites\/2014\/10\/16\/conference-sur-lastrophotographie\/#primaryimage","url":"https:\/\/www.uqac.ca\/uqactualites\/wp-content\/uploads\/2012\/05\/avis-laCommunaut-.jpg","contentUrl":"https:\/\/www.uqac.ca\/uqactualites\/wp-content\/uploads\/2012\/05\/avis-laCommunaut-.jpg","width":620,"height":300},{"@type":"BreadcrumbList","@id":"https:\/\/www.uqac.ca\/uqactualites\/2014\/10\/16\/conference-sur-lastrophotographie\/#breadcrumb","itemListElement":[{"@type":"ListItem","position":1,"name":"Home","item":"https:\/\/www.uqac.ca\/uqactualites\/"},{"@type":"ListItem","position":2,"name":"Rappel &#8211; Conf\u00e9rence sur l\u2019astrophotographie"}]},{"@type":"WebSite","@id":"https:\/\/www.uqac.ca\/uqactualites\/#website","url":"https:\/\/www.uqac.ca\/uqactualites\/","name":"UQACtualit\u00e9s","description":"Le portail des nouvelles de l&#039;UQAC","potentialAction":[{"@type":"SearchAction","target":{"@type":"EntryPoint","urlTemplate":"https:\/\/www.uqac.ca\/uqactualites\/?s={search_term_string}"},"query-input":{"@type":"PropertyValueSpecification","valueRequired":true,"valueName":"search_term_string"}}],"inLanguage":"fr-CA"},{"@type":"Person","@id":"https:\/\/www.uqac.ca\/uqactualites\/#\/schema\/person\/366c45a0c4f0e677b41b4af5886e2018","name":"Service des communications et des relations publiques","image":{"@type":"ImageObject","inLanguage":"fr-CA","@id":"https:\/\/www.uqac.ca\/uqactualites\/#\/schema\/person\/image\/","url":"https:\/\/secure.gravatar.com\/avatar\/20fbbda8a292f59f2d3461a5b999c00b?s=96&d=mm&r=g","contentUrl":"https:\/\/secure.gravatar.com\/avatar\/20fbbda8a292f59f2d3461a5b999c00b?s=96&d=mm&r=g","caption":"Service des communications et des relations publiques"},"url":"https:\/\/www.uqac.ca\/uqactualites\/author\/bap\/"}]}},"_links":{"self":[{"href":"https:\/\/www.uqac.ca\/uqactualites\/wp-json\/wp\/v2\/posts\/28420"}],"collection":[{"href":"https:\/\/www.uqac.ca\/uqactualites\/wp-json\/wp\/v2\/posts"}],"about":[{"href":"https:\/\/www.uqac.ca\/uqactualites\/wp-json\/wp\/v2\/types\/post"}],"author":[{"embeddable":true,"href":"https:\/\/www.uqac.ca\/uqactualites\/wp-json\/wp\/v2\/users\/5"}],"replies":[{"embeddable":true,"href":"https:\/\/www.uqac.ca\/uqactualites\/wp-json\/wp\/v2\/comments?post=28420"}],"version-history":[{"count":0,"href":"https:\/\/www.uqac.ca\/uqactualites\/wp-json\/wp\/v2\/posts\/28420\/revisions"}],"wp:featuredmedia":[{"embeddable":true,"href":"https:\/\/www.uqac.ca\/uqactualites\/wp-json\/wp\/v2\/media\/20989"}],"wp:attachment":[{"href":"https:\/\/www.uqac.ca\/uqactualites\/wp-json\/wp\/v2\/media?parent=28420"}],"wp:term":[{"taxonomy":"category","embeddable":true,"href":"https:\/\/www.uqac.ca\/uqactualites\/wp-json\/wp\/v2\/categories?post=28420"},{"taxonomy":"post_tag","embeddable":true,"href":"https:\/\/www.uqac.ca\/uqactualites\/wp-json\/wp\/v2\/tags?post=28420"}],"curies":[{"name":"wp","href":"https:\/\/api.w.org\/{rel}","templated":true}]}}