{"id":28454,"date":"2014-10-08T15:00:37","date_gmt":"2014-10-08T19:00:37","guid":{"rendered":"http:\/\/uqactualite.odev.ca\/?p=28454"},"modified":"2014-10-08T15:00:37","modified_gmt":"2014-10-08T19:00:37","slug":"le-cesam-devient-un-partenaire-de-choix-dans-laccreditation-des-formations-en-soins-infirmiers-au-saguenay-lac-saint-jean","status":"publish","type":"post","link":"https:\/\/www.uqac.ca\/uqactualites\/2014\/10\/08\/le-cesam-devient-un-partenaire-de-choix-dans-laccreditation-des-formations-en-soins-infirmiers-au-saguenay-lac-saint-jean\/","title":{"rendered":"Le CESAM devient un partenaire de choix dans l\u2019accr\u00e9ditation des formations en soins infirmiers au Saguenay\u2013Lac-Saint-Jean"},"content":{"rendered":"<p style=\"text-align: justify\">Le Centre du savoir sur mesure (CESAM) de l\u2019UQAC est heureux d\u2019annoncer qu\u2019il a conclu derni\u00e8rement une entente de collaboration avec les directions des soins infirmiers des \u00e9tablissements de sant\u00e9 r\u00e9gionaux. Cette nouvelle entente confirme le r\u00f4le du CESAM qui, \u00e0 titre de service responsable de l\u2019\u00e9mission des unit\u00e9s d\u2019\u00e9ducation continue (UEC) \u00e0 l\u2019UQAC, agira comme courroie de transmission pour les directions de soins infirmiers d\u00e9sirant faire accr\u00e9diter des formations \u00e0 l\u2019UQAC.<\/p>\n<p style=\"text-align: justify\">Poursuivant la volont\u00e9 de l\u2019Ordre des infirmi\u00e8res et infirmiers du Qu\u00e9bec (OIIQ) par la mise en place d\u2019une norme professionnelle de formation continue pour ses membres, le CESAM a travaill\u00e9 de concert avec le comit\u00e9 tactique r\u00e9gional de direction des soins infirmiers des centres de sant\u00e9 et services sociaux (CSSS) de la r\u00e9gion\u00a002 afin de mettre en place une d\u00e9marche visant le d\u00e9veloppement d\u2019une culture de formation continue. Cette d\u00e9marche simple mais rigoureuse vise \u00e0 favoriser les collaborations entre les experts de l\u2019UQAC et les experts praticiens des \u00e9tablissements de sant\u00e9.<\/p>\n<p style=\"text-align: justify\">Cette collaboration se veut l\u2019amorce d\u2019une relation \u00e9troite entre le milieu clinique et l\u2019UQAC, favorisant ainsi une offre de formation de grande qualit\u00e9 et un transfert th\u00e9orie-pratique qui valorisera les diff\u00e9rents types d\u2019expertise menant \u00e0 des projets de recherche pertinents.<\/p>\n<p style=\"text-align: justify\"><strong>Quelques mots sur le CESAM<br \/>\n<\/strong>Le CESAM forme chaque ann\u00e9e pr\u00e8s de 2\u00a0700 professionnels et gestionnaires dans des programmes et formations offerts \u00e0 des participants qui proviennent du Qu\u00e9bec, du Canada et d\u2019ailleurs dans le monde. Pr\u00e8s de 55 formateurs interviennent dans des formations qui sont propos\u00e9es partout au Qu\u00e9bec.<\/p>\n<p style=\"text-align: justify\"><strong><br \/>\nSources\u00a0:<\/strong><\/p>\n<p style=\"text-align: justify\">Jasmine Paradis, charg\u00e9e de gestion<br \/>\nCentre du savoir sur mesure et \u00c9cole de langue fran\u00e7aise et de culture qu\u00e9b\u00e9coise<br \/>\nUniversit\u00e9 du Qu\u00e9bec \u00e0 Chicoutimi<br \/>\n418 545-5011, poste\u00a04103\u00a0 \u25aa\u00a0 <span style=\"text-decoration: underline\"><a href=\"mailto:jasmine1_paradis-laroche@uqac.ca\">jasmine1_paradis-laroche@uqac.ca<\/a><\/span><\/p>\n<p style=\"text-align: justify\">Bureau des affaires publiques<br \/>\nUniversit\u00e9 du Qu\u00e9bec \u00e0 Chicoutimi<br \/>\n418 545-5011, poste\u00a02350\u00a0 \u25aa\u00a0 <span style=\"text-decoration: underline\"><a href=\"mailto:affaires_publiques@uqac.ca\">affaires_publiques@uqac.ca<\/a><\/span><\/p>\n<p style=\"text-align: justify\"><span style=\"color: #808080\"><b>_______________________________________________________________________________________<\/b><\/span><\/p>\n<p style=\"text-align: justify\"><span style=\"color: #808080\"><strong>\u00a9 123RF<br \/>\n<\/strong><b>_______________________________________________________________________________________<\/b><\/span><\/p>\n","protected":false},"excerpt":{"rendered":"<p>Le Centre du savoir sur mesure (CESAM) de l\u2019UQAC est heureux d\u2019annoncer qu\u2019il a conclu derni\u00e8rement une entente de collaboration avec les directions des soins infirmiers des \u00e9tablissements de sant\u00e9 r\u00e9gionaux. Cette nouvelle entente confirme le r\u00f4le du CESAM qui, \u00e0 titre de service responsable de l\u2019\u00e9mission des unit\u00e9s d\u2019\u00e9ducation continue (UEC) \u00e0 l\u2019UQAC, agira [&hellip;]<\/p>\n","protected":false},"author":5,"featured_media":28474,"comment_status":"open","ping_status":"open","sticky":false,"template":"","format":"standard","meta":{"footnotes":""},"categories":[2],"tags":[1153,1628,1629],"yoast_head":"<!-- This site is optimized with the Yoast SEO plugin v24.2 - https:\/\/yoast.com\/wordpress\/plugins\/seo\/ -->\r\n<title>Le CESAM devient un partenaire de choix dans l\u2019accr\u00e9ditation des formations en soins infirmiers au Saguenay\u2013Lac-Saint-Jean - UQACtualit\u00e9s<\/title>\r\n<meta name=\"robots\" content=\"index, follow, max-snippet:-1, max-image-preview:large, max-video-preview:-1\" \/>\r\n<link rel=\"canonical\" href=\"https:\/\/www.uqac.ca\/uqactualites\/2014\/10\/08\/le-cesam-devient-un-partenaire-de-choix-dans-laccreditation-des-formations-en-soins-infirmiers-au-saguenay-lac-saint-jean\/\" \/>\r\n<meta property=\"og:locale\" content=\"fr_CA\" \/>\r\n<meta property=\"og:type\" content=\"article\" \/>\r\n<meta property=\"og:title\" content=\"Le CESAM devient un partenaire de choix dans l\u2019accr\u00e9ditation des formations en soins infirmiers au Saguenay\u2013Lac-Saint-Jean - UQACtualit\u00e9s\" \/>\r\n<meta property=\"og:description\" content=\"Le Centre du savoir sur mesure (CESAM) de l\u2019UQAC est heureux d\u2019annoncer qu\u2019il a conclu derni\u00e8rement une entente de collaboration avec les directions des soins infirmiers des \u00e9tablissements de sant\u00e9 r\u00e9gionaux. Cette nouvelle entente confirme le r\u00f4le du CESAM qui, \u00e0 titre de service responsable de l\u2019\u00e9mission des unit\u00e9s d\u2019\u00e9ducation continue (UEC) \u00e0 l\u2019UQAC, agira [&hellip;]\" \/>\r\n<meta property=\"og:url\" content=\"https:\/\/www.uqac.ca\/uqactualites\/2014\/10\/08\/le-cesam-devient-un-partenaire-de-choix-dans-laccreditation-des-formations-en-soins-infirmiers-au-saguenay-lac-saint-jean\/\" \/>\r\n<meta property=\"og:site_name\" content=\"UQACtualit\u00e9s\" \/>\r\n<meta property=\"article:published_time\" content=\"2014-10-08T19:00:37+00:00\" \/>\r\n<meta property=\"og:image\" content=\"https:\/\/www.uqac.ca\/uqactualites\/wp-content\/uploads\/2014\/10\/CESAM-Web-\u00a9123RF.jpg\" \/>\r\n\t<meta property=\"og:image:width\" content=\"620\" \/>\r\n\t<meta property=\"og:image:height\" content=\"300\" \/>\r\n\t<meta property=\"og:image:type\" content=\"image\/jpeg\" \/>\r\n<meta name=\"author\" content=\"Service des communications et des relations publiques\" \/>\r\n<meta name=\"twitter:card\" content=\"summary_large_image\" \/>\r\n<meta name=\"twitter:label1\" content=\"\u00c9crit par\" \/>\n\t<meta name=\"twitter:data1\" content=\"Service des communications et des relations publiques\" \/>\n\t<meta name=\"twitter:label2\" content=\"Estimation du temps de lecture\" \/>\n\t<meta name=\"twitter:data2\" content=\"2 minutes\" \/>\r\n<script type=\"application\/ld+json\" class=\"yoast-schema-graph\">{\"@context\":\"https:\/\/schema.org\",\"@graph\":[{\"@type\":\"WebPage\",\"@id\":\"https:\/\/www.uqac.ca\/uqactualites\/2014\/10\/08\/le-cesam-devient-un-partenaire-de-choix-dans-laccreditation-des-formations-en-soins-infirmiers-au-saguenay-lac-saint-jean\/\",\"url\":\"https:\/\/www.uqac.ca\/uqactualites\/2014\/10\/08\/le-cesam-devient-un-partenaire-de-choix-dans-laccreditation-des-formations-en-soins-infirmiers-au-saguenay-lac-saint-jean\/\",\"name\":\"Le CESAM devient un partenaire de choix dans l\u2019accr\u00e9ditation des formations en soins infirmiers au Saguenay\u2013Lac-Saint-Jean - UQACtualit\u00e9s\",\"isPartOf\":{\"@id\":\"https:\/\/www.uqac.ca\/uqactualites\/#website\"},\"primaryImageOfPage\":{\"@id\":\"https:\/\/www.uqac.ca\/uqactualites\/2014\/10\/08\/le-cesam-devient-un-partenaire-de-choix-dans-laccreditation-des-formations-en-soins-infirmiers-au-saguenay-lac-saint-jean\/#primaryimage\"},\"image\":{\"@id\":\"https:\/\/www.uqac.ca\/uqactualites\/2014\/10\/08\/le-cesam-devient-un-partenaire-de-choix-dans-laccreditation-des-formations-en-soins-infirmiers-au-saguenay-lac-saint-jean\/#primaryimage\"},\"thumbnailUrl\":\"https:\/\/www.uqac.ca\/uqactualites\/wp-content\/uploads\/2014\/10\/CESAM-Web-\u00a9123RF.jpg\",\"datePublished\":\"2014-10-08T19:00:37+00:00\",\"dateModified\":\"2014-10-08T19:00:37+00:00\",\"author\":{\"@id\":\"https:\/\/www.uqac.ca\/uqactualites\/#\/schema\/person\/366c45a0c4f0e677b41b4af5886e2018\"},\"breadcrumb\":{\"@id\":\"https:\/\/www.uqac.ca\/uqactualites\/2014\/10\/08\/le-cesam-devient-un-partenaire-de-choix-dans-laccreditation-des-formations-en-soins-infirmiers-au-saguenay-lac-saint-jean\/#breadcrumb\"},\"inLanguage\":\"fr-CA\",\"potentialAction\":[{\"@type\":\"ReadAction\",\"target\":[\"https:\/\/www.uqac.ca\/uqactualites\/2014\/10\/08\/le-cesam-devient-un-partenaire-de-choix-dans-laccreditation-des-formations-en-soins-infirmiers-au-saguenay-lac-saint-jean\/\"]}]},{\"@type\":\"ImageObject\",\"inLanguage\":\"fr-CA\",\"@id\":\"https:\/\/www.uqac.ca\/uqactualites\/2014\/10\/08\/le-cesam-devient-un-partenaire-de-choix-dans-laccreditation-des-formations-en-soins-infirmiers-au-saguenay-lac-saint-jean\/#primaryimage\",\"url\":\"https:\/\/www.uqac.ca\/uqactualites\/wp-content\/uploads\/2014\/10\/CESAM-Web-\u00a9123RF.jpg\",\"contentUrl\":\"https:\/\/www.uqac.ca\/uqactualites\/wp-content\/uploads\/2014\/10\/CESAM-Web-\u00a9123RF.jpg\",\"width\":620,\"height\":300},{\"@type\":\"BreadcrumbList\",\"@id\":\"https:\/\/www.uqac.ca\/uqactualites\/2014\/10\/08\/le-cesam-devient-un-partenaire-de-choix-dans-laccreditation-des-formations-en-soins-infirmiers-au-saguenay-lac-saint-jean\/#breadcrumb\",\"itemListElement\":[{\"@type\":\"ListItem\",\"position\":1,\"name\":\"Home\",\"item\":\"https:\/\/www.uqac.ca\/uqactualites\/\"},{\"@type\":\"ListItem\",\"position\":2,\"name\":\"Le CESAM devient un partenaire de choix dans l\u2019accr\u00e9ditation des formations en soins infirmiers au Saguenay\u2013Lac-Saint-Jean\"}]},{\"@type\":\"WebSite\",\"@id\":\"https:\/\/www.uqac.ca\/uqactualites\/#website\",\"url\":\"https:\/\/www.uqac.ca\/uqactualites\/\",\"name\":\"UQACtualit\u00e9s\",\"description\":\"Le portail des nouvelles de l&#039;UQAC\",\"potentialAction\":[{\"@type\":\"SearchAction\",\"target\":{\"@type\":\"EntryPoint\",\"urlTemplate\":\"https:\/\/www.uqac.ca\/uqactualites\/?s={search_term_string}\"},\"query-input\":{\"@type\":\"PropertyValueSpecification\",\"valueRequired\":true,\"valueName\":\"search_term_string\"}}],\"inLanguage\":\"fr-CA\"},{\"@type\":\"Person\",\"@id\":\"https:\/\/www.uqac.ca\/uqactualites\/#\/schema\/person\/366c45a0c4f0e677b41b4af5886e2018\",\"name\":\"Service des communications et des relations publiques\",\"image\":{\"@type\":\"ImageObject\",\"inLanguage\":\"fr-CA\",\"@id\":\"https:\/\/www.uqac.ca\/uqactualites\/#\/schema\/person\/image\/\",\"url\":\"https:\/\/secure.gravatar.com\/avatar\/20fbbda8a292f59f2d3461a5b999c00b?s=96&d=mm&r=g\",\"contentUrl\":\"https:\/\/secure.gravatar.com\/avatar\/20fbbda8a292f59f2d3461a5b999c00b?s=96&d=mm&r=g\",\"caption\":\"Service des communications et des relations publiques\"},\"url\":\"https:\/\/www.uqac.ca\/uqactualites\/author\/bap\/\"}]}<\/script>\r\n<!-- \/ Yoast SEO plugin. -->","yoast_head_json":{"title":"Le CESAM devient un partenaire de choix dans l\u2019accr\u00e9ditation des formations en soins infirmiers au Saguenay\u2013Lac-Saint-Jean - UQACtualit\u00e9s","robots":{"index":"index","follow":"follow","max-snippet":"max-snippet:-1","max-image-preview":"max-image-preview:large","max-video-preview":"max-video-preview:-1"},"canonical":"https:\/\/www.uqac.ca\/uqactualites\/2014\/10\/08\/le-cesam-devient-un-partenaire-de-choix-dans-laccreditation-des-formations-en-soins-infirmiers-au-saguenay-lac-saint-jean\/","og_locale":"fr_CA","og_type":"article","og_title":"Le CESAM devient un partenaire de choix dans l\u2019accr\u00e9ditation des formations en soins infirmiers au Saguenay\u2013Lac-Saint-Jean - UQACtualit\u00e9s","og_description":"Le Centre du savoir sur mesure (CESAM) de l\u2019UQAC est heureux d\u2019annoncer qu\u2019il a conclu derni\u00e8rement une entente de collaboration avec les directions des soins infirmiers des \u00e9tablissements de sant\u00e9 r\u00e9gionaux. Cette nouvelle entente confirme le r\u00f4le du CESAM qui, \u00e0 titre de service responsable de l\u2019\u00e9mission des unit\u00e9s d\u2019\u00e9ducation continue (UEC) \u00e0 l\u2019UQAC, agira [&hellip;]","og_url":"https:\/\/www.uqac.ca\/uqactualites\/2014\/10\/08\/le-cesam-devient-un-partenaire-de-choix-dans-laccreditation-des-formations-en-soins-infirmiers-au-saguenay-lac-saint-jean\/","og_site_name":"UQACtualit\u00e9s","article_published_time":"2014-10-08T19:00:37+00:00","og_image":[{"width":620,"height":300,"url":"https:\/\/www.uqac.ca\/uqactualites\/wp-content\/uploads\/2014\/10\/CESAM-Web-\u00a9123RF.jpg","type":"image\/jpeg"}],"author":"Service des communications et des relations publiques","twitter_card":"summary_large_image","twitter_misc":{"\u00c9crit par":"Service des communications et des relations publiques","Estimation du temps de lecture":"2 minutes"},"schema":{"@context":"https:\/\/schema.org","@graph":[{"@type":"WebPage","@id":"https:\/\/www.uqac.ca\/uqactualites\/2014\/10\/08\/le-cesam-devient-un-partenaire-de-choix-dans-laccreditation-des-formations-en-soins-infirmiers-au-saguenay-lac-saint-jean\/","url":"https:\/\/www.uqac.ca\/uqactualites\/2014\/10\/08\/le-cesam-devient-un-partenaire-de-choix-dans-laccreditation-des-formations-en-soins-infirmiers-au-saguenay-lac-saint-jean\/","name":"Le CESAM devient un partenaire de choix dans l\u2019accr\u00e9ditation des formations en soins infirmiers au Saguenay\u2013Lac-Saint-Jean - UQACtualit\u00e9s","isPartOf":{"@id":"https:\/\/www.uqac.ca\/uqactualites\/#website"},"primaryImageOfPage":{"@id":"https:\/\/www.uqac.ca\/uqactualites\/2014\/10\/08\/le-cesam-devient-un-partenaire-de-choix-dans-laccreditation-des-formations-en-soins-infirmiers-au-saguenay-lac-saint-jean\/#primaryimage"},"image":{"@id":"https:\/\/www.uqac.ca\/uqactualites\/2014\/10\/08\/le-cesam-devient-un-partenaire-de-choix-dans-laccreditation-des-formations-en-soins-infirmiers-au-saguenay-lac-saint-jean\/#primaryimage"},"thumbnailUrl":"https:\/\/www.uqac.ca\/uqactualites\/wp-content\/uploads\/2014\/10\/CESAM-Web-\u00a9123RF.jpg","datePublished":"2014-10-08T19:00:37+00:00","dateModified":"2014-10-08T19:00:37+00:00","author":{"@id":"https:\/\/www.uqac.ca\/uqactualites\/#\/schema\/person\/366c45a0c4f0e677b41b4af5886e2018"},"breadcrumb":{"@id":"https:\/\/www.uqac.ca\/uqactualites\/2014\/10\/08\/le-cesam-devient-un-partenaire-de-choix-dans-laccreditation-des-formations-en-soins-infirmiers-au-saguenay-lac-saint-jean\/#breadcrumb"},"inLanguage":"fr-CA","potentialAction":[{"@type":"ReadAction","target":["https:\/\/www.uqac.ca\/uqactualites\/2014\/10\/08\/le-cesam-devient-un-partenaire-de-choix-dans-laccreditation-des-formations-en-soins-infirmiers-au-saguenay-lac-saint-jean\/"]}]},{"@type":"ImageObject","inLanguage":"fr-CA","@id":"https:\/\/www.uqac.ca\/uqactualites\/2014\/10\/08\/le-cesam-devient-un-partenaire-de-choix-dans-laccreditation-des-formations-en-soins-infirmiers-au-saguenay-lac-saint-jean\/#primaryimage","url":"https:\/\/www.uqac.ca\/uqactualites\/wp-content\/uploads\/2014\/10\/CESAM-Web-\u00a9123RF.jpg","contentUrl":"https:\/\/www.uqac.ca\/uqactualites\/wp-content\/uploads\/2014\/10\/CESAM-Web-\u00a9123RF.jpg","width":620,"height":300},{"@type":"BreadcrumbList","@id":"https:\/\/www.uqac.ca\/uqactualites\/2014\/10\/08\/le-cesam-devient-un-partenaire-de-choix-dans-laccreditation-des-formations-en-soins-infirmiers-au-saguenay-lac-saint-jean\/#breadcrumb","itemListElement":[{"@type":"ListItem","position":1,"name":"Home","item":"https:\/\/www.uqac.ca\/uqactualites\/"},{"@type":"ListItem","position":2,"name":"Le CESAM devient un partenaire de choix dans l\u2019accr\u00e9ditation des formations en soins infirmiers au Saguenay\u2013Lac-Saint-Jean"}]},{"@type":"WebSite","@id":"https:\/\/www.uqac.ca\/uqactualites\/#website","url":"https:\/\/www.uqac.ca\/uqactualites\/","name":"UQACtualit\u00e9s","description":"Le portail des nouvelles de l&#039;UQAC","potentialAction":[{"@type":"SearchAction","target":{"@type":"EntryPoint","urlTemplate":"https:\/\/www.uqac.ca\/uqactualites\/?s={search_term_string}"},"query-input":{"@type":"PropertyValueSpecification","valueRequired":true,"valueName":"search_term_string"}}],"inLanguage":"fr-CA"},{"@type":"Person","@id":"https:\/\/www.uqac.ca\/uqactualites\/#\/schema\/person\/366c45a0c4f0e677b41b4af5886e2018","name":"Service des communications et des relations publiques","image":{"@type":"ImageObject","inLanguage":"fr-CA","@id":"https:\/\/www.uqac.ca\/uqactualites\/#\/schema\/person\/image\/","url":"https:\/\/secure.gravatar.com\/avatar\/20fbbda8a292f59f2d3461a5b999c00b?s=96&d=mm&r=g","contentUrl":"https:\/\/secure.gravatar.com\/avatar\/20fbbda8a292f59f2d3461a5b999c00b?s=96&d=mm&r=g","caption":"Service des communications et des relations publiques"},"url":"https:\/\/www.uqac.ca\/uqactualites\/author\/bap\/"}]}},"_links":{"self":[{"href":"https:\/\/www.uqac.ca\/uqactualites\/wp-json\/wp\/v2\/posts\/28454"}],"collection":[{"href":"https:\/\/www.uqac.ca\/uqactualites\/wp-json\/wp\/v2\/posts"}],"about":[{"href":"https:\/\/www.uqac.ca\/uqactualites\/wp-json\/wp\/v2\/types\/post"}],"author":[{"embeddable":true,"href":"https:\/\/www.uqac.ca\/uqactualites\/wp-json\/wp\/v2\/users\/5"}],"replies":[{"embeddable":true,"href":"https:\/\/www.uqac.ca\/uqactualites\/wp-json\/wp\/v2\/comments?post=28454"}],"version-history":[{"count":0,"href":"https:\/\/www.uqac.ca\/uqactualites\/wp-json\/wp\/v2\/posts\/28454\/revisions"}],"wp:featuredmedia":[{"embeddable":true,"href":"https:\/\/www.uqac.ca\/uqactualites\/wp-json\/wp\/v2\/media\/28474"}],"wp:attachment":[{"href":"https:\/\/www.uqac.ca\/uqactualites\/wp-json\/wp\/v2\/media?parent=28454"}],"wp:term":[{"taxonomy":"category","embeddable":true,"href":"https:\/\/www.uqac.ca\/uqactualites\/wp-json\/wp\/v2\/categories?post=28454"},{"taxonomy":"post_tag","embeddable":true,"href":"https:\/\/www.uqac.ca\/uqactualites\/wp-json\/wp\/v2\/tags?post=28454"}],"curies":[{"name":"wp","href":"https:\/\/api.w.org\/{rel}","templated":true}]}}