{"id":28477,"date":"2014-10-07T14:39:38","date_gmt":"2014-10-07T18:39:38","guid":{"rendered":"http:\/\/uqactualite.odev.ca\/?p=28477"},"modified":"2014-10-07T14:39:38","modified_gmt":"2014-10-07T18:39:38","slug":"sabryna-tremblay-etudiante-au-programme-court-de-deuxieme-cycle-en-intervention-educative","status":"publish","type":"post","link":"https:\/\/www.uqac.ca\/uqactualites\/2014\/10\/07\/sabryna-tremblay-etudiante-au-programme-court-de-deuxieme-cycle-en-intervention-educative\/","title":{"rendered":"Sabryna Tremblay, \u00e9tudiante au programme court de deuxi\u00e8me cycle en intervention \u00e9ducative"},"content":{"rendered":"<p style=\"text-align: justify\"><strong>Pourquoi avoir choisi de poursuivre des \u00e9tudes de cycles sup\u00e9rieurs?<\/strong><br \/>\nJ\u2019avais l\u2019impression que mon baccalaur\u00e9at ne m\u2019avait pas donn\u00e9 toutes les r\u00e9ponses aux questions que je me posais, que mon parcours \u00e0 l\u2019UQAC n\u2019en \u00e9tait pas encore \u00e0 sa fin. Il me manquait quelque chose; des connaissances, des savoir-faire et savoir-penser. Je ne savais pas trop ce que je cherchais au d\u00e9part. Les \u00e9tudes sup\u00e9rieures, c\u2019est davantage une recherche de soi, de ce qui nous passionne, de ce en quoi nous voulons croire. Je me suis donc retrouv\u00e9e dans ce p\u00e9riple, et je dis p\u00e9riple car c\u2019est toute une aventure, une aventure que nous ne pouvons imaginer lorsque nous sommes au baccalaur\u00e9at, du moins en \u00e9ducation\u2026 Les \u00e9tudes de cycles sup\u00e9rieurs et celles de premier cycle, ce sont deux mondes tr\u00e8s diff\u00e9rents. Et c\u2019est dans cette diff\u00e9rence que j\u2019ai trouv\u00e9 ce que je recherchais\u00a0: qui j\u2019\u00e9tais vraiment!<\/p>\n<p style=\"text-align: justify\"><strong>Quels sont vos projets en cours?<br \/>\n<\/strong>Pour le moment, je me concentre principalement sur la fin de mes \u00e9tudes puisque je les termine en d\u00e9cembre. Toutefois, un immense projet prend pr\u00e9sentement forme dans ma vie personnelle\u00a0: la construction d\u2019une maison. Je dirais que ce sont mes deux grands projets pour terminer 2014 en beaut\u00e9!<\/p>\n<p style=\"text-align: justify\"><strong>Quels sont vos objectifs professionnels?<br \/>\n<\/strong>Je travaille \u00e0 contrat depuis plus de sept ans, et ce, dans divers domaines et endroits. Pour 2015, je recherche la stabilit\u00e9. L\u2019\u00e9ducation me passionne toujours. Par contre, c\u2019est l\u2019enseignement aux adultes qui me repr\u00e9sente le mieux. Lorsque je mentionne ce type d\u2019enseignement, je sous-entends encore plus pr\u00e9cis\u00e9ment celui coll\u00e9gial. Sinon, j\u2019aimerais exercer un emploi qui me permettrait d\u2019aider les gens, petits ou grands, d\u2019\u00eatre en contact avec les humains. Qui sait ce que l\u2019avenir me r\u00e9serve!<\/p>\n","protected":false},"excerpt":{"rendered":"<p>Pourquoi avoir choisi de poursuivre des \u00e9tudes de cycles sup\u00e9rieurs? J\u2019avais l\u2019impression que mon baccalaur\u00e9at ne m\u2019avait pas donn\u00e9 toutes les r\u00e9ponses aux questions que je me posais, que mon parcours \u00e0 l\u2019UQAC n\u2019en \u00e9tait pas encore \u00e0 sa fin. Il me manquait quelque chose; des connaissances, des savoir-faire et savoir-penser. Je ne savais pas [&hellip;]<\/p>\n","protected":false},"author":5,"featured_media":28478,"comment_status":"open","ping_status":"open","sticky":false,"template":"","format":"standard","meta":{"footnotes":""},"categories":[248],"tags":[564,1633,1634,1331],"yoast_head":"<!-- This site is optimized with the Yoast SEO plugin v24.2 - https:\/\/yoast.com\/wordpress\/plugins\/seo\/ -->\r\n<title>Sabryna Tremblay, \u00e9tudiante au programme court de deuxi\u00e8me cycle en intervention \u00e9ducative - UQACtualit\u00e9s<\/title>\r\n<meta name=\"robots\" content=\"index, follow, max-snippet:-1, max-image-preview:large, max-video-preview:-1\" \/>\r\n<link rel=\"canonical\" href=\"https:\/\/www.uqac.ca\/uqactualites\/2014\/10\/07\/sabryna-tremblay-etudiante-au-programme-court-de-deuxieme-cycle-en-intervention-educative\/\" \/>\r\n<meta property=\"og:locale\" content=\"fr_CA\" \/>\r\n<meta property=\"og:type\" content=\"article\" \/>\r\n<meta property=\"og:title\" content=\"Sabryna Tremblay, \u00e9tudiante au programme court de deuxi\u00e8me cycle en intervention \u00e9ducative - UQACtualit\u00e9s\" \/>\r\n<meta property=\"og:description\" content=\"Pourquoi avoir choisi de poursuivre des \u00e9tudes de cycles sup\u00e9rieurs? J\u2019avais l\u2019impression que mon baccalaur\u00e9at ne m\u2019avait pas donn\u00e9 toutes les r\u00e9ponses aux questions que je me posais, que mon parcours \u00e0 l\u2019UQAC n\u2019en \u00e9tait pas encore \u00e0 sa fin. Il me manquait quelque chose; des connaissances, des savoir-faire et savoir-penser. Je ne savais pas [&hellip;]\" \/>\r\n<meta property=\"og:url\" content=\"https:\/\/www.uqac.ca\/uqactualites\/2014\/10\/07\/sabryna-tremblay-etudiante-au-programme-court-de-deuxieme-cycle-en-intervention-educative\/\" \/>\r\n<meta property=\"og:site_name\" content=\"UQACtualit\u00e9s\" \/>\r\n<meta property=\"article:published_time\" content=\"2014-10-07T18:39:38+00:00\" \/>\r\n<meta property=\"og:image\" content=\"https:\/\/www.uqac.ca\/uqactualites\/wp-content\/uploads\/2014\/10\/GRAFuqactualit\u00e9-PortraiSabrynaTremblay-H14-01.jpg\" \/>\r\n\t<meta property=\"og:image:width\" content=\"621\" \/>\r\n\t<meta property=\"og:image:height\" content=\"300\" \/>\r\n\t<meta property=\"og:image:type\" content=\"image\/jpeg\" \/>\r\n<meta name=\"author\" content=\"Service des communications et des relations publiques\" \/>\r\n<meta name=\"twitter:card\" content=\"summary_large_image\" \/>\r\n<meta name=\"twitter:label1\" content=\"\u00c9crit par\" \/>\n\t<meta name=\"twitter:data1\" content=\"Service des communications et des relations publiques\" \/>\n\t<meta name=\"twitter:label2\" content=\"Estimation du temps de lecture\" \/>\n\t<meta name=\"twitter:data2\" content=\"2 minutes\" \/>\r\n<script type=\"application\/ld+json\" class=\"yoast-schema-graph\">{\"@context\":\"https:\/\/schema.org\",\"@graph\":[{\"@type\":\"WebPage\",\"@id\":\"https:\/\/www.uqac.ca\/uqactualites\/2014\/10\/07\/sabryna-tremblay-etudiante-au-programme-court-de-deuxieme-cycle-en-intervention-educative\/\",\"url\":\"https:\/\/www.uqac.ca\/uqactualites\/2014\/10\/07\/sabryna-tremblay-etudiante-au-programme-court-de-deuxieme-cycle-en-intervention-educative\/\",\"name\":\"Sabryna Tremblay, \u00e9tudiante au programme court de deuxi\u00e8me cycle en intervention \u00e9ducative - UQACtualit\u00e9s\",\"isPartOf\":{\"@id\":\"https:\/\/www.uqac.ca\/uqactualites\/#website\"},\"primaryImageOfPage\":{\"@id\":\"https:\/\/www.uqac.ca\/uqactualites\/2014\/10\/07\/sabryna-tremblay-etudiante-au-programme-court-de-deuxieme-cycle-en-intervention-educative\/#primaryimage\"},\"image\":{\"@id\":\"https:\/\/www.uqac.ca\/uqactualites\/2014\/10\/07\/sabryna-tremblay-etudiante-au-programme-court-de-deuxieme-cycle-en-intervention-educative\/#primaryimage\"},\"thumbnailUrl\":\"https:\/\/www.uqac.ca\/uqactualites\/wp-content\/uploads\/2014\/10\/GRAFuqactualit\u00e9-PortraiSabrynaTremblay-H14-01.jpg\",\"datePublished\":\"2014-10-07T18:39:38+00:00\",\"dateModified\":\"2014-10-07T18:39:38+00:00\",\"author\":{\"@id\":\"https:\/\/www.uqac.ca\/uqactualites\/#\/schema\/person\/366c45a0c4f0e677b41b4af5886e2018\"},\"breadcrumb\":{\"@id\":\"https:\/\/www.uqac.ca\/uqactualites\/2014\/10\/07\/sabryna-tremblay-etudiante-au-programme-court-de-deuxieme-cycle-en-intervention-educative\/#breadcrumb\"},\"inLanguage\":\"fr-CA\",\"potentialAction\":[{\"@type\":\"ReadAction\",\"target\":[\"https:\/\/www.uqac.ca\/uqactualites\/2014\/10\/07\/sabryna-tremblay-etudiante-au-programme-court-de-deuxieme-cycle-en-intervention-educative\/\"]}]},{\"@type\":\"ImageObject\",\"inLanguage\":\"fr-CA\",\"@id\":\"https:\/\/www.uqac.ca\/uqactualites\/2014\/10\/07\/sabryna-tremblay-etudiante-au-programme-court-de-deuxieme-cycle-en-intervention-educative\/#primaryimage\",\"url\":\"https:\/\/www.uqac.ca\/uqactualites\/wp-content\/uploads\/2014\/10\/GRAFuqactualit\u00e9-PortraiSabrynaTremblay-H14-01.jpg\",\"contentUrl\":\"https:\/\/www.uqac.ca\/uqactualites\/wp-content\/uploads\/2014\/10\/GRAFuqactualit\u00e9-PortraiSabrynaTremblay-H14-01.jpg\",\"width\":621,\"height\":300},{\"@type\":\"BreadcrumbList\",\"@id\":\"https:\/\/www.uqac.ca\/uqactualites\/2014\/10\/07\/sabryna-tremblay-etudiante-au-programme-court-de-deuxieme-cycle-en-intervention-educative\/#breadcrumb\",\"itemListElement\":[{\"@type\":\"ListItem\",\"position\":1,\"name\":\"Home\",\"item\":\"https:\/\/www.uqac.ca\/uqactualites\/\"},{\"@type\":\"ListItem\",\"position\":2,\"name\":\"Sabryna Tremblay, \u00e9tudiante au programme court de deuxi\u00e8me cycle en intervention \u00e9ducative\"}]},{\"@type\":\"WebSite\",\"@id\":\"https:\/\/www.uqac.ca\/uqactualites\/#website\",\"url\":\"https:\/\/www.uqac.ca\/uqactualites\/\",\"name\":\"UQACtualit\u00e9s\",\"description\":\"Le portail des nouvelles de l&#039;UQAC\",\"potentialAction\":[{\"@type\":\"SearchAction\",\"target\":{\"@type\":\"EntryPoint\",\"urlTemplate\":\"https:\/\/www.uqac.ca\/uqactualites\/?s={search_term_string}\"},\"query-input\":{\"@type\":\"PropertyValueSpecification\",\"valueRequired\":true,\"valueName\":\"search_term_string\"}}],\"inLanguage\":\"fr-CA\"},{\"@type\":\"Person\",\"@id\":\"https:\/\/www.uqac.ca\/uqactualites\/#\/schema\/person\/366c45a0c4f0e677b41b4af5886e2018\",\"name\":\"Service des communications et des relations publiques\",\"image\":{\"@type\":\"ImageObject\",\"inLanguage\":\"fr-CA\",\"@id\":\"https:\/\/www.uqac.ca\/uqactualites\/#\/schema\/person\/image\/\",\"url\":\"https:\/\/secure.gravatar.com\/avatar\/20fbbda8a292f59f2d3461a5b999c00b?s=96&d=mm&r=g\",\"contentUrl\":\"https:\/\/secure.gravatar.com\/avatar\/20fbbda8a292f59f2d3461a5b999c00b?s=96&d=mm&r=g\",\"caption\":\"Service des communications et des relations publiques\"},\"url\":\"https:\/\/www.uqac.ca\/uqactualites\/author\/bap\/\"}]}<\/script>\r\n<!-- \/ Yoast SEO plugin. -->","yoast_head_json":{"title":"Sabryna Tremblay, \u00e9tudiante au programme court de deuxi\u00e8me cycle en intervention \u00e9ducative - UQACtualit\u00e9s","robots":{"index":"index","follow":"follow","max-snippet":"max-snippet:-1","max-image-preview":"max-image-preview:large","max-video-preview":"max-video-preview:-1"},"canonical":"https:\/\/www.uqac.ca\/uqactualites\/2014\/10\/07\/sabryna-tremblay-etudiante-au-programme-court-de-deuxieme-cycle-en-intervention-educative\/","og_locale":"fr_CA","og_type":"article","og_title":"Sabryna Tremblay, \u00e9tudiante au programme court de deuxi\u00e8me cycle en intervention \u00e9ducative - UQACtualit\u00e9s","og_description":"Pourquoi avoir choisi de poursuivre des \u00e9tudes de cycles sup\u00e9rieurs? J\u2019avais l\u2019impression que mon baccalaur\u00e9at ne m\u2019avait pas donn\u00e9 toutes les r\u00e9ponses aux questions que je me posais, que mon parcours \u00e0 l\u2019UQAC n\u2019en \u00e9tait pas encore \u00e0 sa fin. Il me manquait quelque chose; des connaissances, des savoir-faire et savoir-penser. Je ne savais pas [&hellip;]","og_url":"https:\/\/www.uqac.ca\/uqactualites\/2014\/10\/07\/sabryna-tremblay-etudiante-au-programme-court-de-deuxieme-cycle-en-intervention-educative\/","og_site_name":"UQACtualit\u00e9s","article_published_time":"2014-10-07T18:39:38+00:00","og_image":[{"width":621,"height":300,"url":"https:\/\/www.uqac.ca\/uqactualites\/wp-content\/uploads\/2014\/10\/GRAFuqactualit\u00e9-PortraiSabrynaTremblay-H14-01.jpg","type":"image\/jpeg"}],"author":"Service des communications et des relations publiques","twitter_card":"summary_large_image","twitter_misc":{"\u00c9crit par":"Service des communications et des relations publiques","Estimation du temps de lecture":"2 minutes"},"schema":{"@context":"https:\/\/schema.org","@graph":[{"@type":"WebPage","@id":"https:\/\/www.uqac.ca\/uqactualites\/2014\/10\/07\/sabryna-tremblay-etudiante-au-programme-court-de-deuxieme-cycle-en-intervention-educative\/","url":"https:\/\/www.uqac.ca\/uqactualites\/2014\/10\/07\/sabryna-tremblay-etudiante-au-programme-court-de-deuxieme-cycle-en-intervention-educative\/","name":"Sabryna Tremblay, \u00e9tudiante au programme court de deuxi\u00e8me cycle en intervention \u00e9ducative - UQACtualit\u00e9s","isPartOf":{"@id":"https:\/\/www.uqac.ca\/uqactualites\/#website"},"primaryImageOfPage":{"@id":"https:\/\/www.uqac.ca\/uqactualites\/2014\/10\/07\/sabryna-tremblay-etudiante-au-programme-court-de-deuxieme-cycle-en-intervention-educative\/#primaryimage"},"image":{"@id":"https:\/\/www.uqac.ca\/uqactualites\/2014\/10\/07\/sabryna-tremblay-etudiante-au-programme-court-de-deuxieme-cycle-en-intervention-educative\/#primaryimage"},"thumbnailUrl":"https:\/\/www.uqac.ca\/uqactualites\/wp-content\/uploads\/2014\/10\/GRAFuqactualit\u00e9-PortraiSabrynaTremblay-H14-01.jpg","datePublished":"2014-10-07T18:39:38+00:00","dateModified":"2014-10-07T18:39:38+00:00","author":{"@id":"https:\/\/www.uqac.ca\/uqactualites\/#\/schema\/person\/366c45a0c4f0e677b41b4af5886e2018"},"breadcrumb":{"@id":"https:\/\/www.uqac.ca\/uqactualites\/2014\/10\/07\/sabryna-tremblay-etudiante-au-programme-court-de-deuxieme-cycle-en-intervention-educative\/#breadcrumb"},"inLanguage":"fr-CA","potentialAction":[{"@type":"ReadAction","target":["https:\/\/www.uqac.ca\/uqactualites\/2014\/10\/07\/sabryna-tremblay-etudiante-au-programme-court-de-deuxieme-cycle-en-intervention-educative\/"]}]},{"@type":"ImageObject","inLanguage":"fr-CA","@id":"https:\/\/www.uqac.ca\/uqactualites\/2014\/10\/07\/sabryna-tremblay-etudiante-au-programme-court-de-deuxieme-cycle-en-intervention-educative\/#primaryimage","url":"https:\/\/www.uqac.ca\/uqactualites\/wp-content\/uploads\/2014\/10\/GRAFuqactualit\u00e9-PortraiSabrynaTremblay-H14-01.jpg","contentUrl":"https:\/\/www.uqac.ca\/uqactualites\/wp-content\/uploads\/2014\/10\/GRAFuqactualit\u00e9-PortraiSabrynaTremblay-H14-01.jpg","width":621,"height":300},{"@type":"BreadcrumbList","@id":"https:\/\/www.uqac.ca\/uqactualites\/2014\/10\/07\/sabryna-tremblay-etudiante-au-programme-court-de-deuxieme-cycle-en-intervention-educative\/#breadcrumb","itemListElement":[{"@type":"ListItem","position":1,"name":"Home","item":"https:\/\/www.uqac.ca\/uqactualites\/"},{"@type":"ListItem","position":2,"name":"Sabryna Tremblay, \u00e9tudiante au programme court de deuxi\u00e8me cycle en intervention \u00e9ducative"}]},{"@type":"WebSite","@id":"https:\/\/www.uqac.ca\/uqactualites\/#website","url":"https:\/\/www.uqac.ca\/uqactualites\/","name":"UQACtualit\u00e9s","description":"Le portail des nouvelles de l&#039;UQAC","potentialAction":[{"@type":"SearchAction","target":{"@type":"EntryPoint","urlTemplate":"https:\/\/www.uqac.ca\/uqactualites\/?s={search_term_string}"},"query-input":{"@type":"PropertyValueSpecification","valueRequired":true,"valueName":"search_term_string"}}],"inLanguage":"fr-CA"},{"@type":"Person","@id":"https:\/\/www.uqac.ca\/uqactualites\/#\/schema\/person\/366c45a0c4f0e677b41b4af5886e2018","name":"Service des communications et des relations publiques","image":{"@type":"ImageObject","inLanguage":"fr-CA","@id":"https:\/\/www.uqac.ca\/uqactualites\/#\/schema\/person\/image\/","url":"https:\/\/secure.gravatar.com\/avatar\/20fbbda8a292f59f2d3461a5b999c00b?s=96&d=mm&r=g","contentUrl":"https:\/\/secure.gravatar.com\/avatar\/20fbbda8a292f59f2d3461a5b999c00b?s=96&d=mm&r=g","caption":"Service des communications et des relations publiques"},"url":"https:\/\/www.uqac.ca\/uqactualites\/author\/bap\/"}]}},"_links":{"self":[{"href":"https:\/\/www.uqac.ca\/uqactualites\/wp-json\/wp\/v2\/posts\/28477"}],"collection":[{"href":"https:\/\/www.uqac.ca\/uqactualites\/wp-json\/wp\/v2\/posts"}],"about":[{"href":"https:\/\/www.uqac.ca\/uqactualites\/wp-json\/wp\/v2\/types\/post"}],"author":[{"embeddable":true,"href":"https:\/\/www.uqac.ca\/uqactualites\/wp-json\/wp\/v2\/users\/5"}],"replies":[{"embeddable":true,"href":"https:\/\/www.uqac.ca\/uqactualites\/wp-json\/wp\/v2\/comments?post=28477"}],"version-history":[{"count":0,"href":"https:\/\/www.uqac.ca\/uqactualites\/wp-json\/wp\/v2\/posts\/28477\/revisions"}],"wp:featuredmedia":[{"embeddable":true,"href":"https:\/\/www.uqac.ca\/uqactualites\/wp-json\/wp\/v2\/media\/28478"}],"wp:attachment":[{"href":"https:\/\/www.uqac.ca\/uqactualites\/wp-json\/wp\/v2\/media?parent=28477"}],"wp:term":[{"taxonomy":"category","embeddable":true,"href":"https:\/\/www.uqac.ca\/uqactualites\/wp-json\/wp\/v2\/categories?post=28477"},{"taxonomy":"post_tag","embeddable":true,"href":"https:\/\/www.uqac.ca\/uqactualites\/wp-json\/wp\/v2\/tags?post=28477"}],"curies":[{"name":"wp","href":"https:\/\/api.w.org\/{rel}","templated":true}]}}