{"id":28487,"date":"2014-10-14T11:30:12","date_gmt":"2014-10-14T15:30:12","guid":{"rendered":"http:\/\/uqactualite.odev.ca\/?p=28487"},"modified":"2014-10-14T11:30:12","modified_gmt":"2014-10-14T15:30:12","slug":"lexclusion-du-projet-de-loi-n-15-demandee-par-les-chefs-de-luniversite-du-quebec","status":"publish","type":"post","link":"https:\/\/www.uqac.ca\/uqactualites\/2014\/10\/14\/lexclusion-du-projet-de-loi-n-15-demandee-par-les-chefs-de-luniversite-du-quebec\/","title":{"rendered":"L\u2019EXCLUSION DU PROJET DE LOI N\u00b0 15 DEMAND\u00c9E PAR LES CHEFS DE L\u2019UNIVERSIT\u00c9 DU QU\u00c9BEC"},"content":{"rendered":"<p>Qu\u00e9bec, le 10 octobre 2014. \u2013 Les chefs d\u2019\u00e9tablissement de l\u2019Universit\u00e9 du Qu\u00e9bec demandent l\u2019exclusion compl\u00e8te de leurs \u00e9tablissements du projet de loi n\u00b0 15 : Loi sur la gestion et le contr\u00f4le des effectifs des minist\u00e8res, des organismes et des r\u00e9seaux du secteur public ainsi que des soci\u00e9t\u00e9s d\u2019\u00c9tat.<br \/>\nL\u2019application d\u2019une telle loi p\u00e9naliserait ind\u00fbment les \u00e9tablissements de l\u2019Universit\u00e9 du Qu\u00e9bec. Elle compliquerait grandement leur gestion administrative et appara\u00eet m\u00eame incompatible avec la mission d&rsquo;enseignement et de recherche. La cr\u00e9ation de nouveaux programmes d\u2019enseignement et le d\u00e9veloppement des activit\u00e9s de recherche pourraient en \u00eatre compromis.<\/p>\n<p>\u00ab Nous souscrivons tout \u00e0 fait aux objectifs de rigueur administrative et de saine gestion des fonds publics. Les \u00e9tablissements du r\u00e9seau de l\u2019Universit\u00e9 du Qu\u00e9bec d\u00e9ploient d\u00e9j\u00e0 des efforts consid\u00e9rables face aux compressions budg\u00e9taires qui s\u2019ajoutent d\u2019une ann\u00e9e \u00e0 l\u2019autre. Il faut cependant rappeler que, comme toutes les universit\u00e9s, ils concourent \u00e0 la prosp\u00e9rit\u00e9 de la soci\u00e9t\u00e9 qu\u00e9b\u00e9coise par la formation d\u2019une main-d\u2019oeuvre hautement qualifi\u00e9e. \u00bb, souligne la pr\u00e9sidente de l\u2019Universit\u00e9 du Qu\u00e9bec.<br \/>\nLes \u00e9tablissements de l\u2019Universit\u00e9 du Qu\u00e9bec contribuent \u00e0 l\u2019accessibilit\u00e9 aux \u00e9tudes universitaires, ils sont ancr\u00e9s dans leur milieu respectif et sont des moteurs de l\u2019innovation. Ils participent \u00e9galement \u00e0 la croissance \u00e9conomique, \u00e0 l\u2019enrichissement collectif et \u00e0 une r\u00e9partition plus \u00e9quitable des ressources.<\/p>\n<p>Il faudrait \u00e9viter de compromettre les r\u00e9alisations qui ont permis au Qu\u00e9bec, depuis pr\u00e8s de 50 ans, de hausser tr\u00e8s significativement la participation de tous ceux et celles qui avaient la volont\u00e9 et les aptitudes de poursuivre des \u00e9tudes universitaires partout au Qu\u00e9bec.<br \/>\nLes chefs des \u00e9tablissements du r\u00e9seau de l\u2019Universit\u00e9 du Qu\u00e9bec<\/p>\n<p>Robert Proulx, Universit\u00e9 du Qu\u00e9bec \u00e0 Montr\u00e9al<br \/>\nNadia Ghazzali, Universit\u00e9 du Qu\u00e9bec \u00e0 Trois-Rivi\u00e8res<br \/>\nMartin Gauthier, Universit\u00e9 du Qu\u00e9bec \u00e0 Chicoutimi<br \/>\nJean-Pierre Ouellet, Universit\u00e9 du Qu\u00e9bec \u00e0 Rimouski<br \/>\nJean Vaillancourt, Universit\u00e9 du Qu\u00e9bec en Outaouais<br \/>\nJohanne Jean, Universit\u00e9 du Qu\u00e9bec en Abitibi-T\u00e9miscamingue<br \/>\nDaniel Coderre, Institut national de la recherche scientifique<br \/>\nNelson Michaud, \u00c9cole nationale d\u2019administration publique<br \/>\nPierre Dumouchel, \u00c9cole de technologie sup\u00e9rieure<br \/>\nGinette Legault, T\u00e9l\u00e9-universit\u00e9<br \/>\nSylvie Beauchamp, Universit\u00e9 du Qu\u00e9bec<\/p>\n<p>&nbsp;<\/p>\n<p><strong><span style=\"color: #808080\">_______________________________________________________________________________________<\/span><\/strong><\/p>\n<p style=\"text-align: justify\"><span style=\"color: #808080\"><strong>\u00a9 Guylain Doyle<br \/>\n<\/strong><\/span><span style=\"color: #808080\"><b>_______________________________________________________________________________________<\/b><\/span><\/p>\n","protected":false},"excerpt":{"rendered":"<p>Qu\u00e9bec, le 10 octobre 2014. \u2013 Les chefs d\u2019\u00e9tablissement de l\u2019Universit\u00e9 du Qu\u00e9bec demandent l\u2019exclusion compl\u00e8te de leurs \u00e9tablissements du projet de loi n\u00b0 15 : Loi sur la gestion et le contr\u00f4le des effectifs des minist\u00e8res, des organismes et des r\u00e9seaux du secteur public ainsi que des soci\u00e9t\u00e9s d\u2019\u00c9tat. L\u2019application d\u2019une telle loi p\u00e9naliserait [&hellip;]<\/p>\n","protected":false},"author":5,"featured_media":26327,"comment_status":"open","ping_status":"open","sticky":false,"template":"","format":"standard","meta":{"footnotes":""},"categories":[2],"tags":[1637],"yoast_head":"<!-- This site is optimized with the Yoast SEO plugin v24.2 - https:\/\/yoast.com\/wordpress\/plugins\/seo\/ -->\r\n<title>L\u2019EXCLUSION DU PROJET DE LOI N\u00b0 15 DEMAND\u00c9E PAR LES CHEFS DE L\u2019UNIVERSIT\u00c9 DU QU\u00c9BEC - UQACtualit\u00e9s<\/title>\r\n<meta name=\"robots\" content=\"index, follow, max-snippet:-1, max-image-preview:large, max-video-preview:-1\" \/>\r\n<link rel=\"canonical\" href=\"https:\/\/www.uqac.ca\/uqactualites\/2014\/10\/14\/lexclusion-du-projet-de-loi-n-15-demandee-par-les-chefs-de-luniversite-du-quebec\/\" \/>\r\n<meta property=\"og:locale\" content=\"fr_CA\" \/>\r\n<meta property=\"og:type\" content=\"article\" \/>\r\n<meta property=\"og:title\" content=\"L\u2019EXCLUSION DU PROJET DE LOI N\u00b0 15 DEMAND\u00c9E PAR LES CHEFS DE L\u2019UNIVERSIT\u00c9 DU QU\u00c9BEC - UQACtualit\u00e9s\" \/>\r\n<meta property=\"og:description\" content=\"Qu\u00e9bec, le 10 octobre 2014. \u2013 Les chefs d\u2019\u00e9tablissement de l\u2019Universit\u00e9 du Qu\u00e9bec demandent l\u2019exclusion compl\u00e8te de leurs \u00e9tablissements du projet de loi n\u00b0 15 : Loi sur la gestion et le contr\u00f4le des effectifs des minist\u00e8res, des organismes et des r\u00e9seaux du secteur public ainsi que des soci\u00e9t\u00e9s d\u2019\u00c9tat. L\u2019application d\u2019une telle loi p\u00e9naliserait [&hellip;]\" \/>\r\n<meta property=\"og:url\" content=\"https:\/\/www.uqac.ca\/uqactualites\/2014\/10\/14\/lexclusion-du-projet-de-loi-n-15-demandee-par-les-chefs-de-luniversite-du-quebec\/\" \/>\r\n<meta property=\"og:site_name\" content=\"UQACtualit\u00e9s\" \/>\r\n<meta property=\"article:published_time\" content=\"2014-10-14T15:30:12+00:00\" \/>\r\n<meta property=\"og:image\" content=\"https:\/\/www.uqac.ca\/uqactualites\/wp-content\/uploads\/2013\/11\/UQAC-a\u00e9rien-\u00a9Guylain-Doyle.jpg\" \/>\r\n\t<meta property=\"og:image:width\" content=\"620\" \/>\r\n\t<meta property=\"og:image:height\" content=\"300\" \/>\r\n\t<meta property=\"og:image:type\" content=\"image\/jpeg\" \/>\r\n<meta name=\"author\" content=\"Service des communications et des relations publiques\" \/>\r\n<meta name=\"twitter:card\" content=\"summary_large_image\" \/>\r\n<meta name=\"twitter:label1\" content=\"\u00c9crit par\" \/>\n\t<meta name=\"twitter:data1\" content=\"Service des communications et des relations publiques\" \/>\n\t<meta name=\"twitter:label2\" content=\"Estimation du temps de lecture\" \/>\n\t<meta name=\"twitter:data2\" content=\"2 minutes\" \/>\r\n<script type=\"application\/ld+json\" class=\"yoast-schema-graph\">{\"@context\":\"https:\/\/schema.org\",\"@graph\":[{\"@type\":\"WebPage\",\"@id\":\"https:\/\/www.uqac.ca\/uqactualites\/2014\/10\/14\/lexclusion-du-projet-de-loi-n-15-demandee-par-les-chefs-de-luniversite-du-quebec\/\",\"url\":\"https:\/\/www.uqac.ca\/uqactualites\/2014\/10\/14\/lexclusion-du-projet-de-loi-n-15-demandee-par-les-chefs-de-luniversite-du-quebec\/\",\"name\":\"L\u2019EXCLUSION DU PROJET DE LOI N\u00b0 15 DEMAND\u00c9E PAR LES CHEFS DE L\u2019UNIVERSIT\u00c9 DU QU\u00c9BEC - UQACtualit\u00e9s\",\"isPartOf\":{\"@id\":\"https:\/\/www.uqac.ca\/uqactualites\/#website\"},\"primaryImageOfPage\":{\"@id\":\"https:\/\/www.uqac.ca\/uqactualites\/2014\/10\/14\/lexclusion-du-projet-de-loi-n-15-demandee-par-les-chefs-de-luniversite-du-quebec\/#primaryimage\"},\"image\":{\"@id\":\"https:\/\/www.uqac.ca\/uqactualites\/2014\/10\/14\/lexclusion-du-projet-de-loi-n-15-demandee-par-les-chefs-de-luniversite-du-quebec\/#primaryimage\"},\"thumbnailUrl\":\"https:\/\/www.uqac.ca\/uqactualites\/wp-content\/uploads\/2013\/11\/UQAC-a\u00e9rien-\u00a9Guylain-Doyle.jpg\",\"datePublished\":\"2014-10-14T15:30:12+00:00\",\"dateModified\":\"2014-10-14T15:30:12+00:00\",\"author\":{\"@id\":\"https:\/\/www.uqac.ca\/uqactualites\/#\/schema\/person\/366c45a0c4f0e677b41b4af5886e2018\"},\"breadcrumb\":{\"@id\":\"https:\/\/www.uqac.ca\/uqactualites\/2014\/10\/14\/lexclusion-du-projet-de-loi-n-15-demandee-par-les-chefs-de-luniversite-du-quebec\/#breadcrumb\"},\"inLanguage\":\"fr-CA\",\"potentialAction\":[{\"@type\":\"ReadAction\",\"target\":[\"https:\/\/www.uqac.ca\/uqactualites\/2014\/10\/14\/lexclusion-du-projet-de-loi-n-15-demandee-par-les-chefs-de-luniversite-du-quebec\/\"]}]},{\"@type\":\"ImageObject\",\"inLanguage\":\"fr-CA\",\"@id\":\"https:\/\/www.uqac.ca\/uqactualites\/2014\/10\/14\/lexclusion-du-projet-de-loi-n-15-demandee-par-les-chefs-de-luniversite-du-quebec\/#primaryimage\",\"url\":\"https:\/\/www.uqac.ca\/uqactualites\/wp-content\/uploads\/2013\/11\/UQAC-a\u00e9rien-\u00a9Guylain-Doyle.jpg\",\"contentUrl\":\"https:\/\/www.uqac.ca\/uqactualites\/wp-content\/uploads\/2013\/11\/UQAC-a\u00e9rien-\u00a9Guylain-Doyle.jpg\",\"width\":620,\"height\":300},{\"@type\":\"BreadcrumbList\",\"@id\":\"https:\/\/www.uqac.ca\/uqactualites\/2014\/10\/14\/lexclusion-du-projet-de-loi-n-15-demandee-par-les-chefs-de-luniversite-du-quebec\/#breadcrumb\",\"itemListElement\":[{\"@type\":\"ListItem\",\"position\":1,\"name\":\"Home\",\"item\":\"https:\/\/www.uqac.ca\/uqactualites\/\"},{\"@type\":\"ListItem\",\"position\":2,\"name\":\"L\u2019EXCLUSION DU PROJET DE LOI N\u00b0 15 DEMAND\u00c9E PAR LES CHEFS DE L\u2019UNIVERSIT\u00c9 DU QU\u00c9BEC\"}]},{\"@type\":\"WebSite\",\"@id\":\"https:\/\/www.uqac.ca\/uqactualites\/#website\",\"url\":\"https:\/\/www.uqac.ca\/uqactualites\/\",\"name\":\"UQACtualit\u00e9s\",\"description\":\"Le portail des nouvelles de l&#039;UQAC\",\"potentialAction\":[{\"@type\":\"SearchAction\",\"target\":{\"@type\":\"EntryPoint\",\"urlTemplate\":\"https:\/\/www.uqac.ca\/uqactualites\/?s={search_term_string}\"},\"query-input\":{\"@type\":\"PropertyValueSpecification\",\"valueRequired\":true,\"valueName\":\"search_term_string\"}}],\"inLanguage\":\"fr-CA\"},{\"@type\":\"Person\",\"@id\":\"https:\/\/www.uqac.ca\/uqactualites\/#\/schema\/person\/366c45a0c4f0e677b41b4af5886e2018\",\"name\":\"Service des communications et des relations publiques\",\"image\":{\"@type\":\"ImageObject\",\"inLanguage\":\"fr-CA\",\"@id\":\"https:\/\/www.uqac.ca\/uqactualites\/#\/schema\/person\/image\/\",\"url\":\"https:\/\/secure.gravatar.com\/avatar\/20fbbda8a292f59f2d3461a5b999c00b?s=96&d=mm&r=g\",\"contentUrl\":\"https:\/\/secure.gravatar.com\/avatar\/20fbbda8a292f59f2d3461a5b999c00b?s=96&d=mm&r=g\",\"caption\":\"Service des communications et des relations publiques\"},\"url\":\"https:\/\/www.uqac.ca\/uqactualites\/author\/bap\/\"}]}<\/script>\r\n<!-- \/ Yoast SEO plugin. -->","yoast_head_json":{"title":"L\u2019EXCLUSION DU PROJET DE LOI N\u00b0 15 DEMAND\u00c9E PAR LES CHEFS DE L\u2019UNIVERSIT\u00c9 DU QU\u00c9BEC - UQACtualit\u00e9s","robots":{"index":"index","follow":"follow","max-snippet":"max-snippet:-1","max-image-preview":"max-image-preview:large","max-video-preview":"max-video-preview:-1"},"canonical":"https:\/\/www.uqac.ca\/uqactualites\/2014\/10\/14\/lexclusion-du-projet-de-loi-n-15-demandee-par-les-chefs-de-luniversite-du-quebec\/","og_locale":"fr_CA","og_type":"article","og_title":"L\u2019EXCLUSION DU PROJET DE LOI N\u00b0 15 DEMAND\u00c9E PAR LES CHEFS DE L\u2019UNIVERSIT\u00c9 DU QU\u00c9BEC - UQACtualit\u00e9s","og_description":"Qu\u00e9bec, le 10 octobre 2014. \u2013 Les chefs d\u2019\u00e9tablissement de l\u2019Universit\u00e9 du Qu\u00e9bec demandent l\u2019exclusion compl\u00e8te de leurs \u00e9tablissements du projet de loi n\u00b0 15 : Loi sur la gestion et le contr\u00f4le des effectifs des minist\u00e8res, des organismes et des r\u00e9seaux du secteur public ainsi que des soci\u00e9t\u00e9s d\u2019\u00c9tat. L\u2019application d\u2019une telle loi p\u00e9naliserait [&hellip;]","og_url":"https:\/\/www.uqac.ca\/uqactualites\/2014\/10\/14\/lexclusion-du-projet-de-loi-n-15-demandee-par-les-chefs-de-luniversite-du-quebec\/","og_site_name":"UQACtualit\u00e9s","article_published_time":"2014-10-14T15:30:12+00:00","og_image":[{"width":620,"height":300,"url":"https:\/\/www.uqac.ca\/uqactualites\/wp-content\/uploads\/2013\/11\/UQAC-a\u00e9rien-\u00a9Guylain-Doyle.jpg","type":"image\/jpeg"}],"author":"Service des communications et des relations publiques","twitter_card":"summary_large_image","twitter_misc":{"\u00c9crit par":"Service des communications et des relations publiques","Estimation du temps de lecture":"2 minutes"},"schema":{"@context":"https:\/\/schema.org","@graph":[{"@type":"WebPage","@id":"https:\/\/www.uqac.ca\/uqactualites\/2014\/10\/14\/lexclusion-du-projet-de-loi-n-15-demandee-par-les-chefs-de-luniversite-du-quebec\/","url":"https:\/\/www.uqac.ca\/uqactualites\/2014\/10\/14\/lexclusion-du-projet-de-loi-n-15-demandee-par-les-chefs-de-luniversite-du-quebec\/","name":"L\u2019EXCLUSION DU PROJET DE LOI N\u00b0 15 DEMAND\u00c9E PAR LES CHEFS DE L\u2019UNIVERSIT\u00c9 DU QU\u00c9BEC - UQACtualit\u00e9s","isPartOf":{"@id":"https:\/\/www.uqac.ca\/uqactualites\/#website"},"primaryImageOfPage":{"@id":"https:\/\/www.uqac.ca\/uqactualites\/2014\/10\/14\/lexclusion-du-projet-de-loi-n-15-demandee-par-les-chefs-de-luniversite-du-quebec\/#primaryimage"},"image":{"@id":"https:\/\/www.uqac.ca\/uqactualites\/2014\/10\/14\/lexclusion-du-projet-de-loi-n-15-demandee-par-les-chefs-de-luniversite-du-quebec\/#primaryimage"},"thumbnailUrl":"https:\/\/www.uqac.ca\/uqactualites\/wp-content\/uploads\/2013\/11\/UQAC-a\u00e9rien-\u00a9Guylain-Doyle.jpg","datePublished":"2014-10-14T15:30:12+00:00","dateModified":"2014-10-14T15:30:12+00:00","author":{"@id":"https:\/\/www.uqac.ca\/uqactualites\/#\/schema\/person\/366c45a0c4f0e677b41b4af5886e2018"},"breadcrumb":{"@id":"https:\/\/www.uqac.ca\/uqactualites\/2014\/10\/14\/lexclusion-du-projet-de-loi-n-15-demandee-par-les-chefs-de-luniversite-du-quebec\/#breadcrumb"},"inLanguage":"fr-CA","potentialAction":[{"@type":"ReadAction","target":["https:\/\/www.uqac.ca\/uqactualites\/2014\/10\/14\/lexclusion-du-projet-de-loi-n-15-demandee-par-les-chefs-de-luniversite-du-quebec\/"]}]},{"@type":"ImageObject","inLanguage":"fr-CA","@id":"https:\/\/www.uqac.ca\/uqactualites\/2014\/10\/14\/lexclusion-du-projet-de-loi-n-15-demandee-par-les-chefs-de-luniversite-du-quebec\/#primaryimage","url":"https:\/\/www.uqac.ca\/uqactualites\/wp-content\/uploads\/2013\/11\/UQAC-a\u00e9rien-\u00a9Guylain-Doyle.jpg","contentUrl":"https:\/\/www.uqac.ca\/uqactualites\/wp-content\/uploads\/2013\/11\/UQAC-a\u00e9rien-\u00a9Guylain-Doyle.jpg","width":620,"height":300},{"@type":"BreadcrumbList","@id":"https:\/\/www.uqac.ca\/uqactualites\/2014\/10\/14\/lexclusion-du-projet-de-loi-n-15-demandee-par-les-chefs-de-luniversite-du-quebec\/#breadcrumb","itemListElement":[{"@type":"ListItem","position":1,"name":"Home","item":"https:\/\/www.uqac.ca\/uqactualites\/"},{"@type":"ListItem","position":2,"name":"L\u2019EXCLUSION DU PROJET DE LOI N\u00b0 15 DEMAND\u00c9E PAR LES CHEFS DE L\u2019UNIVERSIT\u00c9 DU QU\u00c9BEC"}]},{"@type":"WebSite","@id":"https:\/\/www.uqac.ca\/uqactualites\/#website","url":"https:\/\/www.uqac.ca\/uqactualites\/","name":"UQACtualit\u00e9s","description":"Le portail des nouvelles de l&#039;UQAC","potentialAction":[{"@type":"SearchAction","target":{"@type":"EntryPoint","urlTemplate":"https:\/\/www.uqac.ca\/uqactualites\/?s={search_term_string}"},"query-input":{"@type":"PropertyValueSpecification","valueRequired":true,"valueName":"search_term_string"}}],"inLanguage":"fr-CA"},{"@type":"Person","@id":"https:\/\/www.uqac.ca\/uqactualites\/#\/schema\/person\/366c45a0c4f0e677b41b4af5886e2018","name":"Service des communications et des relations publiques","image":{"@type":"ImageObject","inLanguage":"fr-CA","@id":"https:\/\/www.uqac.ca\/uqactualites\/#\/schema\/person\/image\/","url":"https:\/\/secure.gravatar.com\/avatar\/20fbbda8a292f59f2d3461a5b999c00b?s=96&d=mm&r=g","contentUrl":"https:\/\/secure.gravatar.com\/avatar\/20fbbda8a292f59f2d3461a5b999c00b?s=96&d=mm&r=g","caption":"Service des communications et des relations publiques"},"url":"https:\/\/www.uqac.ca\/uqactualites\/author\/bap\/"}]}},"_links":{"self":[{"href":"https:\/\/www.uqac.ca\/uqactualites\/wp-json\/wp\/v2\/posts\/28487"}],"collection":[{"href":"https:\/\/www.uqac.ca\/uqactualites\/wp-json\/wp\/v2\/posts"}],"about":[{"href":"https:\/\/www.uqac.ca\/uqactualites\/wp-json\/wp\/v2\/types\/post"}],"author":[{"embeddable":true,"href":"https:\/\/www.uqac.ca\/uqactualites\/wp-json\/wp\/v2\/users\/5"}],"replies":[{"embeddable":true,"href":"https:\/\/www.uqac.ca\/uqactualites\/wp-json\/wp\/v2\/comments?post=28487"}],"version-history":[{"count":0,"href":"https:\/\/www.uqac.ca\/uqactualites\/wp-json\/wp\/v2\/posts\/28487\/revisions"}],"wp:featuredmedia":[{"embeddable":true,"href":"https:\/\/www.uqac.ca\/uqactualites\/wp-json\/wp\/v2\/media\/26327"}],"wp:attachment":[{"href":"https:\/\/www.uqac.ca\/uqactualites\/wp-json\/wp\/v2\/media?parent=28487"}],"wp:term":[{"taxonomy":"category","embeddable":true,"href":"https:\/\/www.uqac.ca\/uqactualites\/wp-json\/wp\/v2\/categories?post=28487"},{"taxonomy":"post_tag","embeddable":true,"href":"https:\/\/www.uqac.ca\/uqactualites\/wp-json\/wp\/v2\/tags?post=28487"}],"curies":[{"name":"wp","href":"https:\/\/api.w.org\/{rel}","templated":true}]}}