{"id":28556,"date":"2014-10-30T16:18:59","date_gmt":"2014-10-30T20:18:59","guid":{"rendered":"http:\/\/uqactualite.odev.ca\/?p=28556"},"modified":"2014-10-30T16:18:59","modified_gmt":"2014-10-30T20:18:59","slug":"rappel-webinaire-synapse-aqlpa-trente-ans-de-luttes-victorieuses","status":"publish","type":"post","link":"https:\/\/www.uqac.ca\/uqactualites\/2014\/10\/30\/rappel-webinaire-synapse-aqlpa-trente-ans-de-luttes-victorieuses\/","title":{"rendered":"RAPPEL \u2013 Webinaire Synapse : \u00ab AQLPA \u2013 Trente ans de luttes victorieuses \u00bb"},"content":{"rendered":"<p style=\"text-align: justify\">La Chaire en \u00e9co-conseil de l\u2019UQAC invite la communaut\u00e9 universitaire \u00e0 participer au prochain webinaire Synapse\u00a0de la saison\u00a02014-2015\u00a0:<\/p>\n<p style=\"text-align: center\"><strong>\u00ab\u00a0AQLPA \u2013 Trente ans de luttes victorieuses\u00a0\u00bb<\/strong><br \/>\nMardi 4 novembre 2014\u00a0 \u25aa\u00a0 13\u00a0h \u00e0 14\u00a0h\u00a015<\/p>\n<p style=\"text-align: justify\">Andr\u00e9 B\u00e9lisle, pr\u00e9sident et cofondateur de l\u2019Association qu\u00e9b\u00e9coise de lutte contre la pollution atmosph\u00e9rique (AQLPA), racontera les trente ann\u00e9es de cette organisation dont les luttes victorieuses forcent l\u2019admiration. Dans un langage incisif et direct, il redonnera vie aux moments marquants de l\u2019environnement au Qu\u00e9bec.<\/p>\n<p style=\"text-align: justify\">Pour plus de d\u00e9tails sur ce webinaire et pour vous y inscrire, consultez le <span style=\"text-decoration: underline\"><a href=\"http:\/\/synapse.uqac.ca\/2014\/webinaire-synapse-du-mardi-4-novembre-aqlpa-trente-ans-de-luttes-victorieuses\/\" target=\"_blank\" rel=\"noopener\"><strong>site Web de Synapse<\/strong><\/a><\/span>.<\/p>\n<p style=\"text-align: justify\">Si vous avez des questions ou si vous souhaitez pr\u00e9senter un webinaire \u00e0 la communaut\u00e9 Synapse, joignez l\u2019\u00e9quipe en \u00e9crivant \u00e0 <span style=\"text-decoration: underline\"><a href=\"mailto:synapse@uqac.ca\"><strong>synapse@uqac.ca<\/strong><\/a><\/span>.<\/p>\n<p style=\"text-align: justify\"><strong><br \/>\nRenseignements\u00a0:<br \/>\n<\/strong>Jos\u00e9e Vermette, agente de recherche<br \/>\nD\u00e9partement des sciences fondamentales<br \/>\nUniversit\u00e9 du Qu\u00e9bec \u00e0 Chicoutimi<br \/>\n418 545-5011, poste\u00a02574\u00a0 \u25aa \u00a0<span style=\"text-decoration: underline\"><a href=\"mailto:synapse@uqac.ca\">synapse@uqac.ca<\/a><\/span><\/p>\n","protected":false},"excerpt":{"rendered":"<p>La Chaire en \u00e9co-conseil de l\u2019UQAC invite la communaut\u00e9 universitaire \u00e0 participer au prochain webinaire Synapse\u00a0de la saison\u00a02014-2015\u00a0: \u00ab\u00a0AQLPA \u2013 Trente ans de luttes victorieuses\u00a0\u00bb Mardi 4 novembre 2014\u00a0 \u25aa\u00a0 13\u00a0h \u00e0 14\u00a0h\u00a015 Andr\u00e9 B\u00e9lisle, pr\u00e9sident et cofondateur de l\u2019Association qu\u00e9b\u00e9coise de lutte contre la pollution atmosph\u00e9rique (AQLPA), racontera les trente ann\u00e9es de cette organisation [&hellip;]<\/p>\n","protected":false},"author":5,"featured_media":20989,"comment_status":"open","ping_status":"open","sticky":false,"template":"","format":"standard","meta":{"footnotes":""},"categories":[2772],"tags":[3,138,546,843],"yoast_head":"<!-- This site is optimized with the Yoast SEO plugin v24.2 - https:\/\/yoast.com\/wordpress\/plugins\/seo\/ -->\r\n<title>RAPPEL \u2013 Webinaire Synapse : \u00ab AQLPA \u2013 Trente ans de luttes victorieuses \u00bb - UQACtualit\u00e9s<\/title>\r\n<meta name=\"robots\" content=\"index, follow, max-snippet:-1, max-image-preview:large, max-video-preview:-1\" \/>\r\n<link rel=\"canonical\" href=\"https:\/\/www.uqac.ca\/uqactualites\/2014\/10\/30\/rappel-webinaire-synapse-aqlpa-trente-ans-de-luttes-victorieuses\/\" \/>\r\n<meta property=\"og:locale\" content=\"fr_CA\" \/>\r\n<meta property=\"og:type\" content=\"article\" \/>\r\n<meta property=\"og:title\" content=\"RAPPEL \u2013 Webinaire Synapse : \u00ab AQLPA \u2013 Trente ans de luttes victorieuses \u00bb - UQACtualit\u00e9s\" \/>\r\n<meta property=\"og:description\" content=\"La Chaire en \u00e9co-conseil de l\u2019UQAC invite la communaut\u00e9 universitaire \u00e0 participer au prochain webinaire Synapse\u00a0de la saison\u00a02014-2015\u00a0: \u00ab\u00a0AQLPA \u2013 Trente ans de luttes victorieuses\u00a0\u00bb Mardi 4 novembre 2014\u00a0 \u25aa\u00a0 13\u00a0h \u00e0 14\u00a0h\u00a015 Andr\u00e9 B\u00e9lisle, pr\u00e9sident et cofondateur de l\u2019Association qu\u00e9b\u00e9coise de lutte contre la pollution atmosph\u00e9rique (AQLPA), racontera les trente ann\u00e9es de cette organisation [&hellip;]\" \/>\r\n<meta property=\"og:url\" content=\"https:\/\/www.uqac.ca\/uqactualites\/2014\/10\/30\/rappel-webinaire-synapse-aqlpa-trente-ans-de-luttes-victorieuses\/\" \/>\r\n<meta property=\"og:site_name\" content=\"UQACtualit\u00e9s\" \/>\r\n<meta property=\"article:published_time\" content=\"2014-10-30T20:18:59+00:00\" \/>\r\n<meta property=\"og:image\" content=\"https:\/\/www.uqac.ca\/uqactualites\/wp-content\/uploads\/2012\/05\/avis-laCommunaut-.jpg\" \/>\r\n\t<meta property=\"og:image:width\" content=\"620\" \/>\r\n\t<meta property=\"og:image:height\" content=\"300\" \/>\r\n\t<meta property=\"og:image:type\" content=\"image\/jpeg\" \/>\r\n<meta name=\"author\" content=\"Service des communications et des relations publiques\" \/>\r\n<meta name=\"twitter:card\" content=\"summary_large_image\" \/>\r\n<meta name=\"twitter:label1\" content=\"\u00c9crit par\" \/>\n\t<meta name=\"twitter:data1\" content=\"Service des communications et des relations publiques\" \/>\n\t<meta name=\"twitter:label2\" content=\"Estimation du temps de lecture\" \/>\n\t<meta name=\"twitter:data2\" content=\"1 minute\" \/>\r\n<script type=\"application\/ld+json\" class=\"yoast-schema-graph\">{\"@context\":\"https:\/\/schema.org\",\"@graph\":[{\"@type\":\"WebPage\",\"@id\":\"https:\/\/www.uqac.ca\/uqactualites\/2014\/10\/30\/rappel-webinaire-synapse-aqlpa-trente-ans-de-luttes-victorieuses\/\",\"url\":\"https:\/\/www.uqac.ca\/uqactualites\/2014\/10\/30\/rappel-webinaire-synapse-aqlpa-trente-ans-de-luttes-victorieuses\/\",\"name\":\"RAPPEL \u2013 Webinaire Synapse : \u00ab AQLPA \u2013 Trente ans de luttes victorieuses \u00bb - UQACtualit\u00e9s\",\"isPartOf\":{\"@id\":\"https:\/\/www.uqac.ca\/uqactualites\/#website\"},\"primaryImageOfPage\":{\"@id\":\"https:\/\/www.uqac.ca\/uqactualites\/2014\/10\/30\/rappel-webinaire-synapse-aqlpa-trente-ans-de-luttes-victorieuses\/#primaryimage\"},\"image\":{\"@id\":\"https:\/\/www.uqac.ca\/uqactualites\/2014\/10\/30\/rappel-webinaire-synapse-aqlpa-trente-ans-de-luttes-victorieuses\/#primaryimage\"},\"thumbnailUrl\":\"https:\/\/www.uqac.ca\/uqactualites\/wp-content\/uploads\/2012\/05\/avis-laCommunaut-.jpg\",\"datePublished\":\"2014-10-30T20:18:59+00:00\",\"dateModified\":\"2014-10-30T20:18:59+00:00\",\"author\":{\"@id\":\"https:\/\/www.uqac.ca\/uqactualites\/#\/schema\/person\/366c45a0c4f0e677b41b4af5886e2018\"},\"breadcrumb\":{\"@id\":\"https:\/\/www.uqac.ca\/uqactualites\/2014\/10\/30\/rappel-webinaire-synapse-aqlpa-trente-ans-de-luttes-victorieuses\/#breadcrumb\"},\"inLanguage\":\"fr-CA\",\"potentialAction\":[{\"@type\":\"ReadAction\",\"target\":[\"https:\/\/www.uqac.ca\/uqactualites\/2014\/10\/30\/rappel-webinaire-synapse-aqlpa-trente-ans-de-luttes-victorieuses\/\"]}]},{\"@type\":\"ImageObject\",\"inLanguage\":\"fr-CA\",\"@id\":\"https:\/\/www.uqac.ca\/uqactualites\/2014\/10\/30\/rappel-webinaire-synapse-aqlpa-trente-ans-de-luttes-victorieuses\/#primaryimage\",\"url\":\"https:\/\/www.uqac.ca\/uqactualites\/wp-content\/uploads\/2012\/05\/avis-laCommunaut-.jpg\",\"contentUrl\":\"https:\/\/www.uqac.ca\/uqactualites\/wp-content\/uploads\/2012\/05\/avis-laCommunaut-.jpg\",\"width\":620,\"height\":300},{\"@type\":\"BreadcrumbList\",\"@id\":\"https:\/\/www.uqac.ca\/uqactualites\/2014\/10\/30\/rappel-webinaire-synapse-aqlpa-trente-ans-de-luttes-victorieuses\/#breadcrumb\",\"itemListElement\":[{\"@type\":\"ListItem\",\"position\":1,\"name\":\"Home\",\"item\":\"https:\/\/www.uqac.ca\/uqactualites\/\"},{\"@type\":\"ListItem\",\"position\":2,\"name\":\"RAPPEL \u2013 Webinaire Synapse : \u00ab AQLPA \u2013 Trente ans de luttes victorieuses \u00bb\"}]},{\"@type\":\"WebSite\",\"@id\":\"https:\/\/www.uqac.ca\/uqactualites\/#website\",\"url\":\"https:\/\/www.uqac.ca\/uqactualites\/\",\"name\":\"UQACtualit\u00e9s\",\"description\":\"Le portail des nouvelles de l&#039;UQAC\",\"potentialAction\":[{\"@type\":\"SearchAction\",\"target\":{\"@type\":\"EntryPoint\",\"urlTemplate\":\"https:\/\/www.uqac.ca\/uqactualites\/?s={search_term_string}\"},\"query-input\":{\"@type\":\"PropertyValueSpecification\",\"valueRequired\":true,\"valueName\":\"search_term_string\"}}],\"inLanguage\":\"fr-CA\"},{\"@type\":\"Person\",\"@id\":\"https:\/\/www.uqac.ca\/uqactualites\/#\/schema\/person\/366c45a0c4f0e677b41b4af5886e2018\",\"name\":\"Service des communications et des relations publiques\",\"image\":{\"@type\":\"ImageObject\",\"inLanguage\":\"fr-CA\",\"@id\":\"https:\/\/www.uqac.ca\/uqactualites\/#\/schema\/person\/image\/\",\"url\":\"https:\/\/secure.gravatar.com\/avatar\/20fbbda8a292f59f2d3461a5b999c00b?s=96&d=mm&r=g\",\"contentUrl\":\"https:\/\/secure.gravatar.com\/avatar\/20fbbda8a292f59f2d3461a5b999c00b?s=96&d=mm&r=g\",\"caption\":\"Service des communications et des relations publiques\"},\"url\":\"https:\/\/www.uqac.ca\/uqactualites\/author\/bap\/\"}]}<\/script>\r\n<!-- \/ Yoast SEO plugin. -->","yoast_head_json":{"title":"RAPPEL \u2013 Webinaire Synapse : \u00ab AQLPA \u2013 Trente ans de luttes victorieuses \u00bb - UQACtualit\u00e9s","robots":{"index":"index","follow":"follow","max-snippet":"max-snippet:-1","max-image-preview":"max-image-preview:large","max-video-preview":"max-video-preview:-1"},"canonical":"https:\/\/www.uqac.ca\/uqactualites\/2014\/10\/30\/rappel-webinaire-synapse-aqlpa-trente-ans-de-luttes-victorieuses\/","og_locale":"fr_CA","og_type":"article","og_title":"RAPPEL \u2013 Webinaire Synapse : \u00ab AQLPA \u2013 Trente ans de luttes victorieuses \u00bb - UQACtualit\u00e9s","og_description":"La Chaire en \u00e9co-conseil de l\u2019UQAC invite la communaut\u00e9 universitaire \u00e0 participer au prochain webinaire Synapse\u00a0de la saison\u00a02014-2015\u00a0: \u00ab\u00a0AQLPA \u2013 Trente ans de luttes victorieuses\u00a0\u00bb Mardi 4 novembre 2014\u00a0 \u25aa\u00a0 13\u00a0h \u00e0 14\u00a0h\u00a015 Andr\u00e9 B\u00e9lisle, pr\u00e9sident et cofondateur de l\u2019Association qu\u00e9b\u00e9coise de lutte contre la pollution atmosph\u00e9rique (AQLPA), racontera les trente ann\u00e9es de cette organisation [&hellip;]","og_url":"https:\/\/www.uqac.ca\/uqactualites\/2014\/10\/30\/rappel-webinaire-synapse-aqlpa-trente-ans-de-luttes-victorieuses\/","og_site_name":"UQACtualit\u00e9s","article_published_time":"2014-10-30T20:18:59+00:00","og_image":[{"width":620,"height":300,"url":"https:\/\/www.uqac.ca\/uqactualites\/wp-content\/uploads\/2012\/05\/avis-laCommunaut-.jpg","type":"image\/jpeg"}],"author":"Service des communications et des relations publiques","twitter_card":"summary_large_image","twitter_misc":{"\u00c9crit par":"Service des communications et des relations publiques","Estimation du temps de lecture":"1 minute"},"schema":{"@context":"https:\/\/schema.org","@graph":[{"@type":"WebPage","@id":"https:\/\/www.uqac.ca\/uqactualites\/2014\/10\/30\/rappel-webinaire-synapse-aqlpa-trente-ans-de-luttes-victorieuses\/","url":"https:\/\/www.uqac.ca\/uqactualites\/2014\/10\/30\/rappel-webinaire-synapse-aqlpa-trente-ans-de-luttes-victorieuses\/","name":"RAPPEL \u2013 Webinaire Synapse : \u00ab AQLPA \u2013 Trente ans de luttes victorieuses \u00bb - UQACtualit\u00e9s","isPartOf":{"@id":"https:\/\/www.uqac.ca\/uqactualites\/#website"},"primaryImageOfPage":{"@id":"https:\/\/www.uqac.ca\/uqactualites\/2014\/10\/30\/rappel-webinaire-synapse-aqlpa-trente-ans-de-luttes-victorieuses\/#primaryimage"},"image":{"@id":"https:\/\/www.uqac.ca\/uqactualites\/2014\/10\/30\/rappel-webinaire-synapse-aqlpa-trente-ans-de-luttes-victorieuses\/#primaryimage"},"thumbnailUrl":"https:\/\/www.uqac.ca\/uqactualites\/wp-content\/uploads\/2012\/05\/avis-laCommunaut-.jpg","datePublished":"2014-10-30T20:18:59+00:00","dateModified":"2014-10-30T20:18:59+00:00","author":{"@id":"https:\/\/www.uqac.ca\/uqactualites\/#\/schema\/person\/366c45a0c4f0e677b41b4af5886e2018"},"breadcrumb":{"@id":"https:\/\/www.uqac.ca\/uqactualites\/2014\/10\/30\/rappel-webinaire-synapse-aqlpa-trente-ans-de-luttes-victorieuses\/#breadcrumb"},"inLanguage":"fr-CA","potentialAction":[{"@type":"ReadAction","target":["https:\/\/www.uqac.ca\/uqactualites\/2014\/10\/30\/rappel-webinaire-synapse-aqlpa-trente-ans-de-luttes-victorieuses\/"]}]},{"@type":"ImageObject","inLanguage":"fr-CA","@id":"https:\/\/www.uqac.ca\/uqactualites\/2014\/10\/30\/rappel-webinaire-synapse-aqlpa-trente-ans-de-luttes-victorieuses\/#primaryimage","url":"https:\/\/www.uqac.ca\/uqactualites\/wp-content\/uploads\/2012\/05\/avis-laCommunaut-.jpg","contentUrl":"https:\/\/www.uqac.ca\/uqactualites\/wp-content\/uploads\/2012\/05\/avis-laCommunaut-.jpg","width":620,"height":300},{"@type":"BreadcrumbList","@id":"https:\/\/www.uqac.ca\/uqactualites\/2014\/10\/30\/rappel-webinaire-synapse-aqlpa-trente-ans-de-luttes-victorieuses\/#breadcrumb","itemListElement":[{"@type":"ListItem","position":1,"name":"Home","item":"https:\/\/www.uqac.ca\/uqactualites\/"},{"@type":"ListItem","position":2,"name":"RAPPEL \u2013 Webinaire Synapse : \u00ab AQLPA \u2013 Trente ans de luttes victorieuses \u00bb"}]},{"@type":"WebSite","@id":"https:\/\/www.uqac.ca\/uqactualites\/#website","url":"https:\/\/www.uqac.ca\/uqactualites\/","name":"UQACtualit\u00e9s","description":"Le portail des nouvelles de l&#039;UQAC","potentialAction":[{"@type":"SearchAction","target":{"@type":"EntryPoint","urlTemplate":"https:\/\/www.uqac.ca\/uqactualites\/?s={search_term_string}"},"query-input":{"@type":"PropertyValueSpecification","valueRequired":true,"valueName":"search_term_string"}}],"inLanguage":"fr-CA"},{"@type":"Person","@id":"https:\/\/www.uqac.ca\/uqactualites\/#\/schema\/person\/366c45a0c4f0e677b41b4af5886e2018","name":"Service des communications et des relations publiques","image":{"@type":"ImageObject","inLanguage":"fr-CA","@id":"https:\/\/www.uqac.ca\/uqactualites\/#\/schema\/person\/image\/","url":"https:\/\/secure.gravatar.com\/avatar\/20fbbda8a292f59f2d3461a5b999c00b?s=96&d=mm&r=g","contentUrl":"https:\/\/secure.gravatar.com\/avatar\/20fbbda8a292f59f2d3461a5b999c00b?s=96&d=mm&r=g","caption":"Service des communications et des relations publiques"},"url":"https:\/\/www.uqac.ca\/uqactualites\/author\/bap\/"}]}},"_links":{"self":[{"href":"https:\/\/www.uqac.ca\/uqactualites\/wp-json\/wp\/v2\/posts\/28556"}],"collection":[{"href":"https:\/\/www.uqac.ca\/uqactualites\/wp-json\/wp\/v2\/posts"}],"about":[{"href":"https:\/\/www.uqac.ca\/uqactualites\/wp-json\/wp\/v2\/types\/post"}],"author":[{"embeddable":true,"href":"https:\/\/www.uqac.ca\/uqactualites\/wp-json\/wp\/v2\/users\/5"}],"replies":[{"embeddable":true,"href":"https:\/\/www.uqac.ca\/uqactualites\/wp-json\/wp\/v2\/comments?post=28556"}],"version-history":[{"count":0,"href":"https:\/\/www.uqac.ca\/uqactualites\/wp-json\/wp\/v2\/posts\/28556\/revisions"}],"wp:featuredmedia":[{"embeddable":true,"href":"https:\/\/www.uqac.ca\/uqactualites\/wp-json\/wp\/v2\/media\/20989"}],"wp:attachment":[{"href":"https:\/\/www.uqac.ca\/uqactualites\/wp-json\/wp\/v2\/media?parent=28556"}],"wp:term":[{"taxonomy":"category","embeddable":true,"href":"https:\/\/www.uqac.ca\/uqactualites\/wp-json\/wp\/v2\/categories?post=28556"},{"taxonomy":"post_tag","embeddable":true,"href":"https:\/\/www.uqac.ca\/uqactualites\/wp-json\/wp\/v2\/tags?post=28556"}],"curies":[{"name":"wp","href":"https:\/\/api.w.org\/{rel}","templated":true}]}}