{"id":28636,"date":"2014-11-04T08:37:58","date_gmt":"2014-11-04T13:37:58","guid":{"rendered":"http:\/\/uqactualite.odev.ca\/?p=28636"},"modified":"2014-11-04T08:37:58","modified_gmt":"2014-11-04T13:37:58","slug":"dwelling-in-the-forest-of-arden-un-nouveau-livre-de-mustapha-fahmi","status":"publish","type":"post","link":"https:\/\/www.uqac.ca\/uqactualites\/2014\/11\/04\/dwelling-in-the-forest-of-arden-un-nouveau-livre-de-mustapha-fahmi\/","title":{"rendered":"Dwelling in the Forest of Arden : Un nouveau livre de Mustapha Fahmi"},"content":{"rendered":"<p style=\"text-align: justify\">Mustapha Fahmi, vice-recteur \u00e0 l&rsquo;enseignement, \u00e0 la recherche et \u00e0 la cr\u00e9ation de l\u2019UQAC, vient de publier aux \u00e9ditions Two Continents Publishing un livre intitul\u00e9 <em>Dwelling in the Forest of Arden<\/em>. Prenant comme point de d\u00e9part une com\u00e9die de Shakespeare (<em>As You Like It<\/em>), le professeur Fahmi propose une nouvelle lecture de la relation entre l&rsquo;Homme et son environnement naturel, une lecture qui s&rsquo;inspire de la philosophie \u00e9cologique de Martin Heidegger, surtout de la notion d&rsquo;<em>habitation<\/em> que le philosophe allemand a d\u00e9velopp\u00e9e dans ses derniers \u00e9crits pour contrer l&rsquo;anthropocentrisme de la pens\u00e9e post-Lumi\u00e8res.<\/p>\n<p style=\"text-align: justify\"><strong><br \/>\nSources\u00a0:<\/strong><\/p>\n<p style=\"text-align: justify\">Mustapha Fahmi, Ph. D.<br \/>\nVice-recteur \u00e0 l&rsquo;enseignement, \u00e0 la recherche et \u00e0 la cr\u00e9ation<br \/>\nUniversit\u00e9 du Qu\u00e9bec \u00e0 Chicoutimi<br \/>\n418 545-5011, poste\u00a05360\u00a0 \u25aa\u00a0 <a href=\"mailto:mustapha_fahmi@uqac.ca\"><span style=\"text-decoration: underline\">mustapha_fahmi@uqac.ca<\/span><\/a><\/p>\n<p style=\"text-align: justify\">Bureau des affaires publiques<br \/>\nUniversit\u00e9 du Qu\u00e9bec \u00e0 Chicoutimi<br \/>\n418\u00a0545-5011, poste\u00a02350\u00a0 \u25aa\u00a0 <a href=\"mailto:affaires_publiques@uqac.ca\">affaires_publiques@uqac.ca<\/a><\/p>\n","protected":false},"excerpt":{"rendered":"<p>Mustapha Fahmi, vice-recteur \u00e0 l&rsquo;enseignement, \u00e0 la recherche et \u00e0 la cr\u00e9ation de l\u2019UQAC, vient de publier aux \u00e9ditions Two Continents Publishing un livre intitul\u00e9 Dwelling in the Forest of Arden. Prenant comme point de d\u00e9part une com\u00e9die de Shakespeare (As You Like It), le professeur Fahmi propose une nouvelle lecture de la relation entre [&hellip;]<\/p>\n","protected":false},"author":5,"featured_media":28637,"comment_status":"open","ping_status":"open","sticky":false,"template":"","format":"standard","meta":{"footnotes":""},"categories":[2,25],"tags":[127,80,129,835],"yoast_head":"<!-- This site is optimized with the Yoast SEO plugin v24.2 - https:\/\/yoast.com\/wordpress\/plugins\/seo\/ -->\r\n<title>Dwelling in the Forest of Arden : Un nouveau livre de Mustapha Fahmi - UQACtualit\u00e9s<\/title>\r\n<meta name=\"robots\" content=\"index, follow, max-snippet:-1, max-image-preview:large, max-video-preview:-1\" \/>\r\n<link rel=\"canonical\" href=\"https:\/\/www.uqac.ca\/uqactualites\/2014\/11\/04\/dwelling-in-the-forest-of-arden-un-nouveau-livre-de-mustapha-fahmi\/\" \/>\r\n<meta property=\"og:locale\" content=\"fr_CA\" \/>\r\n<meta property=\"og:type\" content=\"article\" \/>\r\n<meta property=\"og:title\" content=\"Dwelling in the Forest of Arden : Un nouveau livre de Mustapha Fahmi - UQACtualit\u00e9s\" \/>\r\n<meta property=\"og:description\" content=\"Mustapha Fahmi, vice-recteur \u00e0 l&rsquo;enseignement, \u00e0 la recherche et \u00e0 la cr\u00e9ation de l\u2019UQAC, vient de publier aux \u00e9ditions Two Continents Publishing un livre intitul\u00e9 Dwelling in the Forest of Arden. Prenant comme point de d\u00e9part une com\u00e9die de Shakespeare (As You Like It), le professeur Fahmi propose une nouvelle lecture de la relation entre [&hellip;]\" \/>\r\n<meta property=\"og:url\" content=\"https:\/\/www.uqac.ca\/uqactualites\/2014\/11\/04\/dwelling-in-the-forest-of-arden-un-nouveau-livre-de-mustapha-fahmi\/\" \/>\r\n<meta property=\"og:site_name\" content=\"UQACtualit\u00e9s\" \/>\r\n<meta property=\"article:published_time\" content=\"2014-11-04T13:37:58+00:00\" \/>\r\n<meta property=\"og:image\" content=\"https:\/\/www.uqac.ca\/uqactualites\/wp-content\/uploads\/2014\/11\/Couverture-Dwelling-Mustapha-Fahmi.jpg\" \/>\r\n\t<meta property=\"og:image:width\" content=\"620\" \/>\r\n\t<meta property=\"og:image:height\" content=\"300\" \/>\r\n\t<meta property=\"og:image:type\" content=\"image\/jpeg\" \/>\r\n<meta name=\"author\" content=\"Service des communications et des relations publiques\" \/>\r\n<meta name=\"twitter:card\" content=\"summary_large_image\" \/>\r\n<meta name=\"twitter:label1\" content=\"\u00c9crit par\" \/>\n\t<meta name=\"twitter:data1\" content=\"Service des communications et des relations publiques\" \/>\n\t<meta name=\"twitter:label2\" content=\"Estimation du temps de lecture\" \/>\n\t<meta name=\"twitter:data2\" content=\"1 minute\" \/>\r\n<script type=\"application\/ld+json\" class=\"yoast-schema-graph\">{\"@context\":\"https:\/\/schema.org\",\"@graph\":[{\"@type\":\"WebPage\",\"@id\":\"https:\/\/www.uqac.ca\/uqactualites\/2014\/11\/04\/dwelling-in-the-forest-of-arden-un-nouveau-livre-de-mustapha-fahmi\/\",\"url\":\"https:\/\/www.uqac.ca\/uqactualites\/2014\/11\/04\/dwelling-in-the-forest-of-arden-un-nouveau-livre-de-mustapha-fahmi\/\",\"name\":\"Dwelling in the Forest of Arden : Un nouveau livre de Mustapha Fahmi - UQACtualit\u00e9s\",\"isPartOf\":{\"@id\":\"https:\/\/www.uqac.ca\/uqactualites\/#website\"},\"primaryImageOfPage\":{\"@id\":\"https:\/\/www.uqac.ca\/uqactualites\/2014\/11\/04\/dwelling-in-the-forest-of-arden-un-nouveau-livre-de-mustapha-fahmi\/#primaryimage\"},\"image\":{\"@id\":\"https:\/\/www.uqac.ca\/uqactualites\/2014\/11\/04\/dwelling-in-the-forest-of-arden-un-nouveau-livre-de-mustapha-fahmi\/#primaryimage\"},\"thumbnailUrl\":\"https:\/\/www.uqac.ca\/uqactualites\/wp-content\/uploads\/2014\/11\/Couverture-Dwelling-Mustapha-Fahmi.jpg\",\"datePublished\":\"2014-11-04T13:37:58+00:00\",\"dateModified\":\"2014-11-04T13:37:58+00:00\",\"author\":{\"@id\":\"https:\/\/www.uqac.ca\/uqactualites\/#\/schema\/person\/366c45a0c4f0e677b41b4af5886e2018\"},\"breadcrumb\":{\"@id\":\"https:\/\/www.uqac.ca\/uqactualites\/2014\/11\/04\/dwelling-in-the-forest-of-arden-un-nouveau-livre-de-mustapha-fahmi\/#breadcrumb\"},\"inLanguage\":\"fr-CA\",\"potentialAction\":[{\"@type\":\"ReadAction\",\"target\":[\"https:\/\/www.uqac.ca\/uqactualites\/2014\/11\/04\/dwelling-in-the-forest-of-arden-un-nouveau-livre-de-mustapha-fahmi\/\"]}]},{\"@type\":\"ImageObject\",\"inLanguage\":\"fr-CA\",\"@id\":\"https:\/\/www.uqac.ca\/uqactualites\/2014\/11\/04\/dwelling-in-the-forest-of-arden-un-nouveau-livre-de-mustapha-fahmi\/#primaryimage\",\"url\":\"https:\/\/www.uqac.ca\/uqactualites\/wp-content\/uploads\/2014\/11\/Couverture-Dwelling-Mustapha-Fahmi.jpg\",\"contentUrl\":\"https:\/\/www.uqac.ca\/uqactualites\/wp-content\/uploads\/2014\/11\/Couverture-Dwelling-Mustapha-Fahmi.jpg\",\"width\":620,\"height\":300},{\"@type\":\"BreadcrumbList\",\"@id\":\"https:\/\/www.uqac.ca\/uqactualites\/2014\/11\/04\/dwelling-in-the-forest-of-arden-un-nouveau-livre-de-mustapha-fahmi\/#breadcrumb\",\"itemListElement\":[{\"@type\":\"ListItem\",\"position\":1,\"name\":\"Home\",\"item\":\"https:\/\/www.uqac.ca\/uqactualites\/\"},{\"@type\":\"ListItem\",\"position\":2,\"name\":\"Dwelling in the Forest of Arden : Un nouveau livre de Mustapha Fahmi\"}]},{\"@type\":\"WebSite\",\"@id\":\"https:\/\/www.uqac.ca\/uqactualites\/#website\",\"url\":\"https:\/\/www.uqac.ca\/uqactualites\/\",\"name\":\"UQACtualit\u00e9s\",\"description\":\"Le portail des nouvelles de l&#039;UQAC\",\"potentialAction\":[{\"@type\":\"SearchAction\",\"target\":{\"@type\":\"EntryPoint\",\"urlTemplate\":\"https:\/\/www.uqac.ca\/uqactualites\/?s={search_term_string}\"},\"query-input\":{\"@type\":\"PropertyValueSpecification\",\"valueRequired\":true,\"valueName\":\"search_term_string\"}}],\"inLanguage\":\"fr-CA\"},{\"@type\":\"Person\",\"@id\":\"https:\/\/www.uqac.ca\/uqactualites\/#\/schema\/person\/366c45a0c4f0e677b41b4af5886e2018\",\"name\":\"Service des communications et des relations publiques\",\"image\":{\"@type\":\"ImageObject\",\"inLanguage\":\"fr-CA\",\"@id\":\"https:\/\/www.uqac.ca\/uqactualites\/#\/schema\/person\/image\/\",\"url\":\"https:\/\/secure.gravatar.com\/avatar\/20fbbda8a292f59f2d3461a5b999c00b?s=96&d=mm&r=g\",\"contentUrl\":\"https:\/\/secure.gravatar.com\/avatar\/20fbbda8a292f59f2d3461a5b999c00b?s=96&d=mm&r=g\",\"caption\":\"Service des communications et des relations publiques\"},\"url\":\"https:\/\/www.uqac.ca\/uqactualites\/author\/bap\/\"}]}<\/script>\r\n<!-- \/ Yoast SEO plugin. -->","yoast_head_json":{"title":"Dwelling in the Forest of Arden : Un nouveau livre de Mustapha Fahmi - UQACtualit\u00e9s","robots":{"index":"index","follow":"follow","max-snippet":"max-snippet:-1","max-image-preview":"max-image-preview:large","max-video-preview":"max-video-preview:-1"},"canonical":"https:\/\/www.uqac.ca\/uqactualites\/2014\/11\/04\/dwelling-in-the-forest-of-arden-un-nouveau-livre-de-mustapha-fahmi\/","og_locale":"fr_CA","og_type":"article","og_title":"Dwelling in the Forest of Arden : Un nouveau livre de Mustapha Fahmi - UQACtualit\u00e9s","og_description":"Mustapha Fahmi, vice-recteur \u00e0 l&rsquo;enseignement, \u00e0 la recherche et \u00e0 la cr\u00e9ation de l\u2019UQAC, vient de publier aux \u00e9ditions Two Continents Publishing un livre intitul\u00e9 Dwelling in the Forest of Arden. Prenant comme point de d\u00e9part une com\u00e9die de Shakespeare (As You Like It), le professeur Fahmi propose une nouvelle lecture de la relation entre [&hellip;]","og_url":"https:\/\/www.uqac.ca\/uqactualites\/2014\/11\/04\/dwelling-in-the-forest-of-arden-un-nouveau-livre-de-mustapha-fahmi\/","og_site_name":"UQACtualit\u00e9s","article_published_time":"2014-11-04T13:37:58+00:00","og_image":[{"width":620,"height":300,"url":"https:\/\/www.uqac.ca\/uqactualites\/wp-content\/uploads\/2014\/11\/Couverture-Dwelling-Mustapha-Fahmi.jpg","type":"image\/jpeg"}],"author":"Service des communications et des relations publiques","twitter_card":"summary_large_image","twitter_misc":{"\u00c9crit par":"Service des communications et des relations publiques","Estimation du temps de lecture":"1 minute"},"schema":{"@context":"https:\/\/schema.org","@graph":[{"@type":"WebPage","@id":"https:\/\/www.uqac.ca\/uqactualites\/2014\/11\/04\/dwelling-in-the-forest-of-arden-un-nouveau-livre-de-mustapha-fahmi\/","url":"https:\/\/www.uqac.ca\/uqactualites\/2014\/11\/04\/dwelling-in-the-forest-of-arden-un-nouveau-livre-de-mustapha-fahmi\/","name":"Dwelling in the Forest of Arden : Un nouveau livre de Mustapha Fahmi - UQACtualit\u00e9s","isPartOf":{"@id":"https:\/\/www.uqac.ca\/uqactualites\/#website"},"primaryImageOfPage":{"@id":"https:\/\/www.uqac.ca\/uqactualites\/2014\/11\/04\/dwelling-in-the-forest-of-arden-un-nouveau-livre-de-mustapha-fahmi\/#primaryimage"},"image":{"@id":"https:\/\/www.uqac.ca\/uqactualites\/2014\/11\/04\/dwelling-in-the-forest-of-arden-un-nouveau-livre-de-mustapha-fahmi\/#primaryimage"},"thumbnailUrl":"https:\/\/www.uqac.ca\/uqactualites\/wp-content\/uploads\/2014\/11\/Couverture-Dwelling-Mustapha-Fahmi.jpg","datePublished":"2014-11-04T13:37:58+00:00","dateModified":"2014-11-04T13:37:58+00:00","author":{"@id":"https:\/\/www.uqac.ca\/uqactualites\/#\/schema\/person\/366c45a0c4f0e677b41b4af5886e2018"},"breadcrumb":{"@id":"https:\/\/www.uqac.ca\/uqactualites\/2014\/11\/04\/dwelling-in-the-forest-of-arden-un-nouveau-livre-de-mustapha-fahmi\/#breadcrumb"},"inLanguage":"fr-CA","potentialAction":[{"@type":"ReadAction","target":["https:\/\/www.uqac.ca\/uqactualites\/2014\/11\/04\/dwelling-in-the-forest-of-arden-un-nouveau-livre-de-mustapha-fahmi\/"]}]},{"@type":"ImageObject","inLanguage":"fr-CA","@id":"https:\/\/www.uqac.ca\/uqactualites\/2014\/11\/04\/dwelling-in-the-forest-of-arden-un-nouveau-livre-de-mustapha-fahmi\/#primaryimage","url":"https:\/\/www.uqac.ca\/uqactualites\/wp-content\/uploads\/2014\/11\/Couverture-Dwelling-Mustapha-Fahmi.jpg","contentUrl":"https:\/\/www.uqac.ca\/uqactualites\/wp-content\/uploads\/2014\/11\/Couverture-Dwelling-Mustapha-Fahmi.jpg","width":620,"height":300},{"@type":"BreadcrumbList","@id":"https:\/\/www.uqac.ca\/uqactualites\/2014\/11\/04\/dwelling-in-the-forest-of-arden-un-nouveau-livre-de-mustapha-fahmi\/#breadcrumb","itemListElement":[{"@type":"ListItem","position":1,"name":"Home","item":"https:\/\/www.uqac.ca\/uqactualites\/"},{"@type":"ListItem","position":2,"name":"Dwelling in the Forest of Arden : Un nouveau livre de Mustapha Fahmi"}]},{"@type":"WebSite","@id":"https:\/\/www.uqac.ca\/uqactualites\/#website","url":"https:\/\/www.uqac.ca\/uqactualites\/","name":"UQACtualit\u00e9s","description":"Le portail des nouvelles de l&#039;UQAC","potentialAction":[{"@type":"SearchAction","target":{"@type":"EntryPoint","urlTemplate":"https:\/\/www.uqac.ca\/uqactualites\/?s={search_term_string}"},"query-input":{"@type":"PropertyValueSpecification","valueRequired":true,"valueName":"search_term_string"}}],"inLanguage":"fr-CA"},{"@type":"Person","@id":"https:\/\/www.uqac.ca\/uqactualites\/#\/schema\/person\/366c45a0c4f0e677b41b4af5886e2018","name":"Service des communications et des relations publiques","image":{"@type":"ImageObject","inLanguage":"fr-CA","@id":"https:\/\/www.uqac.ca\/uqactualites\/#\/schema\/person\/image\/","url":"https:\/\/secure.gravatar.com\/avatar\/20fbbda8a292f59f2d3461a5b999c00b?s=96&d=mm&r=g","contentUrl":"https:\/\/secure.gravatar.com\/avatar\/20fbbda8a292f59f2d3461a5b999c00b?s=96&d=mm&r=g","caption":"Service des communications et des relations publiques"},"url":"https:\/\/www.uqac.ca\/uqactualites\/author\/bap\/"}]}},"_links":{"self":[{"href":"https:\/\/www.uqac.ca\/uqactualites\/wp-json\/wp\/v2\/posts\/28636"}],"collection":[{"href":"https:\/\/www.uqac.ca\/uqactualites\/wp-json\/wp\/v2\/posts"}],"about":[{"href":"https:\/\/www.uqac.ca\/uqactualites\/wp-json\/wp\/v2\/types\/post"}],"author":[{"embeddable":true,"href":"https:\/\/www.uqac.ca\/uqactualites\/wp-json\/wp\/v2\/users\/5"}],"replies":[{"embeddable":true,"href":"https:\/\/www.uqac.ca\/uqactualites\/wp-json\/wp\/v2\/comments?post=28636"}],"version-history":[{"count":0,"href":"https:\/\/www.uqac.ca\/uqactualites\/wp-json\/wp\/v2\/posts\/28636\/revisions"}],"wp:featuredmedia":[{"embeddable":true,"href":"https:\/\/www.uqac.ca\/uqactualites\/wp-json\/wp\/v2\/media\/28637"}],"wp:attachment":[{"href":"https:\/\/www.uqac.ca\/uqactualites\/wp-json\/wp\/v2\/media?parent=28636"}],"wp:term":[{"taxonomy":"category","embeddable":true,"href":"https:\/\/www.uqac.ca\/uqactualites\/wp-json\/wp\/v2\/categories?post=28636"},{"taxonomy":"post_tag","embeddable":true,"href":"https:\/\/www.uqac.ca\/uqactualites\/wp-json\/wp\/v2\/tags?post=28636"}],"curies":[{"name":"wp","href":"https:\/\/api.w.org\/{rel}","templated":true}]}}