{"id":28817,"date":"2014-11-20T15:52:46","date_gmt":"2014-11-20T20:52:46","guid":{"rendered":"http:\/\/uqactualite.odev.ca\/?p=28817"},"modified":"2014-11-20T15:52:46","modified_gmt":"2014-11-20T20:52:46","slug":"succes-pour-la-journee-portes-ouvertes-a-luqac","status":"publish","type":"post","link":"https:\/\/www.uqac.ca\/uqactualites\/2014\/11\/20\/succes-pour-la-journee-portes-ouvertes-a-luqac\/","title":{"rendered":"Succ\u00e8s pour la journ\u00e9e Portes ouvertes \u00e0 l\u2019UQAC"},"content":{"rendered":"<p style=\"text-align: justify\">Le samedi 15 novembre dernier, l\u2019UQAC a accueilli plus de 200 \u00e9tudiants, principalement de niveau coll\u00e9gial, lors de la journ\u00e9e Portes ouvertes annuelle. Mise sur pied par l\u2019\u00e9quipe du recrutement et de la promotion des programmes des Services aux \u00e9tudiants, cette activit\u00e9 \u00e9tait l\u2019occasion pour les participants de recueillir les informations n\u00e9cessaires \u00e0 la poursuite de leur projet d\u2019\u00e9tudes universitaires.<\/p>\n<p style=\"text-align: justify\">En effet, ils ont pu d\u00e9couvrir les programmes d\u2019\u00e9tudes en plus de rencontrer des professeurs et des \u00e9tudiants en cours de formation. Diff\u00e9rents ateliers \u00e9taient propos\u00e9s, pendant lesquels il \u00e9tait possible de s\u2019informer sur les conditions d\u2019admission et l\u2019ensemble des services offerts aux \u00e9tudiants. Des visites du campus \u00e9taient \u00e9galement organis\u00e9es.<\/p>\n<p style=\"text-align: justify\">Le contact privil\u00e9gi\u00e9 cr\u00e9\u00e9 avec les futurs \u00e9tudiants lors d\u2019une telle journ\u00e9e a contribu\u00e9 \u00e0 faire de cette activit\u00e9 une r\u00e9ussite.<\/p>\n<p style=\"text-align: justify\"><strong><br \/>\nSources\u00a0:<\/strong><\/p>\n<p style=\"text-align: justify\">Marie-France Audet, technicienne en information au recrutement et \u00e0 la promotion des programmes<br \/>\nServices aux \u00e9tudiants<br \/>\nUniversit\u00e9 du Qu\u00e9bec \u00e0 Chicoutimi<br \/>\n418 545-5011, poste\u00a02065\u00a0 \u25aa\u00a0 <span style=\"text-decoration: underline\"><a href=\"mailto:marie-france_audet@uqac.ca\">marie-france_audet@uqac.ca<\/a><\/span><\/p>\n<p style=\"text-align: justify\">Bureau des affaires publiques<br \/>\nUniversit\u00e9 du Qu\u00e9bec \u00e0 Chicoutimi<br \/>\n418\u00a0545-5011, poste\u00a02350\u00a0 \u25aa\u00a0 <span style=\"text-decoration: underline\"><a href=\"mailto:affaires_publiques@uqac.ca\">affaires_publiques@uqac.ca<\/a><\/span><\/p>\n<p style=\"text-align: justify\"><span style=\"color: #808080\"><strong><br \/>\n<\/strong><strong>_______________________________________________________________________________________<\/strong><\/span><\/p>\n<p style=\"text-align: justify\"><span style=\"color: #808080\"><strong>Photo\u00a0:<\/strong>Caroline Gagnon, charg\u00e9e de gestion au recrutement et \u00e0 la promotion des programmes pour les Services aux \u00e9tudiants, Alexandra Mansion, \u00e9tudiante au C\u00e9gep de la Gasp\u00e9sie et des \u00celes et gagnante de la bourse couvrant les droits de scolarit\u00e9 pour une premi\u00e8re ann\u00e9e d\u2019\u00e9tudes \u00e0 l\u2019UQAC, et Gina Gagnon, directrice des Services aux \u00e9tudiants<\/span><\/p>\n<p style=\"text-align: justify\"><span style=\"color: #808080\"><strong>\u00a9 Services aux \u00e9tudiants<br \/>\n<\/strong><b>_______________________________________________________________________________________<\/b><\/span><\/p>\n","protected":false},"excerpt":{"rendered":"<p>Le samedi 15 novembre dernier, l\u2019UQAC a accueilli plus de 200 \u00e9tudiants, principalement de niveau coll\u00e9gial, lors de la journ\u00e9e Portes ouvertes annuelle. Mise sur pied par l\u2019\u00e9quipe du recrutement et de la promotion des programmes des Services aux \u00e9tudiants, cette activit\u00e9 \u00e9tait l\u2019occasion pour les participants de recueillir les informations n\u00e9cessaires \u00e0 la poursuite [&hellip;]<\/p>\n","protected":false},"author":5,"featured_media":28818,"comment_status":"open","ping_status":"open","sticky":false,"template":"","format":"standard","meta":{"footnotes":""},"categories":[2,61],"tags":[1348,1597,1598,59,958],"yoast_head":"<!-- This site is optimized with the Yoast SEO plugin v24.2 - https:\/\/yoast.com\/wordpress\/plugins\/seo\/ -->\r\n<title>Succ\u00e8s pour la journ\u00e9e Portes ouvertes \u00e0 l\u2019UQAC - UQACtualit\u00e9s<\/title>\r\n<meta name=\"robots\" content=\"index, follow, max-snippet:-1, max-image-preview:large, max-video-preview:-1\" \/>\r\n<link rel=\"canonical\" href=\"https:\/\/www.uqac.ca\/uqactualites\/2014\/11\/20\/succes-pour-la-journee-portes-ouvertes-a-luqac\/\" \/>\r\n<meta property=\"og:locale\" content=\"fr_CA\" \/>\r\n<meta property=\"og:type\" content=\"article\" \/>\r\n<meta property=\"og:title\" content=\"Succ\u00e8s pour la journ\u00e9e Portes ouvertes \u00e0 l\u2019UQAC - UQACtualit\u00e9s\" \/>\r\n<meta property=\"og:description\" content=\"Le samedi 15 novembre dernier, l\u2019UQAC a accueilli plus de 200 \u00e9tudiants, principalement de niveau coll\u00e9gial, lors de la journ\u00e9e Portes ouvertes annuelle. Mise sur pied par l\u2019\u00e9quipe du recrutement et de la promotion des programmes des Services aux \u00e9tudiants, cette activit\u00e9 \u00e9tait l\u2019occasion pour les participants de recueillir les informations n\u00e9cessaires \u00e0 la poursuite [&hellip;]\" \/>\r\n<meta property=\"og:url\" content=\"https:\/\/www.uqac.ca\/uqactualites\/2014\/11\/20\/succes-pour-la-journee-portes-ouvertes-a-luqac\/\" \/>\r\n<meta property=\"og:site_name\" content=\"UQACtualit\u00e9s\" \/>\r\n<meta property=\"article:published_time\" content=\"2014-11-20T20:52:46+00:00\" \/>\r\n<meta property=\"og:image\" content=\"https:\/\/www.uqac.ca\/uqactualites\/wp-content\/uploads\/2014\/11\/Journ\u00e9e-Portes-ouvertes-2014-Web-\u00a9Services-aux-\u00e9tudiants.jpg\" \/>\r\n\t<meta property=\"og:image:width\" content=\"620\" \/>\r\n\t<meta property=\"og:image:height\" content=\"300\" \/>\r\n\t<meta property=\"og:image:type\" content=\"image\/jpeg\" \/>\r\n<meta name=\"author\" content=\"Service des communications et des relations publiques\" \/>\r\n<meta name=\"twitter:card\" content=\"summary_large_image\" \/>\r\n<meta name=\"twitter:label1\" content=\"\u00c9crit par\" \/>\n\t<meta name=\"twitter:data1\" content=\"Service des communications et des relations publiques\" \/>\n\t<meta name=\"twitter:label2\" content=\"Estimation du temps de lecture\" \/>\n\t<meta name=\"twitter:data2\" content=\"1 minute\" \/>\r\n<script type=\"application\/ld+json\" class=\"yoast-schema-graph\">{\"@context\":\"https:\/\/schema.org\",\"@graph\":[{\"@type\":\"WebPage\",\"@id\":\"https:\/\/www.uqac.ca\/uqactualites\/2014\/11\/20\/succes-pour-la-journee-portes-ouvertes-a-luqac\/\",\"url\":\"https:\/\/www.uqac.ca\/uqactualites\/2014\/11\/20\/succes-pour-la-journee-portes-ouvertes-a-luqac\/\",\"name\":\"Succ\u00e8s pour la journ\u00e9e Portes ouvertes \u00e0 l\u2019UQAC - UQACtualit\u00e9s\",\"isPartOf\":{\"@id\":\"https:\/\/www.uqac.ca\/uqactualites\/#website\"},\"primaryImageOfPage\":{\"@id\":\"https:\/\/www.uqac.ca\/uqactualites\/2014\/11\/20\/succes-pour-la-journee-portes-ouvertes-a-luqac\/#primaryimage\"},\"image\":{\"@id\":\"https:\/\/www.uqac.ca\/uqactualites\/2014\/11\/20\/succes-pour-la-journee-portes-ouvertes-a-luqac\/#primaryimage\"},\"thumbnailUrl\":\"https:\/\/www.uqac.ca\/uqactualites\/wp-content\/uploads\/2014\/11\/Journ\u00e9e-Portes-ouvertes-2014-Web-\u00a9Services-aux-\u00e9tudiants.jpg\",\"datePublished\":\"2014-11-20T20:52:46+00:00\",\"dateModified\":\"2014-11-20T20:52:46+00:00\",\"author\":{\"@id\":\"https:\/\/www.uqac.ca\/uqactualites\/#\/schema\/person\/366c45a0c4f0e677b41b4af5886e2018\"},\"breadcrumb\":{\"@id\":\"https:\/\/www.uqac.ca\/uqactualites\/2014\/11\/20\/succes-pour-la-journee-portes-ouvertes-a-luqac\/#breadcrumb\"},\"inLanguage\":\"fr-CA\",\"potentialAction\":[{\"@type\":\"ReadAction\",\"target\":[\"https:\/\/www.uqac.ca\/uqactualites\/2014\/11\/20\/succes-pour-la-journee-portes-ouvertes-a-luqac\/\"]}]},{\"@type\":\"ImageObject\",\"inLanguage\":\"fr-CA\",\"@id\":\"https:\/\/www.uqac.ca\/uqactualites\/2014\/11\/20\/succes-pour-la-journee-portes-ouvertes-a-luqac\/#primaryimage\",\"url\":\"https:\/\/www.uqac.ca\/uqactualites\/wp-content\/uploads\/2014\/11\/Journ\u00e9e-Portes-ouvertes-2014-Web-\u00a9Services-aux-\u00e9tudiants.jpg\",\"contentUrl\":\"https:\/\/www.uqac.ca\/uqactualites\/wp-content\/uploads\/2014\/11\/Journ\u00e9e-Portes-ouvertes-2014-Web-\u00a9Services-aux-\u00e9tudiants.jpg\",\"width\":620,\"height\":300},{\"@type\":\"BreadcrumbList\",\"@id\":\"https:\/\/www.uqac.ca\/uqactualites\/2014\/11\/20\/succes-pour-la-journee-portes-ouvertes-a-luqac\/#breadcrumb\",\"itemListElement\":[{\"@type\":\"ListItem\",\"position\":1,\"name\":\"Home\",\"item\":\"https:\/\/www.uqac.ca\/uqactualites\/\"},{\"@type\":\"ListItem\",\"position\":2,\"name\":\"Succ\u00e8s pour la journ\u00e9e Portes ouvertes \u00e0 l\u2019UQAC\"}]},{\"@type\":\"WebSite\",\"@id\":\"https:\/\/www.uqac.ca\/uqactualites\/#website\",\"url\":\"https:\/\/www.uqac.ca\/uqactualites\/\",\"name\":\"UQACtualit\u00e9s\",\"description\":\"Le portail des nouvelles de l&#039;UQAC\",\"potentialAction\":[{\"@type\":\"SearchAction\",\"target\":{\"@type\":\"EntryPoint\",\"urlTemplate\":\"https:\/\/www.uqac.ca\/uqactualites\/?s={search_term_string}\"},\"query-input\":{\"@type\":\"PropertyValueSpecification\",\"valueRequired\":true,\"valueName\":\"search_term_string\"}}],\"inLanguage\":\"fr-CA\"},{\"@type\":\"Person\",\"@id\":\"https:\/\/www.uqac.ca\/uqactualites\/#\/schema\/person\/366c45a0c4f0e677b41b4af5886e2018\",\"name\":\"Service des communications et des relations publiques\",\"image\":{\"@type\":\"ImageObject\",\"inLanguage\":\"fr-CA\",\"@id\":\"https:\/\/www.uqac.ca\/uqactualites\/#\/schema\/person\/image\/\",\"url\":\"https:\/\/secure.gravatar.com\/avatar\/20fbbda8a292f59f2d3461a5b999c00b?s=96&d=mm&r=g\",\"contentUrl\":\"https:\/\/secure.gravatar.com\/avatar\/20fbbda8a292f59f2d3461a5b999c00b?s=96&d=mm&r=g\",\"caption\":\"Service des communications et des relations publiques\"},\"url\":\"https:\/\/www.uqac.ca\/uqactualites\/author\/bap\/\"}]}<\/script>\r\n<!-- \/ Yoast SEO plugin. -->","yoast_head_json":{"title":"Succ\u00e8s pour la journ\u00e9e Portes ouvertes \u00e0 l\u2019UQAC - UQACtualit\u00e9s","robots":{"index":"index","follow":"follow","max-snippet":"max-snippet:-1","max-image-preview":"max-image-preview:large","max-video-preview":"max-video-preview:-1"},"canonical":"https:\/\/www.uqac.ca\/uqactualites\/2014\/11\/20\/succes-pour-la-journee-portes-ouvertes-a-luqac\/","og_locale":"fr_CA","og_type":"article","og_title":"Succ\u00e8s pour la journ\u00e9e Portes ouvertes \u00e0 l\u2019UQAC - UQACtualit\u00e9s","og_description":"Le samedi 15 novembre dernier, l\u2019UQAC a accueilli plus de 200 \u00e9tudiants, principalement de niveau coll\u00e9gial, lors de la journ\u00e9e Portes ouvertes annuelle. Mise sur pied par l\u2019\u00e9quipe du recrutement et de la promotion des programmes des Services aux \u00e9tudiants, cette activit\u00e9 \u00e9tait l\u2019occasion pour les participants de recueillir les informations n\u00e9cessaires \u00e0 la poursuite [&hellip;]","og_url":"https:\/\/www.uqac.ca\/uqactualites\/2014\/11\/20\/succes-pour-la-journee-portes-ouvertes-a-luqac\/","og_site_name":"UQACtualit\u00e9s","article_published_time":"2014-11-20T20:52:46+00:00","og_image":[{"width":620,"height":300,"url":"https:\/\/www.uqac.ca\/uqactualites\/wp-content\/uploads\/2014\/11\/Journ\u00e9e-Portes-ouvertes-2014-Web-\u00a9Services-aux-\u00e9tudiants.jpg","type":"image\/jpeg"}],"author":"Service des communications et des relations publiques","twitter_card":"summary_large_image","twitter_misc":{"\u00c9crit par":"Service des communications et des relations publiques","Estimation du temps de lecture":"1 minute"},"schema":{"@context":"https:\/\/schema.org","@graph":[{"@type":"WebPage","@id":"https:\/\/www.uqac.ca\/uqactualites\/2014\/11\/20\/succes-pour-la-journee-portes-ouvertes-a-luqac\/","url":"https:\/\/www.uqac.ca\/uqactualites\/2014\/11\/20\/succes-pour-la-journee-portes-ouvertes-a-luqac\/","name":"Succ\u00e8s pour la journ\u00e9e Portes ouvertes \u00e0 l\u2019UQAC - UQACtualit\u00e9s","isPartOf":{"@id":"https:\/\/www.uqac.ca\/uqactualites\/#website"},"primaryImageOfPage":{"@id":"https:\/\/www.uqac.ca\/uqactualites\/2014\/11\/20\/succes-pour-la-journee-portes-ouvertes-a-luqac\/#primaryimage"},"image":{"@id":"https:\/\/www.uqac.ca\/uqactualites\/2014\/11\/20\/succes-pour-la-journee-portes-ouvertes-a-luqac\/#primaryimage"},"thumbnailUrl":"https:\/\/www.uqac.ca\/uqactualites\/wp-content\/uploads\/2014\/11\/Journ\u00e9e-Portes-ouvertes-2014-Web-\u00a9Services-aux-\u00e9tudiants.jpg","datePublished":"2014-11-20T20:52:46+00:00","dateModified":"2014-11-20T20:52:46+00:00","author":{"@id":"https:\/\/www.uqac.ca\/uqactualites\/#\/schema\/person\/366c45a0c4f0e677b41b4af5886e2018"},"breadcrumb":{"@id":"https:\/\/www.uqac.ca\/uqactualites\/2014\/11\/20\/succes-pour-la-journee-portes-ouvertes-a-luqac\/#breadcrumb"},"inLanguage":"fr-CA","potentialAction":[{"@type":"ReadAction","target":["https:\/\/www.uqac.ca\/uqactualites\/2014\/11\/20\/succes-pour-la-journee-portes-ouvertes-a-luqac\/"]}]},{"@type":"ImageObject","inLanguage":"fr-CA","@id":"https:\/\/www.uqac.ca\/uqactualites\/2014\/11\/20\/succes-pour-la-journee-portes-ouvertes-a-luqac\/#primaryimage","url":"https:\/\/www.uqac.ca\/uqactualites\/wp-content\/uploads\/2014\/11\/Journ\u00e9e-Portes-ouvertes-2014-Web-\u00a9Services-aux-\u00e9tudiants.jpg","contentUrl":"https:\/\/www.uqac.ca\/uqactualites\/wp-content\/uploads\/2014\/11\/Journ\u00e9e-Portes-ouvertes-2014-Web-\u00a9Services-aux-\u00e9tudiants.jpg","width":620,"height":300},{"@type":"BreadcrumbList","@id":"https:\/\/www.uqac.ca\/uqactualites\/2014\/11\/20\/succes-pour-la-journee-portes-ouvertes-a-luqac\/#breadcrumb","itemListElement":[{"@type":"ListItem","position":1,"name":"Home","item":"https:\/\/www.uqac.ca\/uqactualites\/"},{"@type":"ListItem","position":2,"name":"Succ\u00e8s pour la journ\u00e9e Portes ouvertes \u00e0 l\u2019UQAC"}]},{"@type":"WebSite","@id":"https:\/\/www.uqac.ca\/uqactualites\/#website","url":"https:\/\/www.uqac.ca\/uqactualites\/","name":"UQACtualit\u00e9s","description":"Le portail des nouvelles de l&#039;UQAC","potentialAction":[{"@type":"SearchAction","target":{"@type":"EntryPoint","urlTemplate":"https:\/\/www.uqac.ca\/uqactualites\/?s={search_term_string}"},"query-input":{"@type":"PropertyValueSpecification","valueRequired":true,"valueName":"search_term_string"}}],"inLanguage":"fr-CA"},{"@type":"Person","@id":"https:\/\/www.uqac.ca\/uqactualites\/#\/schema\/person\/366c45a0c4f0e677b41b4af5886e2018","name":"Service des communications et des relations publiques","image":{"@type":"ImageObject","inLanguage":"fr-CA","@id":"https:\/\/www.uqac.ca\/uqactualites\/#\/schema\/person\/image\/","url":"https:\/\/secure.gravatar.com\/avatar\/20fbbda8a292f59f2d3461a5b999c00b?s=96&d=mm&r=g","contentUrl":"https:\/\/secure.gravatar.com\/avatar\/20fbbda8a292f59f2d3461a5b999c00b?s=96&d=mm&r=g","caption":"Service des communications et des relations publiques"},"url":"https:\/\/www.uqac.ca\/uqactualites\/author\/bap\/"}]}},"_links":{"self":[{"href":"https:\/\/www.uqac.ca\/uqactualites\/wp-json\/wp\/v2\/posts\/28817"}],"collection":[{"href":"https:\/\/www.uqac.ca\/uqactualites\/wp-json\/wp\/v2\/posts"}],"about":[{"href":"https:\/\/www.uqac.ca\/uqactualites\/wp-json\/wp\/v2\/types\/post"}],"author":[{"embeddable":true,"href":"https:\/\/www.uqac.ca\/uqactualites\/wp-json\/wp\/v2\/users\/5"}],"replies":[{"embeddable":true,"href":"https:\/\/www.uqac.ca\/uqactualites\/wp-json\/wp\/v2\/comments?post=28817"}],"version-history":[{"count":0,"href":"https:\/\/www.uqac.ca\/uqactualites\/wp-json\/wp\/v2\/posts\/28817\/revisions"}],"wp:featuredmedia":[{"embeddable":true,"href":"https:\/\/www.uqac.ca\/uqactualites\/wp-json\/wp\/v2\/media\/28818"}],"wp:attachment":[{"href":"https:\/\/www.uqac.ca\/uqactualites\/wp-json\/wp\/v2\/media?parent=28817"}],"wp:term":[{"taxonomy":"category","embeddable":true,"href":"https:\/\/www.uqac.ca\/uqactualites\/wp-json\/wp\/v2\/categories?post=28817"},{"taxonomy":"post_tag","embeddable":true,"href":"https:\/\/www.uqac.ca\/uqactualites\/wp-json\/wp\/v2\/tags?post=28817"}],"curies":[{"name":"wp","href":"https:\/\/api.w.org\/{rel}","templated":true}]}}