{"id":28845,"date":"2014-11-24T14:18:59","date_gmt":"2014-11-24T19:18:59","guid":{"rendered":"http:\/\/uqactualite.odev.ca\/?p=28845"},"modified":"2014-11-24T14:18:59","modified_gmt":"2014-11-24T19:18:59","slug":"visaj-visaj-lance-cartojeunes-une-plateforme-web-de-cartographie-interactive-sur-les-jeunes-quebecois","status":"publish","type":"post","link":"https:\/\/www.uqac.ca\/uqactualites\/2014\/11\/24\/visaj-visaj-lance-cartojeunes-une-plateforme-web-de-cartographie-interactive-sur-les-jeunes-quebecois\/","title":{"rendered":"[ VISAJ ] &#8211; VISAJ lance CartoJeunes : Une plateforme Web de cartographie interactive sur les jeunes qu\u00e9b\u00e9cois"},"content":{"rendered":"<p style=\"text-align: right\"><strong>COMMUNIQU\u00c9<\/strong><br \/>\n<strong>Diffusion : 24 novembre 2014, 11h30<\/strong><\/p>\n<p style=\"text-align: justify\">Saguenay \u2013 24 novembre 2014 \u2013 La chaire UQAC\u2012C\u00e9gep de Jonqui\u00e8re sur les conditions de vie, la sant\u00e9 et les aspirations des jeunes (VISAJ), lance officiellement sa plateforme de cartographie interactive CartoJeunes au C\u00e9gep de Jonqui\u00e8re. CartoJeunes a \u00e9t\u00e9 r\u00e9alis\u00e9 gr\u00e2ce au soutien financier de la Fondation Lucie et Andr\u00e9 Chagnon, pour un montant de 600 000 $ sur 2 ans, et du minist\u00e8re de l\u2019Enseignement sup\u00e9rieur, de la Recherche et de la Science, pour un montant de 332 250 $ sur trois ans.<\/p>\n<p style=\"text-align: justify\">Fid\u00e8le \u00e0 l\u2019approche territoriale qui caract\u00e9rise les travaux de VISAJ, CartoJeunes est un produit unique, con\u00e7u sp\u00e9cifiquement pour r\u00e9pondre aux besoins exprim\u00e9s par des intervenants de domaines vari\u00e9s oeuvrant \u00e0 la r\u00e9duction des in\u00e9galit\u00e9s en mati\u00e8re de sant\u00e9 et d\u2019\u00e9ducation des jeunes qu\u00e9b\u00e9cois. Gr\u00e2ce \u00e0 CartoJeunes, les acteurs des r\u00e9seaux de l\u2019\u00e9ducation et de la sant\u00e9, les Instances r\u00e9gionales de concertations en pers\u00e9v\u00e9rance et r\u00e9ussite scolaires (IRC), les d\u00e9cideurs des MRC et des municipalit\u00e9s, notamment, sont maintenant mieux outill\u00e9s pour r\u00e9aliser les portraits locaux et r\u00e9gionaux qui orientent leurs interventions.<\/p>\n<p style=\"text-align: justify\">Fruit de plusieurs ann\u00e9es de d\u00e9veloppement et v\u00e9ritable mine de donn\u00e9es, CartoJeunes rend disponibles une foule d\u2019indicateurs sur les jeunes, leurs parcours scolaires et leur milieu de vie, en permettant \u00e0 chaque utilisateur de cr\u00e9er ses propres cartes, diagrammes ou tableaux selon ses besoins pr\u00e9cis. \u00ab Nous souhaitons que cette plateforme soit re\u00e7ue et utilis\u00e9e comme un outil de diagnostic, de r\u00e9flexion, d\u2019aide \u00e0 la d\u00e9cision et de soutien \u00e0 l\u2019action et \u00e0 la mobilisation, afin de favoriser la pers\u00e9v\u00e9rance scolaire et le plein \u00e9panouissement des jeunes de toutes les r\u00e9gions du Qu\u00e9bec \u00bb, mentionne Michel Perron, titulaire de VISAJ.<\/p>\n<p style=\"text-align: justify\">\u00ab En plus d\u2019\u00eatre directement en lien avec la mission de notre Fondation, CartoJeunes est un outil des plus utiles et pertinents. Gr\u00e2ce \u00e0 la richesse de ses donn\u00e9es, les intervenants et les d\u00e9cideurs seront mieux inform\u00e9s pour mener des actions tenant compte des in\u00e9galit\u00e9s touchant la jeunesse \u00bb, souligne Claude Chagnon, pr\u00e9sident de la Fondation Lucie et Andr\u00e9 Chagnon.<\/p>\n<p style=\"text-align: justify\">Mise en place en ao\u00fbt 2008, la chaire VISAJ illustre concr\u00e8tement la volont\u00e9 de deux institutions, le C\u00e9gep de Jonqui\u00e8re et l\u2019Universit\u00e9 du Qu\u00e9bec \u00e0 Chicoutimi (UQAC), d\u2019unir leurs efforts pour soutenir le d\u00e9veloppement de nouvelles connaissances sur la jeunesse. Interdisciplinaire, la Chaire profite des richesses qu\u2019apportent le d\u00e9cloisonnement de la recherche et la multiplicit\u00e9 des regards. Majoritairement ax\u00e9e sur la recherche appliqu\u00e9e dans les domaines de la sociologie, de la g\u00e9ographie et des statistiques, la programmation scientifique de VISAJ est reconnue pour sa pertinence et sociale et scientifique.<\/p>\n<p style=\"text-align: justify\">Pour plus de renseignements sur CartoJeunes, rendez-vous au <span style=\"text-decoration: underline\"><a href=\"http:\/\/www.cartojeunes.ca\" target=\"_blank\" rel=\"noopener\">www.cartojeunes.ca<\/a><\/span>.<\/p>\n<p style=\"text-align: center\">&#8211; 30 &#8211;<\/p>\n<p style=\"text-align: justify\"><strong>Source :<\/strong><br \/>\n\u00c9l\u00e9onore Cot\u00e9, professionnelle de recherche \u00e0 VISAJ<br \/>\nCourriel : eleonore.cote@jonquiere.qc.ca<br \/>\nT\u00e9l. : 418 547-2191, poste 7028<\/p>\n","protected":false},"excerpt":{"rendered":"<p>COMMUNIQU\u00c9 Diffusion : 24 novembre 2014, 11h30 Saguenay \u2013 24 novembre 2014 \u2013 La chaire UQAC\u2012C\u00e9gep de Jonqui\u00e8re sur les conditions de vie, la sant\u00e9 et les aspirations des jeunes (VISAJ), lance officiellement sa plateforme de cartographie interactive CartoJeunes au C\u00e9gep de Jonqui\u00e8re. CartoJeunes a \u00e9t\u00e9 r\u00e9alis\u00e9 gr\u00e2ce au soutien financier de la Fondation Lucie [&hellip;]<\/p>\n","protected":false},"author":5,"featured_media":24871,"comment_status":"open","ping_status":"open","sticky":false,"template":"","format":"standard","meta":{"footnotes":""},"categories":[2772],"tags":[1739,338,1571,1740,569],"yoast_head":"<!-- This site is optimized with the Yoast SEO plugin v24.2 - https:\/\/yoast.com\/wordpress\/plugins\/seo\/ -->\r\n<title>[ VISAJ ] - VISAJ lance CartoJeunes : Une plateforme Web de cartographie interactive sur les jeunes qu\u00e9b\u00e9cois - UQACtualit\u00e9s<\/title>\r\n<meta name=\"robots\" content=\"index, follow, max-snippet:-1, max-image-preview:large, max-video-preview:-1\" \/>\r\n<link rel=\"canonical\" href=\"https:\/\/www.uqac.ca\/uqactualites\/2014\/11\/24\/visaj-visaj-lance-cartojeunes-une-plateforme-web-de-cartographie-interactive-sur-les-jeunes-quebecois\/\" \/>\r\n<meta property=\"og:locale\" content=\"fr_CA\" \/>\r\n<meta property=\"og:type\" content=\"article\" \/>\r\n<meta property=\"og:title\" content=\"[ VISAJ ] - VISAJ lance CartoJeunes : Une plateforme Web de cartographie interactive sur les jeunes qu\u00e9b\u00e9cois - UQACtualit\u00e9s\" \/>\r\n<meta property=\"og:description\" content=\"COMMUNIQU\u00c9 Diffusion : 24 novembre 2014, 11h30 Saguenay \u2013 24 novembre 2014 \u2013 La chaire UQAC\u2012C\u00e9gep de Jonqui\u00e8re sur les conditions de vie, la sant\u00e9 et les aspirations des jeunes (VISAJ), lance officiellement sa plateforme de cartographie interactive CartoJeunes au C\u00e9gep de Jonqui\u00e8re. CartoJeunes a \u00e9t\u00e9 r\u00e9alis\u00e9 gr\u00e2ce au soutien financier de la Fondation Lucie [&hellip;]\" \/>\r\n<meta property=\"og:url\" content=\"https:\/\/www.uqac.ca\/uqactualites\/2014\/11\/24\/visaj-visaj-lance-cartojeunes-une-plateforme-web-de-cartographie-interactive-sur-les-jeunes-quebecois\/\" \/>\r\n<meta property=\"og:site_name\" content=\"UQACtualit\u00e9s\" \/>\r\n<meta property=\"article:published_time\" content=\"2014-11-24T19:18:59+00:00\" \/>\r\n<meta property=\"og:image\" content=\"https:\/\/www.uqac.ca\/uqactualites\/wp-content\/uploads\/2013\/07\/GRAF-Uqactualit\u00e9s-\u00c913-03.jpg\" \/>\r\n\t<meta property=\"og:image:width\" content=\"620\" \/>\r\n\t<meta property=\"og:image:height\" content=\"301\" \/>\r\n\t<meta property=\"og:image:type\" content=\"image\/jpeg\" \/>\r\n<meta name=\"author\" content=\"Service des communications et des relations publiques\" \/>\r\n<meta name=\"twitter:card\" content=\"summary_large_image\" \/>\r\n<meta name=\"twitter:label1\" content=\"\u00c9crit par\" \/>\n\t<meta name=\"twitter:data1\" content=\"Service des communications et des relations publiques\" \/>\n\t<meta name=\"twitter:label2\" content=\"Estimation du temps de lecture\" \/>\n\t<meta name=\"twitter:data2\" content=\"3 minutes\" \/>\r\n<script type=\"application\/ld+json\" class=\"yoast-schema-graph\">{\"@context\":\"https:\/\/schema.org\",\"@graph\":[{\"@type\":\"WebPage\",\"@id\":\"https:\/\/www.uqac.ca\/uqactualites\/2014\/11\/24\/visaj-visaj-lance-cartojeunes-une-plateforme-web-de-cartographie-interactive-sur-les-jeunes-quebecois\/\",\"url\":\"https:\/\/www.uqac.ca\/uqactualites\/2014\/11\/24\/visaj-visaj-lance-cartojeunes-une-plateforme-web-de-cartographie-interactive-sur-les-jeunes-quebecois\/\",\"name\":\"[ VISAJ ] - VISAJ lance CartoJeunes : Une plateforme Web de cartographie interactive sur les jeunes qu\u00e9b\u00e9cois - UQACtualit\u00e9s\",\"isPartOf\":{\"@id\":\"https:\/\/www.uqac.ca\/uqactualites\/#website\"},\"primaryImageOfPage\":{\"@id\":\"https:\/\/www.uqac.ca\/uqactualites\/2014\/11\/24\/visaj-visaj-lance-cartojeunes-une-plateforme-web-de-cartographie-interactive-sur-les-jeunes-quebecois\/#primaryimage\"},\"image\":{\"@id\":\"https:\/\/www.uqac.ca\/uqactualites\/2014\/11\/24\/visaj-visaj-lance-cartojeunes-une-plateforme-web-de-cartographie-interactive-sur-les-jeunes-quebecois\/#primaryimage\"},\"thumbnailUrl\":\"https:\/\/www.uqac.ca\/uqactualites\/wp-content\/uploads\/2013\/07\/GRAF-Uqactualit\u00e9s-\u00c913-03.jpg\",\"datePublished\":\"2014-11-24T19:18:59+00:00\",\"dateModified\":\"2014-11-24T19:18:59+00:00\",\"author\":{\"@id\":\"https:\/\/www.uqac.ca\/uqactualites\/#\/schema\/person\/366c45a0c4f0e677b41b4af5886e2018\"},\"breadcrumb\":{\"@id\":\"https:\/\/www.uqac.ca\/uqactualites\/2014\/11\/24\/visaj-visaj-lance-cartojeunes-une-plateforme-web-de-cartographie-interactive-sur-les-jeunes-quebecois\/#breadcrumb\"},\"inLanguage\":\"fr-CA\",\"potentialAction\":[{\"@type\":\"ReadAction\",\"target\":[\"https:\/\/www.uqac.ca\/uqactualites\/2014\/11\/24\/visaj-visaj-lance-cartojeunes-une-plateforme-web-de-cartographie-interactive-sur-les-jeunes-quebecois\/\"]}]},{\"@type\":\"ImageObject\",\"inLanguage\":\"fr-CA\",\"@id\":\"https:\/\/www.uqac.ca\/uqactualites\/2014\/11\/24\/visaj-visaj-lance-cartojeunes-une-plateforme-web-de-cartographie-interactive-sur-les-jeunes-quebecois\/#primaryimage\",\"url\":\"https:\/\/www.uqac.ca\/uqactualites\/wp-content\/uploads\/2013\/07\/GRAF-Uqactualit\u00e9s-\u00c913-03.jpg\",\"contentUrl\":\"https:\/\/www.uqac.ca\/uqactualites\/wp-content\/uploads\/2013\/07\/GRAF-Uqactualit\u00e9s-\u00c913-03.jpg\",\"width\":620,\"height\":301},{\"@type\":\"BreadcrumbList\",\"@id\":\"https:\/\/www.uqac.ca\/uqactualites\/2014\/11\/24\/visaj-visaj-lance-cartojeunes-une-plateforme-web-de-cartographie-interactive-sur-les-jeunes-quebecois\/#breadcrumb\",\"itemListElement\":[{\"@type\":\"ListItem\",\"position\":1,\"name\":\"Home\",\"item\":\"https:\/\/www.uqac.ca\/uqactualites\/\"},{\"@type\":\"ListItem\",\"position\":2,\"name\":\"[ VISAJ ] &#8211; VISAJ lance CartoJeunes : Une plateforme Web de cartographie interactive sur les jeunes qu\u00e9b\u00e9cois\"}]},{\"@type\":\"WebSite\",\"@id\":\"https:\/\/www.uqac.ca\/uqactualites\/#website\",\"url\":\"https:\/\/www.uqac.ca\/uqactualites\/\",\"name\":\"UQACtualit\u00e9s\",\"description\":\"Le portail des nouvelles de l&#039;UQAC\",\"potentialAction\":[{\"@type\":\"SearchAction\",\"target\":{\"@type\":\"EntryPoint\",\"urlTemplate\":\"https:\/\/www.uqac.ca\/uqactualites\/?s={search_term_string}\"},\"query-input\":{\"@type\":\"PropertyValueSpecification\",\"valueRequired\":true,\"valueName\":\"search_term_string\"}}],\"inLanguage\":\"fr-CA\"},{\"@type\":\"Person\",\"@id\":\"https:\/\/www.uqac.ca\/uqactualites\/#\/schema\/person\/366c45a0c4f0e677b41b4af5886e2018\",\"name\":\"Service des communications et des relations publiques\",\"image\":{\"@type\":\"ImageObject\",\"inLanguage\":\"fr-CA\",\"@id\":\"https:\/\/www.uqac.ca\/uqactualites\/#\/schema\/person\/image\/\",\"url\":\"https:\/\/secure.gravatar.com\/avatar\/20fbbda8a292f59f2d3461a5b999c00b?s=96&d=mm&r=g\",\"contentUrl\":\"https:\/\/secure.gravatar.com\/avatar\/20fbbda8a292f59f2d3461a5b999c00b?s=96&d=mm&r=g\",\"caption\":\"Service des communications et des relations publiques\"},\"url\":\"https:\/\/www.uqac.ca\/uqactualites\/author\/bap\/\"}]}<\/script>\r\n<!-- \/ Yoast SEO plugin. -->","yoast_head_json":{"title":"[ VISAJ ] - VISAJ lance CartoJeunes : Une plateforme Web de cartographie interactive sur les jeunes qu\u00e9b\u00e9cois - UQACtualit\u00e9s","robots":{"index":"index","follow":"follow","max-snippet":"max-snippet:-1","max-image-preview":"max-image-preview:large","max-video-preview":"max-video-preview:-1"},"canonical":"https:\/\/www.uqac.ca\/uqactualites\/2014\/11\/24\/visaj-visaj-lance-cartojeunes-une-plateforme-web-de-cartographie-interactive-sur-les-jeunes-quebecois\/","og_locale":"fr_CA","og_type":"article","og_title":"[ VISAJ ] - VISAJ lance CartoJeunes : Une plateforme Web de cartographie interactive sur les jeunes qu\u00e9b\u00e9cois - UQACtualit\u00e9s","og_description":"COMMUNIQU\u00c9 Diffusion : 24 novembre 2014, 11h30 Saguenay \u2013 24 novembre 2014 \u2013 La chaire UQAC\u2012C\u00e9gep de Jonqui\u00e8re sur les conditions de vie, la sant\u00e9 et les aspirations des jeunes (VISAJ), lance officiellement sa plateforme de cartographie interactive CartoJeunes au C\u00e9gep de Jonqui\u00e8re. CartoJeunes a \u00e9t\u00e9 r\u00e9alis\u00e9 gr\u00e2ce au soutien financier de la Fondation Lucie [&hellip;]","og_url":"https:\/\/www.uqac.ca\/uqactualites\/2014\/11\/24\/visaj-visaj-lance-cartojeunes-une-plateforme-web-de-cartographie-interactive-sur-les-jeunes-quebecois\/","og_site_name":"UQACtualit\u00e9s","article_published_time":"2014-11-24T19:18:59+00:00","og_image":[{"width":620,"height":301,"url":"https:\/\/www.uqac.ca\/uqactualites\/wp-content\/uploads\/2013\/07\/GRAF-Uqactualit\u00e9s-\u00c913-03.jpg","type":"image\/jpeg"}],"author":"Service des communications et des relations publiques","twitter_card":"summary_large_image","twitter_misc":{"\u00c9crit par":"Service des communications et des relations publiques","Estimation du temps de lecture":"3 minutes"},"schema":{"@context":"https:\/\/schema.org","@graph":[{"@type":"WebPage","@id":"https:\/\/www.uqac.ca\/uqactualites\/2014\/11\/24\/visaj-visaj-lance-cartojeunes-une-plateforme-web-de-cartographie-interactive-sur-les-jeunes-quebecois\/","url":"https:\/\/www.uqac.ca\/uqactualites\/2014\/11\/24\/visaj-visaj-lance-cartojeunes-une-plateforme-web-de-cartographie-interactive-sur-les-jeunes-quebecois\/","name":"[ VISAJ ] - VISAJ lance CartoJeunes : Une plateforme Web de cartographie interactive sur les jeunes qu\u00e9b\u00e9cois - UQACtualit\u00e9s","isPartOf":{"@id":"https:\/\/www.uqac.ca\/uqactualites\/#website"},"primaryImageOfPage":{"@id":"https:\/\/www.uqac.ca\/uqactualites\/2014\/11\/24\/visaj-visaj-lance-cartojeunes-une-plateforme-web-de-cartographie-interactive-sur-les-jeunes-quebecois\/#primaryimage"},"image":{"@id":"https:\/\/www.uqac.ca\/uqactualites\/2014\/11\/24\/visaj-visaj-lance-cartojeunes-une-plateforme-web-de-cartographie-interactive-sur-les-jeunes-quebecois\/#primaryimage"},"thumbnailUrl":"https:\/\/www.uqac.ca\/uqactualites\/wp-content\/uploads\/2013\/07\/GRAF-Uqactualit\u00e9s-\u00c913-03.jpg","datePublished":"2014-11-24T19:18:59+00:00","dateModified":"2014-11-24T19:18:59+00:00","author":{"@id":"https:\/\/www.uqac.ca\/uqactualites\/#\/schema\/person\/366c45a0c4f0e677b41b4af5886e2018"},"breadcrumb":{"@id":"https:\/\/www.uqac.ca\/uqactualites\/2014\/11\/24\/visaj-visaj-lance-cartojeunes-une-plateforme-web-de-cartographie-interactive-sur-les-jeunes-quebecois\/#breadcrumb"},"inLanguage":"fr-CA","potentialAction":[{"@type":"ReadAction","target":["https:\/\/www.uqac.ca\/uqactualites\/2014\/11\/24\/visaj-visaj-lance-cartojeunes-une-plateforme-web-de-cartographie-interactive-sur-les-jeunes-quebecois\/"]}]},{"@type":"ImageObject","inLanguage":"fr-CA","@id":"https:\/\/www.uqac.ca\/uqactualites\/2014\/11\/24\/visaj-visaj-lance-cartojeunes-une-plateforme-web-de-cartographie-interactive-sur-les-jeunes-quebecois\/#primaryimage","url":"https:\/\/www.uqac.ca\/uqactualites\/wp-content\/uploads\/2013\/07\/GRAF-Uqactualit\u00e9s-\u00c913-03.jpg","contentUrl":"https:\/\/www.uqac.ca\/uqactualites\/wp-content\/uploads\/2013\/07\/GRAF-Uqactualit\u00e9s-\u00c913-03.jpg","width":620,"height":301},{"@type":"BreadcrumbList","@id":"https:\/\/www.uqac.ca\/uqactualites\/2014\/11\/24\/visaj-visaj-lance-cartojeunes-une-plateforme-web-de-cartographie-interactive-sur-les-jeunes-quebecois\/#breadcrumb","itemListElement":[{"@type":"ListItem","position":1,"name":"Home","item":"https:\/\/www.uqac.ca\/uqactualites\/"},{"@type":"ListItem","position":2,"name":"[ VISAJ ] &#8211; VISAJ lance CartoJeunes : Une plateforme Web de cartographie interactive sur les jeunes qu\u00e9b\u00e9cois"}]},{"@type":"WebSite","@id":"https:\/\/www.uqac.ca\/uqactualites\/#website","url":"https:\/\/www.uqac.ca\/uqactualites\/","name":"UQACtualit\u00e9s","description":"Le portail des nouvelles de l&#039;UQAC","potentialAction":[{"@type":"SearchAction","target":{"@type":"EntryPoint","urlTemplate":"https:\/\/www.uqac.ca\/uqactualites\/?s={search_term_string}"},"query-input":{"@type":"PropertyValueSpecification","valueRequired":true,"valueName":"search_term_string"}}],"inLanguage":"fr-CA"},{"@type":"Person","@id":"https:\/\/www.uqac.ca\/uqactualites\/#\/schema\/person\/366c45a0c4f0e677b41b4af5886e2018","name":"Service des communications et des relations publiques","image":{"@type":"ImageObject","inLanguage":"fr-CA","@id":"https:\/\/www.uqac.ca\/uqactualites\/#\/schema\/person\/image\/","url":"https:\/\/secure.gravatar.com\/avatar\/20fbbda8a292f59f2d3461a5b999c00b?s=96&d=mm&r=g","contentUrl":"https:\/\/secure.gravatar.com\/avatar\/20fbbda8a292f59f2d3461a5b999c00b?s=96&d=mm&r=g","caption":"Service des communications et des relations publiques"},"url":"https:\/\/www.uqac.ca\/uqactualites\/author\/bap\/"}]}},"_links":{"self":[{"href":"https:\/\/www.uqac.ca\/uqactualites\/wp-json\/wp\/v2\/posts\/28845"}],"collection":[{"href":"https:\/\/www.uqac.ca\/uqactualites\/wp-json\/wp\/v2\/posts"}],"about":[{"href":"https:\/\/www.uqac.ca\/uqactualites\/wp-json\/wp\/v2\/types\/post"}],"author":[{"embeddable":true,"href":"https:\/\/www.uqac.ca\/uqactualites\/wp-json\/wp\/v2\/users\/5"}],"replies":[{"embeddable":true,"href":"https:\/\/www.uqac.ca\/uqactualites\/wp-json\/wp\/v2\/comments?post=28845"}],"version-history":[{"count":0,"href":"https:\/\/www.uqac.ca\/uqactualites\/wp-json\/wp\/v2\/posts\/28845\/revisions"}],"wp:featuredmedia":[{"embeddable":true,"href":"https:\/\/www.uqac.ca\/uqactualites\/wp-json\/wp\/v2\/media\/24871"}],"wp:attachment":[{"href":"https:\/\/www.uqac.ca\/uqactualites\/wp-json\/wp\/v2\/media?parent=28845"}],"wp:term":[{"taxonomy":"category","embeddable":true,"href":"https:\/\/www.uqac.ca\/uqactualites\/wp-json\/wp\/v2\/categories?post=28845"},{"taxonomy":"post_tag","embeddable":true,"href":"https:\/\/www.uqac.ca\/uqactualites\/wp-json\/wp\/v2\/tags?post=28845"}],"curies":[{"name":"wp","href":"https:\/\/api.w.org\/{rel}","templated":true}]}}