{"id":28855,"date":"2014-11-25T10:21:20","date_gmt":"2014-11-25T15:21:20","guid":{"rendered":"http:\/\/uqactualite.odev.ca\/?p=28855"},"modified":"2014-11-25T10:21:20","modified_gmt":"2014-11-25T15:21:20","slug":"99e-midi-conference-du-cee-uqac","status":"publish","type":"post","link":"https:\/\/www.uqac.ca\/uqactualites\/2014\/11\/25\/99e-midi-conference-du-cee-uqac\/","title":{"rendered":"99e midi-conf\u00e9rence du CEE-UQAC"},"content":{"rendered":"<p style=\"text-align: justify\">La communaut\u00e9 universitaire est invit\u00e9e \u00e0 assister au 99<sup>e<\/sup> midi-conf\u00e9rence du CEE-UQAC\u00a0:<\/p>\n<p style=\"text-align: center\"><strong>Mercredi 26 novembre 2014 \u25aa 11\u00a0h\u00a045 \u00e0 12\u00a0h\u00a045<br \/>\n<\/strong>Local P1-4280<\/p>\n<p style=\"text-align: justify\"><strong>Conf\u00e9rencier<br \/>\n<\/strong>Martin Lamontagne, cofondateur de Creaform<\/p>\n<p style=\"text-align: justify\">Martin Lamontagne est l&rsquo;un des trois fondateurs de Creaform, une entreprise qui \u0153uvre dans la cr\u00e9ation, la fabrication et la mise en march\u00e9 de scanneurs 3D qui permettent d\u2019accro\u00eetre la productivit\u00e9 des entreprises manufacturi\u00e8res. Creaform fait partie des entreprises nord-am\u00e9ricaines les plus prosp\u00e8res. Venez d\u00e9couvrir cette r\u00e9ussite entrepreneuriale!<\/p>\n<p style=\"text-align: justify\">C\u2019est gratuit. Apportez votre d\u00eener.<br \/>\nBienvenue \u00e0 toutes et \u00e0 tous!<\/p>\n<p style=\"text-align: justify\">Pour plus de d\u00e9tails, consultez le <span style=\"text-decoration: underline\"><a href=\"http:\/\/www.uqac.ca\/ceeuqac\/index\/chicoutimi\/midi_conference?iref=index%2Fchicoutimi%2Fmidi_conference&amp;id_lists_item5=175\" target=\"_blank\" rel=\"noopener\"><strong>site Web du CEE-UQAC<\/strong><\/a><\/span>.<\/p>\n<p><strong><br \/>\nRenseignements et inscription\u00a0:<br \/>\n<\/strong>Isabelle Maltais, responsable des activit\u00e9s et des communications<br \/>\nCEE-UQAC<br \/>\nUniversit\u00e9 du Qu\u00e9bec \u00e0 Chicoutimi<br \/>\n418 545-5011, poste\u00a04653\u00a0 \u25aa\u00a0 <span style=\"text-decoration: underline\"><a href=\"mailto:cee_activites@uqac.ca\">cee_activites@uqac.ca<\/a><\/span><\/p>\n","protected":false},"excerpt":{"rendered":"<p>La communaut\u00e9 universitaire est invit\u00e9e \u00e0 assister au 99e midi-conf\u00e9rence du CEE-UQAC\u00a0: Mercredi 26 novembre 2014 \u25aa 11\u00a0h\u00a045 \u00e0 12\u00a0h\u00a045 Local P1-4280 Conf\u00e9rencier Martin Lamontagne, cofondateur de Creaform Martin Lamontagne est l&rsquo;un des trois fondateurs de Creaform, une entreprise qui \u0153uvre dans la cr\u00e9ation, la fabrication et la mise en march\u00e9 de scanneurs 3D qui [&hellip;]<\/p>\n","protected":false},"author":5,"featured_media":20989,"comment_status":"open","ping_status":"open","sticky":false,"template":"","format":"standard","meta":{"footnotes":""},"categories":[2772],"tags":[426,223,1397],"yoast_head":"<!-- This site is optimized with the Yoast SEO plugin v24.2 - https:\/\/yoast.com\/wordpress\/plugins\/seo\/ -->\r\n<title>99e midi-conf\u00e9rence du CEE-UQAC - UQACtualit\u00e9s<\/title>\r\n<meta name=\"robots\" content=\"index, follow, max-snippet:-1, max-image-preview:large, max-video-preview:-1\" \/>\r\n<link rel=\"canonical\" href=\"https:\/\/www.uqac.ca\/uqactualites\/2014\/11\/25\/99e-midi-conference-du-cee-uqac\/\" \/>\r\n<meta property=\"og:locale\" content=\"fr_CA\" \/>\r\n<meta property=\"og:type\" content=\"article\" \/>\r\n<meta property=\"og:title\" content=\"99e midi-conf\u00e9rence du CEE-UQAC - UQACtualit\u00e9s\" \/>\r\n<meta property=\"og:description\" content=\"La communaut\u00e9 universitaire est invit\u00e9e \u00e0 assister au 99e midi-conf\u00e9rence du CEE-UQAC\u00a0: Mercredi 26 novembre 2014 \u25aa 11\u00a0h\u00a045 \u00e0 12\u00a0h\u00a045 Local P1-4280 Conf\u00e9rencier Martin Lamontagne, cofondateur de Creaform Martin Lamontagne est l&rsquo;un des trois fondateurs de Creaform, une entreprise qui \u0153uvre dans la cr\u00e9ation, la fabrication et la mise en march\u00e9 de scanneurs 3D qui [&hellip;]\" \/>\r\n<meta property=\"og:url\" content=\"https:\/\/www.uqac.ca\/uqactualites\/2014\/11\/25\/99e-midi-conference-du-cee-uqac\/\" \/>\r\n<meta property=\"og:site_name\" content=\"UQACtualit\u00e9s\" \/>\r\n<meta property=\"article:published_time\" content=\"2014-11-25T15:21:20+00:00\" \/>\r\n<meta property=\"og:image\" content=\"https:\/\/www.uqac.ca\/uqactualites\/wp-content\/uploads\/2012\/05\/avis-laCommunaut-.jpg\" \/>\r\n\t<meta property=\"og:image:width\" content=\"620\" \/>\r\n\t<meta property=\"og:image:height\" content=\"300\" \/>\r\n\t<meta property=\"og:image:type\" content=\"image\/jpeg\" \/>\r\n<meta name=\"author\" content=\"Service des communications et des relations publiques\" \/>\r\n<meta name=\"twitter:card\" content=\"summary_large_image\" \/>\r\n<meta name=\"twitter:label1\" content=\"\u00c9crit par\" \/>\n\t<meta name=\"twitter:data1\" content=\"Service des communications et des relations publiques\" \/>\n\t<meta name=\"twitter:label2\" content=\"Estimation du temps de lecture\" \/>\n\t<meta name=\"twitter:data2\" content=\"1 minute\" \/>\r\n<script type=\"application\/ld+json\" class=\"yoast-schema-graph\">{\"@context\":\"https:\/\/schema.org\",\"@graph\":[{\"@type\":\"WebPage\",\"@id\":\"https:\/\/www.uqac.ca\/uqactualites\/2014\/11\/25\/99e-midi-conference-du-cee-uqac\/\",\"url\":\"https:\/\/www.uqac.ca\/uqactualites\/2014\/11\/25\/99e-midi-conference-du-cee-uqac\/\",\"name\":\"99e midi-conf\u00e9rence du CEE-UQAC - UQACtualit\u00e9s\",\"isPartOf\":{\"@id\":\"https:\/\/www.uqac.ca\/uqactualites\/#website\"},\"primaryImageOfPage\":{\"@id\":\"https:\/\/www.uqac.ca\/uqactualites\/2014\/11\/25\/99e-midi-conference-du-cee-uqac\/#primaryimage\"},\"image\":{\"@id\":\"https:\/\/www.uqac.ca\/uqactualites\/2014\/11\/25\/99e-midi-conference-du-cee-uqac\/#primaryimage\"},\"thumbnailUrl\":\"https:\/\/www.uqac.ca\/uqactualites\/wp-content\/uploads\/2012\/05\/avis-laCommunaut-.jpg\",\"datePublished\":\"2014-11-25T15:21:20+00:00\",\"dateModified\":\"2014-11-25T15:21:20+00:00\",\"author\":{\"@id\":\"https:\/\/www.uqac.ca\/uqactualites\/#\/schema\/person\/366c45a0c4f0e677b41b4af5886e2018\"},\"breadcrumb\":{\"@id\":\"https:\/\/www.uqac.ca\/uqactualites\/2014\/11\/25\/99e-midi-conference-du-cee-uqac\/#breadcrumb\"},\"inLanguage\":\"fr-CA\",\"potentialAction\":[{\"@type\":\"ReadAction\",\"target\":[\"https:\/\/www.uqac.ca\/uqactualites\/2014\/11\/25\/99e-midi-conference-du-cee-uqac\/\"]}]},{\"@type\":\"ImageObject\",\"inLanguage\":\"fr-CA\",\"@id\":\"https:\/\/www.uqac.ca\/uqactualites\/2014\/11\/25\/99e-midi-conference-du-cee-uqac\/#primaryimage\",\"url\":\"https:\/\/www.uqac.ca\/uqactualites\/wp-content\/uploads\/2012\/05\/avis-laCommunaut-.jpg\",\"contentUrl\":\"https:\/\/www.uqac.ca\/uqactualites\/wp-content\/uploads\/2012\/05\/avis-laCommunaut-.jpg\",\"width\":620,\"height\":300},{\"@type\":\"BreadcrumbList\",\"@id\":\"https:\/\/www.uqac.ca\/uqactualites\/2014\/11\/25\/99e-midi-conference-du-cee-uqac\/#breadcrumb\",\"itemListElement\":[{\"@type\":\"ListItem\",\"position\":1,\"name\":\"Home\",\"item\":\"https:\/\/www.uqac.ca\/uqactualites\/\"},{\"@type\":\"ListItem\",\"position\":2,\"name\":\"99e midi-conf\u00e9rence du CEE-UQAC\"}]},{\"@type\":\"WebSite\",\"@id\":\"https:\/\/www.uqac.ca\/uqactualites\/#website\",\"url\":\"https:\/\/www.uqac.ca\/uqactualites\/\",\"name\":\"UQACtualit\u00e9s\",\"description\":\"Le portail des nouvelles de l&#039;UQAC\",\"potentialAction\":[{\"@type\":\"SearchAction\",\"target\":{\"@type\":\"EntryPoint\",\"urlTemplate\":\"https:\/\/www.uqac.ca\/uqactualites\/?s={search_term_string}\"},\"query-input\":{\"@type\":\"PropertyValueSpecification\",\"valueRequired\":true,\"valueName\":\"search_term_string\"}}],\"inLanguage\":\"fr-CA\"},{\"@type\":\"Person\",\"@id\":\"https:\/\/www.uqac.ca\/uqactualites\/#\/schema\/person\/366c45a0c4f0e677b41b4af5886e2018\",\"name\":\"Service des communications et des relations publiques\",\"image\":{\"@type\":\"ImageObject\",\"inLanguage\":\"fr-CA\",\"@id\":\"https:\/\/www.uqac.ca\/uqactualites\/#\/schema\/person\/image\/\",\"url\":\"https:\/\/secure.gravatar.com\/avatar\/20fbbda8a292f59f2d3461a5b999c00b?s=96&d=mm&r=g\",\"contentUrl\":\"https:\/\/secure.gravatar.com\/avatar\/20fbbda8a292f59f2d3461a5b999c00b?s=96&d=mm&r=g\",\"caption\":\"Service des communications et des relations publiques\"},\"url\":\"https:\/\/www.uqac.ca\/uqactualites\/author\/bap\/\"}]}<\/script>\r\n<!-- \/ Yoast SEO plugin. -->","yoast_head_json":{"title":"99e midi-conf\u00e9rence du CEE-UQAC - UQACtualit\u00e9s","robots":{"index":"index","follow":"follow","max-snippet":"max-snippet:-1","max-image-preview":"max-image-preview:large","max-video-preview":"max-video-preview:-1"},"canonical":"https:\/\/www.uqac.ca\/uqactualites\/2014\/11\/25\/99e-midi-conference-du-cee-uqac\/","og_locale":"fr_CA","og_type":"article","og_title":"99e midi-conf\u00e9rence du CEE-UQAC - UQACtualit\u00e9s","og_description":"La communaut\u00e9 universitaire est invit\u00e9e \u00e0 assister au 99e midi-conf\u00e9rence du CEE-UQAC\u00a0: Mercredi 26 novembre 2014 \u25aa 11\u00a0h\u00a045 \u00e0 12\u00a0h\u00a045 Local P1-4280 Conf\u00e9rencier Martin Lamontagne, cofondateur de Creaform Martin Lamontagne est l&rsquo;un des trois fondateurs de Creaform, une entreprise qui \u0153uvre dans la cr\u00e9ation, la fabrication et la mise en march\u00e9 de scanneurs 3D qui [&hellip;]","og_url":"https:\/\/www.uqac.ca\/uqactualites\/2014\/11\/25\/99e-midi-conference-du-cee-uqac\/","og_site_name":"UQACtualit\u00e9s","article_published_time":"2014-11-25T15:21:20+00:00","og_image":[{"width":620,"height":300,"url":"https:\/\/www.uqac.ca\/uqactualites\/wp-content\/uploads\/2012\/05\/avis-laCommunaut-.jpg","type":"image\/jpeg"}],"author":"Service des communications et des relations publiques","twitter_card":"summary_large_image","twitter_misc":{"\u00c9crit par":"Service des communications et des relations publiques","Estimation du temps de lecture":"1 minute"},"schema":{"@context":"https:\/\/schema.org","@graph":[{"@type":"WebPage","@id":"https:\/\/www.uqac.ca\/uqactualites\/2014\/11\/25\/99e-midi-conference-du-cee-uqac\/","url":"https:\/\/www.uqac.ca\/uqactualites\/2014\/11\/25\/99e-midi-conference-du-cee-uqac\/","name":"99e midi-conf\u00e9rence du CEE-UQAC - UQACtualit\u00e9s","isPartOf":{"@id":"https:\/\/www.uqac.ca\/uqactualites\/#website"},"primaryImageOfPage":{"@id":"https:\/\/www.uqac.ca\/uqactualites\/2014\/11\/25\/99e-midi-conference-du-cee-uqac\/#primaryimage"},"image":{"@id":"https:\/\/www.uqac.ca\/uqactualites\/2014\/11\/25\/99e-midi-conference-du-cee-uqac\/#primaryimage"},"thumbnailUrl":"https:\/\/www.uqac.ca\/uqactualites\/wp-content\/uploads\/2012\/05\/avis-laCommunaut-.jpg","datePublished":"2014-11-25T15:21:20+00:00","dateModified":"2014-11-25T15:21:20+00:00","author":{"@id":"https:\/\/www.uqac.ca\/uqactualites\/#\/schema\/person\/366c45a0c4f0e677b41b4af5886e2018"},"breadcrumb":{"@id":"https:\/\/www.uqac.ca\/uqactualites\/2014\/11\/25\/99e-midi-conference-du-cee-uqac\/#breadcrumb"},"inLanguage":"fr-CA","potentialAction":[{"@type":"ReadAction","target":["https:\/\/www.uqac.ca\/uqactualites\/2014\/11\/25\/99e-midi-conference-du-cee-uqac\/"]}]},{"@type":"ImageObject","inLanguage":"fr-CA","@id":"https:\/\/www.uqac.ca\/uqactualites\/2014\/11\/25\/99e-midi-conference-du-cee-uqac\/#primaryimage","url":"https:\/\/www.uqac.ca\/uqactualites\/wp-content\/uploads\/2012\/05\/avis-laCommunaut-.jpg","contentUrl":"https:\/\/www.uqac.ca\/uqactualites\/wp-content\/uploads\/2012\/05\/avis-laCommunaut-.jpg","width":620,"height":300},{"@type":"BreadcrumbList","@id":"https:\/\/www.uqac.ca\/uqactualites\/2014\/11\/25\/99e-midi-conference-du-cee-uqac\/#breadcrumb","itemListElement":[{"@type":"ListItem","position":1,"name":"Home","item":"https:\/\/www.uqac.ca\/uqactualites\/"},{"@type":"ListItem","position":2,"name":"99e midi-conf\u00e9rence du CEE-UQAC"}]},{"@type":"WebSite","@id":"https:\/\/www.uqac.ca\/uqactualites\/#website","url":"https:\/\/www.uqac.ca\/uqactualites\/","name":"UQACtualit\u00e9s","description":"Le portail des nouvelles de l&#039;UQAC","potentialAction":[{"@type":"SearchAction","target":{"@type":"EntryPoint","urlTemplate":"https:\/\/www.uqac.ca\/uqactualites\/?s={search_term_string}"},"query-input":{"@type":"PropertyValueSpecification","valueRequired":true,"valueName":"search_term_string"}}],"inLanguage":"fr-CA"},{"@type":"Person","@id":"https:\/\/www.uqac.ca\/uqactualites\/#\/schema\/person\/366c45a0c4f0e677b41b4af5886e2018","name":"Service des communications et des relations publiques","image":{"@type":"ImageObject","inLanguage":"fr-CA","@id":"https:\/\/www.uqac.ca\/uqactualites\/#\/schema\/person\/image\/","url":"https:\/\/secure.gravatar.com\/avatar\/20fbbda8a292f59f2d3461a5b999c00b?s=96&d=mm&r=g","contentUrl":"https:\/\/secure.gravatar.com\/avatar\/20fbbda8a292f59f2d3461a5b999c00b?s=96&d=mm&r=g","caption":"Service des communications et des relations publiques"},"url":"https:\/\/www.uqac.ca\/uqactualites\/author\/bap\/"}]}},"_links":{"self":[{"href":"https:\/\/www.uqac.ca\/uqactualites\/wp-json\/wp\/v2\/posts\/28855"}],"collection":[{"href":"https:\/\/www.uqac.ca\/uqactualites\/wp-json\/wp\/v2\/posts"}],"about":[{"href":"https:\/\/www.uqac.ca\/uqactualites\/wp-json\/wp\/v2\/types\/post"}],"author":[{"embeddable":true,"href":"https:\/\/www.uqac.ca\/uqactualites\/wp-json\/wp\/v2\/users\/5"}],"replies":[{"embeddable":true,"href":"https:\/\/www.uqac.ca\/uqactualites\/wp-json\/wp\/v2\/comments?post=28855"}],"version-history":[{"count":0,"href":"https:\/\/www.uqac.ca\/uqactualites\/wp-json\/wp\/v2\/posts\/28855\/revisions"}],"wp:featuredmedia":[{"embeddable":true,"href":"https:\/\/www.uqac.ca\/uqactualites\/wp-json\/wp\/v2\/media\/20989"}],"wp:attachment":[{"href":"https:\/\/www.uqac.ca\/uqactualites\/wp-json\/wp\/v2\/media?parent=28855"}],"wp:term":[{"taxonomy":"category","embeddable":true,"href":"https:\/\/www.uqac.ca\/uqactualites\/wp-json\/wp\/v2\/categories?post=28855"},{"taxonomy":"post_tag","embeddable":true,"href":"https:\/\/www.uqac.ca\/uqactualites\/wp-json\/wp\/v2\/tags?post=28855"}],"curies":[{"name":"wp","href":"https:\/\/api.w.org\/{rel}","templated":true}]}}