{"id":28868,"date":"2014-11-26T15:27:07","date_gmt":"2014-11-26T20:27:07","guid":{"rendered":"http:\/\/uqactualite.odev.ca\/?p=28868"},"modified":"2014-11-26T15:27:07","modified_gmt":"2014-11-26T20:27:07","slug":"lumiere-sur-lexcellence-des-etudiants-la-fondation-de-luqac-remet-93-000-en-bourses","status":"publish","type":"post","link":"https:\/\/www.uqac.ca\/uqactualites\/2014\/11\/26\/lumiere-sur-lexcellence-des-etudiants-la-fondation-de-luqac-remet-93-000-en-bourses\/","title":{"rendered":"Lumi\u00e8re sur l\u2019excellence des \u00e9tudiants : la Fondation de l\u2019UQAC remet 93 000 $ en bourses"},"content":{"rendered":"<p style=\"text-align: justify\">La c\u00e9r\u00e9monie annuelle de remise des bourses d\u2019excellence de la Fondation de l\u2019Universit\u00e9 du Qu\u00e9bec \u00e0 Chicoutimi (FUQAC) et l\u2019attribution du prix Masoud-Farzaneh se sont d\u00e9roul\u00e9es le 11\u00a0novembre\u00a0dernier \u00e0 l\u2019auditorium de l\u2019UQAC sous la pr\u00e9sidence de M<sup>e<\/sup>\u00a0Guy\u00a0Wells, pr\u00e9sident de la Fondation, et de M. Mustapha Fahmi, vice-recteur \u00e0 l\u2019enseignement, \u00e0 la recherche et \u00e0 la cr\u00e9ation de l\u2019UQAC. Les bourses, totalisant la somme globale de 93\u00a0000\u00a0$, ont \u00e9t\u00e9 accord\u00e9es aux \u00e9tudiants de l\u2019UQAC en reconnaissance de l\u2019excellence de leur dossier universitaire.<\/p>\n<p style=\"text-align: justify\">F\u00e9licitations aux laur\u00e9ats !<\/p>\n<p style=\"text-align: justify\"><strong><br \/>\nLAUR\u00c9ATS 2014-2015<\/strong><\/p>\n<ul>\n<li><strong>Bourses d\u2019excellence de la Fondation de l\u2019UQAC (valeur de 10\u00a0000 $ chacune)<br \/>\n<\/strong>&#8211; Kirk Fraser, \u00e9tudiant au doctorat en ing\u00e9nierie<br \/>\n&#8211; Jonathan Rivard, \u00e9tudiant \u00e0 la ma\u00eetrise en m\u00e9decine exp\u00e9rimentale<a href=\"http:\/\/www.uqac.ca\/wp-content\/uploads\/2014\/11\/Boursiers-FUQAC-Web-\u00a9Denis-Blackburn.jpg\"><img loading=\"lazy\" decoding=\"async\" class=\"alignnone size-full wp-image-28869\" src=\"http:\/\/www.uqac.ca\/wp-content\/uploads\/2014\/11\/Boursiers-FUQAC-Web-\u00a9Denis-Blackburn.jpg\" alt=\"Boursiers FUQAC (Web) - \u00a9Denis Blackburn\" width=\"620\" height=\"300\" srcset=\"https:\/\/www.uqac.ca\/uqactualites\/wp-content\/uploads\/2014\/11\/Boursiers-FUQAC-Web-\u00a9Denis-Blackburn.jpg 620w, https:\/\/www.uqac.ca\/uqactualites\/wp-content\/uploads\/2014\/11\/Boursiers-FUQAC-Web-\u00a9Denis-Blackburn-300x145.jpg 300w\" sizes=\"(max-width: 620px) 100vw, 620px\" \/><\/a><strong><br \/>\nSur la photo\u00a0:<\/strong> M<sup>e<\/sup>\u00a0Guy Wells, pr\u00e9sident de la FUQAC, Kirk Fraser et Jonathan Rivard, laur\u00e9ats, et Mustapha Fahmi, vice-recteur \u00e0 l\u2019enseignement, \u00e0 la recherche et \u00e0 la cr\u00e9ation de l\u2019UQAC<\/li>\n<\/ul>\n<ul>\n<li><strong>Bourses d\u2019excellence \u2013 Elkem (valeur de 5\u00a0000 $ chacune)<br \/>\n<\/strong>&#8211; Simon Matte, \u00e9tudiant \u00e0 la ma\u00eetrise en ing\u00e9nierie<br \/>\n&#8211; Timoth\u00e9e Coulaux, \u00e9tudiant au baccalaur\u00e9at en g\u00e9nie civil<strong><a href=\"http:\/\/www.uqac.ca\/wp-content\/uploads\/2014\/11\/Boursiers-Elkem-Web-\u00a9Denis-Blackburn.jpg\"><img loading=\"lazy\" decoding=\"async\" class=\"alignnone size-full wp-image-28870\" src=\"http:\/\/www.uqac.ca\/wp-content\/uploads\/2014\/11\/Boursiers-Elkem-Web-\u00a9Denis-Blackburn.jpg\" alt=\"Boursiers Elkem (Web) - \u00a9Denis Blackburn\" width=\"620\" height=\"300\" srcset=\"https:\/\/www.uqac.ca\/uqactualites\/wp-content\/uploads\/2014\/11\/Boursiers-Elkem-Web-\u00a9Denis-Blackburn.jpg 620w, https:\/\/www.uqac.ca\/uqactualites\/wp-content\/uploads\/2014\/11\/Boursiers-Elkem-Web-\u00a9Denis-Blackburn-300x145.jpg 300w\" sizes=\"(max-width: 620px) 100vw, 620px\" \/><\/a><br \/>\nSur la photo\u00a0:<\/strong> M<sup>e<\/sup>\u00a0Guy Wells, pr\u00e9sident de la FUQAC, Pierre Gauthier, pr\u00e9sident d\u2019Elkem M\u00e9tal Canada, Simon Matte et Timoth\u00e9e Coulaux, laur\u00e9ats, et Mustapha Fahmi, vice-recteur \u00e0 l\u2019enseignement, \u00e0 la recherche et \u00e0 la cr\u00e9ation de l\u2019UQAC<\/li>\n<\/ul>\n<ul>\n<li><strong>Bourses d\u2019excellence \u2013 Masoud Farzaneh (valeur de 3 500 $ au doctorat et de 2 500 $ \u00e0 la ma\u00eetrise)<br \/>\n<\/strong>&#8211; Hicham Farid, \u00e9tudiant au doctorat en ing\u00e9nierie<br \/>\n&#8211; Fanghui Yin, \u00e9tudiant au doctorat\u00a0en ing\u00e9nierie<strong><a href=\"http:\/\/www.uqac.ca\/wp-content\/uploads\/2014\/11\/Boursiers-Masoud-Farzaneh-Web-\u00a9Denis-Blackburn.jpg\"><img loading=\"lazy\" decoding=\"async\" class=\"alignnone size-full wp-image-28871\" src=\"http:\/\/www.uqac.ca\/wp-content\/uploads\/2014\/11\/Boursiers-Masoud-Farzaneh-Web-\u00a9Denis-Blackburn.jpg\" alt=\"Boursiers Masoud Farzaneh (Web) - \u00a9Denis Blackburn\" width=\"620\" height=\"300\" srcset=\"https:\/\/www.uqac.ca\/uqactualites\/wp-content\/uploads\/2014\/11\/Boursiers-Masoud-Farzaneh-Web-\u00a9Denis-Blackburn.jpg 620w, https:\/\/www.uqac.ca\/uqactualites\/wp-content\/uploads\/2014\/11\/Boursiers-Masoud-Farzaneh-Web-\u00a9Denis-Blackburn-300x145.jpg 300w\" sizes=\"(max-width: 620px) 100vw, 620px\" \/><\/a><br \/>\nSur la photo\u00a0:<\/strong> M<sup>e<\/sup>\u00a0Guy Wells, pr\u00e9sident de la FUQAC, Hicham Farid et Fanghui Yin, laur\u00e9ats, Masoud Farzaneh, professeur-chercheur \u00e0 l\u2019UQAC, et Mustapha Fahmi, vice-recteur \u00e0 l\u2019enseignement, \u00e0 la recherche et \u00e0 la cr\u00e9ation de l\u2019UQAC<\/li>\n<\/ul>\n<ul>\n<li><strong>Bourse d\u2019excellence \u2013 \u00c9b\u00e9nisterie Sylvain Frenette (valeur de 1\u00a0000 $)<br \/>\n<\/strong><strong>&#8211; <\/strong>Laurie Malenfant, \u00e9tudiante au baccalaur\u00e9at interdisciplinaire en arts<br \/>\n<a href=\"http:\/\/www.uqac.ca\/wp-content\/uploads\/2014\/11\/Boursier-Sylvain-Frenette-Web-\u00a9Denis-Blackburn.jpg\"><img loading=\"lazy\" decoding=\"async\" class=\"alignnone size-full wp-image-28874\" src=\"http:\/\/www.uqac.ca\/wp-content\/uploads\/2014\/11\/Boursier-Sylvain-Frenette-Web-\u00a9Denis-Blackburn.jpg\" alt=\"Boursier Sylvain Frenette (Web) - \u00a9Denis Blackburn\" width=\"620\" height=\"300\" srcset=\"https:\/\/www.uqac.ca\/uqactualites\/wp-content\/uploads\/2014\/11\/Boursier-Sylvain-Frenette-Web-\u00a9Denis-Blackburn.jpg 620w, https:\/\/www.uqac.ca\/uqactualites\/wp-content\/uploads\/2014\/11\/Boursier-Sylvain-Frenette-Web-\u00a9Denis-Blackburn-300x145.jpg 300w\" sizes=\"(max-width: 620px) 100vw, 620px\" \/><\/a><br \/>\n<strong>Sur la photo\u00a0:<\/strong> M<sup>e<\/sup>\u00a0Guy Wells, pr\u00e9sident de la FUQAC, <strong>Laurie<\/strong> Malenfant, laur\u00e9ate, Sylvain Frenette, donateur, et Mustapha Fahmi, vice-recteur \u00e0 l\u2019enseignement, \u00e0 la recherche et \u00e0 la cr\u00e9ation de l\u2019UQAC<\/li>\n<\/ul>\n<ul>\n<li><strong>Bourse d\u2019excellence \u2013 G\u00e9rard-Arguin (valeur de 1\u00a0000 $)<br \/>\n<\/strong>&#8211; St\u00e9phanie Girard, \u00e9tudiante \u00e0 la ma\u00eetrise en ressources renouvelables<br \/>\n<a href=\"http:\/\/www.uqac.ca\/wp-content\/uploads\/2014\/11\/Boursier-G\u00e9rard-Arguin-Web-\u00a9Denis-Blackburn.jpg\"><img loading=\"lazy\" decoding=\"async\" class=\"alignnone size-full wp-image-28875\" src=\"http:\/\/www.uqac.ca\/wp-content\/uploads\/2014\/11\/Boursier-G\u00e9rard-Arguin-Web-\u00a9Denis-Blackburn.jpg\" alt=\"Boursier G\u00e9rard-Arguin (Web) - \u00a9Denis Blackburn\" width=\"620\" height=\"300\" srcset=\"https:\/\/www.uqac.ca\/uqactualites\/wp-content\/uploads\/2014\/11\/Boursier-G\u00e9rard-Arguin-Web-\u00a9Denis-Blackburn.jpg 620w, https:\/\/www.uqac.ca\/uqactualites\/wp-content\/uploads\/2014\/11\/Boursier-G\u00e9rard-Arguin-Web-\u00a9Denis-Blackburn-300x145.jpg 300w\" sizes=\"(max-width: 620px) 100vw, 620px\" \/><\/a><strong><br \/>\nSur la photo\u00a0:<\/strong> M<sup>e<\/sup>\u00a0Guy Wells, pr\u00e9sident de la FUQAC, Louise Gagnon-Arguin, donatrice, St\u00e9phanie Girard, laur\u00e9ate, et Mustapha Fahmi, vice-recteur \u00e0 l\u2019enseignement, \u00e0 la recherche et \u00e0 la cr\u00e9ation de l\u2019UQAC<\/li>\n<\/ul>\n<ul>\n<li><strong>Bourse d\u2019excellence \u2013 Majoric-N\u00e9ron (valeur de 1\u00a0000 $)<br \/>\n<\/strong>&#8211; Claudia Ruel, \u00e9tudiante au baccalaur\u00e9at en enseignement secondaire &#8211; profil fran\u00e7ais<br \/>\n<a href=\"http:\/\/www.uqac.ca\/wp-content\/uploads\/2014\/11\/Boursier-Majoric-N\u00e9ron-Web-\u00a9Denis-Blackburn.jpg\"><img loading=\"lazy\" decoding=\"async\" class=\"alignnone size-full wp-image-28876\" src=\"http:\/\/www.uqac.ca\/wp-content\/uploads\/2014\/11\/Boursier-Majoric-N\u00e9ron-Web-\u00a9Denis-Blackburn.jpg\" alt=\"Boursier Majoric-N\u00e9ron (Web) - \u00a9Denis Blackburn\" width=\"620\" height=\"300\" srcset=\"https:\/\/www.uqac.ca\/uqactualites\/wp-content\/uploads\/2014\/11\/Boursier-Majoric-N\u00e9ron-Web-\u00a9Denis-Blackburn.jpg 620w, https:\/\/www.uqac.ca\/uqactualites\/wp-content\/uploads\/2014\/11\/Boursier-Majoric-N\u00e9ron-Web-\u00a9Denis-Blackburn-300x145.jpg 300w\" sizes=\"(max-width: 620px) 100vw, 620px\" \/><\/a><strong><br \/>\nSur la photo\u00a0:<\/strong> M<sup>e<\/sup>\u00a0Guy Wells, pr\u00e9sident de la FUQAC, Jos\u00e9e N\u00e9ron, donatrice, Claudia Ruel, laur\u00e9ate, et Mustapha Fahmi, vice-recteur \u00e0 l\u2019enseignement, \u00e0 la recherche et \u00e0 la cr\u00e9ation de l\u2019UQAC<\/li>\n<\/ul>\n<ul>\n<li><strong>Bourse d\u2019excellence \u2013 Ren\u00e9-Tremblay (valeur de 1\u00a0000 $)<br \/>\n<\/strong>&#8211; Annick Robertson, \u00e9tudiante au doctorat en \u00e9ducation<br \/>\n<a id=\"insert-media-button\" class=\"button insert-media add_media\" title=\"Ajouter un m\u00e9dia\" href=\"http:\/\/uqactualite.odev.ca\/wp-admin\/post-new.php#\"> <\/a><a href=\"http:\/\/www.uqac.ca\/wp-content\/uploads\/2014\/11\/Boursier-Ren\u00e9-Tremblay-Web-\u00a9Denis-Blackburn.jpg\"><img loading=\"lazy\" decoding=\"async\" class=\"alignnone size-full wp-image-28877\" src=\"http:\/\/www.uqac.ca\/wp-content\/uploads\/2014\/11\/Boursier-Ren\u00e9-Tremblay-Web-\u00a9Denis-Blackburn.jpg\" alt=\"Boursier Ren\u00e9 Tremblay (Web) - \u00a9Denis Blackburn\" width=\"620\" height=\"300\" srcset=\"https:\/\/www.uqac.ca\/uqactualites\/wp-content\/uploads\/2014\/11\/Boursier-Ren\u00e9-Tremblay-Web-\u00a9Denis-Blackburn.jpg 620w, https:\/\/www.uqac.ca\/uqactualites\/wp-content\/uploads\/2014\/11\/Boursier-Ren\u00e9-Tremblay-Web-\u00a9Denis-Blackburn-300x145.jpg 300w\" sizes=\"(max-width: 620px) 100vw, 620px\" \/><\/a><strong><br \/>\nSur la photo\u00a0:<\/strong> M<sup>e<\/sup>\u00a0Guy Wells, pr\u00e9sident de la FUQAC, Annick Robertson, laur\u00e9ate, l\u2019abb\u00e9 Ren\u00e9-Jacques Tremblay, donateur, et Mustapha Fahmi, vice-recteur \u00e0 l\u2019enseignement, \u00e0 la recherche et \u00e0 la cr\u00e9ation de l\u2019UQAC<\/li>\n<\/ul>\n<ul>\n<li><strong>Bourses d\u2019excellence \u2013 Lucien Bouchard (valeur de 3\u00a0000 $ chacune)<br \/>\n<\/strong>&#8211; Fadoua Baali, \u00e9tudiante au doctorat en sciences de la Terre et de l\u2019atmosph\u00e8re<br \/>\n&#8211; Qingxiao Zhou, \u00e9tudiant au doctorat en sciences de la Terre et de l\u2019atmosph\u00e8re<br \/>\n&#8211; Rocio Pedreira P\u00e9rez, \u00e9tudiante \u00e0 la ma\u00eetrise en g\u00e9ologie et en g\u00e9nie g\u00e9ologique<br \/>\n&#8211; Francis Guay, \u00e9tudiant \u00e0 la ma\u00eetrise en g\u00e9ologie et en g\u00e9nie g\u00e9ologique<br \/>\n&#8211; \u00c9douard C\u00f4t\u00e9-Lavoie, \u00e9tudiant \u00e0 la ma\u00eetrise en sciences de la Terre<br \/>\n<a href=\"http:\/\/www.uqac.ca\/wp-content\/uploads\/2014\/11\/Boursiers-Lucien-Bouchard-Web-\u00a9Denis-Blackburn.jpg\"><img loading=\"lazy\" decoding=\"async\" class=\"alignnone size-full wp-image-28878\" src=\"http:\/\/www.uqac.ca\/wp-content\/uploads\/2014\/11\/Boursiers-Lucien-Bouchard-Web-\u00a9Denis-Blackburn.jpg\" alt=\"Boursiers Lucien Bouchard (Web) - \u00a9Denis Blackburn\" width=\"620\" height=\"300\" srcset=\"https:\/\/www.uqac.ca\/uqactualites\/wp-content\/uploads\/2014\/11\/Boursiers-Lucien-Bouchard-Web-\u00a9Denis-Blackburn.jpg 620w, https:\/\/www.uqac.ca\/uqactualites\/wp-content\/uploads\/2014\/11\/Boursiers-Lucien-Bouchard-Web-\u00a9Denis-Blackburn-300x145.jpg 300w\" sizes=\"(max-width: 620px) 100vw, 620px\" \/><\/a><strong><br \/>\nSur la photo\u00a0:<\/strong> M<sup>e<\/sup>\u00a0Guy Wells, pr\u00e9sident de la FUQAC, \u00c9douard C\u00f4t\u00e9-Lavoie, Qingxiao Zhou, Fadoua Baali, Francis Guay et Rocio Pedreira P\u00e9rez, laur\u00e9ats, Paul B\u00e9dard, professeur et responsable des programmes de premier cycle de l\u2019UQAC en sciences de la Terre, et Mustapha Fahmi, vice-recteur \u00e0 l\u2019enseignement, \u00e0 la recherche et \u00e0 la cr\u00e9ation de l\u2019UQAC<\/li>\n<\/ul>\n<ul>\n<li><strong>Bourses d\u2019excellence \u2013 Arthur-Villeneuve Rio Tinto Alcan (valeur de 5\u00a0500 $ chacune)<br \/>\n<\/strong>&#8211; Am\u00e9lie Berthet, \u00e9tudiante \u00e0 la ma\u00eetrise en art<br \/>\n&#8211; Lydia Mestokosho-Paradis, \u00e9tudiante \u00e0 la ma\u00eetrise en art<br \/>\n<a href=\"http:\/\/www.uqac.ca\/wp-content\/uploads\/2014\/11\/Boursier-Arthur-Villeneuve-RTA-Web-\u00a9Denis-Blackburn.jpg\"><img loading=\"lazy\" decoding=\"async\" class=\"alignnone size-full wp-image-28880\" src=\"http:\/\/www.uqac.ca\/wp-content\/uploads\/2014\/11\/Boursier-Arthur-Villeneuve-RTA-Web-\u00a9Denis-Blackburn.jpg\" alt=\"Boursier Arthur-Villeneuve RTA (Web) - \u00a9Denis Blackburn\" width=\"620\" height=\"300\" srcset=\"https:\/\/www.uqac.ca\/uqactualites\/wp-content\/uploads\/2014\/11\/Boursier-Arthur-Villeneuve-RTA-Web-\u00a9Denis-Blackburn.jpg 620w, https:\/\/www.uqac.ca\/uqactualites\/wp-content\/uploads\/2014\/11\/Boursier-Arthur-Villeneuve-RTA-Web-\u00a9Denis-Blackburn-300x145.jpg 300w\" sizes=\"(max-width: 620px) 100vw, 620px\" \/><\/a><strong><br \/>\nSur la photo\u00a0:<\/strong> M<sup>e<\/sup>\u00a0Guy Wells, pr\u00e9sident de la FUQAC, Am\u00e9lie Berthet, laur\u00e9ate, Fr\u00e9d\u00e9ric Laroche, directeur du Centre de recherche et de d\u00e9veloppement Arvida (CRDA) de Rio Tinto Alcan, Mathieu Valade, directeur du Module des arts de l\u2019UQAC, et Mustapha Fahmi, vice-recteur \u00e0 l\u2019enseignement, \u00e0 la recherche et \u00e0 la cr\u00e9ation de l\u2019UQAC<br \/>\nAbsente sur la photo\u00a0: Lydia Mestokosho-Paradis, laur\u00e9ate<\/li>\n<\/ul>\n<ul>\n<li><strong>Bourse de recherche \u2013 BMP innovation Rio Tinto Alcan (valeur de 27 000 $)<br \/>\n<\/strong>&#8211; Julien Walter, \u00e9tudiant au doctorat en sciences de la Terre et de l\u2019atmosph\u00e8re<br \/>\n<a href=\"http:\/\/www.uqac.ca\/wp-content\/uploads\/2014\/11\/Boursier-BMP-Innovation-RTA-Web-\u00a9Denis-Blackburn.jpg\"><img loading=\"lazy\" decoding=\"async\" class=\"alignnone size-full wp-image-28882\" src=\"http:\/\/www.uqac.ca\/wp-content\/uploads\/2014\/11\/Boursier-BMP-Innovation-RTA-Web-\u00a9Denis-Blackburn.jpg\" alt=\"Boursier BMP Innovation RTA (Web) - \u00a9Denis Blackburn\" width=\"620\" height=\"300\" srcset=\"https:\/\/www.uqac.ca\/uqactualites\/wp-content\/uploads\/2014\/11\/Boursier-BMP-Innovation-RTA-Web-\u00a9Denis-Blackburn.jpg 620w, https:\/\/www.uqac.ca\/uqactualites\/wp-content\/uploads\/2014\/11\/Boursier-BMP-Innovation-RTA-Web-\u00a9Denis-Blackburn-300x145.jpg 300w\" sizes=\"(max-width: 620px) 100vw, 620px\" \/><\/a><strong><br \/>\nSur la photo\u00a0:<\/strong> M<sup>e<\/sup>\u00a0Guy Wells, pr\u00e9sident de la FUQAC, Julien Walter, laur\u00e9at, Fr\u00e9d\u00e9ric Laroche, directeur du Centre de recherche et de d\u00e9veloppement Arvida (CRDA) de Rio Tinto Alcan, St\u00e9phane Allaire, doyen de la recherche et de la cr\u00e9ation de l\u2019UQAC, et Mustapha Fahmi, vice-recteur \u00e0 l\u2019enseignement, \u00e0 la recherche et \u00e0 la cr\u00e9ation de l\u2019UQAC<\/li>\n<\/ul>\n<p style=\"text-align: justify\"><strong><br \/>\nSources\u00a0:<\/strong><\/p>\n<p style=\"text-align: justify\">Fondation de l\u2019UQAC<br \/>\n418 545-5011, poste\u00a04141\u00a0 \u25aa\u00a0 <span style=\"text-decoration: underline\"><a href=\"mailto:fuqac@uqac.ca\">fuqac@uqac.ca<\/a><\/span><\/p>\n<p style=\"text-align: justify\">Bureau des affaires publiques<br \/>\nUniversit\u00e9 du Qu\u00e9bec \u00e0 Chicoutimi<br \/>\n418\u00a0545-5011, poste\u00a02350\u00a0 \u25aa\u00a0 <span style=\"text-decoration: underline\"><span style=\"color: #808080\"><a href=\"mailto:affaires_publiques@uqac.ca\">affaires_publiques@uqac.ca<\/a><\/span><\/span><\/p>\n<p style=\"text-align: justify\"><span style=\"color: #808080\"><strong><br \/>\n_______________________________________________________________________________________<\/strong><\/span><\/p>\n<p style=\"text-align: justify\"><span style=\"color: #808080\"><strong>Photos\u00a0(toutes)<\/strong><\/span><\/p>\n<p style=\"text-align: justify\"><span style=\"color: #808080\"><strong>\u00a9 Denis Blackburn, UQAC<\/strong><strong><br \/>\n<\/strong><b>_______________________________________________________________________________________<\/b><\/span><\/p>\n","protected":false},"excerpt":{"rendered":"<p>La c\u00e9r\u00e9monie annuelle de remise des bourses d\u2019excellence de la Fondation de l\u2019Universit\u00e9 du Qu\u00e9bec \u00e0 Chicoutimi (FUQAC) et l\u2019attribution du prix Masoud-Farzaneh se sont d\u00e9roul\u00e9es le 11\u00a0novembre\u00a0dernier \u00e0 l\u2019auditorium de l\u2019UQAC sous la pr\u00e9sidence de Me\u00a0Guy\u00a0Wells, pr\u00e9sident de la Fondation, et de M. Mustapha Fahmi, vice-recteur \u00e0 l\u2019enseignement, \u00e0 la recherche et \u00e0 la [&hellip;]<\/p>\n","protected":false},"author":5,"featured_media":28883,"comment_status":"open","ping_status":"open","sticky":false,"template":"","format":"standard","meta":{"footnotes":""},"categories":[2,61,9],"tags":[54,283,284,49],"yoast_head":"<!-- This site is optimized with the Yoast SEO plugin v24.2 - https:\/\/yoast.com\/wordpress\/plugins\/seo\/ -->\r\n<title>Lumi\u00e8re sur l\u2019excellence des \u00e9tudiants : la Fondation de l\u2019UQAC remet 93 000 $ en bourses - UQACtualit\u00e9s<\/title>\r\n<meta name=\"robots\" content=\"index, follow, max-snippet:-1, max-image-preview:large, max-video-preview:-1\" \/>\r\n<link rel=\"canonical\" href=\"https:\/\/www.uqac.ca\/uqactualites\/2014\/11\/26\/lumiere-sur-lexcellence-des-etudiants-la-fondation-de-luqac-remet-93-000-en-bourses\/\" \/>\r\n<meta property=\"og:locale\" content=\"fr_CA\" \/>\r\n<meta property=\"og:type\" content=\"article\" \/>\r\n<meta property=\"og:title\" content=\"Lumi\u00e8re sur l\u2019excellence des \u00e9tudiants : la Fondation de l\u2019UQAC remet 93 000 $ en bourses - UQACtualit\u00e9s\" \/>\r\n<meta property=\"og:description\" content=\"La c\u00e9r\u00e9monie annuelle de remise des bourses d\u2019excellence de la Fondation de l\u2019Universit\u00e9 du Qu\u00e9bec \u00e0 Chicoutimi (FUQAC) et l\u2019attribution du prix Masoud-Farzaneh se sont d\u00e9roul\u00e9es le 11\u00a0novembre\u00a0dernier \u00e0 l\u2019auditorium de l\u2019UQAC sous la pr\u00e9sidence de Me\u00a0Guy\u00a0Wells, pr\u00e9sident de la Fondation, et de M. Mustapha Fahmi, vice-recteur \u00e0 l\u2019enseignement, \u00e0 la recherche et \u00e0 la [&hellip;]\" \/>\r\n<meta property=\"og:url\" content=\"https:\/\/www.uqac.ca\/uqactualites\/2014\/11\/26\/lumiere-sur-lexcellence-des-etudiants-la-fondation-de-luqac-remet-93-000-en-bourses\/\" \/>\r\n<meta property=\"og:site_name\" content=\"UQACtualit\u00e9s\" \/>\r\n<meta property=\"article:published_time\" content=\"2014-11-26T20:27:07+00:00\" \/>\r\n<meta property=\"og:image\" content=\"https:\/\/www.uqac.ca\/uqactualites\/wp-content\/uploads\/2014\/11\/GRAF-BourseFUQAC.jpg\" \/>\r\n\t<meta property=\"og:image:width\" content=\"1292\" \/>\r\n\t<meta property=\"og:image:height\" content=\"625\" \/>\r\n\t<meta property=\"og:image:type\" content=\"image\/jpeg\" \/>\r\n<meta name=\"author\" content=\"Service des communications et des relations publiques\" \/>\r\n<meta name=\"twitter:card\" content=\"summary_large_image\" \/>\r\n<meta name=\"twitter:label1\" content=\"\u00c9crit par\" \/>\n\t<meta name=\"twitter:data1\" content=\"Service des communications et des relations publiques\" \/>\n\t<meta name=\"twitter:label2\" content=\"Estimation du temps de lecture\" \/>\n\t<meta name=\"twitter:data2\" content=\"4 minutes\" \/>\r\n<script type=\"application\/ld+json\" class=\"yoast-schema-graph\">{\"@context\":\"https:\/\/schema.org\",\"@graph\":[{\"@type\":\"WebPage\",\"@id\":\"https:\/\/www.uqac.ca\/uqactualites\/2014\/11\/26\/lumiere-sur-lexcellence-des-etudiants-la-fondation-de-luqac-remet-93-000-en-bourses\/\",\"url\":\"https:\/\/www.uqac.ca\/uqactualites\/2014\/11\/26\/lumiere-sur-lexcellence-des-etudiants-la-fondation-de-luqac-remet-93-000-en-bourses\/\",\"name\":\"Lumi\u00e8re sur l\u2019excellence des \u00e9tudiants : la Fondation de l\u2019UQAC remet 93 000 $ en bourses - UQACtualit\u00e9s\",\"isPartOf\":{\"@id\":\"https:\/\/www.uqac.ca\/uqactualites\/#website\"},\"primaryImageOfPage\":{\"@id\":\"https:\/\/www.uqac.ca\/uqactualites\/2014\/11\/26\/lumiere-sur-lexcellence-des-etudiants-la-fondation-de-luqac-remet-93-000-en-bourses\/#primaryimage\"},\"image\":{\"@id\":\"https:\/\/www.uqac.ca\/uqactualites\/2014\/11\/26\/lumiere-sur-lexcellence-des-etudiants-la-fondation-de-luqac-remet-93-000-en-bourses\/#primaryimage\"},\"thumbnailUrl\":\"https:\/\/www.uqac.ca\/uqactualites\/wp-content\/uploads\/2014\/11\/GRAF-BourseFUQAC.jpg\",\"datePublished\":\"2014-11-26T20:27:07+00:00\",\"dateModified\":\"2014-11-26T20:27:07+00:00\",\"author\":{\"@id\":\"https:\/\/www.uqac.ca\/uqactualites\/#\/schema\/person\/366c45a0c4f0e677b41b4af5886e2018\"},\"breadcrumb\":{\"@id\":\"https:\/\/www.uqac.ca\/uqactualites\/2014\/11\/26\/lumiere-sur-lexcellence-des-etudiants-la-fondation-de-luqac-remet-93-000-en-bourses\/#breadcrumb\"},\"inLanguage\":\"fr-CA\",\"potentialAction\":[{\"@type\":\"ReadAction\",\"target\":[\"https:\/\/www.uqac.ca\/uqactualites\/2014\/11\/26\/lumiere-sur-lexcellence-des-etudiants-la-fondation-de-luqac-remet-93-000-en-bourses\/\"]}]},{\"@type\":\"ImageObject\",\"inLanguage\":\"fr-CA\",\"@id\":\"https:\/\/www.uqac.ca\/uqactualites\/2014\/11\/26\/lumiere-sur-lexcellence-des-etudiants-la-fondation-de-luqac-remet-93-000-en-bourses\/#primaryimage\",\"url\":\"https:\/\/www.uqac.ca\/uqactualites\/wp-content\/uploads\/2014\/11\/GRAF-BourseFUQAC.jpg\",\"contentUrl\":\"https:\/\/www.uqac.ca\/uqactualites\/wp-content\/uploads\/2014\/11\/GRAF-BourseFUQAC.jpg\",\"width\":1292,\"height\":625},{\"@type\":\"BreadcrumbList\",\"@id\":\"https:\/\/www.uqac.ca\/uqactualites\/2014\/11\/26\/lumiere-sur-lexcellence-des-etudiants-la-fondation-de-luqac-remet-93-000-en-bourses\/#breadcrumb\",\"itemListElement\":[{\"@type\":\"ListItem\",\"position\":1,\"name\":\"Home\",\"item\":\"https:\/\/www.uqac.ca\/uqactualites\/\"},{\"@type\":\"ListItem\",\"position\":2,\"name\":\"Lumi\u00e8re sur l\u2019excellence des \u00e9tudiants : la Fondation de l\u2019UQAC remet 93 000 $ en bourses\"}]},{\"@type\":\"WebSite\",\"@id\":\"https:\/\/www.uqac.ca\/uqactualites\/#website\",\"url\":\"https:\/\/www.uqac.ca\/uqactualites\/\",\"name\":\"UQACtualit\u00e9s\",\"description\":\"Le portail des nouvelles de l&#039;UQAC\",\"potentialAction\":[{\"@type\":\"SearchAction\",\"target\":{\"@type\":\"EntryPoint\",\"urlTemplate\":\"https:\/\/www.uqac.ca\/uqactualites\/?s={search_term_string}\"},\"query-input\":{\"@type\":\"PropertyValueSpecification\",\"valueRequired\":true,\"valueName\":\"search_term_string\"}}],\"inLanguage\":\"fr-CA\"},{\"@type\":\"Person\",\"@id\":\"https:\/\/www.uqac.ca\/uqactualites\/#\/schema\/person\/366c45a0c4f0e677b41b4af5886e2018\",\"name\":\"Service des communications et des relations publiques\",\"image\":{\"@type\":\"ImageObject\",\"inLanguage\":\"fr-CA\",\"@id\":\"https:\/\/www.uqac.ca\/uqactualites\/#\/schema\/person\/image\/\",\"url\":\"https:\/\/secure.gravatar.com\/avatar\/20fbbda8a292f59f2d3461a5b999c00b?s=96&d=mm&r=g\",\"contentUrl\":\"https:\/\/secure.gravatar.com\/avatar\/20fbbda8a292f59f2d3461a5b999c00b?s=96&d=mm&r=g\",\"caption\":\"Service des communications et des relations publiques\"},\"url\":\"https:\/\/www.uqac.ca\/uqactualites\/author\/bap\/\"}]}<\/script>\r\n<!-- \/ Yoast SEO plugin. -->","yoast_head_json":{"title":"Lumi\u00e8re sur l\u2019excellence des \u00e9tudiants : la Fondation de l\u2019UQAC remet 93 000 $ en bourses - UQACtualit\u00e9s","robots":{"index":"index","follow":"follow","max-snippet":"max-snippet:-1","max-image-preview":"max-image-preview:large","max-video-preview":"max-video-preview:-1"},"canonical":"https:\/\/www.uqac.ca\/uqactualites\/2014\/11\/26\/lumiere-sur-lexcellence-des-etudiants-la-fondation-de-luqac-remet-93-000-en-bourses\/","og_locale":"fr_CA","og_type":"article","og_title":"Lumi\u00e8re sur l\u2019excellence des \u00e9tudiants : la Fondation de l\u2019UQAC remet 93 000 $ en bourses - UQACtualit\u00e9s","og_description":"La c\u00e9r\u00e9monie annuelle de remise des bourses d\u2019excellence de la Fondation de l\u2019Universit\u00e9 du Qu\u00e9bec \u00e0 Chicoutimi (FUQAC) et l\u2019attribution du prix Masoud-Farzaneh se sont d\u00e9roul\u00e9es le 11\u00a0novembre\u00a0dernier \u00e0 l\u2019auditorium de l\u2019UQAC sous la pr\u00e9sidence de Me\u00a0Guy\u00a0Wells, pr\u00e9sident de la Fondation, et de M. Mustapha Fahmi, vice-recteur \u00e0 l\u2019enseignement, \u00e0 la recherche et \u00e0 la [&hellip;]","og_url":"https:\/\/www.uqac.ca\/uqactualites\/2014\/11\/26\/lumiere-sur-lexcellence-des-etudiants-la-fondation-de-luqac-remet-93-000-en-bourses\/","og_site_name":"UQACtualit\u00e9s","article_published_time":"2014-11-26T20:27:07+00:00","og_image":[{"width":1292,"height":625,"url":"https:\/\/www.uqac.ca\/uqactualites\/wp-content\/uploads\/2014\/11\/GRAF-BourseFUQAC.jpg","type":"image\/jpeg"}],"author":"Service des communications et des relations publiques","twitter_card":"summary_large_image","twitter_misc":{"\u00c9crit par":"Service des communications et des relations publiques","Estimation du temps de lecture":"4 minutes"},"schema":{"@context":"https:\/\/schema.org","@graph":[{"@type":"WebPage","@id":"https:\/\/www.uqac.ca\/uqactualites\/2014\/11\/26\/lumiere-sur-lexcellence-des-etudiants-la-fondation-de-luqac-remet-93-000-en-bourses\/","url":"https:\/\/www.uqac.ca\/uqactualites\/2014\/11\/26\/lumiere-sur-lexcellence-des-etudiants-la-fondation-de-luqac-remet-93-000-en-bourses\/","name":"Lumi\u00e8re sur l\u2019excellence des \u00e9tudiants : la Fondation de l\u2019UQAC remet 93 000 $ en bourses - UQACtualit\u00e9s","isPartOf":{"@id":"https:\/\/www.uqac.ca\/uqactualites\/#website"},"primaryImageOfPage":{"@id":"https:\/\/www.uqac.ca\/uqactualites\/2014\/11\/26\/lumiere-sur-lexcellence-des-etudiants-la-fondation-de-luqac-remet-93-000-en-bourses\/#primaryimage"},"image":{"@id":"https:\/\/www.uqac.ca\/uqactualites\/2014\/11\/26\/lumiere-sur-lexcellence-des-etudiants-la-fondation-de-luqac-remet-93-000-en-bourses\/#primaryimage"},"thumbnailUrl":"https:\/\/www.uqac.ca\/uqactualites\/wp-content\/uploads\/2014\/11\/GRAF-BourseFUQAC.jpg","datePublished":"2014-11-26T20:27:07+00:00","dateModified":"2014-11-26T20:27:07+00:00","author":{"@id":"https:\/\/www.uqac.ca\/uqactualites\/#\/schema\/person\/366c45a0c4f0e677b41b4af5886e2018"},"breadcrumb":{"@id":"https:\/\/www.uqac.ca\/uqactualites\/2014\/11\/26\/lumiere-sur-lexcellence-des-etudiants-la-fondation-de-luqac-remet-93-000-en-bourses\/#breadcrumb"},"inLanguage":"fr-CA","potentialAction":[{"@type":"ReadAction","target":["https:\/\/www.uqac.ca\/uqactualites\/2014\/11\/26\/lumiere-sur-lexcellence-des-etudiants-la-fondation-de-luqac-remet-93-000-en-bourses\/"]}]},{"@type":"ImageObject","inLanguage":"fr-CA","@id":"https:\/\/www.uqac.ca\/uqactualites\/2014\/11\/26\/lumiere-sur-lexcellence-des-etudiants-la-fondation-de-luqac-remet-93-000-en-bourses\/#primaryimage","url":"https:\/\/www.uqac.ca\/uqactualites\/wp-content\/uploads\/2014\/11\/GRAF-BourseFUQAC.jpg","contentUrl":"https:\/\/www.uqac.ca\/uqactualites\/wp-content\/uploads\/2014\/11\/GRAF-BourseFUQAC.jpg","width":1292,"height":625},{"@type":"BreadcrumbList","@id":"https:\/\/www.uqac.ca\/uqactualites\/2014\/11\/26\/lumiere-sur-lexcellence-des-etudiants-la-fondation-de-luqac-remet-93-000-en-bourses\/#breadcrumb","itemListElement":[{"@type":"ListItem","position":1,"name":"Home","item":"https:\/\/www.uqac.ca\/uqactualites\/"},{"@type":"ListItem","position":2,"name":"Lumi\u00e8re sur l\u2019excellence des \u00e9tudiants : la Fondation de l\u2019UQAC remet 93 000 $ en bourses"}]},{"@type":"WebSite","@id":"https:\/\/www.uqac.ca\/uqactualites\/#website","url":"https:\/\/www.uqac.ca\/uqactualites\/","name":"UQACtualit\u00e9s","description":"Le portail des nouvelles de l&#039;UQAC","potentialAction":[{"@type":"SearchAction","target":{"@type":"EntryPoint","urlTemplate":"https:\/\/www.uqac.ca\/uqactualites\/?s={search_term_string}"},"query-input":{"@type":"PropertyValueSpecification","valueRequired":true,"valueName":"search_term_string"}}],"inLanguage":"fr-CA"},{"@type":"Person","@id":"https:\/\/www.uqac.ca\/uqactualites\/#\/schema\/person\/366c45a0c4f0e677b41b4af5886e2018","name":"Service des communications et des relations publiques","image":{"@type":"ImageObject","inLanguage":"fr-CA","@id":"https:\/\/www.uqac.ca\/uqactualites\/#\/schema\/person\/image\/","url":"https:\/\/secure.gravatar.com\/avatar\/20fbbda8a292f59f2d3461a5b999c00b?s=96&d=mm&r=g","contentUrl":"https:\/\/secure.gravatar.com\/avatar\/20fbbda8a292f59f2d3461a5b999c00b?s=96&d=mm&r=g","caption":"Service des communications et des relations publiques"},"url":"https:\/\/www.uqac.ca\/uqactualites\/author\/bap\/"}]}},"_links":{"self":[{"href":"https:\/\/www.uqac.ca\/uqactualites\/wp-json\/wp\/v2\/posts\/28868"}],"collection":[{"href":"https:\/\/www.uqac.ca\/uqactualites\/wp-json\/wp\/v2\/posts"}],"about":[{"href":"https:\/\/www.uqac.ca\/uqactualites\/wp-json\/wp\/v2\/types\/post"}],"author":[{"embeddable":true,"href":"https:\/\/www.uqac.ca\/uqactualites\/wp-json\/wp\/v2\/users\/5"}],"replies":[{"embeddable":true,"href":"https:\/\/www.uqac.ca\/uqactualites\/wp-json\/wp\/v2\/comments?post=28868"}],"version-history":[{"count":0,"href":"https:\/\/www.uqac.ca\/uqactualites\/wp-json\/wp\/v2\/posts\/28868\/revisions"}],"wp:featuredmedia":[{"embeddable":true,"href":"https:\/\/www.uqac.ca\/uqactualites\/wp-json\/wp\/v2\/media\/28883"}],"wp:attachment":[{"href":"https:\/\/www.uqac.ca\/uqactualites\/wp-json\/wp\/v2\/media?parent=28868"}],"wp:term":[{"taxonomy":"category","embeddable":true,"href":"https:\/\/www.uqac.ca\/uqactualites\/wp-json\/wp\/v2\/categories?post=28868"},{"taxonomy":"post_tag","embeddable":true,"href":"https:\/\/www.uqac.ca\/uqactualites\/wp-json\/wp\/v2\/tags?post=28868"}],"curies":[{"name":"wp","href":"https:\/\/api.w.org\/{rel}","templated":true}]}}