{"id":28973,"date":"2014-12-11T16:14:04","date_gmt":"2014-12-11T21:14:04","guid":{"rendered":"http:\/\/uqactualite.odev.ca\/?p=28973"},"modified":"2014-12-11T16:14:04","modified_gmt":"2014-12-11T21:14:04","slug":"campagne-centraide-uqac-2014-45-675-fois-merci","status":"publish","type":"post","link":"https:\/\/www.uqac.ca\/uqactualites\/2014\/12\/11\/campagne-centraide-uqac-2014-45-675-fois-merci\/","title":{"rendered":"Campagne Centraide-UQAC 2014 : 45 675 fois merci!"},"content":{"rendered":"<p style=\"text-align: justify\">Au cours des derni\u00e8res semaines avait lieu l\u2019\u00e9dition 2014 de la Campagne annuelle Centraide-UQAC. C\u2019est avec un succ\u00e8s sans pr\u00e9c\u00e9dent que s\u2019est close cette campagne, dont la somme recueillie s\u2019\u00e9l\u00e8ve \u00e0 45\u00a0675\u00a0$. Gr\u00e2ce \u00e0 l\u2019engagement de plusieurs d\u2019entre nous, le montant amass\u00e9 s\u2019est \u00e9lev\u00e9 \u00e0 un sommet jamais atteint au sein de notre organisation.<\/p>\n<p style=\"text-align: justify\">En plus des excellents r\u00e9sultats obtenus par l\u2019\u00e9quipe du Pavillon sportif au <span style=\"text-decoration: underline\"><a href=\"http:\/\/uqactualite.odev.ca\/defi-centraide-de-tir-dun-cf-18-une-2e-place-pour-les-inuk\/\" target=\"_blank\" rel=\"noopener\"><strong>concours de tir d\u2019un CF-18<\/strong><\/a><\/span> tenu en octobre dernier, la communaut\u00e9 universitaire a r\u00e9ussi tout un exploit en amassant un montant in\u00e9gal\u00e9 de 37\u00a0771\u00a0$. Ces dons seront d\u2019ailleurs vers\u00e9s \u00e0 pr\u00e8s d\u2019une centaine d\u2019organismes communautaires de la r\u00e9gion.<\/p>\n<p style=\"text-align: justify\">Par ailleurs, un cercle philanthropique de grands donateurs a \u00e9merg\u00e9 de cette campagne. Parmi eux, plusieurs de nos coll\u00e8gues ont relev\u00e9 le \u00ab\u00a0D\u00e9fi des leaders\u00a0\u00bb lanc\u00e9 par Industrielle Alliance et Int\u00e9grale Dermo Correction, deux entreprises engag\u00e9es \u00e0 doubler la mise de tout nouveau donateur qui effectuait un don de 1\u00a0000\u00a0$ et plus. Cette initiative a permis d\u2019ajouter une somme de 7\u00a0904\u00a0$ \u00e0 la campagne.<\/p>\n<p style=\"text-align: justify\">La communaut\u00e9 universitaire d\u00e9montre ainsi sa fiert\u00e9 de soutenir activement un vaste r\u00e9seau de solidarit\u00e9 sociale et demeure parmi les chefs de file de ce mouvement de g\u00e9n\u00e9rosit\u00e9 au b\u00e9n\u00e9fice de la collectivit\u00e9 r\u00e9gionale.<\/p>\n<p style=\"text-align: justify\">Au nom du comit\u00e9 de la Campagne Centraide-UQAC 2014, chapeau \u00e0 votre g\u00e9n\u00e9rosit\u00e9!<\/p>\n<p style=\"text-align: justify\">Recevez l\u2019expression de nos meilleurs v\u0153ux \u00e0 l\u2019occasion du temps des f\u00eates et de la nouvelle ann\u00e9e.<\/p>\n<p style=\"text-align: justify;padding-left: 30px\"><strong>Tirage d\u2019une vignette de stationnement<br \/>\n<\/strong>Il est \u00e0 noter que le nom de la donatrice ou du donateur ayant remport\u00e9 une vignette de stationnement sera d\u00e9voil\u00e9 dans le cadre de la Soir\u00e9e de No\u00ebl des employ\u00e9es et employ\u00e9s de l\u2019UQAC, qui se tiendra le 18 d\u00e9cembre prochain.<\/p>\n<p style=\"text-align: justify\"><strong><br \/>\nSources\u00a0:<\/strong><\/p>\n<p style=\"text-align: justify\">Pierre Imbeault<br \/>\nDirecteur du Service des ressources humaines de l\u2019UQAC<br \/>\nCopr\u00e9sident de la campagne Centraide-UQAC 2014<br \/>\n418 545-5011, poste\u00a05622\u00a0 \u25aa\u00a0 <span style=\"text-decoration: underline\"><a href=\"mailto:pierre_imbeault@uqac.ca\">pierre_imbeault@uqac.ca<\/a><\/span><\/p>\n<p style=\"text-align: justify\">Bureau des affaires publiques<br \/>\nUniversit\u00e9 du Qu\u00e9bec \u00e0 Chicoutimi<br \/>\n418\u00a0545-5011, poste 2350\u00a0 \u25aa\u00a0 <span style=\"text-decoration: underline\"><a href=\"mailto:affaires_publiques@uqac.ca\">affaires_publiques@uqac.ca<\/a><\/span><\/p>\n","protected":false},"excerpt":{"rendered":"<p>Au cours des derni\u00e8res semaines avait lieu l\u2019\u00e9dition 2014 de la Campagne annuelle Centraide-UQAC. C\u2019est avec un succ\u00e8s sans pr\u00e9c\u00e9dent que s\u2019est close cette campagne, dont la somme recueillie s\u2019\u00e9l\u00e8ve \u00e0 45\u00a0675\u00a0$. Gr\u00e2ce \u00e0 l\u2019engagement de plusieurs d\u2019entre nous, le montant amass\u00e9 s\u2019est \u00e9lev\u00e9 \u00e0 un sommet jamais atteint au sein de notre organisation. En [&hellip;]<\/p>\n","protected":false},"author":5,"featured_media":28974,"comment_status":"open","ping_status":"open","sticky":false,"template":"","format":"standard","meta":{"footnotes":""},"categories":[2],"tags":[256,272,995],"yoast_head":"<!-- This site is optimized with the Yoast SEO plugin v24.2 - https:\/\/yoast.com\/wordpress\/plugins\/seo\/ -->\r\n<title>Campagne Centraide-UQAC 2014 : 45 675 fois merci! - UQACtualit\u00e9s<\/title>\r\n<meta name=\"robots\" content=\"index, follow, max-snippet:-1, max-image-preview:large, max-video-preview:-1\" \/>\r\n<link rel=\"canonical\" href=\"https:\/\/www.uqac.ca\/uqactualites\/2014\/12\/11\/campagne-centraide-uqac-2014-45-675-fois-merci\/\" \/>\r\n<meta property=\"og:locale\" content=\"fr_CA\" \/>\r\n<meta property=\"og:type\" content=\"article\" \/>\r\n<meta property=\"og:title\" content=\"Campagne Centraide-UQAC 2014 : 45 675 fois merci! - UQACtualit\u00e9s\" \/>\r\n<meta property=\"og:description\" content=\"Au cours des derni\u00e8res semaines avait lieu l\u2019\u00e9dition 2014 de la Campagne annuelle Centraide-UQAC. C\u2019est avec un succ\u00e8s sans pr\u00e9c\u00e9dent que s\u2019est close cette campagne, dont la somme recueillie s\u2019\u00e9l\u00e8ve \u00e0 45\u00a0675\u00a0$. Gr\u00e2ce \u00e0 l\u2019engagement de plusieurs d\u2019entre nous, le montant amass\u00e9 s\u2019est \u00e9lev\u00e9 \u00e0 un sommet jamais atteint au sein de notre organisation. En [&hellip;]\" \/>\r\n<meta property=\"og:url\" content=\"https:\/\/www.uqac.ca\/uqactualites\/2014\/12\/11\/campagne-centraide-uqac-2014-45-675-fois-merci\/\" \/>\r\n<meta property=\"og:site_name\" content=\"UQACtualit\u00e9s\" \/>\r\n<meta property=\"article:published_time\" content=\"2014-12-11T21:14:04+00:00\" \/>\r\n<meta property=\"og:image\" content=\"https:\/\/www.uqac.ca\/uqactualites\/wp-content\/uploads\/2014\/12\/GRAF_centraideUQactualite-01.jpg\" \/>\r\n\t<meta property=\"og:image:width\" content=\"620\" \/>\r\n\t<meta property=\"og:image:height\" content=\"302\" \/>\r\n\t<meta property=\"og:image:type\" content=\"image\/jpeg\" \/>\r\n<meta name=\"author\" content=\"Service des communications et des relations publiques\" \/>\r\n<meta name=\"twitter:card\" content=\"summary_large_image\" \/>\r\n<meta name=\"twitter:label1\" content=\"\u00c9crit par\" \/>\n\t<meta name=\"twitter:data1\" content=\"Service des communications et des relations publiques\" \/>\n\t<meta name=\"twitter:label2\" content=\"Estimation du temps de lecture\" \/>\n\t<meta name=\"twitter:data2\" content=\"2 minutes\" \/>\r\n<script type=\"application\/ld+json\" class=\"yoast-schema-graph\">{\"@context\":\"https:\/\/schema.org\",\"@graph\":[{\"@type\":\"WebPage\",\"@id\":\"https:\/\/www.uqac.ca\/uqactualites\/2014\/12\/11\/campagne-centraide-uqac-2014-45-675-fois-merci\/\",\"url\":\"https:\/\/www.uqac.ca\/uqactualites\/2014\/12\/11\/campagne-centraide-uqac-2014-45-675-fois-merci\/\",\"name\":\"Campagne Centraide-UQAC 2014 : 45 675 fois merci! - UQACtualit\u00e9s\",\"isPartOf\":{\"@id\":\"https:\/\/www.uqac.ca\/uqactualites\/#website\"},\"primaryImageOfPage\":{\"@id\":\"https:\/\/www.uqac.ca\/uqactualites\/2014\/12\/11\/campagne-centraide-uqac-2014-45-675-fois-merci\/#primaryimage\"},\"image\":{\"@id\":\"https:\/\/www.uqac.ca\/uqactualites\/2014\/12\/11\/campagne-centraide-uqac-2014-45-675-fois-merci\/#primaryimage\"},\"thumbnailUrl\":\"https:\/\/www.uqac.ca\/uqactualites\/wp-content\/uploads\/2014\/12\/GRAF_centraideUQactualite-01.jpg\",\"datePublished\":\"2014-12-11T21:14:04+00:00\",\"dateModified\":\"2014-12-11T21:14:04+00:00\",\"author\":{\"@id\":\"https:\/\/www.uqac.ca\/uqactualites\/#\/schema\/person\/366c45a0c4f0e677b41b4af5886e2018\"},\"breadcrumb\":{\"@id\":\"https:\/\/www.uqac.ca\/uqactualites\/2014\/12\/11\/campagne-centraide-uqac-2014-45-675-fois-merci\/#breadcrumb\"},\"inLanguage\":\"fr-CA\",\"potentialAction\":[{\"@type\":\"ReadAction\",\"target\":[\"https:\/\/www.uqac.ca\/uqactualites\/2014\/12\/11\/campagne-centraide-uqac-2014-45-675-fois-merci\/\"]}]},{\"@type\":\"ImageObject\",\"inLanguage\":\"fr-CA\",\"@id\":\"https:\/\/www.uqac.ca\/uqactualites\/2014\/12\/11\/campagne-centraide-uqac-2014-45-675-fois-merci\/#primaryimage\",\"url\":\"https:\/\/www.uqac.ca\/uqactualites\/wp-content\/uploads\/2014\/12\/GRAF_centraideUQactualite-01.jpg\",\"contentUrl\":\"https:\/\/www.uqac.ca\/uqactualites\/wp-content\/uploads\/2014\/12\/GRAF_centraideUQactualite-01.jpg\",\"width\":620,\"height\":302},{\"@type\":\"BreadcrumbList\",\"@id\":\"https:\/\/www.uqac.ca\/uqactualites\/2014\/12\/11\/campagne-centraide-uqac-2014-45-675-fois-merci\/#breadcrumb\",\"itemListElement\":[{\"@type\":\"ListItem\",\"position\":1,\"name\":\"Home\",\"item\":\"https:\/\/www.uqac.ca\/uqactualites\/\"},{\"@type\":\"ListItem\",\"position\":2,\"name\":\"Campagne Centraide-UQAC 2014 : 45 675 fois merci!\"}]},{\"@type\":\"WebSite\",\"@id\":\"https:\/\/www.uqac.ca\/uqactualites\/#website\",\"url\":\"https:\/\/www.uqac.ca\/uqactualites\/\",\"name\":\"UQACtualit\u00e9s\",\"description\":\"Le portail des nouvelles de l&#039;UQAC\",\"potentialAction\":[{\"@type\":\"SearchAction\",\"target\":{\"@type\":\"EntryPoint\",\"urlTemplate\":\"https:\/\/www.uqac.ca\/uqactualites\/?s={search_term_string}\"},\"query-input\":{\"@type\":\"PropertyValueSpecification\",\"valueRequired\":true,\"valueName\":\"search_term_string\"}}],\"inLanguage\":\"fr-CA\"},{\"@type\":\"Person\",\"@id\":\"https:\/\/www.uqac.ca\/uqactualites\/#\/schema\/person\/366c45a0c4f0e677b41b4af5886e2018\",\"name\":\"Service des communications et des relations publiques\",\"image\":{\"@type\":\"ImageObject\",\"inLanguage\":\"fr-CA\",\"@id\":\"https:\/\/www.uqac.ca\/uqactualites\/#\/schema\/person\/image\/\",\"url\":\"https:\/\/secure.gravatar.com\/avatar\/20fbbda8a292f59f2d3461a5b999c00b?s=96&d=mm&r=g\",\"contentUrl\":\"https:\/\/secure.gravatar.com\/avatar\/20fbbda8a292f59f2d3461a5b999c00b?s=96&d=mm&r=g\",\"caption\":\"Service des communications et des relations publiques\"},\"url\":\"https:\/\/www.uqac.ca\/uqactualites\/author\/bap\/\"}]}<\/script>\r\n<!-- \/ Yoast SEO plugin. -->","yoast_head_json":{"title":"Campagne Centraide-UQAC 2014 : 45 675 fois merci! - UQACtualit\u00e9s","robots":{"index":"index","follow":"follow","max-snippet":"max-snippet:-1","max-image-preview":"max-image-preview:large","max-video-preview":"max-video-preview:-1"},"canonical":"https:\/\/www.uqac.ca\/uqactualites\/2014\/12\/11\/campagne-centraide-uqac-2014-45-675-fois-merci\/","og_locale":"fr_CA","og_type":"article","og_title":"Campagne Centraide-UQAC 2014 : 45 675 fois merci! - UQACtualit\u00e9s","og_description":"Au cours des derni\u00e8res semaines avait lieu l\u2019\u00e9dition 2014 de la Campagne annuelle Centraide-UQAC. C\u2019est avec un succ\u00e8s sans pr\u00e9c\u00e9dent que s\u2019est close cette campagne, dont la somme recueillie s\u2019\u00e9l\u00e8ve \u00e0 45\u00a0675\u00a0$. Gr\u00e2ce \u00e0 l\u2019engagement de plusieurs d\u2019entre nous, le montant amass\u00e9 s\u2019est \u00e9lev\u00e9 \u00e0 un sommet jamais atteint au sein de notre organisation. En [&hellip;]","og_url":"https:\/\/www.uqac.ca\/uqactualites\/2014\/12\/11\/campagne-centraide-uqac-2014-45-675-fois-merci\/","og_site_name":"UQACtualit\u00e9s","article_published_time":"2014-12-11T21:14:04+00:00","og_image":[{"width":620,"height":302,"url":"https:\/\/www.uqac.ca\/uqactualites\/wp-content\/uploads\/2014\/12\/GRAF_centraideUQactualite-01.jpg","type":"image\/jpeg"}],"author":"Service des communications et des relations publiques","twitter_card":"summary_large_image","twitter_misc":{"\u00c9crit par":"Service des communications et des relations publiques","Estimation du temps de lecture":"2 minutes"},"schema":{"@context":"https:\/\/schema.org","@graph":[{"@type":"WebPage","@id":"https:\/\/www.uqac.ca\/uqactualites\/2014\/12\/11\/campagne-centraide-uqac-2014-45-675-fois-merci\/","url":"https:\/\/www.uqac.ca\/uqactualites\/2014\/12\/11\/campagne-centraide-uqac-2014-45-675-fois-merci\/","name":"Campagne Centraide-UQAC 2014 : 45 675 fois merci! - UQACtualit\u00e9s","isPartOf":{"@id":"https:\/\/www.uqac.ca\/uqactualites\/#website"},"primaryImageOfPage":{"@id":"https:\/\/www.uqac.ca\/uqactualites\/2014\/12\/11\/campagne-centraide-uqac-2014-45-675-fois-merci\/#primaryimage"},"image":{"@id":"https:\/\/www.uqac.ca\/uqactualites\/2014\/12\/11\/campagne-centraide-uqac-2014-45-675-fois-merci\/#primaryimage"},"thumbnailUrl":"https:\/\/www.uqac.ca\/uqactualites\/wp-content\/uploads\/2014\/12\/GRAF_centraideUQactualite-01.jpg","datePublished":"2014-12-11T21:14:04+00:00","dateModified":"2014-12-11T21:14:04+00:00","author":{"@id":"https:\/\/www.uqac.ca\/uqactualites\/#\/schema\/person\/366c45a0c4f0e677b41b4af5886e2018"},"breadcrumb":{"@id":"https:\/\/www.uqac.ca\/uqactualites\/2014\/12\/11\/campagne-centraide-uqac-2014-45-675-fois-merci\/#breadcrumb"},"inLanguage":"fr-CA","potentialAction":[{"@type":"ReadAction","target":["https:\/\/www.uqac.ca\/uqactualites\/2014\/12\/11\/campagne-centraide-uqac-2014-45-675-fois-merci\/"]}]},{"@type":"ImageObject","inLanguage":"fr-CA","@id":"https:\/\/www.uqac.ca\/uqactualites\/2014\/12\/11\/campagne-centraide-uqac-2014-45-675-fois-merci\/#primaryimage","url":"https:\/\/www.uqac.ca\/uqactualites\/wp-content\/uploads\/2014\/12\/GRAF_centraideUQactualite-01.jpg","contentUrl":"https:\/\/www.uqac.ca\/uqactualites\/wp-content\/uploads\/2014\/12\/GRAF_centraideUQactualite-01.jpg","width":620,"height":302},{"@type":"BreadcrumbList","@id":"https:\/\/www.uqac.ca\/uqactualites\/2014\/12\/11\/campagne-centraide-uqac-2014-45-675-fois-merci\/#breadcrumb","itemListElement":[{"@type":"ListItem","position":1,"name":"Home","item":"https:\/\/www.uqac.ca\/uqactualites\/"},{"@type":"ListItem","position":2,"name":"Campagne Centraide-UQAC 2014 : 45 675 fois merci!"}]},{"@type":"WebSite","@id":"https:\/\/www.uqac.ca\/uqactualites\/#website","url":"https:\/\/www.uqac.ca\/uqactualites\/","name":"UQACtualit\u00e9s","description":"Le portail des nouvelles de l&#039;UQAC","potentialAction":[{"@type":"SearchAction","target":{"@type":"EntryPoint","urlTemplate":"https:\/\/www.uqac.ca\/uqactualites\/?s={search_term_string}"},"query-input":{"@type":"PropertyValueSpecification","valueRequired":true,"valueName":"search_term_string"}}],"inLanguage":"fr-CA"},{"@type":"Person","@id":"https:\/\/www.uqac.ca\/uqactualites\/#\/schema\/person\/366c45a0c4f0e677b41b4af5886e2018","name":"Service des communications et des relations publiques","image":{"@type":"ImageObject","inLanguage":"fr-CA","@id":"https:\/\/www.uqac.ca\/uqactualites\/#\/schema\/person\/image\/","url":"https:\/\/secure.gravatar.com\/avatar\/20fbbda8a292f59f2d3461a5b999c00b?s=96&d=mm&r=g","contentUrl":"https:\/\/secure.gravatar.com\/avatar\/20fbbda8a292f59f2d3461a5b999c00b?s=96&d=mm&r=g","caption":"Service des communications et des relations publiques"},"url":"https:\/\/www.uqac.ca\/uqactualites\/author\/bap\/"}]}},"_links":{"self":[{"href":"https:\/\/www.uqac.ca\/uqactualites\/wp-json\/wp\/v2\/posts\/28973"}],"collection":[{"href":"https:\/\/www.uqac.ca\/uqactualites\/wp-json\/wp\/v2\/posts"}],"about":[{"href":"https:\/\/www.uqac.ca\/uqactualites\/wp-json\/wp\/v2\/types\/post"}],"author":[{"embeddable":true,"href":"https:\/\/www.uqac.ca\/uqactualites\/wp-json\/wp\/v2\/users\/5"}],"replies":[{"embeddable":true,"href":"https:\/\/www.uqac.ca\/uqactualites\/wp-json\/wp\/v2\/comments?post=28973"}],"version-history":[{"count":0,"href":"https:\/\/www.uqac.ca\/uqactualites\/wp-json\/wp\/v2\/posts\/28973\/revisions"}],"wp:featuredmedia":[{"embeddable":true,"href":"https:\/\/www.uqac.ca\/uqactualites\/wp-json\/wp\/v2\/media\/28974"}],"wp:attachment":[{"href":"https:\/\/www.uqac.ca\/uqactualites\/wp-json\/wp\/v2\/media?parent=28973"}],"wp:term":[{"taxonomy":"category","embeddable":true,"href":"https:\/\/www.uqac.ca\/uqactualites\/wp-json\/wp\/v2\/categories?post=28973"},{"taxonomy":"post_tag","embeddable":true,"href":"https:\/\/www.uqac.ca\/uqactualites\/wp-json\/wp\/v2\/tags?post=28973"}],"curies":[{"name":"wp","href":"https:\/\/api.w.org\/{rel}","templated":true}]}}