{"id":29010,"date":"2015-01-15T09:15:23","date_gmt":"2015-01-15T14:15:23","guid":{"rendered":"http:\/\/uqactualite.odev.ca\/?p=29010"},"modified":"2015-01-15T09:15:23","modified_gmt":"2015-01-15T14:15:23","slug":"collecte-dons-et-partage-2014-1-121-fois-merci","status":"publish","type":"post","link":"https:\/\/www.uqac.ca\/uqactualites\/2015\/01\/15\/collecte-dons-et-partage-2014-1-121-fois-merci\/","title":{"rendered":"Collecte \u00ab Dons et partage \u00bb 2014 : 1 121 fois merci"},"content":{"rendered":"<p>L\u2019\u00e9quipe des Services aux \u00e9tudiants tient \u00e0 remercier chaleureusement les membres de la communaut\u00e9 universitaire, la chorale FMR et le MAGE-UQAC pour leur engagement aupr\u00e8s de nos \u00e9tudiants lors de la collecte \u00ab\u00a0Dons et partage 2014\u00a0\u00bb. Votre g\u00e9n\u00e9rosit\u00e9 \u00e0 l\u2019occasion de cette 14<sup>e<\/sup> \u00e9dition a permis d\u2019amasser <strong>1 121,27\u00a0$<\/strong>. La totalit\u00e9 de cette somme a \u00e9t\u00e9 distribu\u00e9e sous forme de bons d\u2019\u00e9picerie afin de permettre \u00e0 des \u00e9tudiants dans le besoin, ainsi qu\u2019\u00e0 leurs enfants, de passer des F\u00eates plus joyeuses.<\/p>\n<p><strong>En leur nom, un immense et sinc\u00e8re MERCI!<\/strong><\/p>\n<p>&nbsp;<\/p>\n<p><strong>Renseignements\u00a0:<br \/>\n<\/strong>Sandra C\u00f4t\u00e9, conseill\u00e8re \u00e0 l\u2019aide financi\u00e8re et travailleuse sociale<br \/>\nServices aux \u00e9tudiants<br \/>\nUniversit\u00e9 du Qu\u00e9bec \u00e0 Chicoutimi<br \/>\n418 545-5011, poste\u00a02044\u00a0 \u25aa\u00a0 <a href=\"mailto:sandra-s.cote@uqac.ca\">sandra-s.cote@uqac.ca<\/a><\/p>\n","protected":false},"excerpt":{"rendered":"<p>L\u2019\u00e9quipe des Services aux \u00e9tudiants tient \u00e0 remercier chaleureusement les membres de la communaut\u00e9 universitaire, la chorale FMR et le MAGE-UQAC pour leur engagement aupr\u00e8s de nos \u00e9tudiants lors de la collecte \u00ab\u00a0Dons et partage 2014\u00a0\u00bb. Votre g\u00e9n\u00e9rosit\u00e9 \u00e0 l\u2019occasion de cette 14e \u00e9dition a permis d\u2019amasser 1 121,27\u00a0$. La totalit\u00e9 de cette somme a [&hellip;]<\/p>\n","protected":false},"author":5,"featured_media":20989,"comment_status":"open","ping_status":"open","sticky":false,"template":"","format":"standard","meta":{"footnotes":""},"categories":[2772],"tags":[531],"yoast_head":"<!-- This site is optimized with the Yoast SEO plugin v24.2 - https:\/\/yoast.com\/wordpress\/plugins\/seo\/ -->\r\n<title>Collecte \u00ab Dons et partage \u00bb 2014 : 1 121 fois merci - UQACtualit\u00e9s<\/title>\r\n<meta name=\"robots\" content=\"index, follow, max-snippet:-1, max-image-preview:large, max-video-preview:-1\" \/>\r\n<link rel=\"canonical\" href=\"https:\/\/www.uqac.ca\/uqactualites\/2015\/01\/15\/collecte-dons-et-partage-2014-1-121-fois-merci\/\" \/>\r\n<meta property=\"og:locale\" content=\"fr_CA\" \/>\r\n<meta property=\"og:type\" content=\"article\" \/>\r\n<meta property=\"og:title\" content=\"Collecte \u00ab Dons et partage \u00bb 2014 : 1 121 fois merci - UQACtualit\u00e9s\" \/>\r\n<meta property=\"og:description\" content=\"L\u2019\u00e9quipe des Services aux \u00e9tudiants tient \u00e0 remercier chaleureusement les membres de la communaut\u00e9 universitaire, la chorale FMR et le MAGE-UQAC pour leur engagement aupr\u00e8s de nos \u00e9tudiants lors de la collecte \u00ab\u00a0Dons et partage 2014\u00a0\u00bb. Votre g\u00e9n\u00e9rosit\u00e9 \u00e0 l\u2019occasion de cette 14e \u00e9dition a permis d\u2019amasser 1 121,27\u00a0$. La totalit\u00e9 de cette somme a [&hellip;]\" \/>\r\n<meta property=\"og:url\" content=\"https:\/\/www.uqac.ca\/uqactualites\/2015\/01\/15\/collecte-dons-et-partage-2014-1-121-fois-merci\/\" \/>\r\n<meta property=\"og:site_name\" content=\"UQACtualit\u00e9s\" \/>\r\n<meta property=\"article:published_time\" content=\"2015-01-15T14:15:23+00:00\" \/>\r\n<meta property=\"og:image\" content=\"https:\/\/www.uqac.ca\/uqactualites\/wp-content\/uploads\/2012\/05\/avis-laCommunaut-.jpg\" \/>\r\n\t<meta property=\"og:image:width\" content=\"620\" \/>\r\n\t<meta property=\"og:image:height\" content=\"300\" \/>\r\n\t<meta property=\"og:image:type\" content=\"image\/jpeg\" \/>\r\n<meta name=\"author\" content=\"Service des communications et des relations publiques\" \/>\r\n<meta name=\"twitter:card\" content=\"summary_large_image\" \/>\r\n<meta name=\"twitter:label1\" content=\"\u00c9crit par\" \/>\n\t<meta name=\"twitter:data1\" content=\"Service des communications et des relations publiques\" \/>\n\t<meta name=\"twitter:label2\" content=\"Estimation du temps de lecture\" \/>\n\t<meta name=\"twitter:data2\" content=\"1 minute\" \/>\r\n<script type=\"application\/ld+json\" class=\"yoast-schema-graph\">{\"@context\":\"https:\/\/schema.org\",\"@graph\":[{\"@type\":\"WebPage\",\"@id\":\"https:\/\/www.uqac.ca\/uqactualites\/2015\/01\/15\/collecte-dons-et-partage-2014-1-121-fois-merci\/\",\"url\":\"https:\/\/www.uqac.ca\/uqactualites\/2015\/01\/15\/collecte-dons-et-partage-2014-1-121-fois-merci\/\",\"name\":\"Collecte \u00ab Dons et partage \u00bb 2014 : 1 121 fois merci - UQACtualit\u00e9s\",\"isPartOf\":{\"@id\":\"https:\/\/www.uqac.ca\/uqactualites\/#website\"},\"primaryImageOfPage\":{\"@id\":\"https:\/\/www.uqac.ca\/uqactualites\/2015\/01\/15\/collecte-dons-et-partage-2014-1-121-fois-merci\/#primaryimage\"},\"image\":{\"@id\":\"https:\/\/www.uqac.ca\/uqactualites\/2015\/01\/15\/collecte-dons-et-partage-2014-1-121-fois-merci\/#primaryimage\"},\"thumbnailUrl\":\"https:\/\/www.uqac.ca\/uqactualites\/wp-content\/uploads\/2012\/05\/avis-laCommunaut-.jpg\",\"datePublished\":\"2015-01-15T14:15:23+00:00\",\"dateModified\":\"2015-01-15T14:15:23+00:00\",\"author\":{\"@id\":\"https:\/\/www.uqac.ca\/uqactualites\/#\/schema\/person\/366c45a0c4f0e677b41b4af5886e2018\"},\"breadcrumb\":{\"@id\":\"https:\/\/www.uqac.ca\/uqactualites\/2015\/01\/15\/collecte-dons-et-partage-2014-1-121-fois-merci\/#breadcrumb\"},\"inLanguage\":\"fr-CA\",\"potentialAction\":[{\"@type\":\"ReadAction\",\"target\":[\"https:\/\/www.uqac.ca\/uqactualites\/2015\/01\/15\/collecte-dons-et-partage-2014-1-121-fois-merci\/\"]}]},{\"@type\":\"ImageObject\",\"inLanguage\":\"fr-CA\",\"@id\":\"https:\/\/www.uqac.ca\/uqactualites\/2015\/01\/15\/collecte-dons-et-partage-2014-1-121-fois-merci\/#primaryimage\",\"url\":\"https:\/\/www.uqac.ca\/uqactualites\/wp-content\/uploads\/2012\/05\/avis-laCommunaut-.jpg\",\"contentUrl\":\"https:\/\/www.uqac.ca\/uqactualites\/wp-content\/uploads\/2012\/05\/avis-laCommunaut-.jpg\",\"width\":620,\"height\":300},{\"@type\":\"BreadcrumbList\",\"@id\":\"https:\/\/www.uqac.ca\/uqactualites\/2015\/01\/15\/collecte-dons-et-partage-2014-1-121-fois-merci\/#breadcrumb\",\"itemListElement\":[{\"@type\":\"ListItem\",\"position\":1,\"name\":\"Home\",\"item\":\"https:\/\/www.uqac.ca\/uqactualites\/\"},{\"@type\":\"ListItem\",\"position\":2,\"name\":\"Collecte \u00ab Dons et partage \u00bb 2014 : 1 121 fois merci\"}]},{\"@type\":\"WebSite\",\"@id\":\"https:\/\/www.uqac.ca\/uqactualites\/#website\",\"url\":\"https:\/\/www.uqac.ca\/uqactualites\/\",\"name\":\"UQACtualit\u00e9s\",\"description\":\"Le portail des nouvelles de l&#039;UQAC\",\"potentialAction\":[{\"@type\":\"SearchAction\",\"target\":{\"@type\":\"EntryPoint\",\"urlTemplate\":\"https:\/\/www.uqac.ca\/uqactualites\/?s={search_term_string}\"},\"query-input\":{\"@type\":\"PropertyValueSpecification\",\"valueRequired\":true,\"valueName\":\"search_term_string\"}}],\"inLanguage\":\"fr-CA\"},{\"@type\":\"Person\",\"@id\":\"https:\/\/www.uqac.ca\/uqactualites\/#\/schema\/person\/366c45a0c4f0e677b41b4af5886e2018\",\"name\":\"Service des communications et des relations publiques\",\"image\":{\"@type\":\"ImageObject\",\"inLanguage\":\"fr-CA\",\"@id\":\"https:\/\/www.uqac.ca\/uqactualites\/#\/schema\/person\/image\/\",\"url\":\"https:\/\/secure.gravatar.com\/avatar\/20fbbda8a292f59f2d3461a5b999c00b?s=96&d=mm&r=g\",\"contentUrl\":\"https:\/\/secure.gravatar.com\/avatar\/20fbbda8a292f59f2d3461a5b999c00b?s=96&d=mm&r=g\",\"caption\":\"Service des communications et des relations publiques\"},\"url\":\"https:\/\/www.uqac.ca\/uqactualites\/author\/bap\/\"}]}<\/script>\r\n<!-- \/ Yoast SEO plugin. -->","yoast_head_json":{"title":"Collecte \u00ab Dons et partage \u00bb 2014 : 1 121 fois merci - UQACtualit\u00e9s","robots":{"index":"index","follow":"follow","max-snippet":"max-snippet:-1","max-image-preview":"max-image-preview:large","max-video-preview":"max-video-preview:-1"},"canonical":"https:\/\/www.uqac.ca\/uqactualites\/2015\/01\/15\/collecte-dons-et-partage-2014-1-121-fois-merci\/","og_locale":"fr_CA","og_type":"article","og_title":"Collecte \u00ab Dons et partage \u00bb 2014 : 1 121 fois merci - UQACtualit\u00e9s","og_description":"L\u2019\u00e9quipe des Services aux \u00e9tudiants tient \u00e0 remercier chaleureusement les membres de la communaut\u00e9 universitaire, la chorale FMR et le MAGE-UQAC pour leur engagement aupr\u00e8s de nos \u00e9tudiants lors de la collecte \u00ab\u00a0Dons et partage 2014\u00a0\u00bb. Votre g\u00e9n\u00e9rosit\u00e9 \u00e0 l\u2019occasion de cette 14e \u00e9dition a permis d\u2019amasser 1 121,27\u00a0$. La totalit\u00e9 de cette somme a [&hellip;]","og_url":"https:\/\/www.uqac.ca\/uqactualites\/2015\/01\/15\/collecte-dons-et-partage-2014-1-121-fois-merci\/","og_site_name":"UQACtualit\u00e9s","article_published_time":"2015-01-15T14:15:23+00:00","og_image":[{"width":620,"height":300,"url":"https:\/\/www.uqac.ca\/uqactualites\/wp-content\/uploads\/2012\/05\/avis-laCommunaut-.jpg","type":"image\/jpeg"}],"author":"Service des communications et des relations publiques","twitter_card":"summary_large_image","twitter_misc":{"\u00c9crit par":"Service des communications et des relations publiques","Estimation du temps de lecture":"1 minute"},"schema":{"@context":"https:\/\/schema.org","@graph":[{"@type":"WebPage","@id":"https:\/\/www.uqac.ca\/uqactualites\/2015\/01\/15\/collecte-dons-et-partage-2014-1-121-fois-merci\/","url":"https:\/\/www.uqac.ca\/uqactualites\/2015\/01\/15\/collecte-dons-et-partage-2014-1-121-fois-merci\/","name":"Collecte \u00ab Dons et partage \u00bb 2014 : 1 121 fois merci - UQACtualit\u00e9s","isPartOf":{"@id":"https:\/\/www.uqac.ca\/uqactualites\/#website"},"primaryImageOfPage":{"@id":"https:\/\/www.uqac.ca\/uqactualites\/2015\/01\/15\/collecte-dons-et-partage-2014-1-121-fois-merci\/#primaryimage"},"image":{"@id":"https:\/\/www.uqac.ca\/uqactualites\/2015\/01\/15\/collecte-dons-et-partage-2014-1-121-fois-merci\/#primaryimage"},"thumbnailUrl":"https:\/\/www.uqac.ca\/uqactualites\/wp-content\/uploads\/2012\/05\/avis-laCommunaut-.jpg","datePublished":"2015-01-15T14:15:23+00:00","dateModified":"2015-01-15T14:15:23+00:00","author":{"@id":"https:\/\/www.uqac.ca\/uqactualites\/#\/schema\/person\/366c45a0c4f0e677b41b4af5886e2018"},"breadcrumb":{"@id":"https:\/\/www.uqac.ca\/uqactualites\/2015\/01\/15\/collecte-dons-et-partage-2014-1-121-fois-merci\/#breadcrumb"},"inLanguage":"fr-CA","potentialAction":[{"@type":"ReadAction","target":["https:\/\/www.uqac.ca\/uqactualites\/2015\/01\/15\/collecte-dons-et-partage-2014-1-121-fois-merci\/"]}]},{"@type":"ImageObject","inLanguage":"fr-CA","@id":"https:\/\/www.uqac.ca\/uqactualites\/2015\/01\/15\/collecte-dons-et-partage-2014-1-121-fois-merci\/#primaryimage","url":"https:\/\/www.uqac.ca\/uqactualites\/wp-content\/uploads\/2012\/05\/avis-laCommunaut-.jpg","contentUrl":"https:\/\/www.uqac.ca\/uqactualites\/wp-content\/uploads\/2012\/05\/avis-laCommunaut-.jpg","width":620,"height":300},{"@type":"BreadcrumbList","@id":"https:\/\/www.uqac.ca\/uqactualites\/2015\/01\/15\/collecte-dons-et-partage-2014-1-121-fois-merci\/#breadcrumb","itemListElement":[{"@type":"ListItem","position":1,"name":"Home","item":"https:\/\/www.uqac.ca\/uqactualites\/"},{"@type":"ListItem","position":2,"name":"Collecte \u00ab Dons et partage \u00bb 2014 : 1 121 fois merci"}]},{"@type":"WebSite","@id":"https:\/\/www.uqac.ca\/uqactualites\/#website","url":"https:\/\/www.uqac.ca\/uqactualites\/","name":"UQACtualit\u00e9s","description":"Le portail des nouvelles de l&#039;UQAC","potentialAction":[{"@type":"SearchAction","target":{"@type":"EntryPoint","urlTemplate":"https:\/\/www.uqac.ca\/uqactualites\/?s={search_term_string}"},"query-input":{"@type":"PropertyValueSpecification","valueRequired":true,"valueName":"search_term_string"}}],"inLanguage":"fr-CA"},{"@type":"Person","@id":"https:\/\/www.uqac.ca\/uqactualites\/#\/schema\/person\/366c45a0c4f0e677b41b4af5886e2018","name":"Service des communications et des relations publiques","image":{"@type":"ImageObject","inLanguage":"fr-CA","@id":"https:\/\/www.uqac.ca\/uqactualites\/#\/schema\/person\/image\/","url":"https:\/\/secure.gravatar.com\/avatar\/20fbbda8a292f59f2d3461a5b999c00b?s=96&d=mm&r=g","contentUrl":"https:\/\/secure.gravatar.com\/avatar\/20fbbda8a292f59f2d3461a5b999c00b?s=96&d=mm&r=g","caption":"Service des communications et des relations publiques"},"url":"https:\/\/www.uqac.ca\/uqactualites\/author\/bap\/"}]}},"_links":{"self":[{"href":"https:\/\/www.uqac.ca\/uqactualites\/wp-json\/wp\/v2\/posts\/29010"}],"collection":[{"href":"https:\/\/www.uqac.ca\/uqactualites\/wp-json\/wp\/v2\/posts"}],"about":[{"href":"https:\/\/www.uqac.ca\/uqactualites\/wp-json\/wp\/v2\/types\/post"}],"author":[{"embeddable":true,"href":"https:\/\/www.uqac.ca\/uqactualites\/wp-json\/wp\/v2\/users\/5"}],"replies":[{"embeddable":true,"href":"https:\/\/www.uqac.ca\/uqactualites\/wp-json\/wp\/v2\/comments?post=29010"}],"version-history":[{"count":0,"href":"https:\/\/www.uqac.ca\/uqactualites\/wp-json\/wp\/v2\/posts\/29010\/revisions"}],"wp:featuredmedia":[{"embeddable":true,"href":"https:\/\/www.uqac.ca\/uqactualites\/wp-json\/wp\/v2\/media\/20989"}],"wp:attachment":[{"href":"https:\/\/www.uqac.ca\/uqactualites\/wp-json\/wp\/v2\/media?parent=29010"}],"wp:term":[{"taxonomy":"category","embeddable":true,"href":"https:\/\/www.uqac.ca\/uqactualites\/wp-json\/wp\/v2\/categories?post=29010"},{"taxonomy":"post_tag","embeddable":true,"href":"https:\/\/www.uqac.ca\/uqactualites\/wp-json\/wp\/v2\/tags?post=29010"}],"curies":[{"name":"wp","href":"https:\/\/api.w.org\/{rel}","templated":true}]}}