{"id":29016,"date":"2015-01-16T08:47:44","date_gmt":"2015-01-16T13:47:44","guid":{"rendered":"http:\/\/uqactualite.odev.ca\/?p=29016"},"modified":"2015-01-16T08:47:44","modified_gmt":"2015-01-16T13:47:44","slug":"nouvelle-borne-de-recharge-pour-vehicules-electriques","status":"publish","type":"post","link":"https:\/\/www.uqac.ca\/uqactualites\/2015\/01\/16\/nouvelle-borne-de-recharge-pour-vehicules-electriques\/","title":{"rendered":"Nouvelle borne de recharge pour v\u00e9hicules \u00e9lectriques"},"content":{"rendered":"<p>Dans un souci de d\u00e9veloppement durable, l\u2019UQAC vient de se doter d\u2019une borne de recharge pour v\u00e9hicules \u00e9lectriques. Elle est situ\u00e9e pr\u00e8s de l\u2019entrep\u00f4t de l\u2019universit\u00e9 en arri\u00e8re du pavillon principal.<\/p>\n<p>Cette borne se dit \u00ab\u00a0publique\u00a0\u00bb ce qui veut dire qu\u2019elle peut \u00eatre utilis\u00e9e par tout le monde et que son utilisation n\u2019est pas restreinte au personnel ou aux \u00e9tudiants de l\u2019universit\u00e9.<\/p>\n<p>Les conditions d\u2019utilisations sont les suivantes\u00a0:<\/p>\n<ol>\n<li>\u00catre membre du Circuit \u00e9lectrique d\u2019Hydro-Qu\u00e9bec (gratuit). Voir le site Internet pour conna\u00eetre les modalit\u00e9s d\u2019inscription\u00a0: <a href=\"http:\/\/www.lecircuitelectrique.com\">www.lecircuitelectrique.com<\/a><\/li>\n<li>D\u00e9tenir un permis de stationnement de l\u2019Universit\u00e9 soit vignette ou billet d\u2019horodateur.<\/li>\n<li>Brancher son v\u00e9hicule (un v\u00e9hicule non branch\u00e9 au c\u00e2ble de recharge n\u2019est pas autoris\u00e9).<\/li>\n<\/ol>\n<p>De plus, nous vous demandons de d\u00e9placer votre v\u00e9hicule lorsque la recharge est termin\u00e9e afin de laisser la place pour le branchement d\u2019un autre v\u00e9hicule. \u00c0 cette fin, une application sur t\u00e9l\u00e9phone intelligent est disponible en s\u2019abonnant au Circuit \u00e9lectrique d\u2019Hydro-Qu\u00e9bec.<\/p>\n<p>&nbsp;<\/p>\n<p><strong>Renseignements\u00a0:<br \/>\n<\/strong>Sylvain Gagnon, responsable du g\u00e9nie du b\u00e2timent<br \/>\nServices des immeubles et \u00e9quipements<br \/>\nUniversit\u00e9 du Qu\u00e9bec \u00e0 Chicoutimi<br \/>\n418 545-5011, poste\u00a02109\u00a0 \u25aa\u00a0 <a href=\"mailto:Sylvain_Gagnon@uqac.ca\">Sylvain_Gagnon@uqac.ca<\/a><\/p>\n","protected":false},"excerpt":{"rendered":"<p>Dans un souci de d\u00e9veloppement durable, l\u2019UQAC vient de se doter d\u2019une borne de recharge pour v\u00e9hicules \u00e9lectriques. Elle est situ\u00e9e pr\u00e8s de l\u2019entrep\u00f4t de l\u2019universit\u00e9 en arri\u00e8re du pavillon principal. Cette borne se dit \u00ab\u00a0publique\u00a0\u00bb ce qui veut dire qu\u2019elle peut \u00eatre utilis\u00e9e par tout le monde et que son utilisation n\u2019est pas restreinte [&hellip;]<\/p>\n","protected":false},"author":5,"featured_media":20989,"comment_status":"open","ping_status":"open","sticky":false,"template":"","format":"standard","meta":{"footnotes":""},"categories":[2772],"tags":[534,535],"yoast_head":"<!-- This site is optimized with the Yoast SEO plugin v24.2 - https:\/\/yoast.com\/wordpress\/plugins\/seo\/ -->\r\n<title>Nouvelle borne de recharge pour v\u00e9hicules \u00e9lectriques - UQACtualit\u00e9s<\/title>\r\n<meta name=\"robots\" content=\"index, follow, max-snippet:-1, max-image-preview:large, max-video-preview:-1\" \/>\r\n<link rel=\"canonical\" href=\"https:\/\/www.uqac.ca\/uqactualites\/2015\/01\/16\/nouvelle-borne-de-recharge-pour-vehicules-electriques\/\" \/>\r\n<meta property=\"og:locale\" content=\"fr_CA\" \/>\r\n<meta property=\"og:type\" content=\"article\" \/>\r\n<meta property=\"og:title\" content=\"Nouvelle borne de recharge pour v\u00e9hicules \u00e9lectriques - UQACtualit\u00e9s\" \/>\r\n<meta property=\"og:description\" content=\"Dans un souci de d\u00e9veloppement durable, l\u2019UQAC vient de se doter d\u2019une borne de recharge pour v\u00e9hicules \u00e9lectriques. Elle est situ\u00e9e pr\u00e8s de l\u2019entrep\u00f4t de l\u2019universit\u00e9 en arri\u00e8re du pavillon principal. Cette borne se dit \u00ab\u00a0publique\u00a0\u00bb ce qui veut dire qu\u2019elle peut \u00eatre utilis\u00e9e par tout le monde et que son utilisation n\u2019est pas restreinte [&hellip;]\" \/>\r\n<meta property=\"og:url\" content=\"https:\/\/www.uqac.ca\/uqactualites\/2015\/01\/16\/nouvelle-borne-de-recharge-pour-vehicules-electriques\/\" \/>\r\n<meta property=\"og:site_name\" content=\"UQACtualit\u00e9s\" \/>\r\n<meta property=\"article:published_time\" content=\"2015-01-16T13:47:44+00:00\" \/>\r\n<meta property=\"og:image\" content=\"https:\/\/www.uqac.ca\/uqactualites\/wp-content\/uploads\/2012\/05\/avis-laCommunaut-.jpg\" \/>\r\n\t<meta property=\"og:image:width\" content=\"620\" \/>\r\n\t<meta property=\"og:image:height\" content=\"300\" \/>\r\n\t<meta property=\"og:image:type\" content=\"image\/jpeg\" \/>\r\n<meta name=\"author\" content=\"Service des communications et des relations publiques\" \/>\r\n<meta name=\"twitter:card\" content=\"summary_large_image\" \/>\r\n<meta name=\"twitter:label1\" content=\"\u00c9crit par\" \/>\n\t<meta name=\"twitter:data1\" content=\"Service des communications et des relations publiques\" \/>\n\t<meta name=\"twitter:label2\" content=\"Estimation du temps de lecture\" \/>\n\t<meta name=\"twitter:data2\" content=\"1 minute\" \/>\r\n<script type=\"application\/ld+json\" class=\"yoast-schema-graph\">{\"@context\":\"https:\/\/schema.org\",\"@graph\":[{\"@type\":\"WebPage\",\"@id\":\"https:\/\/www.uqac.ca\/uqactualites\/2015\/01\/16\/nouvelle-borne-de-recharge-pour-vehicules-electriques\/\",\"url\":\"https:\/\/www.uqac.ca\/uqactualites\/2015\/01\/16\/nouvelle-borne-de-recharge-pour-vehicules-electriques\/\",\"name\":\"Nouvelle borne de recharge pour v\u00e9hicules \u00e9lectriques - UQACtualit\u00e9s\",\"isPartOf\":{\"@id\":\"https:\/\/www.uqac.ca\/uqactualites\/#website\"},\"primaryImageOfPage\":{\"@id\":\"https:\/\/www.uqac.ca\/uqactualites\/2015\/01\/16\/nouvelle-borne-de-recharge-pour-vehicules-electriques\/#primaryimage\"},\"image\":{\"@id\":\"https:\/\/www.uqac.ca\/uqactualites\/2015\/01\/16\/nouvelle-borne-de-recharge-pour-vehicules-electriques\/#primaryimage\"},\"thumbnailUrl\":\"https:\/\/www.uqac.ca\/uqactualites\/wp-content\/uploads\/2012\/05\/avis-laCommunaut-.jpg\",\"datePublished\":\"2015-01-16T13:47:44+00:00\",\"dateModified\":\"2015-01-16T13:47:44+00:00\",\"author\":{\"@id\":\"https:\/\/www.uqac.ca\/uqactualites\/#\/schema\/person\/366c45a0c4f0e677b41b4af5886e2018\"},\"breadcrumb\":{\"@id\":\"https:\/\/www.uqac.ca\/uqactualites\/2015\/01\/16\/nouvelle-borne-de-recharge-pour-vehicules-electriques\/#breadcrumb\"},\"inLanguage\":\"fr-CA\",\"potentialAction\":[{\"@type\":\"ReadAction\",\"target\":[\"https:\/\/www.uqac.ca\/uqactualites\/2015\/01\/16\/nouvelle-borne-de-recharge-pour-vehicules-electriques\/\"]}]},{\"@type\":\"ImageObject\",\"inLanguage\":\"fr-CA\",\"@id\":\"https:\/\/www.uqac.ca\/uqactualites\/2015\/01\/16\/nouvelle-borne-de-recharge-pour-vehicules-electriques\/#primaryimage\",\"url\":\"https:\/\/www.uqac.ca\/uqactualites\/wp-content\/uploads\/2012\/05\/avis-laCommunaut-.jpg\",\"contentUrl\":\"https:\/\/www.uqac.ca\/uqactualites\/wp-content\/uploads\/2012\/05\/avis-laCommunaut-.jpg\",\"width\":620,\"height\":300},{\"@type\":\"BreadcrumbList\",\"@id\":\"https:\/\/www.uqac.ca\/uqactualites\/2015\/01\/16\/nouvelle-borne-de-recharge-pour-vehicules-electriques\/#breadcrumb\",\"itemListElement\":[{\"@type\":\"ListItem\",\"position\":1,\"name\":\"Home\",\"item\":\"https:\/\/www.uqac.ca\/uqactualites\/\"},{\"@type\":\"ListItem\",\"position\":2,\"name\":\"Nouvelle borne de recharge pour v\u00e9hicules \u00e9lectriques\"}]},{\"@type\":\"WebSite\",\"@id\":\"https:\/\/www.uqac.ca\/uqactualites\/#website\",\"url\":\"https:\/\/www.uqac.ca\/uqactualites\/\",\"name\":\"UQACtualit\u00e9s\",\"description\":\"Le portail des nouvelles de l&#039;UQAC\",\"potentialAction\":[{\"@type\":\"SearchAction\",\"target\":{\"@type\":\"EntryPoint\",\"urlTemplate\":\"https:\/\/www.uqac.ca\/uqactualites\/?s={search_term_string}\"},\"query-input\":{\"@type\":\"PropertyValueSpecification\",\"valueRequired\":true,\"valueName\":\"search_term_string\"}}],\"inLanguage\":\"fr-CA\"},{\"@type\":\"Person\",\"@id\":\"https:\/\/www.uqac.ca\/uqactualites\/#\/schema\/person\/366c45a0c4f0e677b41b4af5886e2018\",\"name\":\"Service des communications et des relations publiques\",\"image\":{\"@type\":\"ImageObject\",\"inLanguage\":\"fr-CA\",\"@id\":\"https:\/\/www.uqac.ca\/uqactualites\/#\/schema\/person\/image\/\",\"url\":\"https:\/\/secure.gravatar.com\/avatar\/20fbbda8a292f59f2d3461a5b999c00b?s=96&d=mm&r=g\",\"contentUrl\":\"https:\/\/secure.gravatar.com\/avatar\/20fbbda8a292f59f2d3461a5b999c00b?s=96&d=mm&r=g\",\"caption\":\"Service des communications et des relations publiques\"},\"url\":\"https:\/\/www.uqac.ca\/uqactualites\/author\/bap\/\"}]}<\/script>\r\n<!-- \/ Yoast SEO plugin. -->","yoast_head_json":{"title":"Nouvelle borne de recharge pour v\u00e9hicules \u00e9lectriques - UQACtualit\u00e9s","robots":{"index":"index","follow":"follow","max-snippet":"max-snippet:-1","max-image-preview":"max-image-preview:large","max-video-preview":"max-video-preview:-1"},"canonical":"https:\/\/www.uqac.ca\/uqactualites\/2015\/01\/16\/nouvelle-borne-de-recharge-pour-vehicules-electriques\/","og_locale":"fr_CA","og_type":"article","og_title":"Nouvelle borne de recharge pour v\u00e9hicules \u00e9lectriques - UQACtualit\u00e9s","og_description":"Dans un souci de d\u00e9veloppement durable, l\u2019UQAC vient de se doter d\u2019une borne de recharge pour v\u00e9hicules \u00e9lectriques. Elle est situ\u00e9e pr\u00e8s de l\u2019entrep\u00f4t de l\u2019universit\u00e9 en arri\u00e8re du pavillon principal. Cette borne se dit \u00ab\u00a0publique\u00a0\u00bb ce qui veut dire qu\u2019elle peut \u00eatre utilis\u00e9e par tout le monde et que son utilisation n\u2019est pas restreinte [&hellip;]","og_url":"https:\/\/www.uqac.ca\/uqactualites\/2015\/01\/16\/nouvelle-borne-de-recharge-pour-vehicules-electriques\/","og_site_name":"UQACtualit\u00e9s","article_published_time":"2015-01-16T13:47:44+00:00","og_image":[{"width":620,"height":300,"url":"https:\/\/www.uqac.ca\/uqactualites\/wp-content\/uploads\/2012\/05\/avis-laCommunaut-.jpg","type":"image\/jpeg"}],"author":"Service des communications et des relations publiques","twitter_card":"summary_large_image","twitter_misc":{"\u00c9crit par":"Service des communications et des relations publiques","Estimation du temps de lecture":"1 minute"},"schema":{"@context":"https:\/\/schema.org","@graph":[{"@type":"WebPage","@id":"https:\/\/www.uqac.ca\/uqactualites\/2015\/01\/16\/nouvelle-borne-de-recharge-pour-vehicules-electriques\/","url":"https:\/\/www.uqac.ca\/uqactualites\/2015\/01\/16\/nouvelle-borne-de-recharge-pour-vehicules-electriques\/","name":"Nouvelle borne de recharge pour v\u00e9hicules \u00e9lectriques - UQACtualit\u00e9s","isPartOf":{"@id":"https:\/\/www.uqac.ca\/uqactualites\/#website"},"primaryImageOfPage":{"@id":"https:\/\/www.uqac.ca\/uqactualites\/2015\/01\/16\/nouvelle-borne-de-recharge-pour-vehicules-electriques\/#primaryimage"},"image":{"@id":"https:\/\/www.uqac.ca\/uqactualites\/2015\/01\/16\/nouvelle-borne-de-recharge-pour-vehicules-electriques\/#primaryimage"},"thumbnailUrl":"https:\/\/www.uqac.ca\/uqactualites\/wp-content\/uploads\/2012\/05\/avis-laCommunaut-.jpg","datePublished":"2015-01-16T13:47:44+00:00","dateModified":"2015-01-16T13:47:44+00:00","author":{"@id":"https:\/\/www.uqac.ca\/uqactualites\/#\/schema\/person\/366c45a0c4f0e677b41b4af5886e2018"},"breadcrumb":{"@id":"https:\/\/www.uqac.ca\/uqactualites\/2015\/01\/16\/nouvelle-borne-de-recharge-pour-vehicules-electriques\/#breadcrumb"},"inLanguage":"fr-CA","potentialAction":[{"@type":"ReadAction","target":["https:\/\/www.uqac.ca\/uqactualites\/2015\/01\/16\/nouvelle-borne-de-recharge-pour-vehicules-electriques\/"]}]},{"@type":"ImageObject","inLanguage":"fr-CA","@id":"https:\/\/www.uqac.ca\/uqactualites\/2015\/01\/16\/nouvelle-borne-de-recharge-pour-vehicules-electriques\/#primaryimage","url":"https:\/\/www.uqac.ca\/uqactualites\/wp-content\/uploads\/2012\/05\/avis-laCommunaut-.jpg","contentUrl":"https:\/\/www.uqac.ca\/uqactualites\/wp-content\/uploads\/2012\/05\/avis-laCommunaut-.jpg","width":620,"height":300},{"@type":"BreadcrumbList","@id":"https:\/\/www.uqac.ca\/uqactualites\/2015\/01\/16\/nouvelle-borne-de-recharge-pour-vehicules-electriques\/#breadcrumb","itemListElement":[{"@type":"ListItem","position":1,"name":"Home","item":"https:\/\/www.uqac.ca\/uqactualites\/"},{"@type":"ListItem","position":2,"name":"Nouvelle borne de recharge pour v\u00e9hicules \u00e9lectriques"}]},{"@type":"WebSite","@id":"https:\/\/www.uqac.ca\/uqactualites\/#website","url":"https:\/\/www.uqac.ca\/uqactualites\/","name":"UQACtualit\u00e9s","description":"Le portail des nouvelles de l&#039;UQAC","potentialAction":[{"@type":"SearchAction","target":{"@type":"EntryPoint","urlTemplate":"https:\/\/www.uqac.ca\/uqactualites\/?s={search_term_string}"},"query-input":{"@type":"PropertyValueSpecification","valueRequired":true,"valueName":"search_term_string"}}],"inLanguage":"fr-CA"},{"@type":"Person","@id":"https:\/\/www.uqac.ca\/uqactualites\/#\/schema\/person\/366c45a0c4f0e677b41b4af5886e2018","name":"Service des communications et des relations publiques","image":{"@type":"ImageObject","inLanguage":"fr-CA","@id":"https:\/\/www.uqac.ca\/uqactualites\/#\/schema\/person\/image\/","url":"https:\/\/secure.gravatar.com\/avatar\/20fbbda8a292f59f2d3461a5b999c00b?s=96&d=mm&r=g","contentUrl":"https:\/\/secure.gravatar.com\/avatar\/20fbbda8a292f59f2d3461a5b999c00b?s=96&d=mm&r=g","caption":"Service des communications et des relations publiques"},"url":"https:\/\/www.uqac.ca\/uqactualites\/author\/bap\/"}]}},"_links":{"self":[{"href":"https:\/\/www.uqac.ca\/uqactualites\/wp-json\/wp\/v2\/posts\/29016"}],"collection":[{"href":"https:\/\/www.uqac.ca\/uqactualites\/wp-json\/wp\/v2\/posts"}],"about":[{"href":"https:\/\/www.uqac.ca\/uqactualites\/wp-json\/wp\/v2\/types\/post"}],"author":[{"embeddable":true,"href":"https:\/\/www.uqac.ca\/uqactualites\/wp-json\/wp\/v2\/users\/5"}],"replies":[{"embeddable":true,"href":"https:\/\/www.uqac.ca\/uqactualites\/wp-json\/wp\/v2\/comments?post=29016"}],"version-history":[{"count":0,"href":"https:\/\/www.uqac.ca\/uqactualites\/wp-json\/wp\/v2\/posts\/29016\/revisions"}],"wp:featuredmedia":[{"embeddable":true,"href":"https:\/\/www.uqac.ca\/uqactualites\/wp-json\/wp\/v2\/media\/20989"}],"wp:attachment":[{"href":"https:\/\/www.uqac.ca\/uqactualites\/wp-json\/wp\/v2\/media?parent=29016"}],"wp:term":[{"taxonomy":"category","embeddable":true,"href":"https:\/\/www.uqac.ca\/uqactualites\/wp-json\/wp\/v2\/categories?post=29016"},{"taxonomy":"post_tag","embeddable":true,"href":"https:\/\/www.uqac.ca\/uqactualites\/wp-json\/wp\/v2\/tags?post=29016"}],"curies":[{"name":"wp","href":"https:\/\/api.w.org\/{rel}","templated":true}]}}