{"id":29059,"date":"2015-01-26T10:35:31","date_gmt":"2015-01-26T15:35:31","guid":{"rendered":"http:\/\/uqactualite.odev.ca\/?p=29059"},"modified":"2015-01-26T10:35:31","modified_gmt":"2015-01-26T15:35:31","slug":"concours-international-de-photographie","status":"publish","type":"post","link":"https:\/\/www.uqac.ca\/uqactualites\/2015\/01\/26\/concours-international-de-photographie\/","title":{"rendered":"Concours international de photographie"},"content":{"rendered":"<p>La communaut\u00e9 universitaire est invit\u00e9e \u00e0 participer \u00e0 la quatri\u00e8me \u00e9dition du Concours international de photographie \u00ab\u00a0Faites-nous voir le Monde\u00a0\u00bb. Le concours restera ouvert 25 jours et fermera le 31 janvier prochain \u00e0 minuit heure du Canada.<\/p>\n<p>Vous pouvez consulter l\u2019article paru \u00e0 ce propos dans le Journal de Qu\u00e9bec \u00e0 l\u2019adresse suivante\u00a0: <a href=\"http:\/\/www.journaldequebec.com\/2015\/01\/25\/photographies-saisissantes\">http:\/\/www.journaldequebec.com\/2015\/01\/25\/photographies-saisissantes<\/a><\/p>\n<p><strong>Renseignements\u00a0:<br \/>\n<\/strong>Claire Gressier<br \/>\nDirectrice g\u00e9n\u00e9rale | FVM<br \/>\n<a href=\"mailto:directeur@concoursfvm-photo.com\">directeur@concoursfvm-photo.com<br \/>\n<\/a><a href=\"http:\/\/www.concoursfvm-photo.com\">www.concoursfvm-photo.com<\/a><\/p>\n","protected":false},"excerpt":{"rendered":"<p>La communaut\u00e9 universitaire est invit\u00e9e \u00e0 participer \u00e0 la quatri\u00e8me \u00e9dition du Concours international de photographie \u00ab\u00a0Faites-nous voir le Monde\u00a0\u00bb. Le concours restera ouvert 25 jours et fermera le 31 janvier prochain \u00e0 minuit heure du Canada. Vous pouvez consulter l\u2019article paru \u00e0 ce propos dans le Journal de Qu\u00e9bec \u00e0 l\u2019adresse suivante\u00a0: http:\/\/www.journaldequebec.com\/2015\/01\/25\/photographies-saisissantes Renseignements\u00a0: [&hellip;]<\/p>\n","protected":false},"author":5,"featured_media":20989,"comment_status":"open","ping_status":"open","sticky":false,"template":"","format":"standard","meta":{"footnotes":""},"categories":[2772],"tags":[],"yoast_head":"<!-- This site is optimized with the Yoast SEO plugin v24.2 - https:\/\/yoast.com\/wordpress\/plugins\/seo\/ -->\r\n<title>Concours international de photographie - UQACtualit\u00e9s<\/title>\r\n<meta name=\"robots\" content=\"index, follow, max-snippet:-1, max-image-preview:large, max-video-preview:-1\" \/>\r\n<link rel=\"canonical\" href=\"https:\/\/www.uqac.ca\/uqactualites\/2015\/01\/26\/concours-international-de-photographie\/\" \/>\r\n<meta property=\"og:locale\" content=\"fr_CA\" \/>\r\n<meta property=\"og:type\" content=\"article\" \/>\r\n<meta property=\"og:title\" content=\"Concours international de photographie - UQACtualit\u00e9s\" \/>\r\n<meta property=\"og:description\" content=\"La communaut\u00e9 universitaire est invit\u00e9e \u00e0 participer \u00e0 la quatri\u00e8me \u00e9dition du Concours international de photographie \u00ab\u00a0Faites-nous voir le Monde\u00a0\u00bb. Le concours restera ouvert 25 jours et fermera le 31 janvier prochain \u00e0 minuit heure du Canada. Vous pouvez consulter l\u2019article paru \u00e0 ce propos dans le Journal de Qu\u00e9bec \u00e0 l\u2019adresse suivante\u00a0: http:\/\/www.journaldequebec.com\/2015\/01\/25\/photographies-saisissantes Renseignements\u00a0: [&hellip;]\" \/>\r\n<meta property=\"og:url\" content=\"https:\/\/www.uqac.ca\/uqactualites\/2015\/01\/26\/concours-international-de-photographie\/\" \/>\r\n<meta property=\"og:site_name\" content=\"UQACtualit\u00e9s\" \/>\r\n<meta property=\"article:published_time\" content=\"2015-01-26T15:35:31+00:00\" \/>\r\n<meta property=\"og:image\" content=\"https:\/\/www.uqac.ca\/uqactualites\/wp-content\/uploads\/2012\/05\/avis-laCommunaut-.jpg\" \/>\r\n\t<meta property=\"og:image:width\" content=\"620\" \/>\r\n\t<meta property=\"og:image:height\" content=\"300\" \/>\r\n\t<meta property=\"og:image:type\" content=\"image\/jpeg\" \/>\r\n<meta name=\"author\" content=\"Service des communications et des relations publiques\" \/>\r\n<meta name=\"twitter:card\" content=\"summary_large_image\" \/>\r\n<meta name=\"twitter:label1\" content=\"\u00c9crit par\" \/>\n\t<meta name=\"twitter:data1\" content=\"Service des communications et des relations publiques\" \/>\r\n<script type=\"application\/ld+json\" class=\"yoast-schema-graph\">{\"@context\":\"https:\/\/schema.org\",\"@graph\":[{\"@type\":\"WebPage\",\"@id\":\"https:\/\/www.uqac.ca\/uqactualites\/2015\/01\/26\/concours-international-de-photographie\/\",\"url\":\"https:\/\/www.uqac.ca\/uqactualites\/2015\/01\/26\/concours-international-de-photographie\/\",\"name\":\"Concours international de photographie - UQACtualit\u00e9s\",\"isPartOf\":{\"@id\":\"https:\/\/www.uqac.ca\/uqactualites\/#website\"},\"primaryImageOfPage\":{\"@id\":\"https:\/\/www.uqac.ca\/uqactualites\/2015\/01\/26\/concours-international-de-photographie\/#primaryimage\"},\"image\":{\"@id\":\"https:\/\/www.uqac.ca\/uqactualites\/2015\/01\/26\/concours-international-de-photographie\/#primaryimage\"},\"thumbnailUrl\":\"https:\/\/www.uqac.ca\/uqactualites\/wp-content\/uploads\/2012\/05\/avis-laCommunaut-.jpg\",\"datePublished\":\"2015-01-26T15:35:31+00:00\",\"dateModified\":\"2015-01-26T15:35:31+00:00\",\"author\":{\"@id\":\"https:\/\/www.uqac.ca\/uqactualites\/#\/schema\/person\/366c45a0c4f0e677b41b4af5886e2018\"},\"breadcrumb\":{\"@id\":\"https:\/\/www.uqac.ca\/uqactualites\/2015\/01\/26\/concours-international-de-photographie\/#breadcrumb\"},\"inLanguage\":\"fr-CA\",\"potentialAction\":[{\"@type\":\"ReadAction\",\"target\":[\"https:\/\/www.uqac.ca\/uqactualites\/2015\/01\/26\/concours-international-de-photographie\/\"]}]},{\"@type\":\"ImageObject\",\"inLanguage\":\"fr-CA\",\"@id\":\"https:\/\/www.uqac.ca\/uqactualites\/2015\/01\/26\/concours-international-de-photographie\/#primaryimage\",\"url\":\"https:\/\/www.uqac.ca\/uqactualites\/wp-content\/uploads\/2012\/05\/avis-laCommunaut-.jpg\",\"contentUrl\":\"https:\/\/www.uqac.ca\/uqactualites\/wp-content\/uploads\/2012\/05\/avis-laCommunaut-.jpg\",\"width\":620,\"height\":300},{\"@type\":\"BreadcrumbList\",\"@id\":\"https:\/\/www.uqac.ca\/uqactualites\/2015\/01\/26\/concours-international-de-photographie\/#breadcrumb\",\"itemListElement\":[{\"@type\":\"ListItem\",\"position\":1,\"name\":\"Home\",\"item\":\"https:\/\/www.uqac.ca\/uqactualites\/\"},{\"@type\":\"ListItem\",\"position\":2,\"name\":\"Concours international de photographie\"}]},{\"@type\":\"WebSite\",\"@id\":\"https:\/\/www.uqac.ca\/uqactualites\/#website\",\"url\":\"https:\/\/www.uqac.ca\/uqactualites\/\",\"name\":\"UQACtualit\u00e9s\",\"description\":\"Le portail des nouvelles de l&#039;UQAC\",\"potentialAction\":[{\"@type\":\"SearchAction\",\"target\":{\"@type\":\"EntryPoint\",\"urlTemplate\":\"https:\/\/www.uqac.ca\/uqactualites\/?s={search_term_string}\"},\"query-input\":{\"@type\":\"PropertyValueSpecification\",\"valueRequired\":true,\"valueName\":\"search_term_string\"}}],\"inLanguage\":\"fr-CA\"},{\"@type\":\"Person\",\"@id\":\"https:\/\/www.uqac.ca\/uqactualites\/#\/schema\/person\/366c45a0c4f0e677b41b4af5886e2018\",\"name\":\"Service des communications et des relations publiques\",\"image\":{\"@type\":\"ImageObject\",\"inLanguage\":\"fr-CA\",\"@id\":\"https:\/\/www.uqac.ca\/uqactualites\/#\/schema\/person\/image\/\",\"url\":\"https:\/\/secure.gravatar.com\/avatar\/20fbbda8a292f59f2d3461a5b999c00b?s=96&d=mm&r=g\",\"contentUrl\":\"https:\/\/secure.gravatar.com\/avatar\/20fbbda8a292f59f2d3461a5b999c00b?s=96&d=mm&r=g\",\"caption\":\"Service des communications et des relations publiques\"},\"url\":\"https:\/\/www.uqac.ca\/uqactualites\/author\/bap\/\"}]}<\/script>\r\n<!-- \/ Yoast SEO plugin. -->","yoast_head_json":{"title":"Concours international de photographie - UQACtualit\u00e9s","robots":{"index":"index","follow":"follow","max-snippet":"max-snippet:-1","max-image-preview":"max-image-preview:large","max-video-preview":"max-video-preview:-1"},"canonical":"https:\/\/www.uqac.ca\/uqactualites\/2015\/01\/26\/concours-international-de-photographie\/","og_locale":"fr_CA","og_type":"article","og_title":"Concours international de photographie - UQACtualit\u00e9s","og_description":"La communaut\u00e9 universitaire est invit\u00e9e \u00e0 participer \u00e0 la quatri\u00e8me \u00e9dition du Concours international de photographie \u00ab\u00a0Faites-nous voir le Monde\u00a0\u00bb. Le concours restera ouvert 25 jours et fermera le 31 janvier prochain \u00e0 minuit heure du Canada. Vous pouvez consulter l\u2019article paru \u00e0 ce propos dans le Journal de Qu\u00e9bec \u00e0 l\u2019adresse suivante\u00a0: http:\/\/www.journaldequebec.com\/2015\/01\/25\/photographies-saisissantes Renseignements\u00a0: [&hellip;]","og_url":"https:\/\/www.uqac.ca\/uqactualites\/2015\/01\/26\/concours-international-de-photographie\/","og_site_name":"UQACtualit\u00e9s","article_published_time":"2015-01-26T15:35:31+00:00","og_image":[{"width":620,"height":300,"url":"https:\/\/www.uqac.ca\/uqactualites\/wp-content\/uploads\/2012\/05\/avis-laCommunaut-.jpg","type":"image\/jpeg"}],"author":"Service des communications et des relations publiques","twitter_card":"summary_large_image","twitter_misc":{"\u00c9crit par":"Service des communications et des relations publiques"},"schema":{"@context":"https:\/\/schema.org","@graph":[{"@type":"WebPage","@id":"https:\/\/www.uqac.ca\/uqactualites\/2015\/01\/26\/concours-international-de-photographie\/","url":"https:\/\/www.uqac.ca\/uqactualites\/2015\/01\/26\/concours-international-de-photographie\/","name":"Concours international de photographie - UQACtualit\u00e9s","isPartOf":{"@id":"https:\/\/www.uqac.ca\/uqactualites\/#website"},"primaryImageOfPage":{"@id":"https:\/\/www.uqac.ca\/uqactualites\/2015\/01\/26\/concours-international-de-photographie\/#primaryimage"},"image":{"@id":"https:\/\/www.uqac.ca\/uqactualites\/2015\/01\/26\/concours-international-de-photographie\/#primaryimage"},"thumbnailUrl":"https:\/\/www.uqac.ca\/uqactualites\/wp-content\/uploads\/2012\/05\/avis-laCommunaut-.jpg","datePublished":"2015-01-26T15:35:31+00:00","dateModified":"2015-01-26T15:35:31+00:00","author":{"@id":"https:\/\/www.uqac.ca\/uqactualites\/#\/schema\/person\/366c45a0c4f0e677b41b4af5886e2018"},"breadcrumb":{"@id":"https:\/\/www.uqac.ca\/uqactualites\/2015\/01\/26\/concours-international-de-photographie\/#breadcrumb"},"inLanguage":"fr-CA","potentialAction":[{"@type":"ReadAction","target":["https:\/\/www.uqac.ca\/uqactualites\/2015\/01\/26\/concours-international-de-photographie\/"]}]},{"@type":"ImageObject","inLanguage":"fr-CA","@id":"https:\/\/www.uqac.ca\/uqactualites\/2015\/01\/26\/concours-international-de-photographie\/#primaryimage","url":"https:\/\/www.uqac.ca\/uqactualites\/wp-content\/uploads\/2012\/05\/avis-laCommunaut-.jpg","contentUrl":"https:\/\/www.uqac.ca\/uqactualites\/wp-content\/uploads\/2012\/05\/avis-laCommunaut-.jpg","width":620,"height":300},{"@type":"BreadcrumbList","@id":"https:\/\/www.uqac.ca\/uqactualites\/2015\/01\/26\/concours-international-de-photographie\/#breadcrumb","itemListElement":[{"@type":"ListItem","position":1,"name":"Home","item":"https:\/\/www.uqac.ca\/uqactualites\/"},{"@type":"ListItem","position":2,"name":"Concours international de photographie"}]},{"@type":"WebSite","@id":"https:\/\/www.uqac.ca\/uqactualites\/#website","url":"https:\/\/www.uqac.ca\/uqactualites\/","name":"UQACtualit\u00e9s","description":"Le portail des nouvelles de l&#039;UQAC","potentialAction":[{"@type":"SearchAction","target":{"@type":"EntryPoint","urlTemplate":"https:\/\/www.uqac.ca\/uqactualites\/?s={search_term_string}"},"query-input":{"@type":"PropertyValueSpecification","valueRequired":true,"valueName":"search_term_string"}}],"inLanguage":"fr-CA"},{"@type":"Person","@id":"https:\/\/www.uqac.ca\/uqactualites\/#\/schema\/person\/366c45a0c4f0e677b41b4af5886e2018","name":"Service des communications et des relations publiques","image":{"@type":"ImageObject","inLanguage":"fr-CA","@id":"https:\/\/www.uqac.ca\/uqactualites\/#\/schema\/person\/image\/","url":"https:\/\/secure.gravatar.com\/avatar\/20fbbda8a292f59f2d3461a5b999c00b?s=96&d=mm&r=g","contentUrl":"https:\/\/secure.gravatar.com\/avatar\/20fbbda8a292f59f2d3461a5b999c00b?s=96&d=mm&r=g","caption":"Service des communications et des relations publiques"},"url":"https:\/\/www.uqac.ca\/uqactualites\/author\/bap\/"}]}},"_links":{"self":[{"href":"https:\/\/www.uqac.ca\/uqactualites\/wp-json\/wp\/v2\/posts\/29059"}],"collection":[{"href":"https:\/\/www.uqac.ca\/uqactualites\/wp-json\/wp\/v2\/posts"}],"about":[{"href":"https:\/\/www.uqac.ca\/uqactualites\/wp-json\/wp\/v2\/types\/post"}],"author":[{"embeddable":true,"href":"https:\/\/www.uqac.ca\/uqactualites\/wp-json\/wp\/v2\/users\/5"}],"replies":[{"embeddable":true,"href":"https:\/\/www.uqac.ca\/uqactualites\/wp-json\/wp\/v2\/comments?post=29059"}],"version-history":[{"count":0,"href":"https:\/\/www.uqac.ca\/uqactualites\/wp-json\/wp\/v2\/posts\/29059\/revisions"}],"wp:featuredmedia":[{"embeddable":true,"href":"https:\/\/www.uqac.ca\/uqactualites\/wp-json\/wp\/v2\/media\/20989"}],"wp:attachment":[{"href":"https:\/\/www.uqac.ca\/uqactualites\/wp-json\/wp\/v2\/media?parent=29059"}],"wp:term":[{"taxonomy":"category","embeddable":true,"href":"https:\/\/www.uqac.ca\/uqactualites\/wp-json\/wp\/v2\/categories?post=29059"},{"taxonomy":"post_tag","embeddable":true,"href":"https:\/\/www.uqac.ca\/uqactualites\/wp-json\/wp\/v2\/tags?post=29059"}],"curies":[{"name":"wp","href":"https:\/\/api.w.org\/{rel}","templated":true}]}}