{"id":29126,"date":"2015-01-30T12:05:40","date_gmt":"2015-01-30T17:05:40","guid":{"rendered":"http:\/\/uqactualite.odev.ca\/?p=29126"},"modified":"2015-01-30T12:05:40","modified_gmt":"2015-01-30T17:05:40","slug":"journee-nationale-de-la-ptite-laine","status":"publish","type":"post","link":"https:\/\/www.uqac.ca\/uqactualites\/2015\/01\/30\/journee-nationale-de-la-ptite-laine\/","title":{"rendered":"Journ\u00e9e nationale de la p\u2019tite laine"},"content":{"rendered":"<p>L\u2019UQAC invite la communaut\u00e9 universitaire \u00e0 participer \u00e0 la <a href=\"http:\/\/www.mapetitelaine.ca\/\">Journ\u00e9e nationale de la p\u2019tite laine 2015<\/a> du <a href=\"http:\/\/www.wwf.ca\/fr\/\">Fonds mondial pour la nature (WWF)<\/a> qui aura lieu le <strong>jeudi 5 f\u00e9vrier prochain<\/strong>.<\/p>\n<p><strong>En quoi consiste le d\u00e9fi de cette journ\u00e9e?<br \/>\n<\/strong>Il suffit de g\u00e9n\u00e9rer des \u00e9conomies d\u2019\u00e9nergie en baissant le chauffage de son environnement de travail et de sa r\u00e9sidence de 3\u00b0C et en enfilant une p\u2019tite laine symbolique pour se garder au chaud.<\/p>\n<p><strong>Pourquoi participer au d\u00e9fi?<\/strong><\/p>\n<ul>\n<li>Pour faire un geste concret afin de r\u00e9duire les \u00e9missions de gaz \u00e0 effet de serre (GES) dans l\u2019environnement.<\/li>\n<li>Pour sensibiliser ses coll\u00e8gues, sa famille et la population en g\u00e9n\u00e9ral \u00e0 adopter de bonnes habitudes de consommation d\u2019\u00e9nergie.<\/li>\n<li>Pour laisser un avenir durable aux prochaines g\u00e9n\u00e9rations.<\/li>\n<\/ul>\n<p><strong>Concours<br \/>\n<\/strong>Prenez une photo de vous avec votre p\u2019tite laine. Envoyez celle-ci par courriel \u00e0\u00a0<a href=\"mailto:info@negawattsprod.com\">info@negawattsprod.com<\/a> ou publiez-la sur notre \u00e9v\u00e9nement Facebook en allant au <a href=\"http:\/\/www.mapetitelaine.ca\">www.mapetitelaine.ca<\/a>.<\/p>\n<p>Vous courrez la chance de gagner une veste polar identifi\u00e9e \u00ab Moi je mets ma p\u2019tite laine pour la plan\u00e8te! \u00bb<\/p>\n<p><strong><br \/>\nRenseignements\u00a0:<br \/>\n<\/strong><a href=\"http:\/\/www.wwf.ca\/fr\">www.wwf.ca\/fr<br \/>\n<\/a><a href=\"http:\/\/www.infowatts.ca\">www.infowatts.ca<br \/>\n<\/a>V\u00e9ronique Fortin<br \/>\nN\u00e9gawatts Production<br \/>\n418\u00a0668-2626<br \/>\n<a href=\"mailto:vfortin@negawattsprod.com\">vfortin@negawattsprod.com<\/a><\/p>\n","protected":false},"excerpt":{"rendered":"<p>L\u2019UQAC invite la communaut\u00e9 universitaire \u00e0 participer \u00e0 la Journ\u00e9e nationale de la p\u2019tite laine 2015 du Fonds mondial pour la nature (WWF) qui aura lieu le jeudi 5 f\u00e9vrier prochain. En quoi consiste le d\u00e9fi de cette journ\u00e9e? Il suffit de g\u00e9n\u00e9rer des \u00e9conomies d\u2019\u00e9nergie en baissant le chauffage de son environnement de travail [&hellip;]<\/p>\n","protected":false},"author":5,"featured_media":20989,"comment_status":"open","ping_status":"open","sticky":false,"template":"","format":"standard","meta":{"footnotes":""},"categories":[2772],"tags":[559,560,561],"yoast_head":"<!-- This site is optimized with the Yoast SEO plugin v24.2 - https:\/\/yoast.com\/wordpress\/plugins\/seo\/ -->\r\n<title>Journ\u00e9e nationale de la p\u2019tite laine - UQACtualit\u00e9s<\/title>\r\n<meta name=\"robots\" content=\"index, follow, max-snippet:-1, max-image-preview:large, max-video-preview:-1\" \/>\r\n<link rel=\"canonical\" href=\"https:\/\/www.uqac.ca\/uqactualites\/2015\/01\/30\/journee-nationale-de-la-ptite-laine\/\" \/>\r\n<meta property=\"og:locale\" content=\"fr_CA\" \/>\r\n<meta property=\"og:type\" content=\"article\" \/>\r\n<meta property=\"og:title\" content=\"Journ\u00e9e nationale de la p\u2019tite laine - UQACtualit\u00e9s\" \/>\r\n<meta property=\"og:description\" content=\"L\u2019UQAC invite la communaut\u00e9 universitaire \u00e0 participer \u00e0 la Journ\u00e9e nationale de la p\u2019tite laine 2015 du Fonds mondial pour la nature (WWF) qui aura lieu le jeudi 5 f\u00e9vrier prochain. En quoi consiste le d\u00e9fi de cette journ\u00e9e? Il suffit de g\u00e9n\u00e9rer des \u00e9conomies d\u2019\u00e9nergie en baissant le chauffage de son environnement de travail [&hellip;]\" \/>\r\n<meta property=\"og:url\" content=\"https:\/\/www.uqac.ca\/uqactualites\/2015\/01\/30\/journee-nationale-de-la-ptite-laine\/\" \/>\r\n<meta property=\"og:site_name\" content=\"UQACtualit\u00e9s\" \/>\r\n<meta property=\"article:published_time\" content=\"2015-01-30T17:05:40+00:00\" \/>\r\n<meta property=\"og:image\" content=\"https:\/\/www.uqac.ca\/uqactualites\/wp-content\/uploads\/2012\/05\/avis-laCommunaut-.jpg\" \/>\r\n\t<meta property=\"og:image:width\" content=\"620\" \/>\r\n\t<meta property=\"og:image:height\" content=\"300\" \/>\r\n\t<meta property=\"og:image:type\" content=\"image\/jpeg\" \/>\r\n<meta name=\"author\" content=\"Service des communications et des relations publiques\" \/>\r\n<meta name=\"twitter:card\" content=\"summary_large_image\" \/>\r\n<meta name=\"twitter:label1\" content=\"\u00c9crit par\" \/>\n\t<meta name=\"twitter:data1\" content=\"Service des communications et des relations publiques\" \/>\n\t<meta name=\"twitter:label2\" content=\"Estimation du temps de lecture\" \/>\n\t<meta name=\"twitter:data2\" content=\"1 minute\" \/>\r\n<script type=\"application\/ld+json\" class=\"yoast-schema-graph\">{\"@context\":\"https:\/\/schema.org\",\"@graph\":[{\"@type\":\"WebPage\",\"@id\":\"https:\/\/www.uqac.ca\/uqactualites\/2015\/01\/30\/journee-nationale-de-la-ptite-laine\/\",\"url\":\"https:\/\/www.uqac.ca\/uqactualites\/2015\/01\/30\/journee-nationale-de-la-ptite-laine\/\",\"name\":\"Journ\u00e9e nationale de la p\u2019tite laine - UQACtualit\u00e9s\",\"isPartOf\":{\"@id\":\"https:\/\/www.uqac.ca\/uqactualites\/#website\"},\"primaryImageOfPage\":{\"@id\":\"https:\/\/www.uqac.ca\/uqactualites\/2015\/01\/30\/journee-nationale-de-la-ptite-laine\/#primaryimage\"},\"image\":{\"@id\":\"https:\/\/www.uqac.ca\/uqactualites\/2015\/01\/30\/journee-nationale-de-la-ptite-laine\/#primaryimage\"},\"thumbnailUrl\":\"https:\/\/www.uqac.ca\/uqactualites\/wp-content\/uploads\/2012\/05\/avis-laCommunaut-.jpg\",\"datePublished\":\"2015-01-30T17:05:40+00:00\",\"dateModified\":\"2015-01-30T17:05:40+00:00\",\"author\":{\"@id\":\"https:\/\/www.uqac.ca\/uqactualites\/#\/schema\/person\/366c45a0c4f0e677b41b4af5886e2018\"},\"breadcrumb\":{\"@id\":\"https:\/\/www.uqac.ca\/uqactualites\/2015\/01\/30\/journee-nationale-de-la-ptite-laine\/#breadcrumb\"},\"inLanguage\":\"fr-CA\",\"potentialAction\":[{\"@type\":\"ReadAction\",\"target\":[\"https:\/\/www.uqac.ca\/uqactualites\/2015\/01\/30\/journee-nationale-de-la-ptite-laine\/\"]}]},{\"@type\":\"ImageObject\",\"inLanguage\":\"fr-CA\",\"@id\":\"https:\/\/www.uqac.ca\/uqactualites\/2015\/01\/30\/journee-nationale-de-la-ptite-laine\/#primaryimage\",\"url\":\"https:\/\/www.uqac.ca\/uqactualites\/wp-content\/uploads\/2012\/05\/avis-laCommunaut-.jpg\",\"contentUrl\":\"https:\/\/www.uqac.ca\/uqactualites\/wp-content\/uploads\/2012\/05\/avis-laCommunaut-.jpg\",\"width\":620,\"height\":300},{\"@type\":\"BreadcrumbList\",\"@id\":\"https:\/\/www.uqac.ca\/uqactualites\/2015\/01\/30\/journee-nationale-de-la-ptite-laine\/#breadcrumb\",\"itemListElement\":[{\"@type\":\"ListItem\",\"position\":1,\"name\":\"Home\",\"item\":\"https:\/\/www.uqac.ca\/uqactualites\/\"},{\"@type\":\"ListItem\",\"position\":2,\"name\":\"Journ\u00e9e nationale de la p\u2019tite laine\"}]},{\"@type\":\"WebSite\",\"@id\":\"https:\/\/www.uqac.ca\/uqactualites\/#website\",\"url\":\"https:\/\/www.uqac.ca\/uqactualites\/\",\"name\":\"UQACtualit\u00e9s\",\"description\":\"Le portail des nouvelles de l&#039;UQAC\",\"potentialAction\":[{\"@type\":\"SearchAction\",\"target\":{\"@type\":\"EntryPoint\",\"urlTemplate\":\"https:\/\/www.uqac.ca\/uqactualites\/?s={search_term_string}\"},\"query-input\":{\"@type\":\"PropertyValueSpecification\",\"valueRequired\":true,\"valueName\":\"search_term_string\"}}],\"inLanguage\":\"fr-CA\"},{\"@type\":\"Person\",\"@id\":\"https:\/\/www.uqac.ca\/uqactualites\/#\/schema\/person\/366c45a0c4f0e677b41b4af5886e2018\",\"name\":\"Service des communications et des relations publiques\",\"image\":{\"@type\":\"ImageObject\",\"inLanguage\":\"fr-CA\",\"@id\":\"https:\/\/www.uqac.ca\/uqactualites\/#\/schema\/person\/image\/\",\"url\":\"https:\/\/secure.gravatar.com\/avatar\/20fbbda8a292f59f2d3461a5b999c00b?s=96&d=mm&r=g\",\"contentUrl\":\"https:\/\/secure.gravatar.com\/avatar\/20fbbda8a292f59f2d3461a5b999c00b?s=96&d=mm&r=g\",\"caption\":\"Service des communications et des relations publiques\"},\"url\":\"https:\/\/www.uqac.ca\/uqactualites\/author\/bap\/\"}]}<\/script>\r\n<!-- \/ Yoast SEO plugin. -->","yoast_head_json":{"title":"Journ\u00e9e nationale de la p\u2019tite laine - UQACtualit\u00e9s","robots":{"index":"index","follow":"follow","max-snippet":"max-snippet:-1","max-image-preview":"max-image-preview:large","max-video-preview":"max-video-preview:-1"},"canonical":"https:\/\/www.uqac.ca\/uqactualites\/2015\/01\/30\/journee-nationale-de-la-ptite-laine\/","og_locale":"fr_CA","og_type":"article","og_title":"Journ\u00e9e nationale de la p\u2019tite laine - UQACtualit\u00e9s","og_description":"L\u2019UQAC invite la communaut\u00e9 universitaire \u00e0 participer \u00e0 la Journ\u00e9e nationale de la p\u2019tite laine 2015 du Fonds mondial pour la nature (WWF) qui aura lieu le jeudi 5 f\u00e9vrier prochain. En quoi consiste le d\u00e9fi de cette journ\u00e9e? Il suffit de g\u00e9n\u00e9rer des \u00e9conomies d\u2019\u00e9nergie en baissant le chauffage de son environnement de travail [&hellip;]","og_url":"https:\/\/www.uqac.ca\/uqactualites\/2015\/01\/30\/journee-nationale-de-la-ptite-laine\/","og_site_name":"UQACtualit\u00e9s","article_published_time":"2015-01-30T17:05:40+00:00","og_image":[{"width":620,"height":300,"url":"https:\/\/www.uqac.ca\/uqactualites\/wp-content\/uploads\/2012\/05\/avis-laCommunaut-.jpg","type":"image\/jpeg"}],"author":"Service des communications et des relations publiques","twitter_card":"summary_large_image","twitter_misc":{"\u00c9crit par":"Service des communications et des relations publiques","Estimation du temps de lecture":"1 minute"},"schema":{"@context":"https:\/\/schema.org","@graph":[{"@type":"WebPage","@id":"https:\/\/www.uqac.ca\/uqactualites\/2015\/01\/30\/journee-nationale-de-la-ptite-laine\/","url":"https:\/\/www.uqac.ca\/uqactualites\/2015\/01\/30\/journee-nationale-de-la-ptite-laine\/","name":"Journ\u00e9e nationale de la p\u2019tite laine - UQACtualit\u00e9s","isPartOf":{"@id":"https:\/\/www.uqac.ca\/uqactualites\/#website"},"primaryImageOfPage":{"@id":"https:\/\/www.uqac.ca\/uqactualites\/2015\/01\/30\/journee-nationale-de-la-ptite-laine\/#primaryimage"},"image":{"@id":"https:\/\/www.uqac.ca\/uqactualites\/2015\/01\/30\/journee-nationale-de-la-ptite-laine\/#primaryimage"},"thumbnailUrl":"https:\/\/www.uqac.ca\/uqactualites\/wp-content\/uploads\/2012\/05\/avis-laCommunaut-.jpg","datePublished":"2015-01-30T17:05:40+00:00","dateModified":"2015-01-30T17:05:40+00:00","author":{"@id":"https:\/\/www.uqac.ca\/uqactualites\/#\/schema\/person\/366c45a0c4f0e677b41b4af5886e2018"},"breadcrumb":{"@id":"https:\/\/www.uqac.ca\/uqactualites\/2015\/01\/30\/journee-nationale-de-la-ptite-laine\/#breadcrumb"},"inLanguage":"fr-CA","potentialAction":[{"@type":"ReadAction","target":["https:\/\/www.uqac.ca\/uqactualites\/2015\/01\/30\/journee-nationale-de-la-ptite-laine\/"]}]},{"@type":"ImageObject","inLanguage":"fr-CA","@id":"https:\/\/www.uqac.ca\/uqactualites\/2015\/01\/30\/journee-nationale-de-la-ptite-laine\/#primaryimage","url":"https:\/\/www.uqac.ca\/uqactualites\/wp-content\/uploads\/2012\/05\/avis-laCommunaut-.jpg","contentUrl":"https:\/\/www.uqac.ca\/uqactualites\/wp-content\/uploads\/2012\/05\/avis-laCommunaut-.jpg","width":620,"height":300},{"@type":"BreadcrumbList","@id":"https:\/\/www.uqac.ca\/uqactualites\/2015\/01\/30\/journee-nationale-de-la-ptite-laine\/#breadcrumb","itemListElement":[{"@type":"ListItem","position":1,"name":"Home","item":"https:\/\/www.uqac.ca\/uqactualites\/"},{"@type":"ListItem","position":2,"name":"Journ\u00e9e nationale de la p\u2019tite laine"}]},{"@type":"WebSite","@id":"https:\/\/www.uqac.ca\/uqactualites\/#website","url":"https:\/\/www.uqac.ca\/uqactualites\/","name":"UQACtualit\u00e9s","description":"Le portail des nouvelles de l&#039;UQAC","potentialAction":[{"@type":"SearchAction","target":{"@type":"EntryPoint","urlTemplate":"https:\/\/www.uqac.ca\/uqactualites\/?s={search_term_string}"},"query-input":{"@type":"PropertyValueSpecification","valueRequired":true,"valueName":"search_term_string"}}],"inLanguage":"fr-CA"},{"@type":"Person","@id":"https:\/\/www.uqac.ca\/uqactualites\/#\/schema\/person\/366c45a0c4f0e677b41b4af5886e2018","name":"Service des communications et des relations publiques","image":{"@type":"ImageObject","inLanguage":"fr-CA","@id":"https:\/\/www.uqac.ca\/uqactualites\/#\/schema\/person\/image\/","url":"https:\/\/secure.gravatar.com\/avatar\/20fbbda8a292f59f2d3461a5b999c00b?s=96&d=mm&r=g","contentUrl":"https:\/\/secure.gravatar.com\/avatar\/20fbbda8a292f59f2d3461a5b999c00b?s=96&d=mm&r=g","caption":"Service des communications et des relations publiques"},"url":"https:\/\/www.uqac.ca\/uqactualites\/author\/bap\/"}]}},"_links":{"self":[{"href":"https:\/\/www.uqac.ca\/uqactualites\/wp-json\/wp\/v2\/posts\/29126"}],"collection":[{"href":"https:\/\/www.uqac.ca\/uqactualites\/wp-json\/wp\/v2\/posts"}],"about":[{"href":"https:\/\/www.uqac.ca\/uqactualites\/wp-json\/wp\/v2\/types\/post"}],"author":[{"embeddable":true,"href":"https:\/\/www.uqac.ca\/uqactualites\/wp-json\/wp\/v2\/users\/5"}],"replies":[{"embeddable":true,"href":"https:\/\/www.uqac.ca\/uqactualites\/wp-json\/wp\/v2\/comments?post=29126"}],"version-history":[{"count":0,"href":"https:\/\/www.uqac.ca\/uqactualites\/wp-json\/wp\/v2\/posts\/29126\/revisions"}],"wp:featuredmedia":[{"embeddable":true,"href":"https:\/\/www.uqac.ca\/uqactualites\/wp-json\/wp\/v2\/media\/20989"}],"wp:attachment":[{"href":"https:\/\/www.uqac.ca\/uqactualites\/wp-json\/wp\/v2\/media?parent=29126"}],"wp:term":[{"taxonomy":"category","embeddable":true,"href":"https:\/\/www.uqac.ca\/uqactualites\/wp-json\/wp\/v2\/categories?post=29126"},{"taxonomy":"post_tag","embeddable":true,"href":"https:\/\/www.uqac.ca\/uqactualites\/wp-json\/wp\/v2\/tags?post=29126"}],"curies":[{"name":"wp","href":"https:\/\/api.w.org\/{rel}","templated":true}]}}