{"id":29178,"date":"2015-02-04T13:45:23","date_gmt":"2015-02-04T18:45:23","guid":{"rendered":"http:\/\/uqactualite.odev.ca\/?p=29178"},"modified":"2015-02-04T13:45:23","modified_gmt":"2015-02-04T18:45:23","slug":"cours-de-secourisme-en-milieu-de-travail","status":"publish","type":"post","link":"https:\/\/www.uqac.ca\/uqactualites\/2015\/02\/04\/cours-de-secourisme-en-milieu-de-travail\/","title":{"rendered":"Cours de secourisme en milieu de travail"},"content":{"rendered":"<p>Le cours de secourisme en milieu de travail est offert aux employ\u00e9s de l\u2019UQAC\u00a0:<br \/>\n<strong>Jeudi 5 mars et vendredi 6 mars 2015 <\/strong><strong>\u25aa<\/strong><strong> 8\u00a0h\u00a030 \u00e0 16\u00a0h\u00a030<\/strong><\/p>\n<p>Que vous soyez cadre, professeur, charg\u00e9 de cours, professionnel, employ\u00e9 de soutien, chercheur ou contractuel, votre participation \u00e0 cette formation nous permettra d\u2019assurer la pr\u00e9sence d\u2019un nombre minimal de secouristes qualifi\u00e9s pendant les heures de travail.<\/p>\n<p><strong>Moyens et techniques \u00e9tudi\u00e9s<\/strong><\/p>\n<ul>\n<li>Premiers soins<\/li>\n<li>Techniques de RCR<\/li>\n<li>Utilisation des d\u00e9fibrillateurs<\/li>\n<li>Administration de l\u2019EpiPen en cas de choc anaphylactique<\/li>\n<\/ul>\n<p><strong>Remise d\u2019un certificat sur r\u00e9ussite d\u2019un examen.<br \/>\nCertificat valable pour trois ans et qui doit \u00eatre renouvel\u00e9.<br \/>\nVous avez suivi ce cours? V\u00e9rifiez la date d\u2019expiration sur votre certificat.<\/strong><\/p>\n<p>LES PLACES SONT LIMIT\u00c9ES.<\/p>\n<p><span style=\"text-decoration: underline\"><strong>Vous devez vous entendre avec votre sup\u00e9rieur afin d\u2019\u00eatre lib\u00e9r\u00e9 pour assister \u00e0 cette formation.<\/strong><\/span><\/p>\n<p>Inscrivez-vous aupr\u00e8s d\u2019Annie Girard (<a href=\"mailto:annie.girard@uqac.ca\">annie.girard@uqac.ca<\/a>).<\/p>\n<p>Lors de votre inscription, vous devrez mentionner votre poste, votre secteur de travail ainsi que votre num\u00e9ro de t\u00e9l\u00e9phone.<\/p>\n<p><strong>Cette formation peut sauver la vie d\u2019un coll\u00e8gue, d\u2019un ami et m\u00eame d\u2019un membre de votre famille.<\/strong><\/p>\n<p><strong>Renseignements\u00a0: <\/strong><br \/>\nMarie-Eve Bradette H\u00e9bert, responsable sant\u00e9, s\u00e9curit\u00e9 et mesures d\u2019urgence et radioprotection<br \/>\nService des immeubles et \u00e9quipements<br \/>\nUniversit\u00e9 du Qu\u00e9bec \u00e0 Chicoutimi<br \/>\n418 545-5011, poste\u00a02432 \u25aa <a href=\"mailto:marie-eve.bradette-hebert@uqac.ca\">marie-eve.bradette-hebert@uqac.ca<\/a><\/p>\n","protected":false},"excerpt":{"rendered":"<p>Le cours de secourisme en milieu de travail est offert aux employ\u00e9s de l\u2019UQAC\u00a0: Jeudi 5 mars et vendredi 6 mars 2015 \u25aa 8\u00a0h\u00a030 \u00e0 16\u00a0h\u00a030 Que vous soyez cadre, professeur, charg\u00e9 de cours, professionnel, employ\u00e9 de soutien, chercheur ou contractuel, votre participation \u00e0 cette formation nous permettra d\u2019assurer la pr\u00e9sence d\u2019un nombre minimal de [&hellip;]<\/p>\n","protected":false},"author":5,"featured_media":20989,"comment_status":"open","ping_status":"open","sticky":false,"template":"","format":"standard","meta":{"footnotes":""},"categories":[2772],"tags":[566],"yoast_head":"<!-- This site is optimized with the Yoast SEO plugin v24.2 - https:\/\/yoast.com\/wordpress\/plugins\/seo\/ -->\r\n<title>Cours de secourisme en milieu de travail - UQACtualit\u00e9s<\/title>\r\n<meta name=\"robots\" content=\"index, follow, max-snippet:-1, max-image-preview:large, max-video-preview:-1\" \/>\r\n<link rel=\"canonical\" href=\"https:\/\/www.uqac.ca\/uqactualites\/2015\/02\/04\/cours-de-secourisme-en-milieu-de-travail\/\" \/>\r\n<meta property=\"og:locale\" content=\"fr_CA\" \/>\r\n<meta property=\"og:type\" content=\"article\" \/>\r\n<meta property=\"og:title\" content=\"Cours de secourisme en milieu de travail - UQACtualit\u00e9s\" \/>\r\n<meta property=\"og:description\" content=\"Le cours de secourisme en milieu de travail est offert aux employ\u00e9s de l\u2019UQAC\u00a0: Jeudi 5 mars et vendredi 6 mars 2015 \u25aa 8\u00a0h\u00a030 \u00e0 16\u00a0h\u00a030 Que vous soyez cadre, professeur, charg\u00e9 de cours, professionnel, employ\u00e9 de soutien, chercheur ou contractuel, votre participation \u00e0 cette formation nous permettra d\u2019assurer la pr\u00e9sence d\u2019un nombre minimal de [&hellip;]\" \/>\r\n<meta property=\"og:url\" content=\"https:\/\/www.uqac.ca\/uqactualites\/2015\/02\/04\/cours-de-secourisme-en-milieu-de-travail\/\" \/>\r\n<meta property=\"og:site_name\" content=\"UQACtualit\u00e9s\" \/>\r\n<meta property=\"article:published_time\" content=\"2015-02-04T18:45:23+00:00\" \/>\r\n<meta property=\"og:image\" content=\"https:\/\/www.uqac.ca\/uqactualites\/wp-content\/uploads\/2012\/05\/avis-laCommunaut-.jpg\" \/>\r\n\t<meta property=\"og:image:width\" content=\"620\" \/>\r\n\t<meta property=\"og:image:height\" content=\"300\" \/>\r\n\t<meta property=\"og:image:type\" content=\"image\/jpeg\" \/>\r\n<meta name=\"author\" content=\"Service des communications et des relations publiques\" \/>\r\n<meta name=\"twitter:card\" content=\"summary_large_image\" \/>\r\n<meta name=\"twitter:label1\" content=\"\u00c9crit par\" \/>\n\t<meta name=\"twitter:data1\" content=\"Service des communications et des relations publiques\" \/>\n\t<meta name=\"twitter:label2\" content=\"Estimation du temps de lecture\" \/>\n\t<meta name=\"twitter:data2\" content=\"1 minute\" \/>\r\n<script type=\"application\/ld+json\" class=\"yoast-schema-graph\">{\"@context\":\"https:\/\/schema.org\",\"@graph\":[{\"@type\":\"WebPage\",\"@id\":\"https:\/\/www.uqac.ca\/uqactualites\/2015\/02\/04\/cours-de-secourisme-en-milieu-de-travail\/\",\"url\":\"https:\/\/www.uqac.ca\/uqactualites\/2015\/02\/04\/cours-de-secourisme-en-milieu-de-travail\/\",\"name\":\"Cours de secourisme en milieu de travail - UQACtualit\u00e9s\",\"isPartOf\":{\"@id\":\"https:\/\/www.uqac.ca\/uqactualites\/#website\"},\"primaryImageOfPage\":{\"@id\":\"https:\/\/www.uqac.ca\/uqactualites\/2015\/02\/04\/cours-de-secourisme-en-milieu-de-travail\/#primaryimage\"},\"image\":{\"@id\":\"https:\/\/www.uqac.ca\/uqactualites\/2015\/02\/04\/cours-de-secourisme-en-milieu-de-travail\/#primaryimage\"},\"thumbnailUrl\":\"https:\/\/www.uqac.ca\/uqactualites\/wp-content\/uploads\/2012\/05\/avis-laCommunaut-.jpg\",\"datePublished\":\"2015-02-04T18:45:23+00:00\",\"dateModified\":\"2015-02-04T18:45:23+00:00\",\"author\":{\"@id\":\"https:\/\/www.uqac.ca\/uqactualites\/#\/schema\/person\/366c45a0c4f0e677b41b4af5886e2018\"},\"breadcrumb\":{\"@id\":\"https:\/\/www.uqac.ca\/uqactualites\/2015\/02\/04\/cours-de-secourisme-en-milieu-de-travail\/#breadcrumb\"},\"inLanguage\":\"fr-CA\",\"potentialAction\":[{\"@type\":\"ReadAction\",\"target\":[\"https:\/\/www.uqac.ca\/uqactualites\/2015\/02\/04\/cours-de-secourisme-en-milieu-de-travail\/\"]}]},{\"@type\":\"ImageObject\",\"inLanguage\":\"fr-CA\",\"@id\":\"https:\/\/www.uqac.ca\/uqactualites\/2015\/02\/04\/cours-de-secourisme-en-milieu-de-travail\/#primaryimage\",\"url\":\"https:\/\/www.uqac.ca\/uqactualites\/wp-content\/uploads\/2012\/05\/avis-laCommunaut-.jpg\",\"contentUrl\":\"https:\/\/www.uqac.ca\/uqactualites\/wp-content\/uploads\/2012\/05\/avis-laCommunaut-.jpg\",\"width\":620,\"height\":300},{\"@type\":\"BreadcrumbList\",\"@id\":\"https:\/\/www.uqac.ca\/uqactualites\/2015\/02\/04\/cours-de-secourisme-en-milieu-de-travail\/#breadcrumb\",\"itemListElement\":[{\"@type\":\"ListItem\",\"position\":1,\"name\":\"Home\",\"item\":\"https:\/\/www.uqac.ca\/uqactualites\/\"},{\"@type\":\"ListItem\",\"position\":2,\"name\":\"Cours de secourisme en milieu de travail\"}]},{\"@type\":\"WebSite\",\"@id\":\"https:\/\/www.uqac.ca\/uqactualites\/#website\",\"url\":\"https:\/\/www.uqac.ca\/uqactualites\/\",\"name\":\"UQACtualit\u00e9s\",\"description\":\"Le portail des nouvelles de l&#039;UQAC\",\"potentialAction\":[{\"@type\":\"SearchAction\",\"target\":{\"@type\":\"EntryPoint\",\"urlTemplate\":\"https:\/\/www.uqac.ca\/uqactualites\/?s={search_term_string}\"},\"query-input\":{\"@type\":\"PropertyValueSpecification\",\"valueRequired\":true,\"valueName\":\"search_term_string\"}}],\"inLanguage\":\"fr-CA\"},{\"@type\":\"Person\",\"@id\":\"https:\/\/www.uqac.ca\/uqactualites\/#\/schema\/person\/366c45a0c4f0e677b41b4af5886e2018\",\"name\":\"Service des communications et des relations publiques\",\"image\":{\"@type\":\"ImageObject\",\"inLanguage\":\"fr-CA\",\"@id\":\"https:\/\/www.uqac.ca\/uqactualites\/#\/schema\/person\/image\/\",\"url\":\"https:\/\/secure.gravatar.com\/avatar\/20fbbda8a292f59f2d3461a5b999c00b?s=96&d=mm&r=g\",\"contentUrl\":\"https:\/\/secure.gravatar.com\/avatar\/20fbbda8a292f59f2d3461a5b999c00b?s=96&d=mm&r=g\",\"caption\":\"Service des communications et des relations publiques\"},\"url\":\"https:\/\/www.uqac.ca\/uqactualites\/author\/bap\/\"}]}<\/script>\r\n<!-- \/ Yoast SEO plugin. -->","yoast_head_json":{"title":"Cours de secourisme en milieu de travail - UQACtualit\u00e9s","robots":{"index":"index","follow":"follow","max-snippet":"max-snippet:-1","max-image-preview":"max-image-preview:large","max-video-preview":"max-video-preview:-1"},"canonical":"https:\/\/www.uqac.ca\/uqactualites\/2015\/02\/04\/cours-de-secourisme-en-milieu-de-travail\/","og_locale":"fr_CA","og_type":"article","og_title":"Cours de secourisme en milieu de travail - UQACtualit\u00e9s","og_description":"Le cours de secourisme en milieu de travail est offert aux employ\u00e9s de l\u2019UQAC\u00a0: Jeudi 5 mars et vendredi 6 mars 2015 \u25aa 8\u00a0h\u00a030 \u00e0 16\u00a0h\u00a030 Que vous soyez cadre, professeur, charg\u00e9 de cours, professionnel, employ\u00e9 de soutien, chercheur ou contractuel, votre participation \u00e0 cette formation nous permettra d\u2019assurer la pr\u00e9sence d\u2019un nombre minimal de [&hellip;]","og_url":"https:\/\/www.uqac.ca\/uqactualites\/2015\/02\/04\/cours-de-secourisme-en-milieu-de-travail\/","og_site_name":"UQACtualit\u00e9s","article_published_time":"2015-02-04T18:45:23+00:00","og_image":[{"width":620,"height":300,"url":"https:\/\/www.uqac.ca\/uqactualites\/wp-content\/uploads\/2012\/05\/avis-laCommunaut-.jpg","type":"image\/jpeg"}],"author":"Service des communications et des relations publiques","twitter_card":"summary_large_image","twitter_misc":{"\u00c9crit par":"Service des communications et des relations publiques","Estimation du temps de lecture":"1 minute"},"schema":{"@context":"https:\/\/schema.org","@graph":[{"@type":"WebPage","@id":"https:\/\/www.uqac.ca\/uqactualites\/2015\/02\/04\/cours-de-secourisme-en-milieu-de-travail\/","url":"https:\/\/www.uqac.ca\/uqactualites\/2015\/02\/04\/cours-de-secourisme-en-milieu-de-travail\/","name":"Cours de secourisme en milieu de travail - UQACtualit\u00e9s","isPartOf":{"@id":"https:\/\/www.uqac.ca\/uqactualites\/#website"},"primaryImageOfPage":{"@id":"https:\/\/www.uqac.ca\/uqactualites\/2015\/02\/04\/cours-de-secourisme-en-milieu-de-travail\/#primaryimage"},"image":{"@id":"https:\/\/www.uqac.ca\/uqactualites\/2015\/02\/04\/cours-de-secourisme-en-milieu-de-travail\/#primaryimage"},"thumbnailUrl":"https:\/\/www.uqac.ca\/uqactualites\/wp-content\/uploads\/2012\/05\/avis-laCommunaut-.jpg","datePublished":"2015-02-04T18:45:23+00:00","dateModified":"2015-02-04T18:45:23+00:00","author":{"@id":"https:\/\/www.uqac.ca\/uqactualites\/#\/schema\/person\/366c45a0c4f0e677b41b4af5886e2018"},"breadcrumb":{"@id":"https:\/\/www.uqac.ca\/uqactualites\/2015\/02\/04\/cours-de-secourisme-en-milieu-de-travail\/#breadcrumb"},"inLanguage":"fr-CA","potentialAction":[{"@type":"ReadAction","target":["https:\/\/www.uqac.ca\/uqactualites\/2015\/02\/04\/cours-de-secourisme-en-milieu-de-travail\/"]}]},{"@type":"ImageObject","inLanguage":"fr-CA","@id":"https:\/\/www.uqac.ca\/uqactualites\/2015\/02\/04\/cours-de-secourisme-en-milieu-de-travail\/#primaryimage","url":"https:\/\/www.uqac.ca\/uqactualites\/wp-content\/uploads\/2012\/05\/avis-laCommunaut-.jpg","contentUrl":"https:\/\/www.uqac.ca\/uqactualites\/wp-content\/uploads\/2012\/05\/avis-laCommunaut-.jpg","width":620,"height":300},{"@type":"BreadcrumbList","@id":"https:\/\/www.uqac.ca\/uqactualites\/2015\/02\/04\/cours-de-secourisme-en-milieu-de-travail\/#breadcrumb","itemListElement":[{"@type":"ListItem","position":1,"name":"Home","item":"https:\/\/www.uqac.ca\/uqactualites\/"},{"@type":"ListItem","position":2,"name":"Cours de secourisme en milieu de travail"}]},{"@type":"WebSite","@id":"https:\/\/www.uqac.ca\/uqactualites\/#website","url":"https:\/\/www.uqac.ca\/uqactualites\/","name":"UQACtualit\u00e9s","description":"Le portail des nouvelles de l&#039;UQAC","potentialAction":[{"@type":"SearchAction","target":{"@type":"EntryPoint","urlTemplate":"https:\/\/www.uqac.ca\/uqactualites\/?s={search_term_string}"},"query-input":{"@type":"PropertyValueSpecification","valueRequired":true,"valueName":"search_term_string"}}],"inLanguage":"fr-CA"},{"@type":"Person","@id":"https:\/\/www.uqac.ca\/uqactualites\/#\/schema\/person\/366c45a0c4f0e677b41b4af5886e2018","name":"Service des communications et des relations publiques","image":{"@type":"ImageObject","inLanguage":"fr-CA","@id":"https:\/\/www.uqac.ca\/uqactualites\/#\/schema\/person\/image\/","url":"https:\/\/secure.gravatar.com\/avatar\/20fbbda8a292f59f2d3461a5b999c00b?s=96&d=mm&r=g","contentUrl":"https:\/\/secure.gravatar.com\/avatar\/20fbbda8a292f59f2d3461a5b999c00b?s=96&d=mm&r=g","caption":"Service des communications et des relations publiques"},"url":"https:\/\/www.uqac.ca\/uqactualites\/author\/bap\/"}]}},"_links":{"self":[{"href":"https:\/\/www.uqac.ca\/uqactualites\/wp-json\/wp\/v2\/posts\/29178"}],"collection":[{"href":"https:\/\/www.uqac.ca\/uqactualites\/wp-json\/wp\/v2\/posts"}],"about":[{"href":"https:\/\/www.uqac.ca\/uqactualites\/wp-json\/wp\/v2\/types\/post"}],"author":[{"embeddable":true,"href":"https:\/\/www.uqac.ca\/uqactualites\/wp-json\/wp\/v2\/users\/5"}],"replies":[{"embeddable":true,"href":"https:\/\/www.uqac.ca\/uqactualites\/wp-json\/wp\/v2\/comments?post=29178"}],"version-history":[{"count":0,"href":"https:\/\/www.uqac.ca\/uqactualites\/wp-json\/wp\/v2\/posts\/29178\/revisions"}],"wp:featuredmedia":[{"embeddable":true,"href":"https:\/\/www.uqac.ca\/uqactualites\/wp-json\/wp\/v2\/media\/20989"}],"wp:attachment":[{"href":"https:\/\/www.uqac.ca\/uqactualites\/wp-json\/wp\/v2\/media?parent=29178"}],"wp:term":[{"taxonomy":"category","embeddable":true,"href":"https:\/\/www.uqac.ca\/uqactualites\/wp-json\/wp\/v2\/categories?post=29178"},{"taxonomy":"post_tag","embeddable":true,"href":"https:\/\/www.uqac.ca\/uqactualites\/wp-json\/wp\/v2\/tags?post=29178"}],"curies":[{"name":"wp","href":"https:\/\/api.w.org\/{rel}","templated":true}]}}