{"id":29221,"date":"2015-02-19T09:15:21","date_gmt":"2015-02-19T14:15:21","guid":{"rendered":"http:\/\/uqactualite.odev.ca\/?p=29221"},"modified":"2015-02-19T09:15:21","modified_gmt":"2015-02-19T14:15:21","slug":"defi-cecobois","status":"publish","type":"post","link":"https:\/\/www.uqac.ca\/uqactualites\/2015\/02\/19\/defi-cecobois\/","title":{"rendered":"Des \u00e9tudiants de l\u2019UQAC au D\u00e9fi Cecobois"},"content":{"rendered":"<p>Des \u00e9tudiants du <a href=\"http:\/\/programmes.uqac.ca\/7480\">baccalaur\u00e9at en g\u00e9nie civil<\/a> de l\u2019UQAC ont particip\u00e9 au D\u00e9fi <a href=\"http:\/\/cecobois.com\/\">Cecobois<\/a> \u00e0 Qu\u00e9bec, un concours \u00e9tudiant organis\u00e9 \u00e0 l\u2019occasion du Salon de la for\u00eat 2015. Fran\u00e7ois Gaudreault et J\u00e9r\u00e9mie Perron faisaient partie des \u00e9quipes qui ont remport\u00e9 respectivement la 1\u00e8re et la 3e places.<\/p>\n<p>Le d\u00e9fi consistait \u00e0 construire un mod\u00e8le r\u00e9duit, \u00e0 l\u2019\u00e9chelle 1 : 10, d\u2019une passerelle pour pi\u00e9tons et v\u00e9los. La conception de la structure en bois devait faire preuve d\u2019un design novateur et optimis\u00e9 structuralement.<\/p>\n<p>Les membres du jury ont \u00e9valu\u00e9 les projets selon des crit\u00e8res relatifs au design adapt\u00e9 au mat\u00e9riau bois, autant au niveau du concept architectural et du transfert des charges que de la durabilit\u00e9 de la structure. Ces derniers ont proc\u00e9d\u00e9 \u00e0 la s\u00e9lection de quatre \u00e9quipes gagnantes.<\/p>\n<p>Cette ann\u00e9e, six \u00e9tudiants repr\u00e9sentaient l&rsquo;UQAC lors de cette comp\u00e9tition : Fran\u00e7ois Gaudreault, Jean-Michel Gauthier, Guillaume Paradis, J\u00e9r\u00e9mie Perron, C\u00e9drick Fillon Tremblay et Jocelyn Christianisme.<\/p>\n<p><strong>\u00c0 propos du D\u00e9fi Cecobois<br \/>\n<\/strong>Le D\u00e9fi <a href=\"http:\/\/cecobois.com\/\">Cecobois<\/a> 2015 a accueilli une cinquantaine d\u2019\u00e9tudiants provenant : de l\u2019Universit\u00e9 Laval (architecture, g\u00e9nie civil et g\u00e9nie du bois), de l\u2019Universit\u00e9 de Sherbrooke (g\u00e9nie civil), de l\u2019Universit\u00e9 du Qu\u00e9bec \u00e0 Chicoutimi (UQAC) (<a href=\"http:\/\/programmes.uqac.ca\/7480\">g\u00e9nie civil<\/a>), de l\u2019Universit\u00e9 de Montr\u00e9al (architecture), l\u2019Universit\u00e9 du Qu\u00e9bec \u00e0 Montr\u00e9al (UQAM) (design de l\u2019environnement) et de la Polytechnique (g\u00e9nie civil). L\u2019objectif de ce concours \u00e9tait de permettre aux \u00e9tudiants d\u2019exp\u00e9rimenter concr\u00e8tement les possibilit\u00e9s, la polyvalence et les avantages du mat\u00e9riau bois en construction. D\u2019ailleurs, les visiteurs qui ont circul\u00e9 au Salon de la for\u00eat install\u00e9 au Pavillon Alphonse-Desjardins de l\u2019Universit\u00e9 Laval, ont pu contempler l\u2019\u00e9volution du travail des \u00e9tudiants et voter pour le prix du public.<\/p>\n<p><strong><br \/>\nSource :<\/strong><br \/>\nBureau des affaires publiques<br \/>\nUniversit\u00e9 du Qu\u00e9bec \u00e0 Chicoutimi<br \/>\n418\u00a0545-5011, poste 2350\u00a0 \u25aa\u00a0 <span style=\"text-decoration: underline\"><a href=\"mailto:affaires_publiques@uqac.ca\">affaires_publiques@uqac.ca<\/a><\/span><\/p>\n<p>&nbsp;<\/p>\n<p>&nbsp;<\/p>\n<p>&nbsp;<\/p>\n","protected":false},"excerpt":{"rendered":"<p>Des \u00e9tudiants du baccalaur\u00e9at en g\u00e9nie civil de l\u2019UQAC ont particip\u00e9 au D\u00e9fi Cecobois \u00e0 Qu\u00e9bec, un concours \u00e9tudiant organis\u00e9 \u00e0 l\u2019occasion du Salon de la for\u00eat 2015. Fran\u00e7ois Gaudreault et J\u00e9r\u00e9mie Perron faisaient partie des \u00e9quipes qui ont remport\u00e9 respectivement la 1\u00e8re et la 3e places. Le d\u00e9fi consistait \u00e0 construire un mod\u00e8le r\u00e9duit, [&hellip;]<\/p>\n","protected":false},"author":5,"featured_media":29258,"comment_status":"open","ping_status":"open","sticky":false,"template":"","format":"standard","meta":{"footnotes":""},"categories":[2],"tags":[579,580,581,247],"yoast_head":"<!-- This site is optimized with the Yoast SEO plugin v24.2 - https:\/\/yoast.com\/wordpress\/plugins\/seo\/ -->\r\n<title>Des \u00e9tudiants de l\u2019UQAC au D\u00e9fi Cecobois - UQACtualit\u00e9s<\/title>\r\n<meta name=\"robots\" content=\"index, follow, max-snippet:-1, max-image-preview:large, max-video-preview:-1\" \/>\r\n<link rel=\"canonical\" href=\"https:\/\/www.uqac.ca\/uqactualites\/2015\/02\/19\/defi-cecobois\/\" \/>\r\n<meta property=\"og:locale\" content=\"fr_CA\" \/>\r\n<meta property=\"og:type\" content=\"article\" \/>\r\n<meta property=\"og:title\" content=\"Des \u00e9tudiants de l\u2019UQAC au D\u00e9fi Cecobois - UQACtualit\u00e9s\" \/>\r\n<meta property=\"og:description\" content=\"Des \u00e9tudiants du baccalaur\u00e9at en g\u00e9nie civil de l\u2019UQAC ont particip\u00e9 au D\u00e9fi Cecobois \u00e0 Qu\u00e9bec, un concours \u00e9tudiant organis\u00e9 \u00e0 l\u2019occasion du Salon de la for\u00eat 2015. Fran\u00e7ois Gaudreault et J\u00e9r\u00e9mie Perron faisaient partie des \u00e9quipes qui ont remport\u00e9 respectivement la 1\u00e8re et la 3e places. Le d\u00e9fi consistait \u00e0 construire un mod\u00e8le r\u00e9duit, [&hellip;]\" \/>\r\n<meta property=\"og:url\" content=\"https:\/\/www.uqac.ca\/uqactualites\/2015\/02\/19\/defi-cecobois\/\" \/>\r\n<meta property=\"og:site_name\" content=\"UQACtualit\u00e9s\" \/>\r\n<meta property=\"article:published_time\" content=\"2015-02-19T14:15:21+00:00\" \/>\r\n<meta property=\"og:image\" content=\"https:\/\/www.uqac.ca\/uqactualites\/wp-content\/uploads\/2015\/02\/IMG_5818-scaled.jpg\" \/>\r\n\t<meta property=\"og:image:width\" content=\"2560\" \/>\r\n\t<meta property=\"og:image:height\" content=\"1707\" \/>\r\n\t<meta property=\"og:image:type\" content=\"image\/jpeg\" \/>\r\n<meta name=\"author\" content=\"Service des communications et des relations publiques\" \/>\r\n<meta name=\"twitter:card\" content=\"summary_large_image\" \/>\r\n<meta name=\"twitter:label1\" content=\"\u00c9crit par\" \/>\n\t<meta name=\"twitter:data1\" content=\"Service des communications et des relations publiques\" \/>\n\t<meta name=\"twitter:label2\" content=\"Estimation du temps de lecture\" \/>\n\t<meta name=\"twitter:data2\" content=\"2 minutes\" \/>\r\n<script type=\"application\/ld+json\" class=\"yoast-schema-graph\">{\"@context\":\"https:\/\/schema.org\",\"@graph\":[{\"@type\":\"WebPage\",\"@id\":\"https:\/\/www.uqac.ca\/uqactualites\/2015\/02\/19\/defi-cecobois\/\",\"url\":\"https:\/\/www.uqac.ca\/uqactualites\/2015\/02\/19\/defi-cecobois\/\",\"name\":\"Des \u00e9tudiants de l\u2019UQAC au D\u00e9fi Cecobois - UQACtualit\u00e9s\",\"isPartOf\":{\"@id\":\"https:\/\/www.uqac.ca\/uqactualites\/#website\"},\"primaryImageOfPage\":{\"@id\":\"https:\/\/www.uqac.ca\/uqactualites\/2015\/02\/19\/defi-cecobois\/#primaryimage\"},\"image\":{\"@id\":\"https:\/\/www.uqac.ca\/uqactualites\/2015\/02\/19\/defi-cecobois\/#primaryimage\"},\"thumbnailUrl\":\"https:\/\/www.uqac.ca\/uqactualites\/wp-content\/uploads\/2015\/02\/IMG_5818-scaled.jpg\",\"datePublished\":\"2015-02-19T14:15:21+00:00\",\"dateModified\":\"2015-02-19T14:15:21+00:00\",\"author\":{\"@id\":\"https:\/\/www.uqac.ca\/uqactualites\/#\/schema\/person\/366c45a0c4f0e677b41b4af5886e2018\"},\"breadcrumb\":{\"@id\":\"https:\/\/www.uqac.ca\/uqactualites\/2015\/02\/19\/defi-cecobois\/#breadcrumb\"},\"inLanguage\":\"fr-CA\",\"potentialAction\":[{\"@type\":\"ReadAction\",\"target\":[\"https:\/\/www.uqac.ca\/uqactualites\/2015\/02\/19\/defi-cecobois\/\"]}]},{\"@type\":\"ImageObject\",\"inLanguage\":\"fr-CA\",\"@id\":\"https:\/\/www.uqac.ca\/uqactualites\/2015\/02\/19\/defi-cecobois\/#primaryimage\",\"url\":\"https:\/\/www.uqac.ca\/uqactualites\/wp-content\/uploads\/2015\/02\/IMG_5818-scaled.jpg\",\"contentUrl\":\"https:\/\/www.uqac.ca\/uqactualites\/wp-content\/uploads\/2015\/02\/IMG_5818-scaled.jpg\",\"width\":2560,\"height\":1707},{\"@type\":\"BreadcrumbList\",\"@id\":\"https:\/\/www.uqac.ca\/uqactualites\/2015\/02\/19\/defi-cecobois\/#breadcrumb\",\"itemListElement\":[{\"@type\":\"ListItem\",\"position\":1,\"name\":\"Home\",\"item\":\"https:\/\/www.uqac.ca\/uqactualites\/\"},{\"@type\":\"ListItem\",\"position\":2,\"name\":\"Des \u00e9tudiants de l\u2019UQAC au D\u00e9fi Cecobois\"}]},{\"@type\":\"WebSite\",\"@id\":\"https:\/\/www.uqac.ca\/uqactualites\/#website\",\"url\":\"https:\/\/www.uqac.ca\/uqactualites\/\",\"name\":\"UQACtualit\u00e9s\",\"description\":\"Le portail des nouvelles de l&#039;UQAC\",\"potentialAction\":[{\"@type\":\"SearchAction\",\"target\":{\"@type\":\"EntryPoint\",\"urlTemplate\":\"https:\/\/www.uqac.ca\/uqactualites\/?s={search_term_string}\"},\"query-input\":{\"@type\":\"PropertyValueSpecification\",\"valueRequired\":true,\"valueName\":\"search_term_string\"}}],\"inLanguage\":\"fr-CA\"},{\"@type\":\"Person\",\"@id\":\"https:\/\/www.uqac.ca\/uqactualites\/#\/schema\/person\/366c45a0c4f0e677b41b4af5886e2018\",\"name\":\"Service des communications et des relations publiques\",\"image\":{\"@type\":\"ImageObject\",\"inLanguage\":\"fr-CA\",\"@id\":\"https:\/\/www.uqac.ca\/uqactualites\/#\/schema\/person\/image\/\",\"url\":\"https:\/\/secure.gravatar.com\/avatar\/20fbbda8a292f59f2d3461a5b999c00b?s=96&d=mm&r=g\",\"contentUrl\":\"https:\/\/secure.gravatar.com\/avatar\/20fbbda8a292f59f2d3461a5b999c00b?s=96&d=mm&r=g\",\"caption\":\"Service des communications et des relations publiques\"},\"url\":\"https:\/\/www.uqac.ca\/uqactualites\/author\/bap\/\"}]}<\/script>\r\n<!-- \/ Yoast SEO plugin. -->","yoast_head_json":{"title":"Des \u00e9tudiants de l\u2019UQAC au D\u00e9fi Cecobois - UQACtualit\u00e9s","robots":{"index":"index","follow":"follow","max-snippet":"max-snippet:-1","max-image-preview":"max-image-preview:large","max-video-preview":"max-video-preview:-1"},"canonical":"https:\/\/www.uqac.ca\/uqactualites\/2015\/02\/19\/defi-cecobois\/","og_locale":"fr_CA","og_type":"article","og_title":"Des \u00e9tudiants de l\u2019UQAC au D\u00e9fi Cecobois - UQACtualit\u00e9s","og_description":"Des \u00e9tudiants du baccalaur\u00e9at en g\u00e9nie civil de l\u2019UQAC ont particip\u00e9 au D\u00e9fi Cecobois \u00e0 Qu\u00e9bec, un concours \u00e9tudiant organis\u00e9 \u00e0 l\u2019occasion du Salon de la for\u00eat 2015. Fran\u00e7ois Gaudreault et J\u00e9r\u00e9mie Perron faisaient partie des \u00e9quipes qui ont remport\u00e9 respectivement la 1\u00e8re et la 3e places. Le d\u00e9fi consistait \u00e0 construire un mod\u00e8le r\u00e9duit, [&hellip;]","og_url":"https:\/\/www.uqac.ca\/uqactualites\/2015\/02\/19\/defi-cecobois\/","og_site_name":"UQACtualit\u00e9s","article_published_time":"2015-02-19T14:15:21+00:00","og_image":[{"width":2560,"height":1707,"url":"https:\/\/www.uqac.ca\/uqactualites\/wp-content\/uploads\/2015\/02\/IMG_5818-scaled.jpg","type":"image\/jpeg"}],"author":"Service des communications et des relations publiques","twitter_card":"summary_large_image","twitter_misc":{"\u00c9crit par":"Service des communications et des relations publiques","Estimation du temps de lecture":"2 minutes"},"schema":{"@context":"https:\/\/schema.org","@graph":[{"@type":"WebPage","@id":"https:\/\/www.uqac.ca\/uqactualites\/2015\/02\/19\/defi-cecobois\/","url":"https:\/\/www.uqac.ca\/uqactualites\/2015\/02\/19\/defi-cecobois\/","name":"Des \u00e9tudiants de l\u2019UQAC au D\u00e9fi Cecobois - UQACtualit\u00e9s","isPartOf":{"@id":"https:\/\/www.uqac.ca\/uqactualites\/#website"},"primaryImageOfPage":{"@id":"https:\/\/www.uqac.ca\/uqactualites\/2015\/02\/19\/defi-cecobois\/#primaryimage"},"image":{"@id":"https:\/\/www.uqac.ca\/uqactualites\/2015\/02\/19\/defi-cecobois\/#primaryimage"},"thumbnailUrl":"https:\/\/www.uqac.ca\/uqactualites\/wp-content\/uploads\/2015\/02\/IMG_5818-scaled.jpg","datePublished":"2015-02-19T14:15:21+00:00","dateModified":"2015-02-19T14:15:21+00:00","author":{"@id":"https:\/\/www.uqac.ca\/uqactualites\/#\/schema\/person\/366c45a0c4f0e677b41b4af5886e2018"},"breadcrumb":{"@id":"https:\/\/www.uqac.ca\/uqactualites\/2015\/02\/19\/defi-cecobois\/#breadcrumb"},"inLanguage":"fr-CA","potentialAction":[{"@type":"ReadAction","target":["https:\/\/www.uqac.ca\/uqactualites\/2015\/02\/19\/defi-cecobois\/"]}]},{"@type":"ImageObject","inLanguage":"fr-CA","@id":"https:\/\/www.uqac.ca\/uqactualites\/2015\/02\/19\/defi-cecobois\/#primaryimage","url":"https:\/\/www.uqac.ca\/uqactualites\/wp-content\/uploads\/2015\/02\/IMG_5818-scaled.jpg","contentUrl":"https:\/\/www.uqac.ca\/uqactualites\/wp-content\/uploads\/2015\/02\/IMG_5818-scaled.jpg","width":2560,"height":1707},{"@type":"BreadcrumbList","@id":"https:\/\/www.uqac.ca\/uqactualites\/2015\/02\/19\/defi-cecobois\/#breadcrumb","itemListElement":[{"@type":"ListItem","position":1,"name":"Home","item":"https:\/\/www.uqac.ca\/uqactualites\/"},{"@type":"ListItem","position":2,"name":"Des \u00e9tudiants de l\u2019UQAC au D\u00e9fi Cecobois"}]},{"@type":"WebSite","@id":"https:\/\/www.uqac.ca\/uqactualites\/#website","url":"https:\/\/www.uqac.ca\/uqactualites\/","name":"UQACtualit\u00e9s","description":"Le portail des nouvelles de l&#039;UQAC","potentialAction":[{"@type":"SearchAction","target":{"@type":"EntryPoint","urlTemplate":"https:\/\/www.uqac.ca\/uqactualites\/?s={search_term_string}"},"query-input":{"@type":"PropertyValueSpecification","valueRequired":true,"valueName":"search_term_string"}}],"inLanguage":"fr-CA"},{"@type":"Person","@id":"https:\/\/www.uqac.ca\/uqactualites\/#\/schema\/person\/366c45a0c4f0e677b41b4af5886e2018","name":"Service des communications et des relations publiques","image":{"@type":"ImageObject","inLanguage":"fr-CA","@id":"https:\/\/www.uqac.ca\/uqactualites\/#\/schema\/person\/image\/","url":"https:\/\/secure.gravatar.com\/avatar\/20fbbda8a292f59f2d3461a5b999c00b?s=96&d=mm&r=g","contentUrl":"https:\/\/secure.gravatar.com\/avatar\/20fbbda8a292f59f2d3461a5b999c00b?s=96&d=mm&r=g","caption":"Service des communications et des relations publiques"},"url":"https:\/\/www.uqac.ca\/uqactualites\/author\/bap\/"}]}},"_links":{"self":[{"href":"https:\/\/www.uqac.ca\/uqactualites\/wp-json\/wp\/v2\/posts\/29221"}],"collection":[{"href":"https:\/\/www.uqac.ca\/uqactualites\/wp-json\/wp\/v2\/posts"}],"about":[{"href":"https:\/\/www.uqac.ca\/uqactualites\/wp-json\/wp\/v2\/types\/post"}],"author":[{"embeddable":true,"href":"https:\/\/www.uqac.ca\/uqactualites\/wp-json\/wp\/v2\/users\/5"}],"replies":[{"embeddable":true,"href":"https:\/\/www.uqac.ca\/uqactualites\/wp-json\/wp\/v2\/comments?post=29221"}],"version-history":[{"count":0,"href":"https:\/\/www.uqac.ca\/uqactualites\/wp-json\/wp\/v2\/posts\/29221\/revisions"}],"wp:featuredmedia":[{"embeddable":true,"href":"https:\/\/www.uqac.ca\/uqactualites\/wp-json\/wp\/v2\/media\/29258"}],"wp:attachment":[{"href":"https:\/\/www.uqac.ca\/uqactualites\/wp-json\/wp\/v2\/media?parent=29221"}],"wp:term":[{"taxonomy":"category","embeddable":true,"href":"https:\/\/www.uqac.ca\/uqactualites\/wp-json\/wp\/v2\/categories?post=29221"},{"taxonomy":"post_tag","embeddable":true,"href":"https:\/\/www.uqac.ca\/uqactualites\/wp-json\/wp\/v2\/tags?post=29221"}],"curies":[{"name":"wp","href":"https:\/\/api.w.org\/{rel}","templated":true}]}}