{"id":29226,"date":"2015-02-09T09:35:30","date_gmt":"2015-02-09T14:35:30","guid":{"rendered":"http:\/\/uqactualite.odev.ca\/?p=29226"},"modified":"2015-02-09T09:35:30","modified_gmt":"2015-02-09T14:35:30","slug":"festival-des-finissants-en-arts-de-luqac","status":"publish","type":"post","link":"https:\/\/www.uqac.ca\/uqactualites\/2015\/02\/09\/festival-des-finissants-en-arts-de-luqac\/","title":{"rendered":"Festival des finissants en arts de l&rsquo;UQAC"},"content":{"rendered":"<p>L&rsquo;\u00e9quipe de <em><a href=\"http:\/\/www.festivalpatchwork.com\/\">PATCHWORK<\/a><\/em><em>,<\/em> appuy\u00e9e de sa porte-parole <strong>Guylaine Rivard<\/strong>, invite la communaut\u00e9 universitaire \u00e0 participer aux activit\u00e9s du <em><a href=\"http:\/\/www.festivalpatchwork.com\/\">13<sup>\u00e8me<\/sup> Festival des finissants en arts de l&rsquo;UQAC<\/a><\/em><em> qui se tiendra du 18 au 28 f\u00e9vrier 2015.<\/em><\/p>\n<p><strong>MERCREDI 18 F\u00c9VRIER<\/strong> <strong>2015, \u00c0 17 H<br \/>\nGalerie L&rsquo;\u0152uvre de l&rsquo;autre de l\u2019UQAC<br \/>\n<\/strong>Triple vernissage\u00a0: la soir\u00e9e se poursuivra au <strong>Centre des arts et de la culture de Chicoutimi<\/strong>, pour se terminer \u00e0 l&rsquo;<strong>Espace Atrium<\/strong>.<\/p>\n<p><strong>MERCREDI 25 F\u00c9VRIER 2015<\/strong>, \u00c0 <strong>19H<br \/>\nSalle Marguerite-Tellier<\/strong> <strong>du Centre des arts et de la culture de Chicoutimi<br \/>\n<\/strong>Table ronde r\u00e9unissant cinq artistes professionnels de la r\u00e9gion autour du th\u00e8me de <strong>l&rsquo;interdisciplinarit\u00e9 en art<\/strong><\/p>\n<p>Pour consulter la programmation compl\u00e8te du Festival et pour plus d&rsquo;informations concernant les projets des onze finissants en arts de l\u2019UQAC, visitez le <strong><a href=\"http:\/\/www.festivalpatchwork.com\">www.festivalpatchwork.com<\/a><\/strong>.<\/p>\n<p><strong>\u00a0<\/strong><\/p>\n<p><strong>Renseignements\u00a0:<br \/>\n<a href=\"http:\/\/www.festivalpatchwork.com\">www.festivalpatchwork.com<\/a><\/strong><\/p>\n","protected":false},"excerpt":{"rendered":"<p>L&rsquo;\u00e9quipe de PATCHWORK, appuy\u00e9e de sa porte-parole Guylaine Rivard, invite la communaut\u00e9 universitaire \u00e0 participer aux activit\u00e9s du 13\u00e8me Festival des finissants en arts de l&rsquo;UQAC qui se tiendra du 18 au 28 f\u00e9vrier 2015. MERCREDI 18 F\u00c9VRIER 2015, \u00c0 17 H Galerie L&rsquo;\u0152uvre de l&rsquo;autre de l\u2019UQAC Triple vernissage\u00a0: la soir\u00e9e se poursuivra au [&hellip;]<\/p>\n","protected":false},"author":5,"featured_media":20989,"comment_status":"open","ping_status":"open","sticky":false,"template":"","format":"standard","meta":{"footnotes":""},"categories":[2772],"tags":[509,584,585,586],"yoast_head":"<!-- This site is optimized with the Yoast SEO plugin v24.2 - https:\/\/yoast.com\/wordpress\/plugins\/seo\/ -->\r\n<title>Festival des finissants en arts de l&#039;UQAC - UQACtualit\u00e9s<\/title>\r\n<meta name=\"robots\" content=\"index, follow, max-snippet:-1, max-image-preview:large, max-video-preview:-1\" \/>\r\n<link rel=\"canonical\" href=\"https:\/\/www.uqac.ca\/uqactualites\/2015\/02\/09\/festival-des-finissants-en-arts-de-luqac\/\" \/>\r\n<meta property=\"og:locale\" content=\"fr_CA\" \/>\r\n<meta property=\"og:type\" content=\"article\" \/>\r\n<meta property=\"og:title\" content=\"Festival des finissants en arts de l&#039;UQAC - UQACtualit\u00e9s\" \/>\r\n<meta property=\"og:description\" content=\"L&rsquo;\u00e9quipe de PATCHWORK, appuy\u00e9e de sa porte-parole Guylaine Rivard, invite la communaut\u00e9 universitaire \u00e0 participer aux activit\u00e9s du 13\u00e8me Festival des finissants en arts de l&rsquo;UQAC qui se tiendra du 18 au 28 f\u00e9vrier 2015. MERCREDI 18 F\u00c9VRIER 2015, \u00c0 17 H Galerie L&rsquo;\u0152uvre de l&rsquo;autre de l\u2019UQAC Triple vernissage\u00a0: la soir\u00e9e se poursuivra au [&hellip;]\" \/>\r\n<meta property=\"og:url\" content=\"https:\/\/www.uqac.ca\/uqactualites\/2015\/02\/09\/festival-des-finissants-en-arts-de-luqac\/\" \/>\r\n<meta property=\"og:site_name\" content=\"UQACtualit\u00e9s\" \/>\r\n<meta property=\"article:published_time\" content=\"2015-02-09T14:35:30+00:00\" \/>\r\n<meta property=\"og:image\" content=\"https:\/\/www.uqac.ca\/uqactualites\/wp-content\/uploads\/2012\/05\/avis-laCommunaut-.jpg\" \/>\r\n\t<meta property=\"og:image:width\" content=\"620\" \/>\r\n\t<meta property=\"og:image:height\" content=\"300\" \/>\r\n\t<meta property=\"og:image:type\" content=\"image\/jpeg\" \/>\r\n<meta name=\"author\" content=\"Service des communications et des relations publiques\" \/>\r\n<meta name=\"twitter:card\" content=\"summary_large_image\" \/>\r\n<meta name=\"twitter:label1\" content=\"\u00c9crit par\" \/>\n\t<meta name=\"twitter:data1\" content=\"Service des communications et des relations publiques\" \/>\n\t<meta name=\"twitter:label2\" content=\"Estimation du temps de lecture\" \/>\n\t<meta name=\"twitter:data2\" content=\"1 minute\" \/>\r\n<script type=\"application\/ld+json\" class=\"yoast-schema-graph\">{\"@context\":\"https:\/\/schema.org\",\"@graph\":[{\"@type\":\"WebPage\",\"@id\":\"https:\/\/www.uqac.ca\/uqactualites\/2015\/02\/09\/festival-des-finissants-en-arts-de-luqac\/\",\"url\":\"https:\/\/www.uqac.ca\/uqactualites\/2015\/02\/09\/festival-des-finissants-en-arts-de-luqac\/\",\"name\":\"Festival des finissants en arts de l'UQAC - UQACtualit\u00e9s\",\"isPartOf\":{\"@id\":\"https:\/\/www.uqac.ca\/uqactualites\/#website\"},\"primaryImageOfPage\":{\"@id\":\"https:\/\/www.uqac.ca\/uqactualites\/2015\/02\/09\/festival-des-finissants-en-arts-de-luqac\/#primaryimage\"},\"image\":{\"@id\":\"https:\/\/www.uqac.ca\/uqactualites\/2015\/02\/09\/festival-des-finissants-en-arts-de-luqac\/#primaryimage\"},\"thumbnailUrl\":\"https:\/\/www.uqac.ca\/uqactualites\/wp-content\/uploads\/2012\/05\/avis-laCommunaut-.jpg\",\"datePublished\":\"2015-02-09T14:35:30+00:00\",\"dateModified\":\"2015-02-09T14:35:30+00:00\",\"author\":{\"@id\":\"https:\/\/www.uqac.ca\/uqactualites\/#\/schema\/person\/366c45a0c4f0e677b41b4af5886e2018\"},\"breadcrumb\":{\"@id\":\"https:\/\/www.uqac.ca\/uqactualites\/2015\/02\/09\/festival-des-finissants-en-arts-de-luqac\/#breadcrumb\"},\"inLanguage\":\"fr-CA\",\"potentialAction\":[{\"@type\":\"ReadAction\",\"target\":[\"https:\/\/www.uqac.ca\/uqactualites\/2015\/02\/09\/festival-des-finissants-en-arts-de-luqac\/\"]}]},{\"@type\":\"ImageObject\",\"inLanguage\":\"fr-CA\",\"@id\":\"https:\/\/www.uqac.ca\/uqactualites\/2015\/02\/09\/festival-des-finissants-en-arts-de-luqac\/#primaryimage\",\"url\":\"https:\/\/www.uqac.ca\/uqactualites\/wp-content\/uploads\/2012\/05\/avis-laCommunaut-.jpg\",\"contentUrl\":\"https:\/\/www.uqac.ca\/uqactualites\/wp-content\/uploads\/2012\/05\/avis-laCommunaut-.jpg\",\"width\":620,\"height\":300},{\"@type\":\"BreadcrumbList\",\"@id\":\"https:\/\/www.uqac.ca\/uqactualites\/2015\/02\/09\/festival-des-finissants-en-arts-de-luqac\/#breadcrumb\",\"itemListElement\":[{\"@type\":\"ListItem\",\"position\":1,\"name\":\"Home\",\"item\":\"https:\/\/www.uqac.ca\/uqactualites\/\"},{\"@type\":\"ListItem\",\"position\":2,\"name\":\"Festival des finissants en arts de l&rsquo;UQAC\"}]},{\"@type\":\"WebSite\",\"@id\":\"https:\/\/www.uqac.ca\/uqactualites\/#website\",\"url\":\"https:\/\/www.uqac.ca\/uqactualites\/\",\"name\":\"UQACtualit\u00e9s\",\"description\":\"Le portail des nouvelles de l&#039;UQAC\",\"potentialAction\":[{\"@type\":\"SearchAction\",\"target\":{\"@type\":\"EntryPoint\",\"urlTemplate\":\"https:\/\/www.uqac.ca\/uqactualites\/?s={search_term_string}\"},\"query-input\":{\"@type\":\"PropertyValueSpecification\",\"valueRequired\":true,\"valueName\":\"search_term_string\"}}],\"inLanguage\":\"fr-CA\"},{\"@type\":\"Person\",\"@id\":\"https:\/\/www.uqac.ca\/uqactualites\/#\/schema\/person\/366c45a0c4f0e677b41b4af5886e2018\",\"name\":\"Service des communications et des relations publiques\",\"image\":{\"@type\":\"ImageObject\",\"inLanguage\":\"fr-CA\",\"@id\":\"https:\/\/www.uqac.ca\/uqactualites\/#\/schema\/person\/image\/\",\"url\":\"https:\/\/secure.gravatar.com\/avatar\/20fbbda8a292f59f2d3461a5b999c00b?s=96&d=mm&r=g\",\"contentUrl\":\"https:\/\/secure.gravatar.com\/avatar\/20fbbda8a292f59f2d3461a5b999c00b?s=96&d=mm&r=g\",\"caption\":\"Service des communications et des relations publiques\"},\"url\":\"https:\/\/www.uqac.ca\/uqactualites\/author\/bap\/\"}]}<\/script>\r\n<!-- \/ Yoast SEO plugin. -->","yoast_head_json":{"title":"Festival des finissants en arts de l'UQAC - UQACtualit\u00e9s","robots":{"index":"index","follow":"follow","max-snippet":"max-snippet:-1","max-image-preview":"max-image-preview:large","max-video-preview":"max-video-preview:-1"},"canonical":"https:\/\/www.uqac.ca\/uqactualites\/2015\/02\/09\/festival-des-finissants-en-arts-de-luqac\/","og_locale":"fr_CA","og_type":"article","og_title":"Festival des finissants en arts de l'UQAC - UQACtualit\u00e9s","og_description":"L&rsquo;\u00e9quipe de PATCHWORK, appuy\u00e9e de sa porte-parole Guylaine Rivard, invite la communaut\u00e9 universitaire \u00e0 participer aux activit\u00e9s du 13\u00e8me Festival des finissants en arts de l&rsquo;UQAC qui se tiendra du 18 au 28 f\u00e9vrier 2015. MERCREDI 18 F\u00c9VRIER 2015, \u00c0 17 H Galerie L&rsquo;\u0152uvre de l&rsquo;autre de l\u2019UQAC Triple vernissage\u00a0: la soir\u00e9e se poursuivra au [&hellip;]","og_url":"https:\/\/www.uqac.ca\/uqactualites\/2015\/02\/09\/festival-des-finissants-en-arts-de-luqac\/","og_site_name":"UQACtualit\u00e9s","article_published_time":"2015-02-09T14:35:30+00:00","og_image":[{"width":620,"height":300,"url":"https:\/\/www.uqac.ca\/uqactualites\/wp-content\/uploads\/2012\/05\/avis-laCommunaut-.jpg","type":"image\/jpeg"}],"author":"Service des communications et des relations publiques","twitter_card":"summary_large_image","twitter_misc":{"\u00c9crit par":"Service des communications et des relations publiques","Estimation du temps de lecture":"1 minute"},"schema":{"@context":"https:\/\/schema.org","@graph":[{"@type":"WebPage","@id":"https:\/\/www.uqac.ca\/uqactualites\/2015\/02\/09\/festival-des-finissants-en-arts-de-luqac\/","url":"https:\/\/www.uqac.ca\/uqactualites\/2015\/02\/09\/festival-des-finissants-en-arts-de-luqac\/","name":"Festival des finissants en arts de l'UQAC - UQACtualit\u00e9s","isPartOf":{"@id":"https:\/\/www.uqac.ca\/uqactualites\/#website"},"primaryImageOfPage":{"@id":"https:\/\/www.uqac.ca\/uqactualites\/2015\/02\/09\/festival-des-finissants-en-arts-de-luqac\/#primaryimage"},"image":{"@id":"https:\/\/www.uqac.ca\/uqactualites\/2015\/02\/09\/festival-des-finissants-en-arts-de-luqac\/#primaryimage"},"thumbnailUrl":"https:\/\/www.uqac.ca\/uqactualites\/wp-content\/uploads\/2012\/05\/avis-laCommunaut-.jpg","datePublished":"2015-02-09T14:35:30+00:00","dateModified":"2015-02-09T14:35:30+00:00","author":{"@id":"https:\/\/www.uqac.ca\/uqactualites\/#\/schema\/person\/366c45a0c4f0e677b41b4af5886e2018"},"breadcrumb":{"@id":"https:\/\/www.uqac.ca\/uqactualites\/2015\/02\/09\/festival-des-finissants-en-arts-de-luqac\/#breadcrumb"},"inLanguage":"fr-CA","potentialAction":[{"@type":"ReadAction","target":["https:\/\/www.uqac.ca\/uqactualites\/2015\/02\/09\/festival-des-finissants-en-arts-de-luqac\/"]}]},{"@type":"ImageObject","inLanguage":"fr-CA","@id":"https:\/\/www.uqac.ca\/uqactualites\/2015\/02\/09\/festival-des-finissants-en-arts-de-luqac\/#primaryimage","url":"https:\/\/www.uqac.ca\/uqactualites\/wp-content\/uploads\/2012\/05\/avis-laCommunaut-.jpg","contentUrl":"https:\/\/www.uqac.ca\/uqactualites\/wp-content\/uploads\/2012\/05\/avis-laCommunaut-.jpg","width":620,"height":300},{"@type":"BreadcrumbList","@id":"https:\/\/www.uqac.ca\/uqactualites\/2015\/02\/09\/festival-des-finissants-en-arts-de-luqac\/#breadcrumb","itemListElement":[{"@type":"ListItem","position":1,"name":"Home","item":"https:\/\/www.uqac.ca\/uqactualites\/"},{"@type":"ListItem","position":2,"name":"Festival des finissants en arts de l&rsquo;UQAC"}]},{"@type":"WebSite","@id":"https:\/\/www.uqac.ca\/uqactualites\/#website","url":"https:\/\/www.uqac.ca\/uqactualites\/","name":"UQACtualit\u00e9s","description":"Le portail des nouvelles de l&#039;UQAC","potentialAction":[{"@type":"SearchAction","target":{"@type":"EntryPoint","urlTemplate":"https:\/\/www.uqac.ca\/uqactualites\/?s={search_term_string}"},"query-input":{"@type":"PropertyValueSpecification","valueRequired":true,"valueName":"search_term_string"}}],"inLanguage":"fr-CA"},{"@type":"Person","@id":"https:\/\/www.uqac.ca\/uqactualites\/#\/schema\/person\/366c45a0c4f0e677b41b4af5886e2018","name":"Service des communications et des relations publiques","image":{"@type":"ImageObject","inLanguage":"fr-CA","@id":"https:\/\/www.uqac.ca\/uqactualites\/#\/schema\/person\/image\/","url":"https:\/\/secure.gravatar.com\/avatar\/20fbbda8a292f59f2d3461a5b999c00b?s=96&d=mm&r=g","contentUrl":"https:\/\/secure.gravatar.com\/avatar\/20fbbda8a292f59f2d3461a5b999c00b?s=96&d=mm&r=g","caption":"Service des communications et des relations publiques"},"url":"https:\/\/www.uqac.ca\/uqactualites\/author\/bap\/"}]}},"_links":{"self":[{"href":"https:\/\/www.uqac.ca\/uqactualites\/wp-json\/wp\/v2\/posts\/29226"}],"collection":[{"href":"https:\/\/www.uqac.ca\/uqactualites\/wp-json\/wp\/v2\/posts"}],"about":[{"href":"https:\/\/www.uqac.ca\/uqactualites\/wp-json\/wp\/v2\/types\/post"}],"author":[{"embeddable":true,"href":"https:\/\/www.uqac.ca\/uqactualites\/wp-json\/wp\/v2\/users\/5"}],"replies":[{"embeddable":true,"href":"https:\/\/www.uqac.ca\/uqactualites\/wp-json\/wp\/v2\/comments?post=29226"}],"version-history":[{"count":0,"href":"https:\/\/www.uqac.ca\/uqactualites\/wp-json\/wp\/v2\/posts\/29226\/revisions"}],"wp:featuredmedia":[{"embeddable":true,"href":"https:\/\/www.uqac.ca\/uqactualites\/wp-json\/wp\/v2\/media\/20989"}],"wp:attachment":[{"href":"https:\/\/www.uqac.ca\/uqactualites\/wp-json\/wp\/v2\/media?parent=29226"}],"wp:term":[{"taxonomy":"category","embeddable":true,"href":"https:\/\/www.uqac.ca\/uqactualites\/wp-json\/wp\/v2\/categories?post=29226"},{"taxonomy":"post_tag","embeddable":true,"href":"https:\/\/www.uqac.ca\/uqactualites\/wp-json\/wp\/v2\/tags?post=29226"}],"curies":[{"name":"wp","href":"https:\/\/api.w.org\/{rel}","templated":true}]}}