{"id":29282,"date":"2015-02-11T11:58:39","date_gmt":"2015-02-11T16:58:39","guid":{"rendered":"http:\/\/uqactualite.odev.ca\/?p=29282"},"modified":"2015-02-11T11:58:39","modified_gmt":"2015-02-11T16:58:39","slug":"appel-candidatures-etudiants","status":"publish","type":"post","link":"https:\/\/www.uqac.ca\/uqactualites\/2015\/02\/11\/appel-candidatures-etudiants\/","title":{"rendered":"Appel de candidatures \u00e9tudiants"},"content":{"rendered":"<p><strong>Offres d\u2019emploi temporaire<\/strong><br \/>\n<strong>Chantier d\u2019\u00e9laboration de la Politique de d\u00e9veloppement durable de l\u2019UQAC<\/strong><br \/>\nDans le cadre de son <a href=\"http:\/\/uqactualite.odev.ca\/planstrategique\/plan_strategique_20132018\/FLASH\/FLASH\/index.html\">Plan strat\u00e9gique 2013-2018<\/a>, l\u2019UQAC a pris l\u2019engagement d\u2019\u00e9laborer et de mettre en \u0153uvre une toute nouvelle Politique de d\u00e9veloppement durable (DD). Si cela vous int\u00e9resse, vous \u00eates convi\u00e9s \u00e0 poser votre candidature pour contribuer activement \u00e0 l\u2019\u00e9laboration de cette Politique, \u00e0 titre d\u2019\u00e9tudiant membre du MAGE-UQAC.<\/p>\n<p><strong>T\u00e2ches \u00e0 accomplir<br \/>\n<\/strong>Trois \u00e9tudiants, un par cycle d\u2019\u00e9tudes, r\u00e9aliseront une recherche documentaire et informationnelle, des consultations et des entrevues dans l\u2019objectif de nourrir le chantier d\u2019\u00e9laboration de la Politique DD de l\u2019UQAC, d\u2019informations pertinentes, d\u2019initiatives innovantes, de visions, etc., de mani\u00e8re \u00e0 ce que la nouvelle Politique int\u00e8gre, le plus possible, les id\u00e9es et les aspirations des \u00e9tudiants de l\u2019UQAC.<\/p>\n<p><strong>Conditions<br \/>\n<\/strong>Un contrat de 40 heures pour un \u00e9tudiant de chaque cycle d\u2019\u00e9tudes (3 contrats au total), \u00e0 temps partiel, \u00e0 compter du 16 f\u00e9vrier 2015 jusqu\u2019\u00e0 la fin mars 2015. Salaire en conformit\u00e9 avec les taux horaires syndiqu\u00e9s de chacun des trois cycles d\u2019\u00e9tudes de l\u2019UQAC.<strong><br \/>\n<\/strong><\/p>\n<p><strong>Crit\u00e8res de s\u00e9lection<br \/>\n<\/strong>\u00catre \u00e9tudiant \u00e0 temps complet ou \u00e0 temps partiel de premier, deuxi\u00e8me et troisi\u00e8me cycle d\u2019\u00e9tudes de l\u2019UQAC, \u00eatre motiv\u00e9 vis-\u00e0-vis le DD, savoir communiquer ais\u00e9ment et savoir ma\u00eetriser les outils de recherche documentaire et informationnelle de l\u2019UQAC.<strong><br \/>\n<\/strong><\/p>\n<p><strong>Comment postuler<br \/>\n<\/strong>Transmettre un CV et une lettre de motivation avant le 12 f\u00e9vrier 2015 \u00e0 Jean-Fran\u00e7ois Boucher, professeur en \u00e9co-conseil, par courriel \u00e0\u00a0<a href=\"mailto:jean-francois_boucher@uqac.ca\">jean-francois_boucher@uqac.ca<\/a> ou au bureau au P4-2200. Pour obtenir des renseignements suppl\u00e9mentaires, \u00e9crire \u00e0 la m\u00eame adresse courriel ou appeler au 418 545-5011 poste 5385.<\/p>\n<p><strong>Contexte<\/strong><strong><br \/>\n<\/strong>Des initiatives diverses de d\u00e9veloppement durable ont \u00e9t\u00e9 mises en \u0153uvre depuis quelques ann\u00e9es \u00e0 l\u2019UQAC, par exemple le projet Campus durable entre 2005 et 2008. Par contre, aucune Politique de DD proprement dite n\u2019a \u00e9t\u00e9 instaur\u00e9e jusqu\u2019\u00e0 maintenant. Dans un contexte mondial, o\u00f9 de plus en plus d\u2019universit\u00e9s se dotent de ce genre de politique, les autorit\u00e9s de l\u2019UQAC ont convenu de d\u00e9marrer un chantier de mise en place d\u2019une Politique DD en 2012, et ce, avec les travaux d\u2019un comit\u00e9 de d\u00e9marrage, puis avec un \u00e9nonc\u00e9 clair de l\u2019engagement de l\u2019\u00e9tablissement envers le DD dans son <a href=\"http:\/\/uqactualite.odev.ca\/planstrategique\/plan_strategique_20132018\/FLASH\/FLASH\/index.html\">Plan strat\u00e9gique 2013-2018<\/a>. Le chantier d\u2019\u00e9laboration et de mise en \u0153uvre se poursuit au cours du trimestre d\u2019hiver 2015, notamment par le truchement des travaux d\u2019un comit\u00e9 de pilotage de la Politique. Ce comit\u00e9 de pilotage mettra \u00e0 contribution des repr\u00e9sentants de l\u2019ensemble de la communaut\u00e9 universitaire, incluant \u00e9videmment les \u00e9tudiants. De plus, des \u00e9tudiants des trois cycles d\u2019\u00e9tudes sont \u00e9galement appel\u00e9s \u00e0 contribuer parall\u00e8lement aux travaux du comit\u00e9 de pilotage, gr\u00e2ce \u00e0 des mandats de veille et de consultation faisant l\u2019objet du pr\u00e9sent appel \u00e0 candidatures.<\/p>\n<p><strong><br \/>\n<\/strong><\/p>\n<p><strong>Renseignements :<\/strong><br \/>\nJean-Fran\u00e7ois Boucher, professeur en \u00e9co-conseil<br \/>\nD\u00e9partement des sciences fondamentales<br \/>\nUniversit\u00e9 du Qu\u00e9bec \u00e0 Chicoutimi<br \/>\n418-545-5011 poste 5385<br \/>\n<a href=\"mailto:jean-francois_boucher@uqac.ca\">jean-francois_boucher@uqac.ca<\/a><\/p>\n<p>&nbsp;<\/p>\n<p>&nbsp;<\/p>\n","protected":false},"excerpt":{"rendered":"<p>Offres d\u2019emploi temporaire Chantier d\u2019\u00e9laboration de la Politique de d\u00e9veloppement durable de l\u2019UQAC Dans le cadre de son Plan strat\u00e9gique 2013-2018, l\u2019UQAC a pris l\u2019engagement d\u2019\u00e9laborer et de mettre en \u0153uvre une toute nouvelle Politique de d\u00e9veloppement durable (DD). Si cela vous int\u00e9resse, vous \u00eates convi\u00e9s \u00e0 poser votre candidature pour contribuer activement \u00e0 l\u2019\u00e9laboration [&hellip;]<\/p>\n","protected":false},"author":5,"featured_media":20989,"comment_status":"open","ping_status":"open","sticky":false,"template":"","format":"standard","meta":{"footnotes":""},"categories":[2772],"tags":[337,82,598],"yoast_head":"<!-- This site is optimized with the Yoast SEO plugin v24.2 - https:\/\/yoast.com\/wordpress\/plugins\/seo\/ -->\r\n<title>Appel de candidatures \u00e9tudiants - UQACtualit\u00e9s<\/title>\r\n<meta name=\"robots\" content=\"index, follow, max-snippet:-1, max-image-preview:large, max-video-preview:-1\" \/>\r\n<link rel=\"canonical\" href=\"https:\/\/www.uqac.ca\/uqactualites\/2015\/02\/11\/appel-candidatures-etudiants\/\" \/>\r\n<meta property=\"og:locale\" content=\"fr_CA\" \/>\r\n<meta property=\"og:type\" content=\"article\" \/>\r\n<meta property=\"og:title\" content=\"Appel de candidatures \u00e9tudiants - UQACtualit\u00e9s\" \/>\r\n<meta property=\"og:description\" content=\"Offres d\u2019emploi temporaire Chantier d\u2019\u00e9laboration de la Politique de d\u00e9veloppement durable de l\u2019UQAC Dans le cadre de son Plan strat\u00e9gique 2013-2018, l\u2019UQAC a pris l\u2019engagement d\u2019\u00e9laborer et de mettre en \u0153uvre une toute nouvelle Politique de d\u00e9veloppement durable (DD). Si cela vous int\u00e9resse, vous \u00eates convi\u00e9s \u00e0 poser votre candidature pour contribuer activement \u00e0 l\u2019\u00e9laboration [&hellip;]\" \/>\r\n<meta property=\"og:url\" content=\"https:\/\/www.uqac.ca\/uqactualites\/2015\/02\/11\/appel-candidatures-etudiants\/\" \/>\r\n<meta property=\"og:site_name\" content=\"UQACtualit\u00e9s\" \/>\r\n<meta property=\"article:published_time\" content=\"2015-02-11T16:58:39+00:00\" \/>\r\n<meta property=\"og:image\" content=\"https:\/\/www.uqac.ca\/uqactualites\/wp-content\/uploads\/2012\/05\/avis-laCommunaut-.jpg\" \/>\r\n\t<meta property=\"og:image:width\" content=\"620\" \/>\r\n\t<meta property=\"og:image:height\" content=\"300\" \/>\r\n\t<meta property=\"og:image:type\" content=\"image\/jpeg\" \/>\r\n<meta name=\"author\" content=\"Service des communications et des relations publiques\" \/>\r\n<meta name=\"twitter:card\" content=\"summary_large_image\" \/>\r\n<meta name=\"twitter:label1\" content=\"\u00c9crit par\" \/>\n\t<meta name=\"twitter:data1\" content=\"Service des communications et des relations publiques\" \/>\n\t<meta name=\"twitter:label2\" content=\"Estimation du temps de lecture\" \/>\n\t<meta name=\"twitter:data2\" content=\"3 minutes\" \/>\r\n<script type=\"application\/ld+json\" class=\"yoast-schema-graph\">{\"@context\":\"https:\/\/schema.org\",\"@graph\":[{\"@type\":\"WebPage\",\"@id\":\"https:\/\/www.uqac.ca\/uqactualites\/2015\/02\/11\/appel-candidatures-etudiants\/\",\"url\":\"https:\/\/www.uqac.ca\/uqactualites\/2015\/02\/11\/appel-candidatures-etudiants\/\",\"name\":\"Appel de candidatures \u00e9tudiants - UQACtualit\u00e9s\",\"isPartOf\":{\"@id\":\"https:\/\/www.uqac.ca\/uqactualites\/#website\"},\"primaryImageOfPage\":{\"@id\":\"https:\/\/www.uqac.ca\/uqactualites\/2015\/02\/11\/appel-candidatures-etudiants\/#primaryimage\"},\"image\":{\"@id\":\"https:\/\/www.uqac.ca\/uqactualites\/2015\/02\/11\/appel-candidatures-etudiants\/#primaryimage\"},\"thumbnailUrl\":\"https:\/\/www.uqac.ca\/uqactualites\/wp-content\/uploads\/2012\/05\/avis-laCommunaut-.jpg\",\"datePublished\":\"2015-02-11T16:58:39+00:00\",\"dateModified\":\"2015-02-11T16:58:39+00:00\",\"author\":{\"@id\":\"https:\/\/www.uqac.ca\/uqactualites\/#\/schema\/person\/366c45a0c4f0e677b41b4af5886e2018\"},\"breadcrumb\":{\"@id\":\"https:\/\/www.uqac.ca\/uqactualites\/2015\/02\/11\/appel-candidatures-etudiants\/#breadcrumb\"},\"inLanguage\":\"fr-CA\",\"potentialAction\":[{\"@type\":\"ReadAction\",\"target\":[\"https:\/\/www.uqac.ca\/uqactualites\/2015\/02\/11\/appel-candidatures-etudiants\/\"]}]},{\"@type\":\"ImageObject\",\"inLanguage\":\"fr-CA\",\"@id\":\"https:\/\/www.uqac.ca\/uqactualites\/2015\/02\/11\/appel-candidatures-etudiants\/#primaryimage\",\"url\":\"https:\/\/www.uqac.ca\/uqactualites\/wp-content\/uploads\/2012\/05\/avis-laCommunaut-.jpg\",\"contentUrl\":\"https:\/\/www.uqac.ca\/uqactualites\/wp-content\/uploads\/2012\/05\/avis-laCommunaut-.jpg\",\"width\":620,\"height\":300},{\"@type\":\"BreadcrumbList\",\"@id\":\"https:\/\/www.uqac.ca\/uqactualites\/2015\/02\/11\/appel-candidatures-etudiants\/#breadcrumb\",\"itemListElement\":[{\"@type\":\"ListItem\",\"position\":1,\"name\":\"Home\",\"item\":\"https:\/\/www.uqac.ca\/uqactualites\/\"},{\"@type\":\"ListItem\",\"position\":2,\"name\":\"Appel de candidatures \u00e9tudiants\"}]},{\"@type\":\"WebSite\",\"@id\":\"https:\/\/www.uqac.ca\/uqactualites\/#website\",\"url\":\"https:\/\/www.uqac.ca\/uqactualites\/\",\"name\":\"UQACtualit\u00e9s\",\"description\":\"Le portail des nouvelles de l&#039;UQAC\",\"potentialAction\":[{\"@type\":\"SearchAction\",\"target\":{\"@type\":\"EntryPoint\",\"urlTemplate\":\"https:\/\/www.uqac.ca\/uqactualites\/?s={search_term_string}\"},\"query-input\":{\"@type\":\"PropertyValueSpecification\",\"valueRequired\":true,\"valueName\":\"search_term_string\"}}],\"inLanguage\":\"fr-CA\"},{\"@type\":\"Person\",\"@id\":\"https:\/\/www.uqac.ca\/uqactualites\/#\/schema\/person\/366c45a0c4f0e677b41b4af5886e2018\",\"name\":\"Service des communications et des relations publiques\",\"image\":{\"@type\":\"ImageObject\",\"inLanguage\":\"fr-CA\",\"@id\":\"https:\/\/www.uqac.ca\/uqactualites\/#\/schema\/person\/image\/\",\"url\":\"https:\/\/secure.gravatar.com\/avatar\/20fbbda8a292f59f2d3461a5b999c00b?s=96&d=mm&r=g\",\"contentUrl\":\"https:\/\/secure.gravatar.com\/avatar\/20fbbda8a292f59f2d3461a5b999c00b?s=96&d=mm&r=g\",\"caption\":\"Service des communications et des relations publiques\"},\"url\":\"https:\/\/www.uqac.ca\/uqactualites\/author\/bap\/\"}]}<\/script>\r\n<!-- \/ Yoast SEO plugin. -->","yoast_head_json":{"title":"Appel de candidatures \u00e9tudiants - UQACtualit\u00e9s","robots":{"index":"index","follow":"follow","max-snippet":"max-snippet:-1","max-image-preview":"max-image-preview:large","max-video-preview":"max-video-preview:-1"},"canonical":"https:\/\/www.uqac.ca\/uqactualites\/2015\/02\/11\/appel-candidatures-etudiants\/","og_locale":"fr_CA","og_type":"article","og_title":"Appel de candidatures \u00e9tudiants - UQACtualit\u00e9s","og_description":"Offres d\u2019emploi temporaire Chantier d\u2019\u00e9laboration de la Politique de d\u00e9veloppement durable de l\u2019UQAC Dans le cadre de son Plan strat\u00e9gique 2013-2018, l\u2019UQAC a pris l\u2019engagement d\u2019\u00e9laborer et de mettre en \u0153uvre une toute nouvelle Politique de d\u00e9veloppement durable (DD). Si cela vous int\u00e9resse, vous \u00eates convi\u00e9s \u00e0 poser votre candidature pour contribuer activement \u00e0 l\u2019\u00e9laboration [&hellip;]","og_url":"https:\/\/www.uqac.ca\/uqactualites\/2015\/02\/11\/appel-candidatures-etudiants\/","og_site_name":"UQACtualit\u00e9s","article_published_time":"2015-02-11T16:58:39+00:00","og_image":[{"width":620,"height":300,"url":"https:\/\/www.uqac.ca\/uqactualites\/wp-content\/uploads\/2012\/05\/avis-laCommunaut-.jpg","type":"image\/jpeg"}],"author":"Service des communications et des relations publiques","twitter_card":"summary_large_image","twitter_misc":{"\u00c9crit par":"Service des communications et des relations publiques","Estimation du temps de lecture":"3 minutes"},"schema":{"@context":"https:\/\/schema.org","@graph":[{"@type":"WebPage","@id":"https:\/\/www.uqac.ca\/uqactualites\/2015\/02\/11\/appel-candidatures-etudiants\/","url":"https:\/\/www.uqac.ca\/uqactualites\/2015\/02\/11\/appel-candidatures-etudiants\/","name":"Appel de candidatures \u00e9tudiants - UQACtualit\u00e9s","isPartOf":{"@id":"https:\/\/www.uqac.ca\/uqactualites\/#website"},"primaryImageOfPage":{"@id":"https:\/\/www.uqac.ca\/uqactualites\/2015\/02\/11\/appel-candidatures-etudiants\/#primaryimage"},"image":{"@id":"https:\/\/www.uqac.ca\/uqactualites\/2015\/02\/11\/appel-candidatures-etudiants\/#primaryimage"},"thumbnailUrl":"https:\/\/www.uqac.ca\/uqactualites\/wp-content\/uploads\/2012\/05\/avis-laCommunaut-.jpg","datePublished":"2015-02-11T16:58:39+00:00","dateModified":"2015-02-11T16:58:39+00:00","author":{"@id":"https:\/\/www.uqac.ca\/uqactualites\/#\/schema\/person\/366c45a0c4f0e677b41b4af5886e2018"},"breadcrumb":{"@id":"https:\/\/www.uqac.ca\/uqactualites\/2015\/02\/11\/appel-candidatures-etudiants\/#breadcrumb"},"inLanguage":"fr-CA","potentialAction":[{"@type":"ReadAction","target":["https:\/\/www.uqac.ca\/uqactualites\/2015\/02\/11\/appel-candidatures-etudiants\/"]}]},{"@type":"ImageObject","inLanguage":"fr-CA","@id":"https:\/\/www.uqac.ca\/uqactualites\/2015\/02\/11\/appel-candidatures-etudiants\/#primaryimage","url":"https:\/\/www.uqac.ca\/uqactualites\/wp-content\/uploads\/2012\/05\/avis-laCommunaut-.jpg","contentUrl":"https:\/\/www.uqac.ca\/uqactualites\/wp-content\/uploads\/2012\/05\/avis-laCommunaut-.jpg","width":620,"height":300},{"@type":"BreadcrumbList","@id":"https:\/\/www.uqac.ca\/uqactualites\/2015\/02\/11\/appel-candidatures-etudiants\/#breadcrumb","itemListElement":[{"@type":"ListItem","position":1,"name":"Home","item":"https:\/\/www.uqac.ca\/uqactualites\/"},{"@type":"ListItem","position":2,"name":"Appel de candidatures \u00e9tudiants"}]},{"@type":"WebSite","@id":"https:\/\/www.uqac.ca\/uqactualites\/#website","url":"https:\/\/www.uqac.ca\/uqactualites\/","name":"UQACtualit\u00e9s","description":"Le portail des nouvelles de l&#039;UQAC","potentialAction":[{"@type":"SearchAction","target":{"@type":"EntryPoint","urlTemplate":"https:\/\/www.uqac.ca\/uqactualites\/?s={search_term_string}"},"query-input":{"@type":"PropertyValueSpecification","valueRequired":true,"valueName":"search_term_string"}}],"inLanguage":"fr-CA"},{"@type":"Person","@id":"https:\/\/www.uqac.ca\/uqactualites\/#\/schema\/person\/366c45a0c4f0e677b41b4af5886e2018","name":"Service des communications et des relations publiques","image":{"@type":"ImageObject","inLanguage":"fr-CA","@id":"https:\/\/www.uqac.ca\/uqactualites\/#\/schema\/person\/image\/","url":"https:\/\/secure.gravatar.com\/avatar\/20fbbda8a292f59f2d3461a5b999c00b?s=96&d=mm&r=g","contentUrl":"https:\/\/secure.gravatar.com\/avatar\/20fbbda8a292f59f2d3461a5b999c00b?s=96&d=mm&r=g","caption":"Service des communications et des relations publiques"},"url":"https:\/\/www.uqac.ca\/uqactualites\/author\/bap\/"}]}},"_links":{"self":[{"href":"https:\/\/www.uqac.ca\/uqactualites\/wp-json\/wp\/v2\/posts\/29282"}],"collection":[{"href":"https:\/\/www.uqac.ca\/uqactualites\/wp-json\/wp\/v2\/posts"}],"about":[{"href":"https:\/\/www.uqac.ca\/uqactualites\/wp-json\/wp\/v2\/types\/post"}],"author":[{"embeddable":true,"href":"https:\/\/www.uqac.ca\/uqactualites\/wp-json\/wp\/v2\/users\/5"}],"replies":[{"embeddable":true,"href":"https:\/\/www.uqac.ca\/uqactualites\/wp-json\/wp\/v2\/comments?post=29282"}],"version-history":[{"count":0,"href":"https:\/\/www.uqac.ca\/uqactualites\/wp-json\/wp\/v2\/posts\/29282\/revisions"}],"wp:featuredmedia":[{"embeddable":true,"href":"https:\/\/www.uqac.ca\/uqactualites\/wp-json\/wp\/v2\/media\/20989"}],"wp:attachment":[{"href":"https:\/\/www.uqac.ca\/uqactualites\/wp-json\/wp\/v2\/media?parent=29282"}],"wp:term":[{"taxonomy":"category","embeddable":true,"href":"https:\/\/www.uqac.ca\/uqactualites\/wp-json\/wp\/v2\/categories?post=29282"},{"taxonomy":"post_tag","embeddable":true,"href":"https:\/\/www.uqac.ca\/uqactualites\/wp-json\/wp\/v2\/tags?post=29282"}],"curies":[{"name":"wp","href":"https:\/\/api.w.org\/{rel}","templated":true}]}}