{"id":29294,"date":"2015-02-13T08:35:54","date_gmt":"2015-02-13T13:35:54","guid":{"rendered":"http:\/\/uqactualite.odev.ca\/?p=29294"},"modified":"2015-02-13T08:35:54","modified_gmt":"2015-02-13T13:35:54","slug":"invitation-a-louverture-des-journees-de-la-valorisation-de-lenseignement-de-la-recherche-et-de-la-creation","status":"publish","type":"post","link":"https:\/\/www.uqac.ca\/uqactualites\/2015\/02\/13\/invitation-a-louverture-des-journees-de-la-valorisation-de-lenseignement-de-la-recherche-et-de-la-creation\/","title":{"rendered":"Invitation \u00e0 l\u2019ouverture des Journ\u00e9es de la valorisation de l\u2019enseignement, de la recherche et de la cr\u00e9ation"},"content":{"rendered":"<p>La communaut\u00e9 universitaire est invit\u00e9e \u00e0 assister \u00e0 la c\u00e9r\u00e9monie d\u2019ouverture de la toute premi\u00e8re \u00e9dition des <a href=\"http:\/\/www.uqac.ca\/journeesvalo\/\"><em>Journ\u00e9es de la valorisation de l\u2019enseignement, de la recherche et de la cr\u00e9ation<\/em><\/a> qui se d\u00e9roulera le <strong>mercredi 18 f\u00e9vrier prochain, \u00e0 11 h, au centre social<\/strong>.<\/p>\n<p>Ces Journ\u00e9es sont un moment privil\u00e9gi\u00e9 pour reconna\u00eetre l\u2019excellence \u00e0 l\u2019Universit\u00e9 du Qu\u00e9bec \u00e0 Chicoutimi. Cet \u00e9v\u00e9nement permet \u00e9galement de valoriser l\u2019int\u00e9gration de la recherche et de la cr\u00e9ation \u00e0 l\u2019enseignement dispens\u00e9 \u00e0 tous les cycles.<\/p>\n<p><strong><br \/>\nLes <em>Journ\u00e9es de la valorisation de l\u2019enseignement, de la recherche et de la recherche<br \/>\n<\/em>\u00c9dition 2015<\/strong><\/p>\n<p>Les <em>Journ\u00e9es de la valorisation de l\u2019enseignement, de la recherche et de la cr\u00e9ation<\/em> se d\u00e9rouleront les 18 et 19 f\u00e9vrier 2015. Les activit\u00e9s publiques se tiendront au centre social.<\/p>\n<p>Au programme, deux tables rondes <em>sont \u00e0 surveiller<\/em>\u00a0:<\/p>\n<ul>\n<li>Mercredi, <em>\u00ab\u00a0L\u2019avenir de la mission universitaire au 21<sup>e<\/sup> si\u00e8cle\u00a0\u00bb <\/em><\/li>\n<li><em>Jeudi, \u00ab\u00a0Mon prof, mon charg\u00e9 de cours : une inspiration pour ma carri\u00e8re\u00a0\u00bb<\/em><\/li>\n<\/ul>\n<p>Un salon regroupant plus de 20 exposants est \u00e9galement pr\u00e9vu le jeudi entre 10 h et 12 h. \u00c0 cette occasion, les participants pourront d\u00e9couvrir quelques perles p\u00e9dagogiques ainsi que des projets de recherche d\u00e9velopp\u00e9s par les professeurs et charg\u00e9s de cours. Ce sera l\u2019occasion pour chacun de poser des questions et d\u2019\u00e9changer autour de l\u2019enseignement universitaire.<\/p>\n<p>Pour consulter la programmation compl\u00e8te de l\u2019\u00e9dition 2015 des <em>Journ\u00e9es de la valorisation de l\u2019enseignement, de la recherche et de la cr\u00e9ation<\/em>, visitez le site Web de l\u2019\u00e9v\u00e9nement\u00a0: <a href=\"http:\/\/www.uqac.ca\/journeesvalo\/horaire-des-activites\">www.uqac.ca\/journeesvalo\/horaire-des-activites<\/a>.<\/p>\n<p><strong><br \/>\nRenseignements\u00a0:<br \/>\n<\/strong>Martin Larose, coordonnateur (gestion des programmes)<br \/>\nD\u00e9canat des \u00e9tudes<br \/>\nUniversit\u00e9 du Qu\u00e9bec \u00e0 Chicoutimi<br \/>\n418 545-5011, poste\u00a04756\u00a0\u00a0\u25aa\u00a0 <a href=\"mailto:martin1_larose@uqac.ca\">martin1_larose@uqac.ca<\/a><\/p>\n","protected":false},"excerpt":{"rendered":"<p>La communaut\u00e9 universitaire est invit\u00e9e \u00e0 assister \u00e0 la c\u00e9r\u00e9monie d\u2019ouverture de la toute premi\u00e8re \u00e9dition des Journ\u00e9es de la valorisation de l\u2019enseignement, de la recherche et de la cr\u00e9ation qui se d\u00e9roulera le mercredi 18 f\u00e9vrier prochain, \u00e0 11 h, au centre social. Ces Journ\u00e9es sont un moment privil\u00e9gi\u00e9 pour reconna\u00eetre l\u2019excellence \u00e0 l\u2019Universit\u00e9 [&hellip;]<\/p>\n","protected":false},"author":5,"featured_media":20989,"comment_status":"open","ping_status":"open","sticky":false,"template":"","format":"standard","meta":{"footnotes":""},"categories":[2772],"tags":[510,102,551,16],"yoast_head":"<!-- This site is optimized with the Yoast SEO plugin v24.2 - https:\/\/yoast.com\/wordpress\/plugins\/seo\/ -->\r\n<title>Invitation \u00e0 l\u2019ouverture des Journ\u00e9es de la valorisation de l\u2019enseignement, de la recherche et de la cr\u00e9ation - UQACtualit\u00e9s<\/title>\r\n<meta name=\"robots\" content=\"index, follow, max-snippet:-1, max-image-preview:large, max-video-preview:-1\" \/>\r\n<link rel=\"canonical\" href=\"https:\/\/www.uqac.ca\/uqactualites\/2015\/02\/13\/invitation-a-louverture-des-journees-de-la-valorisation-de-lenseignement-de-la-recherche-et-de-la-creation\/\" \/>\r\n<meta property=\"og:locale\" content=\"fr_CA\" \/>\r\n<meta property=\"og:type\" content=\"article\" \/>\r\n<meta property=\"og:title\" content=\"Invitation \u00e0 l\u2019ouverture des Journ\u00e9es de la valorisation de l\u2019enseignement, de la recherche et de la cr\u00e9ation - UQACtualit\u00e9s\" \/>\r\n<meta property=\"og:description\" content=\"La communaut\u00e9 universitaire est invit\u00e9e \u00e0 assister \u00e0 la c\u00e9r\u00e9monie d\u2019ouverture de la toute premi\u00e8re \u00e9dition des Journ\u00e9es de la valorisation de l\u2019enseignement, de la recherche et de la cr\u00e9ation qui se d\u00e9roulera le mercredi 18 f\u00e9vrier prochain, \u00e0 11 h, au centre social. Ces Journ\u00e9es sont un moment privil\u00e9gi\u00e9 pour reconna\u00eetre l\u2019excellence \u00e0 l\u2019Universit\u00e9 [&hellip;]\" \/>\r\n<meta property=\"og:url\" content=\"https:\/\/www.uqac.ca\/uqactualites\/2015\/02\/13\/invitation-a-louverture-des-journees-de-la-valorisation-de-lenseignement-de-la-recherche-et-de-la-creation\/\" \/>\r\n<meta property=\"og:site_name\" content=\"UQACtualit\u00e9s\" \/>\r\n<meta property=\"article:published_time\" content=\"2015-02-13T13:35:54+00:00\" \/>\r\n<meta property=\"og:image\" content=\"https:\/\/www.uqac.ca\/uqactualites\/wp-content\/uploads\/2012\/05\/avis-laCommunaut-.jpg\" \/>\r\n\t<meta property=\"og:image:width\" content=\"620\" \/>\r\n\t<meta property=\"og:image:height\" content=\"300\" \/>\r\n\t<meta property=\"og:image:type\" content=\"image\/jpeg\" \/>\r\n<meta name=\"author\" content=\"Service des communications et des relations publiques\" \/>\r\n<meta name=\"twitter:card\" content=\"summary_large_image\" \/>\r\n<meta name=\"twitter:label1\" content=\"\u00c9crit par\" \/>\n\t<meta name=\"twitter:data1\" content=\"Service des communications et des relations publiques\" \/>\n\t<meta name=\"twitter:label2\" content=\"Estimation du temps de lecture\" \/>\n\t<meta name=\"twitter:data2\" content=\"1 minute\" \/>\r\n<script type=\"application\/ld+json\" class=\"yoast-schema-graph\">{\"@context\":\"https:\/\/schema.org\",\"@graph\":[{\"@type\":\"WebPage\",\"@id\":\"https:\/\/www.uqac.ca\/uqactualites\/2015\/02\/13\/invitation-a-louverture-des-journees-de-la-valorisation-de-lenseignement-de-la-recherche-et-de-la-creation\/\",\"url\":\"https:\/\/www.uqac.ca\/uqactualites\/2015\/02\/13\/invitation-a-louverture-des-journees-de-la-valorisation-de-lenseignement-de-la-recherche-et-de-la-creation\/\",\"name\":\"Invitation \u00e0 l\u2019ouverture des Journ\u00e9es de la valorisation de l\u2019enseignement, de la recherche et de la cr\u00e9ation - UQACtualit\u00e9s\",\"isPartOf\":{\"@id\":\"https:\/\/www.uqac.ca\/uqactualites\/#website\"},\"primaryImageOfPage\":{\"@id\":\"https:\/\/www.uqac.ca\/uqactualites\/2015\/02\/13\/invitation-a-louverture-des-journees-de-la-valorisation-de-lenseignement-de-la-recherche-et-de-la-creation\/#primaryimage\"},\"image\":{\"@id\":\"https:\/\/www.uqac.ca\/uqactualites\/2015\/02\/13\/invitation-a-louverture-des-journees-de-la-valorisation-de-lenseignement-de-la-recherche-et-de-la-creation\/#primaryimage\"},\"thumbnailUrl\":\"https:\/\/www.uqac.ca\/uqactualites\/wp-content\/uploads\/2012\/05\/avis-laCommunaut-.jpg\",\"datePublished\":\"2015-02-13T13:35:54+00:00\",\"dateModified\":\"2015-02-13T13:35:54+00:00\",\"author\":{\"@id\":\"https:\/\/www.uqac.ca\/uqactualites\/#\/schema\/person\/366c45a0c4f0e677b41b4af5886e2018\"},\"breadcrumb\":{\"@id\":\"https:\/\/www.uqac.ca\/uqactualites\/2015\/02\/13\/invitation-a-louverture-des-journees-de-la-valorisation-de-lenseignement-de-la-recherche-et-de-la-creation\/#breadcrumb\"},\"inLanguage\":\"fr-CA\",\"potentialAction\":[{\"@type\":\"ReadAction\",\"target\":[\"https:\/\/www.uqac.ca\/uqactualites\/2015\/02\/13\/invitation-a-louverture-des-journees-de-la-valorisation-de-lenseignement-de-la-recherche-et-de-la-creation\/\"]}]},{\"@type\":\"ImageObject\",\"inLanguage\":\"fr-CA\",\"@id\":\"https:\/\/www.uqac.ca\/uqactualites\/2015\/02\/13\/invitation-a-louverture-des-journees-de-la-valorisation-de-lenseignement-de-la-recherche-et-de-la-creation\/#primaryimage\",\"url\":\"https:\/\/www.uqac.ca\/uqactualites\/wp-content\/uploads\/2012\/05\/avis-laCommunaut-.jpg\",\"contentUrl\":\"https:\/\/www.uqac.ca\/uqactualites\/wp-content\/uploads\/2012\/05\/avis-laCommunaut-.jpg\",\"width\":620,\"height\":300},{\"@type\":\"BreadcrumbList\",\"@id\":\"https:\/\/www.uqac.ca\/uqactualites\/2015\/02\/13\/invitation-a-louverture-des-journees-de-la-valorisation-de-lenseignement-de-la-recherche-et-de-la-creation\/#breadcrumb\",\"itemListElement\":[{\"@type\":\"ListItem\",\"position\":1,\"name\":\"Home\",\"item\":\"https:\/\/www.uqac.ca\/uqactualites\/\"},{\"@type\":\"ListItem\",\"position\":2,\"name\":\"Invitation \u00e0 l\u2019ouverture des Journ\u00e9es de la valorisation de l\u2019enseignement, de la recherche et de la cr\u00e9ation\"}]},{\"@type\":\"WebSite\",\"@id\":\"https:\/\/www.uqac.ca\/uqactualites\/#website\",\"url\":\"https:\/\/www.uqac.ca\/uqactualites\/\",\"name\":\"UQACtualit\u00e9s\",\"description\":\"Le portail des nouvelles de l&#039;UQAC\",\"potentialAction\":[{\"@type\":\"SearchAction\",\"target\":{\"@type\":\"EntryPoint\",\"urlTemplate\":\"https:\/\/www.uqac.ca\/uqactualites\/?s={search_term_string}\"},\"query-input\":{\"@type\":\"PropertyValueSpecification\",\"valueRequired\":true,\"valueName\":\"search_term_string\"}}],\"inLanguage\":\"fr-CA\"},{\"@type\":\"Person\",\"@id\":\"https:\/\/www.uqac.ca\/uqactualites\/#\/schema\/person\/366c45a0c4f0e677b41b4af5886e2018\",\"name\":\"Service des communications et des relations publiques\",\"image\":{\"@type\":\"ImageObject\",\"inLanguage\":\"fr-CA\",\"@id\":\"https:\/\/www.uqac.ca\/uqactualites\/#\/schema\/person\/image\/\",\"url\":\"https:\/\/secure.gravatar.com\/avatar\/20fbbda8a292f59f2d3461a5b999c00b?s=96&d=mm&r=g\",\"contentUrl\":\"https:\/\/secure.gravatar.com\/avatar\/20fbbda8a292f59f2d3461a5b999c00b?s=96&d=mm&r=g\",\"caption\":\"Service des communications et des relations publiques\"},\"url\":\"https:\/\/www.uqac.ca\/uqactualites\/author\/bap\/\"}]}<\/script>\r\n<!-- \/ Yoast SEO plugin. -->","yoast_head_json":{"title":"Invitation \u00e0 l\u2019ouverture des Journ\u00e9es de la valorisation de l\u2019enseignement, de la recherche et de la cr\u00e9ation - UQACtualit\u00e9s","robots":{"index":"index","follow":"follow","max-snippet":"max-snippet:-1","max-image-preview":"max-image-preview:large","max-video-preview":"max-video-preview:-1"},"canonical":"https:\/\/www.uqac.ca\/uqactualites\/2015\/02\/13\/invitation-a-louverture-des-journees-de-la-valorisation-de-lenseignement-de-la-recherche-et-de-la-creation\/","og_locale":"fr_CA","og_type":"article","og_title":"Invitation \u00e0 l\u2019ouverture des Journ\u00e9es de la valorisation de l\u2019enseignement, de la recherche et de la cr\u00e9ation - UQACtualit\u00e9s","og_description":"La communaut\u00e9 universitaire est invit\u00e9e \u00e0 assister \u00e0 la c\u00e9r\u00e9monie d\u2019ouverture de la toute premi\u00e8re \u00e9dition des Journ\u00e9es de la valorisation de l\u2019enseignement, de la recherche et de la cr\u00e9ation qui se d\u00e9roulera le mercredi 18 f\u00e9vrier prochain, \u00e0 11 h, au centre social. Ces Journ\u00e9es sont un moment privil\u00e9gi\u00e9 pour reconna\u00eetre l\u2019excellence \u00e0 l\u2019Universit\u00e9 [&hellip;]","og_url":"https:\/\/www.uqac.ca\/uqactualites\/2015\/02\/13\/invitation-a-louverture-des-journees-de-la-valorisation-de-lenseignement-de-la-recherche-et-de-la-creation\/","og_site_name":"UQACtualit\u00e9s","article_published_time":"2015-02-13T13:35:54+00:00","og_image":[{"width":620,"height":300,"url":"https:\/\/www.uqac.ca\/uqactualites\/wp-content\/uploads\/2012\/05\/avis-laCommunaut-.jpg","type":"image\/jpeg"}],"author":"Service des communications et des relations publiques","twitter_card":"summary_large_image","twitter_misc":{"\u00c9crit par":"Service des communications et des relations publiques","Estimation du temps de lecture":"1 minute"},"schema":{"@context":"https:\/\/schema.org","@graph":[{"@type":"WebPage","@id":"https:\/\/www.uqac.ca\/uqactualites\/2015\/02\/13\/invitation-a-louverture-des-journees-de-la-valorisation-de-lenseignement-de-la-recherche-et-de-la-creation\/","url":"https:\/\/www.uqac.ca\/uqactualites\/2015\/02\/13\/invitation-a-louverture-des-journees-de-la-valorisation-de-lenseignement-de-la-recherche-et-de-la-creation\/","name":"Invitation \u00e0 l\u2019ouverture des Journ\u00e9es de la valorisation de l\u2019enseignement, de la recherche et de la cr\u00e9ation - UQACtualit\u00e9s","isPartOf":{"@id":"https:\/\/www.uqac.ca\/uqactualites\/#website"},"primaryImageOfPage":{"@id":"https:\/\/www.uqac.ca\/uqactualites\/2015\/02\/13\/invitation-a-louverture-des-journees-de-la-valorisation-de-lenseignement-de-la-recherche-et-de-la-creation\/#primaryimage"},"image":{"@id":"https:\/\/www.uqac.ca\/uqactualites\/2015\/02\/13\/invitation-a-louverture-des-journees-de-la-valorisation-de-lenseignement-de-la-recherche-et-de-la-creation\/#primaryimage"},"thumbnailUrl":"https:\/\/www.uqac.ca\/uqactualites\/wp-content\/uploads\/2012\/05\/avis-laCommunaut-.jpg","datePublished":"2015-02-13T13:35:54+00:00","dateModified":"2015-02-13T13:35:54+00:00","author":{"@id":"https:\/\/www.uqac.ca\/uqactualites\/#\/schema\/person\/366c45a0c4f0e677b41b4af5886e2018"},"breadcrumb":{"@id":"https:\/\/www.uqac.ca\/uqactualites\/2015\/02\/13\/invitation-a-louverture-des-journees-de-la-valorisation-de-lenseignement-de-la-recherche-et-de-la-creation\/#breadcrumb"},"inLanguage":"fr-CA","potentialAction":[{"@type":"ReadAction","target":["https:\/\/www.uqac.ca\/uqactualites\/2015\/02\/13\/invitation-a-louverture-des-journees-de-la-valorisation-de-lenseignement-de-la-recherche-et-de-la-creation\/"]}]},{"@type":"ImageObject","inLanguage":"fr-CA","@id":"https:\/\/www.uqac.ca\/uqactualites\/2015\/02\/13\/invitation-a-louverture-des-journees-de-la-valorisation-de-lenseignement-de-la-recherche-et-de-la-creation\/#primaryimage","url":"https:\/\/www.uqac.ca\/uqactualites\/wp-content\/uploads\/2012\/05\/avis-laCommunaut-.jpg","contentUrl":"https:\/\/www.uqac.ca\/uqactualites\/wp-content\/uploads\/2012\/05\/avis-laCommunaut-.jpg","width":620,"height":300},{"@type":"BreadcrumbList","@id":"https:\/\/www.uqac.ca\/uqactualites\/2015\/02\/13\/invitation-a-louverture-des-journees-de-la-valorisation-de-lenseignement-de-la-recherche-et-de-la-creation\/#breadcrumb","itemListElement":[{"@type":"ListItem","position":1,"name":"Home","item":"https:\/\/www.uqac.ca\/uqactualites\/"},{"@type":"ListItem","position":2,"name":"Invitation \u00e0 l\u2019ouverture des Journ\u00e9es de la valorisation de l\u2019enseignement, de la recherche et de la cr\u00e9ation"}]},{"@type":"WebSite","@id":"https:\/\/www.uqac.ca\/uqactualites\/#website","url":"https:\/\/www.uqac.ca\/uqactualites\/","name":"UQACtualit\u00e9s","description":"Le portail des nouvelles de l&#039;UQAC","potentialAction":[{"@type":"SearchAction","target":{"@type":"EntryPoint","urlTemplate":"https:\/\/www.uqac.ca\/uqactualites\/?s={search_term_string}"},"query-input":{"@type":"PropertyValueSpecification","valueRequired":true,"valueName":"search_term_string"}}],"inLanguage":"fr-CA"},{"@type":"Person","@id":"https:\/\/www.uqac.ca\/uqactualites\/#\/schema\/person\/366c45a0c4f0e677b41b4af5886e2018","name":"Service des communications et des relations publiques","image":{"@type":"ImageObject","inLanguage":"fr-CA","@id":"https:\/\/www.uqac.ca\/uqactualites\/#\/schema\/person\/image\/","url":"https:\/\/secure.gravatar.com\/avatar\/20fbbda8a292f59f2d3461a5b999c00b?s=96&d=mm&r=g","contentUrl":"https:\/\/secure.gravatar.com\/avatar\/20fbbda8a292f59f2d3461a5b999c00b?s=96&d=mm&r=g","caption":"Service des communications et des relations publiques"},"url":"https:\/\/www.uqac.ca\/uqactualites\/author\/bap\/"}]}},"_links":{"self":[{"href":"https:\/\/www.uqac.ca\/uqactualites\/wp-json\/wp\/v2\/posts\/29294"}],"collection":[{"href":"https:\/\/www.uqac.ca\/uqactualites\/wp-json\/wp\/v2\/posts"}],"about":[{"href":"https:\/\/www.uqac.ca\/uqactualites\/wp-json\/wp\/v2\/types\/post"}],"author":[{"embeddable":true,"href":"https:\/\/www.uqac.ca\/uqactualites\/wp-json\/wp\/v2\/users\/5"}],"replies":[{"embeddable":true,"href":"https:\/\/www.uqac.ca\/uqactualites\/wp-json\/wp\/v2\/comments?post=29294"}],"version-history":[{"count":0,"href":"https:\/\/www.uqac.ca\/uqactualites\/wp-json\/wp\/v2\/posts\/29294\/revisions"}],"wp:featuredmedia":[{"embeddable":true,"href":"https:\/\/www.uqac.ca\/uqactualites\/wp-json\/wp\/v2\/media\/20989"}],"wp:attachment":[{"href":"https:\/\/www.uqac.ca\/uqactualites\/wp-json\/wp\/v2\/media?parent=29294"}],"wp:term":[{"taxonomy":"category","embeddable":true,"href":"https:\/\/www.uqac.ca\/uqactualites\/wp-json\/wp\/v2\/categories?post=29294"},{"taxonomy":"post_tag","embeddable":true,"href":"https:\/\/www.uqac.ca\/uqactualites\/wp-json\/wp\/v2\/tags?post=29294"}],"curies":[{"name":"wp","href":"https:\/\/api.w.org\/{rel}","templated":true}]}}