{"id":29304,"date":"2015-02-18T11:45:32","date_gmt":"2015-02-18T16:45:32","guid":{"rendered":"http:\/\/uqactualite.odev.ca\/?p=29304"},"modified":"2015-02-18T11:45:32","modified_gmt":"2015-02-18T16:45:32","slug":"premiere-edition-des-journees-de-la-valorisation-de-lenseignement-de-la-recherche-et-de-la-creation","status":"publish","type":"post","link":"https:\/\/www.uqac.ca\/uqactualites\/2015\/02\/18\/premiere-edition-des-journees-de-la-valorisation-de-lenseignement-de-la-recherche-et-de-la-creation\/","title":{"rendered":"Premi\u00e8re \u00e9dition des Journ\u00e9es de la valorisation de l\u2019enseignement, de la recherche et de la cr\u00e9ation"},"content":{"rendered":"<p><strong>Saguenay, le 18 f\u00e9vrier 2015 <\/strong>\u2013 L\u2019Universit\u00e9 du Qu\u00e9bec \u00e0 Chicoutimi pr\u00e9sente la premi\u00e8re \u00e9dition des <em>Journ\u00e9es de la valorisation de l\u2019enseignement, de la recherche et de la cr\u00e9ation <\/em>les 18 et 19 f\u00e9vrier 2015. En plus de reconna\u00eetre l\u2019excellence, cet \u00e9v\u00e9nement permet \u00e9galement de valoriser l\u2019int\u00e9gration de la recherche et de la cr\u00e9ation \u00e0 l\u2019enseignement dispens\u00e9 \u00e0 tous les cycles d\u2019\u00e9tudes.<\/p>\n<p>Lors de ces journ\u00e9es, diverses initiatives et moments th\u00e9matiques seront propos\u00e9s afin de souligner le travail des enseignements, des chercheurs et des \u00e9tudiants. Le <em>Tableau d\u2019honneur des doyens<\/em> permettra de pr\u00e9senter \u00e0 la communaut\u00e9 universitaire les \u00e9tudiants s\u2019\u00e9tant d\u00e9marqu\u00e9s au cours de leur formation. Le <em>Prix de l\u2019enseignement <\/em>r\u00e9compensera les professeurs et charg\u00e9s de cours s\u2019\u00e9tant illustr\u00e9s dans leur pratique. Une soir\u00e9e de la rel\u00e8ve sera consacr\u00e9e aux \u00e9tudiants s\u2019\u00e9tant m\u00e9rit\u00e9s des bourses d\u2019excellence au cours de l\u2019ann\u00e9e.<\/p>\n<p>Diverses initiatives relatives \u00e0 l\u2019enseignement, \u00e0 la recherche et \u00e0 la cr\u00e9ation sont \u00e9galement au programme sous diff\u00e9rentes formes, notamment des pr\u00e9sentations, des sessions d\u2019affiches, des performances et des conf\u00e9rences. Deux tables rondes ayant pour th\u00e8me <em>\u00ab\u00a0L\u2019avenir de la mission universitaire au 21<sup>e<\/sup> si\u00e8cle\u00a0\u00bb et \u00ab\u00a0Mon prof, mon charg\u00e9 de cours : une inspiration pour ma carri\u00e8re\u00bb\u00a0<\/em><em>sont \u00e9galement pr\u00e9vues. <\/em><\/p>\n<p>La programmation compl\u00e8te de l\u2019\u00e9dition 2015 des <em>Journ\u00e9es de la valorisation de l\u2019enseignement, de la recherche et de la cr\u00e9ation<\/em>, est disponible sur le site Web de l\u2019\u00e9v\u00e9nement\u00a0: <a href=\"http:\/\/www.uqac.ca\/journeesvalo\/horaire-des-activites\">www.uqac.ca\/journeesvalo\/horaire-des-activites<\/a>.<\/p>\n<p style=\"text-align: center\">\n<p style=\"text-align: center\">&#8211; 30 &#8211;<\/p>\n<p><strong>Source\u00a0:<br \/>\n<\/strong>Jean Wauthier, directeur<br \/>\nBureau des affaires publiques<br \/>\nUniversit\u00e9 du Qu\u00e9bec \u00e0 Chicoutimi<br \/>\n418\u00a0545-5011, poste\u00a05006<br \/>\n<a href=\"mailto:jean.wauthier@uqac.ca\">jean.wauthier@uqac.ca<\/a><\/p>\n","protected":false},"excerpt":{"rendered":"<p>Saguenay, le 18 f\u00e9vrier 2015 \u2013 L\u2019Universit\u00e9 du Qu\u00e9bec \u00e0 Chicoutimi pr\u00e9sente la premi\u00e8re \u00e9dition des Journ\u00e9es de la valorisation de l\u2019enseignement, de la recherche et de la cr\u00e9ation les 18 et 19 f\u00e9vrier 2015. En plus de reconna\u00eetre l\u2019excellence, cet \u00e9v\u00e9nement permet \u00e9galement de valoriser l\u2019int\u00e9gration de la recherche et de la cr\u00e9ation \u00e0 [&hellip;]<\/p>\n","protected":false},"author":5,"featured_media":20745,"comment_status":"open","ping_status":"open","sticky":false,"template":"","format":"standard","meta":{"footnotes":""},"categories":[2772],"tags":[551],"yoast_head":"<!-- This site is optimized with the Yoast SEO plugin v24.2 - https:\/\/yoast.com\/wordpress\/plugins\/seo\/ -->\r\n<title>Premi\u00e8re \u00e9dition des Journ\u00e9es de la valorisation de l\u2019enseignement, de la recherche et de la cr\u00e9ation - UQACtualit\u00e9s<\/title>\r\n<meta name=\"robots\" content=\"index, follow, max-snippet:-1, max-image-preview:large, max-video-preview:-1\" \/>\r\n<link rel=\"canonical\" href=\"https:\/\/www.uqac.ca\/uqactualites\/2015\/02\/18\/premiere-edition-des-journees-de-la-valorisation-de-lenseignement-de-la-recherche-et-de-la-creation\/\" \/>\r\n<meta property=\"og:locale\" content=\"fr_CA\" \/>\r\n<meta property=\"og:type\" content=\"article\" \/>\r\n<meta property=\"og:title\" content=\"Premi\u00e8re \u00e9dition des Journ\u00e9es de la valorisation de l\u2019enseignement, de la recherche et de la cr\u00e9ation - UQACtualit\u00e9s\" \/>\r\n<meta property=\"og:description\" content=\"Saguenay, le 18 f\u00e9vrier 2015 \u2013 L\u2019Universit\u00e9 du Qu\u00e9bec \u00e0 Chicoutimi pr\u00e9sente la premi\u00e8re \u00e9dition des Journ\u00e9es de la valorisation de l\u2019enseignement, de la recherche et de la cr\u00e9ation les 18 et 19 f\u00e9vrier 2015. En plus de reconna\u00eetre l\u2019excellence, cet \u00e9v\u00e9nement permet \u00e9galement de valoriser l\u2019int\u00e9gration de la recherche et de la cr\u00e9ation \u00e0 [&hellip;]\" \/>\r\n<meta property=\"og:url\" content=\"https:\/\/www.uqac.ca\/uqactualites\/2015\/02\/18\/premiere-edition-des-journees-de-la-valorisation-de-lenseignement-de-la-recherche-et-de-la-creation\/\" \/>\r\n<meta property=\"og:site_name\" content=\"UQACtualit\u00e9s\" \/>\r\n<meta property=\"article:published_time\" content=\"2015-02-18T16:45:32+00:00\" \/>\r\n<meta property=\"og:image\" content=\"https:\/\/www.uqac.ca\/uqactualites\/wp-content\/uploads\/2012\/05\/communiqu-.jpg\" \/>\r\n\t<meta property=\"og:image:width\" content=\"620\" \/>\r\n\t<meta property=\"og:image:height\" content=\"300\" \/>\r\n\t<meta property=\"og:image:type\" content=\"image\/jpeg\" \/>\r\n<meta name=\"author\" content=\"Service des communications et des relations publiques\" \/>\r\n<meta name=\"twitter:card\" content=\"summary_large_image\" \/>\r\n<meta name=\"twitter:label1\" content=\"\u00c9crit par\" \/>\n\t<meta name=\"twitter:data1\" content=\"Service des communications et des relations publiques\" \/>\n\t<meta name=\"twitter:label2\" content=\"Estimation du temps de lecture\" \/>\n\t<meta name=\"twitter:data2\" content=\"1 minute\" \/>\r\n<script type=\"application\/ld+json\" class=\"yoast-schema-graph\">{\"@context\":\"https:\/\/schema.org\",\"@graph\":[{\"@type\":\"WebPage\",\"@id\":\"https:\/\/www.uqac.ca\/uqactualites\/2015\/02\/18\/premiere-edition-des-journees-de-la-valorisation-de-lenseignement-de-la-recherche-et-de-la-creation\/\",\"url\":\"https:\/\/www.uqac.ca\/uqactualites\/2015\/02\/18\/premiere-edition-des-journees-de-la-valorisation-de-lenseignement-de-la-recherche-et-de-la-creation\/\",\"name\":\"Premi\u00e8re \u00e9dition des Journ\u00e9es de la valorisation de l\u2019enseignement, de la recherche et de la cr\u00e9ation - UQACtualit\u00e9s\",\"isPartOf\":{\"@id\":\"https:\/\/www.uqac.ca\/uqactualites\/#website\"},\"primaryImageOfPage\":{\"@id\":\"https:\/\/www.uqac.ca\/uqactualites\/2015\/02\/18\/premiere-edition-des-journees-de-la-valorisation-de-lenseignement-de-la-recherche-et-de-la-creation\/#primaryimage\"},\"image\":{\"@id\":\"https:\/\/www.uqac.ca\/uqactualites\/2015\/02\/18\/premiere-edition-des-journees-de-la-valorisation-de-lenseignement-de-la-recherche-et-de-la-creation\/#primaryimage\"},\"thumbnailUrl\":\"https:\/\/www.uqac.ca\/uqactualites\/wp-content\/uploads\/2012\/05\/communiqu-.jpg\",\"datePublished\":\"2015-02-18T16:45:32+00:00\",\"dateModified\":\"2015-02-18T16:45:32+00:00\",\"author\":{\"@id\":\"https:\/\/www.uqac.ca\/uqactualites\/#\/schema\/person\/366c45a0c4f0e677b41b4af5886e2018\"},\"breadcrumb\":{\"@id\":\"https:\/\/www.uqac.ca\/uqactualites\/2015\/02\/18\/premiere-edition-des-journees-de-la-valorisation-de-lenseignement-de-la-recherche-et-de-la-creation\/#breadcrumb\"},\"inLanguage\":\"fr-CA\",\"potentialAction\":[{\"@type\":\"ReadAction\",\"target\":[\"https:\/\/www.uqac.ca\/uqactualites\/2015\/02\/18\/premiere-edition-des-journees-de-la-valorisation-de-lenseignement-de-la-recherche-et-de-la-creation\/\"]}]},{\"@type\":\"ImageObject\",\"inLanguage\":\"fr-CA\",\"@id\":\"https:\/\/www.uqac.ca\/uqactualites\/2015\/02\/18\/premiere-edition-des-journees-de-la-valorisation-de-lenseignement-de-la-recherche-et-de-la-creation\/#primaryimage\",\"url\":\"https:\/\/www.uqac.ca\/uqactualites\/wp-content\/uploads\/2012\/05\/communiqu-.jpg\",\"contentUrl\":\"https:\/\/www.uqac.ca\/uqactualites\/wp-content\/uploads\/2012\/05\/communiqu-.jpg\",\"width\":620,\"height\":300},{\"@type\":\"BreadcrumbList\",\"@id\":\"https:\/\/www.uqac.ca\/uqactualites\/2015\/02\/18\/premiere-edition-des-journees-de-la-valorisation-de-lenseignement-de-la-recherche-et-de-la-creation\/#breadcrumb\",\"itemListElement\":[{\"@type\":\"ListItem\",\"position\":1,\"name\":\"Home\",\"item\":\"https:\/\/www.uqac.ca\/uqactualites\/\"},{\"@type\":\"ListItem\",\"position\":2,\"name\":\"Premi\u00e8re \u00e9dition des Journ\u00e9es de la valorisation de l\u2019enseignement, de la recherche et de la cr\u00e9ation\"}]},{\"@type\":\"WebSite\",\"@id\":\"https:\/\/www.uqac.ca\/uqactualites\/#website\",\"url\":\"https:\/\/www.uqac.ca\/uqactualites\/\",\"name\":\"UQACtualit\u00e9s\",\"description\":\"Le portail des nouvelles de l&#039;UQAC\",\"potentialAction\":[{\"@type\":\"SearchAction\",\"target\":{\"@type\":\"EntryPoint\",\"urlTemplate\":\"https:\/\/www.uqac.ca\/uqactualites\/?s={search_term_string}\"},\"query-input\":{\"@type\":\"PropertyValueSpecification\",\"valueRequired\":true,\"valueName\":\"search_term_string\"}}],\"inLanguage\":\"fr-CA\"},{\"@type\":\"Person\",\"@id\":\"https:\/\/www.uqac.ca\/uqactualites\/#\/schema\/person\/366c45a0c4f0e677b41b4af5886e2018\",\"name\":\"Service des communications et des relations publiques\",\"image\":{\"@type\":\"ImageObject\",\"inLanguage\":\"fr-CA\",\"@id\":\"https:\/\/www.uqac.ca\/uqactualites\/#\/schema\/person\/image\/\",\"url\":\"https:\/\/secure.gravatar.com\/avatar\/20fbbda8a292f59f2d3461a5b999c00b?s=96&d=mm&r=g\",\"contentUrl\":\"https:\/\/secure.gravatar.com\/avatar\/20fbbda8a292f59f2d3461a5b999c00b?s=96&d=mm&r=g\",\"caption\":\"Service des communications et des relations publiques\"},\"url\":\"https:\/\/www.uqac.ca\/uqactualites\/author\/bap\/\"}]}<\/script>\r\n<!-- \/ Yoast SEO plugin. -->","yoast_head_json":{"title":"Premi\u00e8re \u00e9dition des Journ\u00e9es de la valorisation de l\u2019enseignement, de la recherche et de la cr\u00e9ation - UQACtualit\u00e9s","robots":{"index":"index","follow":"follow","max-snippet":"max-snippet:-1","max-image-preview":"max-image-preview:large","max-video-preview":"max-video-preview:-1"},"canonical":"https:\/\/www.uqac.ca\/uqactualites\/2015\/02\/18\/premiere-edition-des-journees-de-la-valorisation-de-lenseignement-de-la-recherche-et-de-la-creation\/","og_locale":"fr_CA","og_type":"article","og_title":"Premi\u00e8re \u00e9dition des Journ\u00e9es de la valorisation de l\u2019enseignement, de la recherche et de la cr\u00e9ation - UQACtualit\u00e9s","og_description":"Saguenay, le 18 f\u00e9vrier 2015 \u2013 L\u2019Universit\u00e9 du Qu\u00e9bec \u00e0 Chicoutimi pr\u00e9sente la premi\u00e8re \u00e9dition des Journ\u00e9es de la valorisation de l\u2019enseignement, de la recherche et de la cr\u00e9ation les 18 et 19 f\u00e9vrier 2015. En plus de reconna\u00eetre l\u2019excellence, cet \u00e9v\u00e9nement permet \u00e9galement de valoriser l\u2019int\u00e9gration de la recherche et de la cr\u00e9ation \u00e0 [&hellip;]","og_url":"https:\/\/www.uqac.ca\/uqactualites\/2015\/02\/18\/premiere-edition-des-journees-de-la-valorisation-de-lenseignement-de-la-recherche-et-de-la-creation\/","og_site_name":"UQACtualit\u00e9s","article_published_time":"2015-02-18T16:45:32+00:00","og_image":[{"width":620,"height":300,"url":"https:\/\/www.uqac.ca\/uqactualites\/wp-content\/uploads\/2012\/05\/communiqu-.jpg","type":"image\/jpeg"}],"author":"Service des communications et des relations publiques","twitter_card":"summary_large_image","twitter_misc":{"\u00c9crit par":"Service des communications et des relations publiques","Estimation du temps de lecture":"1 minute"},"schema":{"@context":"https:\/\/schema.org","@graph":[{"@type":"WebPage","@id":"https:\/\/www.uqac.ca\/uqactualites\/2015\/02\/18\/premiere-edition-des-journees-de-la-valorisation-de-lenseignement-de-la-recherche-et-de-la-creation\/","url":"https:\/\/www.uqac.ca\/uqactualites\/2015\/02\/18\/premiere-edition-des-journees-de-la-valorisation-de-lenseignement-de-la-recherche-et-de-la-creation\/","name":"Premi\u00e8re \u00e9dition des Journ\u00e9es de la valorisation de l\u2019enseignement, de la recherche et de la cr\u00e9ation - UQACtualit\u00e9s","isPartOf":{"@id":"https:\/\/www.uqac.ca\/uqactualites\/#website"},"primaryImageOfPage":{"@id":"https:\/\/www.uqac.ca\/uqactualites\/2015\/02\/18\/premiere-edition-des-journees-de-la-valorisation-de-lenseignement-de-la-recherche-et-de-la-creation\/#primaryimage"},"image":{"@id":"https:\/\/www.uqac.ca\/uqactualites\/2015\/02\/18\/premiere-edition-des-journees-de-la-valorisation-de-lenseignement-de-la-recherche-et-de-la-creation\/#primaryimage"},"thumbnailUrl":"https:\/\/www.uqac.ca\/uqactualites\/wp-content\/uploads\/2012\/05\/communiqu-.jpg","datePublished":"2015-02-18T16:45:32+00:00","dateModified":"2015-02-18T16:45:32+00:00","author":{"@id":"https:\/\/www.uqac.ca\/uqactualites\/#\/schema\/person\/366c45a0c4f0e677b41b4af5886e2018"},"breadcrumb":{"@id":"https:\/\/www.uqac.ca\/uqactualites\/2015\/02\/18\/premiere-edition-des-journees-de-la-valorisation-de-lenseignement-de-la-recherche-et-de-la-creation\/#breadcrumb"},"inLanguage":"fr-CA","potentialAction":[{"@type":"ReadAction","target":["https:\/\/www.uqac.ca\/uqactualites\/2015\/02\/18\/premiere-edition-des-journees-de-la-valorisation-de-lenseignement-de-la-recherche-et-de-la-creation\/"]}]},{"@type":"ImageObject","inLanguage":"fr-CA","@id":"https:\/\/www.uqac.ca\/uqactualites\/2015\/02\/18\/premiere-edition-des-journees-de-la-valorisation-de-lenseignement-de-la-recherche-et-de-la-creation\/#primaryimage","url":"https:\/\/www.uqac.ca\/uqactualites\/wp-content\/uploads\/2012\/05\/communiqu-.jpg","contentUrl":"https:\/\/www.uqac.ca\/uqactualites\/wp-content\/uploads\/2012\/05\/communiqu-.jpg","width":620,"height":300},{"@type":"BreadcrumbList","@id":"https:\/\/www.uqac.ca\/uqactualites\/2015\/02\/18\/premiere-edition-des-journees-de-la-valorisation-de-lenseignement-de-la-recherche-et-de-la-creation\/#breadcrumb","itemListElement":[{"@type":"ListItem","position":1,"name":"Home","item":"https:\/\/www.uqac.ca\/uqactualites\/"},{"@type":"ListItem","position":2,"name":"Premi\u00e8re \u00e9dition des Journ\u00e9es de la valorisation de l\u2019enseignement, de la recherche et de la cr\u00e9ation"}]},{"@type":"WebSite","@id":"https:\/\/www.uqac.ca\/uqactualites\/#website","url":"https:\/\/www.uqac.ca\/uqactualites\/","name":"UQACtualit\u00e9s","description":"Le portail des nouvelles de l&#039;UQAC","potentialAction":[{"@type":"SearchAction","target":{"@type":"EntryPoint","urlTemplate":"https:\/\/www.uqac.ca\/uqactualites\/?s={search_term_string}"},"query-input":{"@type":"PropertyValueSpecification","valueRequired":true,"valueName":"search_term_string"}}],"inLanguage":"fr-CA"},{"@type":"Person","@id":"https:\/\/www.uqac.ca\/uqactualites\/#\/schema\/person\/366c45a0c4f0e677b41b4af5886e2018","name":"Service des communications et des relations publiques","image":{"@type":"ImageObject","inLanguage":"fr-CA","@id":"https:\/\/www.uqac.ca\/uqactualites\/#\/schema\/person\/image\/","url":"https:\/\/secure.gravatar.com\/avatar\/20fbbda8a292f59f2d3461a5b999c00b?s=96&d=mm&r=g","contentUrl":"https:\/\/secure.gravatar.com\/avatar\/20fbbda8a292f59f2d3461a5b999c00b?s=96&d=mm&r=g","caption":"Service des communications et des relations publiques"},"url":"https:\/\/www.uqac.ca\/uqactualites\/author\/bap\/"}]}},"_links":{"self":[{"href":"https:\/\/www.uqac.ca\/uqactualites\/wp-json\/wp\/v2\/posts\/29304"}],"collection":[{"href":"https:\/\/www.uqac.ca\/uqactualites\/wp-json\/wp\/v2\/posts"}],"about":[{"href":"https:\/\/www.uqac.ca\/uqactualites\/wp-json\/wp\/v2\/types\/post"}],"author":[{"embeddable":true,"href":"https:\/\/www.uqac.ca\/uqactualites\/wp-json\/wp\/v2\/users\/5"}],"replies":[{"embeddable":true,"href":"https:\/\/www.uqac.ca\/uqactualites\/wp-json\/wp\/v2\/comments?post=29304"}],"version-history":[{"count":0,"href":"https:\/\/www.uqac.ca\/uqactualites\/wp-json\/wp\/v2\/posts\/29304\/revisions"}],"wp:featuredmedia":[{"embeddable":true,"href":"https:\/\/www.uqac.ca\/uqactualites\/wp-json\/wp\/v2\/media\/20745"}],"wp:attachment":[{"href":"https:\/\/www.uqac.ca\/uqactualites\/wp-json\/wp\/v2\/media?parent=29304"}],"wp:term":[{"taxonomy":"category","embeddable":true,"href":"https:\/\/www.uqac.ca\/uqactualites\/wp-json\/wp\/v2\/categories?post=29304"},{"taxonomy":"post_tag","embeddable":true,"href":"https:\/\/www.uqac.ca\/uqactualites\/wp-json\/wp\/v2\/tags?post=29304"}],"curies":[{"name":"wp","href":"https:\/\/api.w.org\/{rel}","templated":true}]}}