{"id":29330,"date":"2015-02-20T08:31:11","date_gmt":"2015-02-20T13:31:11","guid":{"rendered":"http:\/\/uqactualite.odev.ca\/?p=29330"},"modified":"2015-02-20T08:31:11","modified_gmt":"2015-02-20T13:31:11","slug":"acquisition-dune-bicyclette","status":"publish","type":"post","link":"https:\/\/www.uqac.ca\/uqactualites\/2015\/02\/20\/acquisition-dune-bicyclette\/","title":{"rendered":"Acquisition d&rsquo;une bicyclette pour les employ\u00e9s r\u00e9guliers et les retrait\u00e9s"},"content":{"rendered":"<p>Dans le cadre du programme de reconnaissance des employ\u00e9s, l\u2019UQAC vous informe qu\u2019elle offre encore cette ann\u00e9e, en collaboration avec la boutique UltraViolet (situ\u00e9e au 1130, boulevard Talbot, Chicoutimi), la possibilit\u00e9 d\u2019acqu\u00e9rir une bicyclette de votre choix, et ce, jusqu\u2019au <strong>1<sup>er<\/sup> juin 2015<\/strong>. L\u2019entente entre l\u2019UQAC et la boutique UltraViolet comprend une r\u00e9duction de 5% \u00e0 l\u2019achat d\u2019un v\u00e9lo. Le propri\u00e9taire offre \u00e9galement une b\u00e9quille, une bouteille, un porte-bouteille et un t-shirt Devinci de coton.<\/p>\n<p>Veuillez prendre note que la possibilit\u00e9 pour les employ\u00e9s r\u00e9guliers d\u2019avoir recours \u00e0 la d\u00e9duction sur le salaire jusqu\u2019\u00e0 concurrence de 2 000 $ est toujours en vigueur. \u00c0 cet effet, il vous suffit de remplir le formulaire disponible au bureau de madame Louise Fillion du Service des ressources humaines (P2-7050, poste\u00a02175). Au moment de votre achat, vous devrez pr\u00e9senter ledit formulaire et vous identifier avec votre carte d\u2019employ\u00e9 de l\u2019UQAC.<\/p>\n<p>&nbsp;<\/p>\n<p><strong>Renseignements\u00a0:<br \/>\n<\/strong>Chantale Harvey, secr\u00e9taire du vice-recteur aux ressources<br \/>\nVice-rectorat aux ressources<br \/>\nUniversit\u00e9 du Qu\u00e9bec \u00e0 Chicoutimi<br \/>\n418\u00a0545-5011, poste 5402 \u25aa <a href=\"mailto:chantale_harvey@uqac.ca\">chantale_harvey@uqac.ca<\/a><\/p>\n","protected":false},"excerpt":{"rendered":"<p>Dans le cadre du programme de reconnaissance des employ\u00e9s, l\u2019UQAC vous informe qu\u2019elle offre encore cette ann\u00e9e, en collaboration avec la boutique UltraViolet (situ\u00e9e au 1130, boulevard Talbot, Chicoutimi), la possibilit\u00e9 d\u2019acqu\u00e9rir une bicyclette de votre choix, et ce, jusqu\u2019au 1er juin 2015. L\u2019entente entre l\u2019UQAC et la boutique UltraViolet comprend une r\u00e9duction de 5% [&hellip;]<\/p>\n","protected":false},"author":5,"featured_media":20989,"comment_status":"open","ping_status":"open","sticky":false,"template":"","format":"standard","meta":{"footnotes":""},"categories":[2772],"tags":[601,56,488],"yoast_head":"<!-- This site is optimized with the Yoast SEO plugin v24.2 - https:\/\/yoast.com\/wordpress\/plugins\/seo\/ -->\r\n<title>Acquisition d&#039;une bicyclette pour les employ\u00e9s r\u00e9guliers et les retrait\u00e9s - UQACtualit\u00e9s<\/title>\r\n<meta name=\"robots\" content=\"index, follow, max-snippet:-1, max-image-preview:large, max-video-preview:-1\" \/>\r\n<link rel=\"canonical\" href=\"https:\/\/www.uqac.ca\/uqactualites\/2015\/02\/20\/acquisition-dune-bicyclette\/\" \/>\r\n<meta property=\"og:locale\" content=\"fr_CA\" \/>\r\n<meta property=\"og:type\" content=\"article\" \/>\r\n<meta property=\"og:title\" content=\"Acquisition d&#039;une bicyclette pour les employ\u00e9s r\u00e9guliers et les retrait\u00e9s - UQACtualit\u00e9s\" \/>\r\n<meta property=\"og:description\" content=\"Dans le cadre du programme de reconnaissance des employ\u00e9s, l\u2019UQAC vous informe qu\u2019elle offre encore cette ann\u00e9e, en collaboration avec la boutique UltraViolet (situ\u00e9e au 1130, boulevard Talbot, Chicoutimi), la possibilit\u00e9 d\u2019acqu\u00e9rir une bicyclette de votre choix, et ce, jusqu\u2019au 1er juin 2015. L\u2019entente entre l\u2019UQAC et la boutique UltraViolet comprend une r\u00e9duction de 5% [&hellip;]\" \/>\r\n<meta property=\"og:url\" content=\"https:\/\/www.uqac.ca\/uqactualites\/2015\/02\/20\/acquisition-dune-bicyclette\/\" \/>\r\n<meta property=\"og:site_name\" content=\"UQACtualit\u00e9s\" \/>\r\n<meta property=\"article:published_time\" content=\"2015-02-20T13:31:11+00:00\" \/>\r\n<meta property=\"og:image\" content=\"https:\/\/www.uqac.ca\/uqactualites\/wp-content\/uploads\/2012\/05\/avis-laCommunaut-.jpg\" \/>\r\n\t<meta property=\"og:image:width\" content=\"620\" \/>\r\n\t<meta property=\"og:image:height\" content=\"300\" \/>\r\n\t<meta property=\"og:image:type\" content=\"image\/jpeg\" \/>\r\n<meta name=\"author\" content=\"Service des communications et des relations publiques\" \/>\r\n<meta name=\"twitter:card\" content=\"summary_large_image\" \/>\r\n<meta name=\"twitter:label1\" content=\"\u00c9crit par\" \/>\n\t<meta name=\"twitter:data1\" content=\"Service des communications et des relations publiques\" \/>\n\t<meta name=\"twitter:label2\" content=\"Estimation du temps de lecture\" \/>\n\t<meta name=\"twitter:data2\" content=\"1 minute\" \/>\r\n<script type=\"application\/ld+json\" class=\"yoast-schema-graph\">{\"@context\":\"https:\/\/schema.org\",\"@graph\":[{\"@type\":\"WebPage\",\"@id\":\"https:\/\/www.uqac.ca\/uqactualites\/2015\/02\/20\/acquisition-dune-bicyclette\/\",\"url\":\"https:\/\/www.uqac.ca\/uqactualites\/2015\/02\/20\/acquisition-dune-bicyclette\/\",\"name\":\"Acquisition d'une bicyclette pour les employ\u00e9s r\u00e9guliers et les retrait\u00e9s - UQACtualit\u00e9s\",\"isPartOf\":{\"@id\":\"https:\/\/www.uqac.ca\/uqactualites\/#website\"},\"primaryImageOfPage\":{\"@id\":\"https:\/\/www.uqac.ca\/uqactualites\/2015\/02\/20\/acquisition-dune-bicyclette\/#primaryimage\"},\"image\":{\"@id\":\"https:\/\/www.uqac.ca\/uqactualites\/2015\/02\/20\/acquisition-dune-bicyclette\/#primaryimage\"},\"thumbnailUrl\":\"https:\/\/www.uqac.ca\/uqactualites\/wp-content\/uploads\/2012\/05\/avis-laCommunaut-.jpg\",\"datePublished\":\"2015-02-20T13:31:11+00:00\",\"dateModified\":\"2015-02-20T13:31:11+00:00\",\"author\":{\"@id\":\"https:\/\/www.uqac.ca\/uqactualites\/#\/schema\/person\/366c45a0c4f0e677b41b4af5886e2018\"},\"breadcrumb\":{\"@id\":\"https:\/\/www.uqac.ca\/uqactualites\/2015\/02\/20\/acquisition-dune-bicyclette\/#breadcrumb\"},\"inLanguage\":\"fr-CA\",\"potentialAction\":[{\"@type\":\"ReadAction\",\"target\":[\"https:\/\/www.uqac.ca\/uqactualites\/2015\/02\/20\/acquisition-dune-bicyclette\/\"]}]},{\"@type\":\"ImageObject\",\"inLanguage\":\"fr-CA\",\"@id\":\"https:\/\/www.uqac.ca\/uqactualites\/2015\/02\/20\/acquisition-dune-bicyclette\/#primaryimage\",\"url\":\"https:\/\/www.uqac.ca\/uqactualites\/wp-content\/uploads\/2012\/05\/avis-laCommunaut-.jpg\",\"contentUrl\":\"https:\/\/www.uqac.ca\/uqactualites\/wp-content\/uploads\/2012\/05\/avis-laCommunaut-.jpg\",\"width\":620,\"height\":300},{\"@type\":\"BreadcrumbList\",\"@id\":\"https:\/\/www.uqac.ca\/uqactualites\/2015\/02\/20\/acquisition-dune-bicyclette\/#breadcrumb\",\"itemListElement\":[{\"@type\":\"ListItem\",\"position\":1,\"name\":\"Home\",\"item\":\"https:\/\/www.uqac.ca\/uqactualites\/\"},{\"@type\":\"ListItem\",\"position\":2,\"name\":\"Acquisition d&rsquo;une bicyclette pour les employ\u00e9s r\u00e9guliers et les retrait\u00e9s\"}]},{\"@type\":\"WebSite\",\"@id\":\"https:\/\/www.uqac.ca\/uqactualites\/#website\",\"url\":\"https:\/\/www.uqac.ca\/uqactualites\/\",\"name\":\"UQACtualit\u00e9s\",\"description\":\"Le portail des nouvelles de l&#039;UQAC\",\"potentialAction\":[{\"@type\":\"SearchAction\",\"target\":{\"@type\":\"EntryPoint\",\"urlTemplate\":\"https:\/\/www.uqac.ca\/uqactualites\/?s={search_term_string}\"},\"query-input\":{\"@type\":\"PropertyValueSpecification\",\"valueRequired\":true,\"valueName\":\"search_term_string\"}}],\"inLanguage\":\"fr-CA\"},{\"@type\":\"Person\",\"@id\":\"https:\/\/www.uqac.ca\/uqactualites\/#\/schema\/person\/366c45a0c4f0e677b41b4af5886e2018\",\"name\":\"Service des communications et des relations publiques\",\"image\":{\"@type\":\"ImageObject\",\"inLanguage\":\"fr-CA\",\"@id\":\"https:\/\/www.uqac.ca\/uqactualites\/#\/schema\/person\/image\/\",\"url\":\"https:\/\/secure.gravatar.com\/avatar\/20fbbda8a292f59f2d3461a5b999c00b?s=96&d=mm&r=g\",\"contentUrl\":\"https:\/\/secure.gravatar.com\/avatar\/20fbbda8a292f59f2d3461a5b999c00b?s=96&d=mm&r=g\",\"caption\":\"Service des communications et des relations publiques\"},\"url\":\"https:\/\/www.uqac.ca\/uqactualites\/author\/bap\/\"}]}<\/script>\r\n<!-- \/ Yoast SEO plugin. -->","yoast_head_json":{"title":"Acquisition d'une bicyclette pour les employ\u00e9s r\u00e9guliers et les retrait\u00e9s - UQACtualit\u00e9s","robots":{"index":"index","follow":"follow","max-snippet":"max-snippet:-1","max-image-preview":"max-image-preview:large","max-video-preview":"max-video-preview:-1"},"canonical":"https:\/\/www.uqac.ca\/uqactualites\/2015\/02\/20\/acquisition-dune-bicyclette\/","og_locale":"fr_CA","og_type":"article","og_title":"Acquisition d'une bicyclette pour les employ\u00e9s r\u00e9guliers et les retrait\u00e9s - UQACtualit\u00e9s","og_description":"Dans le cadre du programme de reconnaissance des employ\u00e9s, l\u2019UQAC vous informe qu\u2019elle offre encore cette ann\u00e9e, en collaboration avec la boutique UltraViolet (situ\u00e9e au 1130, boulevard Talbot, Chicoutimi), la possibilit\u00e9 d\u2019acqu\u00e9rir une bicyclette de votre choix, et ce, jusqu\u2019au 1er juin 2015. L\u2019entente entre l\u2019UQAC et la boutique UltraViolet comprend une r\u00e9duction de 5% [&hellip;]","og_url":"https:\/\/www.uqac.ca\/uqactualites\/2015\/02\/20\/acquisition-dune-bicyclette\/","og_site_name":"UQACtualit\u00e9s","article_published_time":"2015-02-20T13:31:11+00:00","og_image":[{"width":620,"height":300,"url":"https:\/\/www.uqac.ca\/uqactualites\/wp-content\/uploads\/2012\/05\/avis-laCommunaut-.jpg","type":"image\/jpeg"}],"author":"Service des communications et des relations publiques","twitter_card":"summary_large_image","twitter_misc":{"\u00c9crit par":"Service des communications et des relations publiques","Estimation du temps de lecture":"1 minute"},"schema":{"@context":"https:\/\/schema.org","@graph":[{"@type":"WebPage","@id":"https:\/\/www.uqac.ca\/uqactualites\/2015\/02\/20\/acquisition-dune-bicyclette\/","url":"https:\/\/www.uqac.ca\/uqactualites\/2015\/02\/20\/acquisition-dune-bicyclette\/","name":"Acquisition d'une bicyclette pour les employ\u00e9s r\u00e9guliers et les retrait\u00e9s - UQACtualit\u00e9s","isPartOf":{"@id":"https:\/\/www.uqac.ca\/uqactualites\/#website"},"primaryImageOfPage":{"@id":"https:\/\/www.uqac.ca\/uqactualites\/2015\/02\/20\/acquisition-dune-bicyclette\/#primaryimage"},"image":{"@id":"https:\/\/www.uqac.ca\/uqactualites\/2015\/02\/20\/acquisition-dune-bicyclette\/#primaryimage"},"thumbnailUrl":"https:\/\/www.uqac.ca\/uqactualites\/wp-content\/uploads\/2012\/05\/avis-laCommunaut-.jpg","datePublished":"2015-02-20T13:31:11+00:00","dateModified":"2015-02-20T13:31:11+00:00","author":{"@id":"https:\/\/www.uqac.ca\/uqactualites\/#\/schema\/person\/366c45a0c4f0e677b41b4af5886e2018"},"breadcrumb":{"@id":"https:\/\/www.uqac.ca\/uqactualites\/2015\/02\/20\/acquisition-dune-bicyclette\/#breadcrumb"},"inLanguage":"fr-CA","potentialAction":[{"@type":"ReadAction","target":["https:\/\/www.uqac.ca\/uqactualites\/2015\/02\/20\/acquisition-dune-bicyclette\/"]}]},{"@type":"ImageObject","inLanguage":"fr-CA","@id":"https:\/\/www.uqac.ca\/uqactualites\/2015\/02\/20\/acquisition-dune-bicyclette\/#primaryimage","url":"https:\/\/www.uqac.ca\/uqactualites\/wp-content\/uploads\/2012\/05\/avis-laCommunaut-.jpg","contentUrl":"https:\/\/www.uqac.ca\/uqactualites\/wp-content\/uploads\/2012\/05\/avis-laCommunaut-.jpg","width":620,"height":300},{"@type":"BreadcrumbList","@id":"https:\/\/www.uqac.ca\/uqactualites\/2015\/02\/20\/acquisition-dune-bicyclette\/#breadcrumb","itemListElement":[{"@type":"ListItem","position":1,"name":"Home","item":"https:\/\/www.uqac.ca\/uqactualites\/"},{"@type":"ListItem","position":2,"name":"Acquisition d&rsquo;une bicyclette pour les employ\u00e9s r\u00e9guliers et les retrait\u00e9s"}]},{"@type":"WebSite","@id":"https:\/\/www.uqac.ca\/uqactualites\/#website","url":"https:\/\/www.uqac.ca\/uqactualites\/","name":"UQACtualit\u00e9s","description":"Le portail des nouvelles de l&#039;UQAC","potentialAction":[{"@type":"SearchAction","target":{"@type":"EntryPoint","urlTemplate":"https:\/\/www.uqac.ca\/uqactualites\/?s={search_term_string}"},"query-input":{"@type":"PropertyValueSpecification","valueRequired":true,"valueName":"search_term_string"}}],"inLanguage":"fr-CA"},{"@type":"Person","@id":"https:\/\/www.uqac.ca\/uqactualites\/#\/schema\/person\/366c45a0c4f0e677b41b4af5886e2018","name":"Service des communications et des relations publiques","image":{"@type":"ImageObject","inLanguage":"fr-CA","@id":"https:\/\/www.uqac.ca\/uqactualites\/#\/schema\/person\/image\/","url":"https:\/\/secure.gravatar.com\/avatar\/20fbbda8a292f59f2d3461a5b999c00b?s=96&d=mm&r=g","contentUrl":"https:\/\/secure.gravatar.com\/avatar\/20fbbda8a292f59f2d3461a5b999c00b?s=96&d=mm&r=g","caption":"Service des communications et des relations publiques"},"url":"https:\/\/www.uqac.ca\/uqactualites\/author\/bap\/"}]}},"_links":{"self":[{"href":"https:\/\/www.uqac.ca\/uqactualites\/wp-json\/wp\/v2\/posts\/29330"}],"collection":[{"href":"https:\/\/www.uqac.ca\/uqactualites\/wp-json\/wp\/v2\/posts"}],"about":[{"href":"https:\/\/www.uqac.ca\/uqactualites\/wp-json\/wp\/v2\/types\/post"}],"author":[{"embeddable":true,"href":"https:\/\/www.uqac.ca\/uqactualites\/wp-json\/wp\/v2\/users\/5"}],"replies":[{"embeddable":true,"href":"https:\/\/www.uqac.ca\/uqactualites\/wp-json\/wp\/v2\/comments?post=29330"}],"version-history":[{"count":0,"href":"https:\/\/www.uqac.ca\/uqactualites\/wp-json\/wp\/v2\/posts\/29330\/revisions"}],"wp:featuredmedia":[{"embeddable":true,"href":"https:\/\/www.uqac.ca\/uqactualites\/wp-json\/wp\/v2\/media\/20989"}],"wp:attachment":[{"href":"https:\/\/www.uqac.ca\/uqactualites\/wp-json\/wp\/v2\/media?parent=29330"}],"wp:term":[{"taxonomy":"category","embeddable":true,"href":"https:\/\/www.uqac.ca\/uqactualites\/wp-json\/wp\/v2\/categories?post=29330"},{"taxonomy":"post_tag","embeddable":true,"href":"https:\/\/www.uqac.ca\/uqactualites\/wp-json\/wp\/v2\/tags?post=29330"}],"curies":[{"name":"wp","href":"https:\/\/api.w.org\/{rel}","templated":true}]}}