{"id":29425,"date":"2015-02-27T13:04:49","date_gmt":"2015-02-27T18:04:49","guid":{"rendered":"http:\/\/uqactualite.odev.ca\/?p=29425"},"modified":"2015-02-27T13:04:49","modified_gmt":"2015-02-27T18:04:49","slug":"spectacle-le-petit-cercle-de-craie","status":"publish","type":"post","link":"https:\/\/www.uqac.ca\/uqactualites\/2015\/02\/27\/spectacle-le-petit-cercle-de-craie\/","title":{"rendered":"Spectacle Le Petit cercle de craie"},"content":{"rendered":"<p>Le th\u00e9\u00e2tre de la <a href=\"http:\/\/latortuenoire.com\/\">Tortue Noire <\/a>offre gratuitement, aux employ\u00e9s de l&rsquo;UQAC, des billets pour assister au spectacle <a href=\"http:\/\/latortuenoire.com\/category\/les-spectacles\/le-petit-cercle-de-craie\/\"><em>Le Petit cercle de craie<\/em><\/a>, qui sera pr\u00e9sent\u00e9 du 9 au 18 avril \u00e0 l&rsquo;UQAC.<\/p>\n<p>Les employ\u00e9s qui sont int\u00e9ress\u00e9s peuvent r\u00e9server par t\u00e9l\u00e9phone au 418 698-3403.\u00a0En sp\u00e9cifiant qu&rsquo;ils sont employ\u00e9s de l&rsquo;UQAC, ils pourront assister gratuitement au spectacle. S&rsquo;ils se pr\u00e9sentent sur place sans r\u00e9servation, ils pourront \u00e9galement assister au spectacle, selon les places encore libres.<\/p>\n<p>Les places sont limit\u00e9es, premiers arriv\u00e9s, premiers servis!<\/p>\n<p><strong>Le Petit cercle de craie<br \/>\n<\/strong>Avec le Petit cercle de craie, La Tortue Noire pr\u00e9sente une adaptation l\u00e9g\u00e8re d&rsquo;un r\u00e9cit \u00e9pique de Bertolt Brecht, pour deux marionnettistes, objets, marottes, instruments de musique et autres bricoles. Cette \u00e9pop\u00e9e \u00e0 la fois dr\u00f4le et touchante nous fait vivre l&rsquo;incroyable p\u00e9riple de Groucha, une servante du gouverneur Abachvili. Lors d&rsquo;un attentat r\u00e9volutionnaire, le gouverneur est assassin\u00e9; son \u00e9pouse fuit en abandonnant leur fils encore b\u00e9b\u00e9. Pour sauver l&rsquo;h\u00e9ritier du tr\u00f4ne d&rsquo;une mort certaine, Groucha s&rsquo;enfuit avec l&rsquo;enfant, pourchass\u00e9 par les r\u00e9volutionnaires. Un spectacle po\u00e9tique et divertissant.<\/p>\n<p><strong>Renseignements et r<strong>\u00e9servation<\/strong>\u00a0:<\/strong><br \/>\n418 698-3403<br \/>\n<a href=\"mailto:latortuenoire@live.ca\">latortuenoire@live.ca<\/a><br \/>\n<a href=\"http:\/\/latortuenoire.com\">latortuenoire.com<\/a><\/p>\n","protected":false},"excerpt":{"rendered":"<p>Le th\u00e9\u00e2tre de la Tortue Noire offre gratuitement, aux employ\u00e9s de l&rsquo;UQAC, des billets pour assister au spectacle Le Petit cercle de craie, qui sera pr\u00e9sent\u00e9 du 9 au 18 avril \u00e0 l&rsquo;UQAC. Les employ\u00e9s qui sont int\u00e9ress\u00e9s peuvent r\u00e9server par t\u00e9l\u00e9phone au 418 698-3403.\u00a0En sp\u00e9cifiant qu&rsquo;ils sont employ\u00e9s de l&rsquo;UQAC, ils pourront assister gratuitement [&hellip;]<\/p>\n","protected":false},"author":5,"featured_media":20989,"comment_status":"open","ping_status":"open","sticky":false,"template":"","format":"standard","meta":{"footnotes":""},"categories":[2772],"tags":[628,629,205,630],"yoast_head":"<!-- This site is optimized with the Yoast SEO plugin v24.2 - https:\/\/yoast.com\/wordpress\/plugins\/seo\/ -->\r\n<title>Spectacle Le Petit cercle de craie - UQACtualit\u00e9s<\/title>\r\n<meta name=\"robots\" content=\"index, follow, max-snippet:-1, max-image-preview:large, max-video-preview:-1\" \/>\r\n<link rel=\"canonical\" href=\"https:\/\/www.uqac.ca\/uqactualites\/2015\/02\/27\/spectacle-le-petit-cercle-de-craie\/\" \/>\r\n<meta property=\"og:locale\" content=\"fr_CA\" \/>\r\n<meta property=\"og:type\" content=\"article\" \/>\r\n<meta property=\"og:title\" content=\"Spectacle Le Petit cercle de craie - UQACtualit\u00e9s\" \/>\r\n<meta property=\"og:description\" content=\"Le th\u00e9\u00e2tre de la Tortue Noire offre gratuitement, aux employ\u00e9s de l&rsquo;UQAC, des billets pour assister au spectacle Le Petit cercle de craie, qui sera pr\u00e9sent\u00e9 du 9 au 18 avril \u00e0 l&rsquo;UQAC. Les employ\u00e9s qui sont int\u00e9ress\u00e9s peuvent r\u00e9server par t\u00e9l\u00e9phone au 418 698-3403.\u00a0En sp\u00e9cifiant qu&rsquo;ils sont employ\u00e9s de l&rsquo;UQAC, ils pourront assister gratuitement [&hellip;]\" \/>\r\n<meta property=\"og:url\" content=\"https:\/\/www.uqac.ca\/uqactualites\/2015\/02\/27\/spectacle-le-petit-cercle-de-craie\/\" \/>\r\n<meta property=\"og:site_name\" content=\"UQACtualit\u00e9s\" \/>\r\n<meta property=\"article:published_time\" content=\"2015-02-27T18:04:49+00:00\" \/>\r\n<meta property=\"og:image\" content=\"https:\/\/www.uqac.ca\/uqactualites\/wp-content\/uploads\/2012\/05\/avis-laCommunaut-.jpg\" \/>\r\n\t<meta property=\"og:image:width\" content=\"620\" \/>\r\n\t<meta property=\"og:image:height\" content=\"300\" \/>\r\n\t<meta property=\"og:image:type\" content=\"image\/jpeg\" \/>\r\n<meta name=\"author\" content=\"Service des communications et des relations publiques\" \/>\r\n<meta name=\"twitter:card\" content=\"summary_large_image\" \/>\r\n<meta name=\"twitter:label1\" content=\"\u00c9crit par\" \/>\n\t<meta name=\"twitter:data1\" content=\"Service des communications et des relations publiques\" \/>\n\t<meta name=\"twitter:label2\" content=\"Estimation du temps de lecture\" \/>\n\t<meta name=\"twitter:data2\" content=\"1 minute\" \/>\r\n<script type=\"application\/ld+json\" class=\"yoast-schema-graph\">{\"@context\":\"https:\/\/schema.org\",\"@graph\":[{\"@type\":\"WebPage\",\"@id\":\"https:\/\/www.uqac.ca\/uqactualites\/2015\/02\/27\/spectacle-le-petit-cercle-de-craie\/\",\"url\":\"https:\/\/www.uqac.ca\/uqactualites\/2015\/02\/27\/spectacle-le-petit-cercle-de-craie\/\",\"name\":\"Spectacle Le Petit cercle de craie - UQACtualit\u00e9s\",\"isPartOf\":{\"@id\":\"https:\/\/www.uqac.ca\/uqactualites\/#website\"},\"primaryImageOfPage\":{\"@id\":\"https:\/\/www.uqac.ca\/uqactualites\/2015\/02\/27\/spectacle-le-petit-cercle-de-craie\/#primaryimage\"},\"image\":{\"@id\":\"https:\/\/www.uqac.ca\/uqactualites\/2015\/02\/27\/spectacle-le-petit-cercle-de-craie\/#primaryimage\"},\"thumbnailUrl\":\"https:\/\/www.uqac.ca\/uqactualites\/wp-content\/uploads\/2012\/05\/avis-laCommunaut-.jpg\",\"datePublished\":\"2015-02-27T18:04:49+00:00\",\"dateModified\":\"2015-02-27T18:04:49+00:00\",\"author\":{\"@id\":\"https:\/\/www.uqac.ca\/uqactualites\/#\/schema\/person\/366c45a0c4f0e677b41b4af5886e2018\"},\"breadcrumb\":{\"@id\":\"https:\/\/www.uqac.ca\/uqactualites\/2015\/02\/27\/spectacle-le-petit-cercle-de-craie\/#breadcrumb\"},\"inLanguage\":\"fr-CA\",\"potentialAction\":[{\"@type\":\"ReadAction\",\"target\":[\"https:\/\/www.uqac.ca\/uqactualites\/2015\/02\/27\/spectacle-le-petit-cercle-de-craie\/\"]}]},{\"@type\":\"ImageObject\",\"inLanguage\":\"fr-CA\",\"@id\":\"https:\/\/www.uqac.ca\/uqactualites\/2015\/02\/27\/spectacle-le-petit-cercle-de-craie\/#primaryimage\",\"url\":\"https:\/\/www.uqac.ca\/uqactualites\/wp-content\/uploads\/2012\/05\/avis-laCommunaut-.jpg\",\"contentUrl\":\"https:\/\/www.uqac.ca\/uqactualites\/wp-content\/uploads\/2012\/05\/avis-laCommunaut-.jpg\",\"width\":620,\"height\":300},{\"@type\":\"BreadcrumbList\",\"@id\":\"https:\/\/www.uqac.ca\/uqactualites\/2015\/02\/27\/spectacle-le-petit-cercle-de-craie\/#breadcrumb\",\"itemListElement\":[{\"@type\":\"ListItem\",\"position\":1,\"name\":\"Home\",\"item\":\"https:\/\/www.uqac.ca\/uqactualites\/\"},{\"@type\":\"ListItem\",\"position\":2,\"name\":\"Spectacle Le Petit cercle de craie\"}]},{\"@type\":\"WebSite\",\"@id\":\"https:\/\/www.uqac.ca\/uqactualites\/#website\",\"url\":\"https:\/\/www.uqac.ca\/uqactualites\/\",\"name\":\"UQACtualit\u00e9s\",\"description\":\"Le portail des nouvelles de l&#039;UQAC\",\"potentialAction\":[{\"@type\":\"SearchAction\",\"target\":{\"@type\":\"EntryPoint\",\"urlTemplate\":\"https:\/\/www.uqac.ca\/uqactualites\/?s={search_term_string}\"},\"query-input\":{\"@type\":\"PropertyValueSpecification\",\"valueRequired\":true,\"valueName\":\"search_term_string\"}}],\"inLanguage\":\"fr-CA\"},{\"@type\":\"Person\",\"@id\":\"https:\/\/www.uqac.ca\/uqactualites\/#\/schema\/person\/366c45a0c4f0e677b41b4af5886e2018\",\"name\":\"Service des communications et des relations publiques\",\"image\":{\"@type\":\"ImageObject\",\"inLanguage\":\"fr-CA\",\"@id\":\"https:\/\/www.uqac.ca\/uqactualites\/#\/schema\/person\/image\/\",\"url\":\"https:\/\/secure.gravatar.com\/avatar\/20fbbda8a292f59f2d3461a5b999c00b?s=96&d=mm&r=g\",\"contentUrl\":\"https:\/\/secure.gravatar.com\/avatar\/20fbbda8a292f59f2d3461a5b999c00b?s=96&d=mm&r=g\",\"caption\":\"Service des communications et des relations publiques\"},\"url\":\"https:\/\/www.uqac.ca\/uqactualites\/author\/bap\/\"}]}<\/script>\r\n<!-- \/ Yoast SEO plugin. -->","yoast_head_json":{"title":"Spectacle Le Petit cercle de craie - UQACtualit\u00e9s","robots":{"index":"index","follow":"follow","max-snippet":"max-snippet:-1","max-image-preview":"max-image-preview:large","max-video-preview":"max-video-preview:-1"},"canonical":"https:\/\/www.uqac.ca\/uqactualites\/2015\/02\/27\/spectacle-le-petit-cercle-de-craie\/","og_locale":"fr_CA","og_type":"article","og_title":"Spectacle Le Petit cercle de craie - UQACtualit\u00e9s","og_description":"Le th\u00e9\u00e2tre de la Tortue Noire offre gratuitement, aux employ\u00e9s de l&rsquo;UQAC, des billets pour assister au spectacle Le Petit cercle de craie, qui sera pr\u00e9sent\u00e9 du 9 au 18 avril \u00e0 l&rsquo;UQAC. Les employ\u00e9s qui sont int\u00e9ress\u00e9s peuvent r\u00e9server par t\u00e9l\u00e9phone au 418 698-3403.\u00a0En sp\u00e9cifiant qu&rsquo;ils sont employ\u00e9s de l&rsquo;UQAC, ils pourront assister gratuitement [&hellip;]","og_url":"https:\/\/www.uqac.ca\/uqactualites\/2015\/02\/27\/spectacle-le-petit-cercle-de-craie\/","og_site_name":"UQACtualit\u00e9s","article_published_time":"2015-02-27T18:04:49+00:00","og_image":[{"width":620,"height":300,"url":"https:\/\/www.uqac.ca\/uqactualites\/wp-content\/uploads\/2012\/05\/avis-laCommunaut-.jpg","type":"image\/jpeg"}],"author":"Service des communications et des relations publiques","twitter_card":"summary_large_image","twitter_misc":{"\u00c9crit par":"Service des communications et des relations publiques","Estimation du temps de lecture":"1 minute"},"schema":{"@context":"https:\/\/schema.org","@graph":[{"@type":"WebPage","@id":"https:\/\/www.uqac.ca\/uqactualites\/2015\/02\/27\/spectacle-le-petit-cercle-de-craie\/","url":"https:\/\/www.uqac.ca\/uqactualites\/2015\/02\/27\/spectacle-le-petit-cercle-de-craie\/","name":"Spectacle Le Petit cercle de craie - UQACtualit\u00e9s","isPartOf":{"@id":"https:\/\/www.uqac.ca\/uqactualites\/#website"},"primaryImageOfPage":{"@id":"https:\/\/www.uqac.ca\/uqactualites\/2015\/02\/27\/spectacle-le-petit-cercle-de-craie\/#primaryimage"},"image":{"@id":"https:\/\/www.uqac.ca\/uqactualites\/2015\/02\/27\/spectacle-le-petit-cercle-de-craie\/#primaryimage"},"thumbnailUrl":"https:\/\/www.uqac.ca\/uqactualites\/wp-content\/uploads\/2012\/05\/avis-laCommunaut-.jpg","datePublished":"2015-02-27T18:04:49+00:00","dateModified":"2015-02-27T18:04:49+00:00","author":{"@id":"https:\/\/www.uqac.ca\/uqactualites\/#\/schema\/person\/366c45a0c4f0e677b41b4af5886e2018"},"breadcrumb":{"@id":"https:\/\/www.uqac.ca\/uqactualites\/2015\/02\/27\/spectacle-le-petit-cercle-de-craie\/#breadcrumb"},"inLanguage":"fr-CA","potentialAction":[{"@type":"ReadAction","target":["https:\/\/www.uqac.ca\/uqactualites\/2015\/02\/27\/spectacle-le-petit-cercle-de-craie\/"]}]},{"@type":"ImageObject","inLanguage":"fr-CA","@id":"https:\/\/www.uqac.ca\/uqactualites\/2015\/02\/27\/spectacle-le-petit-cercle-de-craie\/#primaryimage","url":"https:\/\/www.uqac.ca\/uqactualites\/wp-content\/uploads\/2012\/05\/avis-laCommunaut-.jpg","contentUrl":"https:\/\/www.uqac.ca\/uqactualites\/wp-content\/uploads\/2012\/05\/avis-laCommunaut-.jpg","width":620,"height":300},{"@type":"BreadcrumbList","@id":"https:\/\/www.uqac.ca\/uqactualites\/2015\/02\/27\/spectacle-le-petit-cercle-de-craie\/#breadcrumb","itemListElement":[{"@type":"ListItem","position":1,"name":"Home","item":"https:\/\/www.uqac.ca\/uqactualites\/"},{"@type":"ListItem","position":2,"name":"Spectacle Le Petit cercle de craie"}]},{"@type":"WebSite","@id":"https:\/\/www.uqac.ca\/uqactualites\/#website","url":"https:\/\/www.uqac.ca\/uqactualites\/","name":"UQACtualit\u00e9s","description":"Le portail des nouvelles de l&#039;UQAC","potentialAction":[{"@type":"SearchAction","target":{"@type":"EntryPoint","urlTemplate":"https:\/\/www.uqac.ca\/uqactualites\/?s={search_term_string}"},"query-input":{"@type":"PropertyValueSpecification","valueRequired":true,"valueName":"search_term_string"}}],"inLanguage":"fr-CA"},{"@type":"Person","@id":"https:\/\/www.uqac.ca\/uqactualites\/#\/schema\/person\/366c45a0c4f0e677b41b4af5886e2018","name":"Service des communications et des relations publiques","image":{"@type":"ImageObject","inLanguage":"fr-CA","@id":"https:\/\/www.uqac.ca\/uqactualites\/#\/schema\/person\/image\/","url":"https:\/\/secure.gravatar.com\/avatar\/20fbbda8a292f59f2d3461a5b999c00b?s=96&d=mm&r=g","contentUrl":"https:\/\/secure.gravatar.com\/avatar\/20fbbda8a292f59f2d3461a5b999c00b?s=96&d=mm&r=g","caption":"Service des communications et des relations publiques"},"url":"https:\/\/www.uqac.ca\/uqactualites\/author\/bap\/"}]}},"_links":{"self":[{"href":"https:\/\/www.uqac.ca\/uqactualites\/wp-json\/wp\/v2\/posts\/29425"}],"collection":[{"href":"https:\/\/www.uqac.ca\/uqactualites\/wp-json\/wp\/v2\/posts"}],"about":[{"href":"https:\/\/www.uqac.ca\/uqactualites\/wp-json\/wp\/v2\/types\/post"}],"author":[{"embeddable":true,"href":"https:\/\/www.uqac.ca\/uqactualites\/wp-json\/wp\/v2\/users\/5"}],"replies":[{"embeddable":true,"href":"https:\/\/www.uqac.ca\/uqactualites\/wp-json\/wp\/v2\/comments?post=29425"}],"version-history":[{"count":0,"href":"https:\/\/www.uqac.ca\/uqactualites\/wp-json\/wp\/v2\/posts\/29425\/revisions"}],"wp:featuredmedia":[{"embeddable":true,"href":"https:\/\/www.uqac.ca\/uqactualites\/wp-json\/wp\/v2\/media\/20989"}],"wp:attachment":[{"href":"https:\/\/www.uqac.ca\/uqactualites\/wp-json\/wp\/v2\/media?parent=29425"}],"wp:term":[{"taxonomy":"category","embeddable":true,"href":"https:\/\/www.uqac.ca\/uqactualites\/wp-json\/wp\/v2\/categories?post=29425"},{"taxonomy":"post_tag","embeddable":true,"href":"https:\/\/www.uqac.ca\/uqactualites\/wp-json\/wp\/v2\/tags?post=29425"}],"curies":[{"name":"wp","href":"https:\/\/api.w.org\/{rel}","templated":true}]}}