{"id":29500,"date":"2015-03-11T08:56:54","date_gmt":"2015-03-11T12:56:54","guid":{"rendered":"http:\/\/uqactualite.odev.ca\/?p=29500"},"modified":"2015-03-11T08:56:54","modified_gmt":"2015-03-11T12:56:54","slug":"foire-a-lemploi","status":"publish","type":"post","link":"https:\/\/www.uqac.ca\/uqactualites\/2015\/03\/11\/foire-a-lemploi\/","title":{"rendered":"Foire \u00e0 l\u2019emploi dans le domaine du tourisme d\u2019aventure et de l\u2019\u00e9cotourisme"},"content":{"rendered":"<p>Le 25 f\u00e9vrier dernier, le secteur d\u2019<a href=\"http:\/\/programmes.uqac.ca\/7309\">intervention plein air de l\u2019UQAC<\/a> organisait la premi\u00e8re \u00e9dition de la Foire \u00e0 l\u2019emploi dans le domaine du tourisme d\u2019aventure et de l\u2019\u00e9cotourisme. Mise sur pied en partenariat avec les programmes de Techniques de tourisme et de Techniques du milieu naturel du C\u00e9gep de Saint-F\u00e9licien, l\u2019activit\u00e9 r\u00e9gionale a \u00e9galement \u00e9t\u00e9 r\u00e9alis\u00e9e en collaboration avec le Cr\u00e9neau d\u2019excellence ACCORD.<\/p>\n<p>La Foire \u00e0 l\u2019emploi a r\u00e9uni une centaine de participants dont 15 entreprises du milieu du tourisme d\u2019aventure et de l\u2019\u00e9cotourisme qui \u00e9taient sur place pour recruter leurs futurs collaborateurs. Plus de 80 \u00e9tudiants, issus de l\u2019UQAC et du C\u00e9gep de Saint-F\u00e9licien, deux \u00e9tablissements d\u2019enseignement sp\u00e9cialis\u00e9s dans ce secteur d\u2019activit\u00e9, ont particip\u00e9 \u00e0 l\u2019\u00e9v\u00e9nement.<\/p>\n<p>La formule retenue a \u00e9t\u00e9 celle d\u2019un \u00ab job dating \u00bb ou session de recrutement \u00ab \u00e9clair \u00bb au cours de laquelle les entrepreneurs avaient 15 minutes pour pr\u00e9senter leurs besoins. Par la suite, les \u00e9tudiants int\u00e9ress\u00e9s \u00e9taient invit\u00e9s \u00e0 proposer leurs comp\u00e9tences et \u00e0 remettre leur CV en main propre lors d\u2019entretiens d\u2019embauche en direct.<\/p>\n<p>Les 15 entrepreneurs pr\u00e9sents ont ainsi pu rencontrer un maximum de candidats dans un minimum de temps. Quant aux \u00e9tudiants, ils se sont vus offrir plus de 60 emplois et plus d\u2019une dizaine de stages. Forte de ce succ\u00e8s, l\u2019activit\u00e9 devrait \u00eatre reconduite l\u2019an prochain.<\/p>\n<p>&nbsp;<\/p>\n<p><strong>Sources\u00a0:<br \/>\n<\/strong>Bureau des affaires publiques<br \/>\nUniversit\u00e9 du Qu\u00e9bec \u00e0 Chicoutimi<br \/>\n418\u00a0545-5011, poste 2350 \u25aa <a href=\"mailto:affaires_publiques@uqac.ca\">affaires_publiques@uqac.ca<\/a><\/p>\n<p>Manu Tranquard, professeur, directeur des programmes en intervention plein air<br \/>\nD\u00e9partement des sciences humaines<br \/>\nUniversit\u00e9 du Qu\u00e9bec \u00e0 Chicoutimi<br \/>\n418\u00a0545-5011, poste 5316 \u25aa <a href=\"mailto:manu.tranquard@uqac.ca\">manu.tranquard@uqac.ca<\/a><\/p>\n<p>&nbsp;<\/p>\n<hr \/>\n<p><span style=\"color: #999999\">PHOTO : M. Patrick B\u00e9rub\u00e9, directeur du Cr\u00e9neau Accord, M. Mathieu Bergeron, Organisaction, M. Manu Tranquard, UQAC, M. David M\u00e9pham, UQAC, M. Ga\u00e9tan Bergeron, Croisi\u00e8res du Fjord, Mme \u00c9milie Bonaldo, C\u00e9gep de St-F\u00e9licien, M. David Boulais, UQAC, Mme Julie Bouliane, C\u00e9gep de St-F\u00e9licien, Mme Anne St-Onge, C\u00e9gep de St-F\u00e9licien.<\/span><br \/>\n<span style=\"color: #808080\">\u00a9 Denis Blackburn<\/span><\/p>\n<hr \/>\n<p>&nbsp;<\/p>\n","protected":false},"excerpt":{"rendered":"<p>Le 25 f\u00e9vrier dernier, le secteur d\u2019intervention plein air de l\u2019UQAC organisait la premi\u00e8re \u00e9dition de la Foire \u00e0 l\u2019emploi dans le domaine du tourisme d\u2019aventure et de l\u2019\u00e9cotourisme. Mise sur pied en partenariat avec les programmes de Techniques de tourisme et de Techniques du milieu naturel du C\u00e9gep de Saint-F\u00e9licien, l\u2019activit\u00e9 r\u00e9gionale a \u00e9galement [&hellip;]<\/p>\n","protected":false},"author":5,"featured_media":29502,"comment_status":"open","ping_status":"open","sticky":false,"template":"","format":"standard","meta":{"footnotes":""},"categories":[2,61],"tags":[651,652,653,654,655],"yoast_head":"<!-- This site is optimized with the Yoast SEO plugin v24.2 - https:\/\/yoast.com\/wordpress\/plugins\/seo\/ -->\r\n<title>Foire \u00e0 l\u2019emploi dans le domaine du tourisme d\u2019aventure et de l\u2019\u00e9cotourisme - UQACtualit\u00e9s<\/title>\r\n<meta name=\"robots\" content=\"index, follow, max-snippet:-1, max-image-preview:large, max-video-preview:-1\" \/>\r\n<link rel=\"canonical\" href=\"https:\/\/www.uqac.ca\/uqactualites\/2015\/03\/11\/foire-a-lemploi\/\" \/>\r\n<meta property=\"og:locale\" content=\"fr_CA\" \/>\r\n<meta property=\"og:type\" content=\"article\" \/>\r\n<meta property=\"og:title\" content=\"Foire \u00e0 l\u2019emploi dans le domaine du tourisme d\u2019aventure et de l\u2019\u00e9cotourisme - UQACtualit\u00e9s\" \/>\r\n<meta property=\"og:description\" content=\"Le 25 f\u00e9vrier dernier, le secteur d\u2019intervention plein air de l\u2019UQAC organisait la premi\u00e8re \u00e9dition de la Foire \u00e0 l\u2019emploi dans le domaine du tourisme d\u2019aventure et de l\u2019\u00e9cotourisme. Mise sur pied en partenariat avec les programmes de Techniques de tourisme et de Techniques du milieu naturel du C\u00e9gep de Saint-F\u00e9licien, l\u2019activit\u00e9 r\u00e9gionale a \u00e9galement [&hellip;]\" \/>\r\n<meta property=\"og:url\" content=\"https:\/\/www.uqac.ca\/uqactualites\/2015\/03\/11\/foire-a-lemploi\/\" \/>\r\n<meta property=\"og:site_name\" content=\"UQACtualit\u00e9s\" \/>\r\n<meta property=\"article:published_time\" content=\"2015-03-11T12:56:54+00:00\" \/>\r\n<meta property=\"og:image\" content=\"https:\/\/www.uqac.ca\/uqactualites\/wp-content\/uploads\/2015\/03\/foire_emploi_pleiair-scaled.jpg\" \/>\r\n\t<meta property=\"og:image:width\" content=\"2560\" \/>\r\n\t<meta property=\"og:image:height\" content=\"1211\" \/>\r\n\t<meta property=\"og:image:type\" content=\"image\/jpeg\" \/>\r\n<meta name=\"author\" content=\"Service des communications et des relations publiques\" \/>\r\n<meta name=\"twitter:card\" content=\"summary_large_image\" \/>\r\n<meta name=\"twitter:label1\" content=\"\u00c9crit par\" \/>\n\t<meta name=\"twitter:data1\" content=\"Service des communications et des relations publiques\" \/>\n\t<meta name=\"twitter:label2\" content=\"Estimation du temps de lecture\" \/>\n\t<meta name=\"twitter:data2\" content=\"2 minutes\" \/>\r\n<script type=\"application\/ld+json\" class=\"yoast-schema-graph\">{\"@context\":\"https:\/\/schema.org\",\"@graph\":[{\"@type\":\"WebPage\",\"@id\":\"https:\/\/www.uqac.ca\/uqactualites\/2015\/03\/11\/foire-a-lemploi\/\",\"url\":\"https:\/\/www.uqac.ca\/uqactualites\/2015\/03\/11\/foire-a-lemploi\/\",\"name\":\"Foire \u00e0 l\u2019emploi dans le domaine du tourisme d\u2019aventure et de l\u2019\u00e9cotourisme - UQACtualit\u00e9s\",\"isPartOf\":{\"@id\":\"https:\/\/www.uqac.ca\/uqactualites\/#website\"},\"primaryImageOfPage\":{\"@id\":\"https:\/\/www.uqac.ca\/uqactualites\/2015\/03\/11\/foire-a-lemploi\/#primaryimage\"},\"image\":{\"@id\":\"https:\/\/www.uqac.ca\/uqactualites\/2015\/03\/11\/foire-a-lemploi\/#primaryimage\"},\"thumbnailUrl\":\"https:\/\/www.uqac.ca\/uqactualites\/wp-content\/uploads\/2015\/03\/foire_emploi_pleiair-scaled.jpg\",\"datePublished\":\"2015-03-11T12:56:54+00:00\",\"dateModified\":\"2015-03-11T12:56:54+00:00\",\"author\":{\"@id\":\"https:\/\/www.uqac.ca\/uqactualites\/#\/schema\/person\/366c45a0c4f0e677b41b4af5886e2018\"},\"breadcrumb\":{\"@id\":\"https:\/\/www.uqac.ca\/uqactualites\/2015\/03\/11\/foire-a-lemploi\/#breadcrumb\"},\"inLanguage\":\"fr-CA\",\"potentialAction\":[{\"@type\":\"ReadAction\",\"target\":[\"https:\/\/www.uqac.ca\/uqactualites\/2015\/03\/11\/foire-a-lemploi\/\"]}]},{\"@type\":\"ImageObject\",\"inLanguage\":\"fr-CA\",\"@id\":\"https:\/\/www.uqac.ca\/uqactualites\/2015\/03\/11\/foire-a-lemploi\/#primaryimage\",\"url\":\"https:\/\/www.uqac.ca\/uqactualites\/wp-content\/uploads\/2015\/03\/foire_emploi_pleiair-scaled.jpg\",\"contentUrl\":\"https:\/\/www.uqac.ca\/uqactualites\/wp-content\/uploads\/2015\/03\/foire_emploi_pleiair-scaled.jpg\",\"width\":2560,\"height\":1211},{\"@type\":\"BreadcrumbList\",\"@id\":\"https:\/\/www.uqac.ca\/uqactualites\/2015\/03\/11\/foire-a-lemploi\/#breadcrumb\",\"itemListElement\":[{\"@type\":\"ListItem\",\"position\":1,\"name\":\"Home\",\"item\":\"https:\/\/www.uqac.ca\/uqactualites\/\"},{\"@type\":\"ListItem\",\"position\":2,\"name\":\"Foire \u00e0 l\u2019emploi dans le domaine du tourisme d\u2019aventure et de l\u2019\u00e9cotourisme\"}]},{\"@type\":\"WebSite\",\"@id\":\"https:\/\/www.uqac.ca\/uqactualites\/#website\",\"url\":\"https:\/\/www.uqac.ca\/uqactualites\/\",\"name\":\"UQACtualit\u00e9s\",\"description\":\"Le portail des nouvelles de l&#039;UQAC\",\"potentialAction\":[{\"@type\":\"SearchAction\",\"target\":{\"@type\":\"EntryPoint\",\"urlTemplate\":\"https:\/\/www.uqac.ca\/uqactualites\/?s={search_term_string}\"},\"query-input\":{\"@type\":\"PropertyValueSpecification\",\"valueRequired\":true,\"valueName\":\"search_term_string\"}}],\"inLanguage\":\"fr-CA\"},{\"@type\":\"Person\",\"@id\":\"https:\/\/www.uqac.ca\/uqactualites\/#\/schema\/person\/366c45a0c4f0e677b41b4af5886e2018\",\"name\":\"Service des communications et des relations publiques\",\"image\":{\"@type\":\"ImageObject\",\"inLanguage\":\"fr-CA\",\"@id\":\"https:\/\/www.uqac.ca\/uqactualites\/#\/schema\/person\/image\/\",\"url\":\"https:\/\/secure.gravatar.com\/avatar\/20fbbda8a292f59f2d3461a5b999c00b?s=96&d=mm&r=g\",\"contentUrl\":\"https:\/\/secure.gravatar.com\/avatar\/20fbbda8a292f59f2d3461a5b999c00b?s=96&d=mm&r=g\",\"caption\":\"Service des communications et des relations publiques\"},\"url\":\"https:\/\/www.uqac.ca\/uqactualites\/author\/bap\/\"}]}<\/script>\r\n<!-- \/ Yoast SEO plugin. -->","yoast_head_json":{"title":"Foire \u00e0 l\u2019emploi dans le domaine du tourisme d\u2019aventure et de l\u2019\u00e9cotourisme - UQACtualit\u00e9s","robots":{"index":"index","follow":"follow","max-snippet":"max-snippet:-1","max-image-preview":"max-image-preview:large","max-video-preview":"max-video-preview:-1"},"canonical":"https:\/\/www.uqac.ca\/uqactualites\/2015\/03\/11\/foire-a-lemploi\/","og_locale":"fr_CA","og_type":"article","og_title":"Foire \u00e0 l\u2019emploi dans le domaine du tourisme d\u2019aventure et de l\u2019\u00e9cotourisme - UQACtualit\u00e9s","og_description":"Le 25 f\u00e9vrier dernier, le secteur d\u2019intervention plein air de l\u2019UQAC organisait la premi\u00e8re \u00e9dition de la Foire \u00e0 l\u2019emploi dans le domaine du tourisme d\u2019aventure et de l\u2019\u00e9cotourisme. Mise sur pied en partenariat avec les programmes de Techniques de tourisme et de Techniques du milieu naturel du C\u00e9gep de Saint-F\u00e9licien, l\u2019activit\u00e9 r\u00e9gionale a \u00e9galement [&hellip;]","og_url":"https:\/\/www.uqac.ca\/uqactualites\/2015\/03\/11\/foire-a-lemploi\/","og_site_name":"UQACtualit\u00e9s","article_published_time":"2015-03-11T12:56:54+00:00","og_image":[{"width":2560,"height":1211,"url":"https:\/\/www.uqac.ca\/uqactualites\/wp-content\/uploads\/2015\/03\/foire_emploi_pleiair-scaled.jpg","type":"image\/jpeg"}],"author":"Service des communications et des relations publiques","twitter_card":"summary_large_image","twitter_misc":{"\u00c9crit par":"Service des communications et des relations publiques","Estimation du temps de lecture":"2 minutes"},"schema":{"@context":"https:\/\/schema.org","@graph":[{"@type":"WebPage","@id":"https:\/\/www.uqac.ca\/uqactualites\/2015\/03\/11\/foire-a-lemploi\/","url":"https:\/\/www.uqac.ca\/uqactualites\/2015\/03\/11\/foire-a-lemploi\/","name":"Foire \u00e0 l\u2019emploi dans le domaine du tourisme d\u2019aventure et de l\u2019\u00e9cotourisme - UQACtualit\u00e9s","isPartOf":{"@id":"https:\/\/www.uqac.ca\/uqactualites\/#website"},"primaryImageOfPage":{"@id":"https:\/\/www.uqac.ca\/uqactualites\/2015\/03\/11\/foire-a-lemploi\/#primaryimage"},"image":{"@id":"https:\/\/www.uqac.ca\/uqactualites\/2015\/03\/11\/foire-a-lemploi\/#primaryimage"},"thumbnailUrl":"https:\/\/www.uqac.ca\/uqactualites\/wp-content\/uploads\/2015\/03\/foire_emploi_pleiair-scaled.jpg","datePublished":"2015-03-11T12:56:54+00:00","dateModified":"2015-03-11T12:56:54+00:00","author":{"@id":"https:\/\/www.uqac.ca\/uqactualites\/#\/schema\/person\/366c45a0c4f0e677b41b4af5886e2018"},"breadcrumb":{"@id":"https:\/\/www.uqac.ca\/uqactualites\/2015\/03\/11\/foire-a-lemploi\/#breadcrumb"},"inLanguage":"fr-CA","potentialAction":[{"@type":"ReadAction","target":["https:\/\/www.uqac.ca\/uqactualites\/2015\/03\/11\/foire-a-lemploi\/"]}]},{"@type":"ImageObject","inLanguage":"fr-CA","@id":"https:\/\/www.uqac.ca\/uqactualites\/2015\/03\/11\/foire-a-lemploi\/#primaryimage","url":"https:\/\/www.uqac.ca\/uqactualites\/wp-content\/uploads\/2015\/03\/foire_emploi_pleiair-scaled.jpg","contentUrl":"https:\/\/www.uqac.ca\/uqactualites\/wp-content\/uploads\/2015\/03\/foire_emploi_pleiair-scaled.jpg","width":2560,"height":1211},{"@type":"BreadcrumbList","@id":"https:\/\/www.uqac.ca\/uqactualites\/2015\/03\/11\/foire-a-lemploi\/#breadcrumb","itemListElement":[{"@type":"ListItem","position":1,"name":"Home","item":"https:\/\/www.uqac.ca\/uqactualites\/"},{"@type":"ListItem","position":2,"name":"Foire \u00e0 l\u2019emploi dans le domaine du tourisme d\u2019aventure et de l\u2019\u00e9cotourisme"}]},{"@type":"WebSite","@id":"https:\/\/www.uqac.ca\/uqactualites\/#website","url":"https:\/\/www.uqac.ca\/uqactualites\/","name":"UQACtualit\u00e9s","description":"Le portail des nouvelles de l&#039;UQAC","potentialAction":[{"@type":"SearchAction","target":{"@type":"EntryPoint","urlTemplate":"https:\/\/www.uqac.ca\/uqactualites\/?s={search_term_string}"},"query-input":{"@type":"PropertyValueSpecification","valueRequired":true,"valueName":"search_term_string"}}],"inLanguage":"fr-CA"},{"@type":"Person","@id":"https:\/\/www.uqac.ca\/uqactualites\/#\/schema\/person\/366c45a0c4f0e677b41b4af5886e2018","name":"Service des communications et des relations publiques","image":{"@type":"ImageObject","inLanguage":"fr-CA","@id":"https:\/\/www.uqac.ca\/uqactualites\/#\/schema\/person\/image\/","url":"https:\/\/secure.gravatar.com\/avatar\/20fbbda8a292f59f2d3461a5b999c00b?s=96&d=mm&r=g","contentUrl":"https:\/\/secure.gravatar.com\/avatar\/20fbbda8a292f59f2d3461a5b999c00b?s=96&d=mm&r=g","caption":"Service des communications et des relations publiques"},"url":"https:\/\/www.uqac.ca\/uqactualites\/author\/bap\/"}]}},"_links":{"self":[{"href":"https:\/\/www.uqac.ca\/uqactualites\/wp-json\/wp\/v2\/posts\/29500"}],"collection":[{"href":"https:\/\/www.uqac.ca\/uqactualites\/wp-json\/wp\/v2\/posts"}],"about":[{"href":"https:\/\/www.uqac.ca\/uqactualites\/wp-json\/wp\/v2\/types\/post"}],"author":[{"embeddable":true,"href":"https:\/\/www.uqac.ca\/uqactualites\/wp-json\/wp\/v2\/users\/5"}],"replies":[{"embeddable":true,"href":"https:\/\/www.uqac.ca\/uqactualites\/wp-json\/wp\/v2\/comments?post=29500"}],"version-history":[{"count":0,"href":"https:\/\/www.uqac.ca\/uqactualites\/wp-json\/wp\/v2\/posts\/29500\/revisions"}],"wp:featuredmedia":[{"embeddable":true,"href":"https:\/\/www.uqac.ca\/uqactualites\/wp-json\/wp\/v2\/media\/29502"}],"wp:attachment":[{"href":"https:\/\/www.uqac.ca\/uqactualites\/wp-json\/wp\/v2\/media?parent=29500"}],"wp:term":[{"taxonomy":"category","embeddable":true,"href":"https:\/\/www.uqac.ca\/uqactualites\/wp-json\/wp\/v2\/categories?post=29500"},{"taxonomy":"post_tag","embeddable":true,"href":"https:\/\/www.uqac.ca\/uqactualites\/wp-json\/wp\/v2\/tags?post=29500"}],"curies":[{"name":"wp","href":"https:\/\/api.w.org\/{rel}","templated":true}]}}