{"id":29511,"date":"2015-03-09T15:58:25","date_gmt":"2015-03-09T19:58:25","guid":{"rendered":"http:\/\/uqactualite.odev.ca\/?p=29511"},"modified":"2015-03-09T15:58:25","modified_gmt":"2015-03-09T19:58:25","slug":"examens-cpa","status":"publish","type":"post","link":"https:\/\/www.uqac.ca\/uqactualites\/2015\/03\/09\/examens-cpa\/","title":{"rendered":"Les \u00e9tudiants en sciences comptables se d\u00e9marquent  aux examens nationaux de l&rsquo;Ordre  des comptables professionnels agr\u00e9\u00e9s"},"content":{"rendered":"<p>L\u2019UQAC se joint au regroupement des CPA du Saguenay\u2013Lac-St-Jean pour souligner la performance de ses \u00e9tudiants aux examens nationaux de l\u2019Ordre des comptables professionnels agr\u00e9\u00e9s (CPA). D\u2019ann\u00e9e en ann\u00e9e, les dipl\u00f4m\u00e9s du <a href=\"http:\/\/programmes.uqac.ca\/7766\">baccalaur\u00e9at en sciences comptables<\/a> de l\u2019UQAC se distinguent lors de ces examens, ce qui permet \u00e0 l\u2019\u00e9tablissement de se tailler une place parmi l\u2019\u00e9lite au Qu\u00e9bec.<\/p>\n<p>Durant plusieurs jours en 2014, des centaines d\u2019\u00e9tudiants qu\u00e9b\u00e9cois se sont pr\u00e9sent\u00e9s aux examens nationaux de l\u2019Ordre des CPA. De ce nombre, 27 dipl\u00f4m\u00e9s en sciences comptables de l\u2019UQAC ont r\u00e9ussi avec succ\u00e8s ces examens.<\/p>\n<p>En obtenant encore une fois des r\u00e9sultats exceptionnels, les \u00e9tudiants de la promotion 2014 poursuivent sur la lanc\u00e9e de leurs pr\u00e9d\u00e9cesseurs. De telles performances s\u2019expliquent par la motivation et le travail assidu de tous les \u00e9tudiants concern\u00e9s, mais \u00e9galement par l\u2019approche p\u00e9dagogique novatrice utilis\u00e9e dans les programmes en sciences comptables de l\u2019UQAC. Cette approche par comp\u00e9tences est mise \u00e0 profit avec des petits groupes-classes, une implication active et constante des professeurs et la participation soutenue d\u2019experts de plusieurs champs disciplinaires.<\/p>\n<p>Les dipl\u00f4m\u00e9s en sciences comptables de l\u2019UQAC qui ont maintenant r\u00e9ussi leurs examens CPA occupent des emplois de professionnel au sein de cabinets ou d\u2019entreprises qui \u0153uvrent dans divers domaines d\u2019activit\u00e9.<\/p>\n<p>&nbsp;<\/p>\n<p><strong>Sources\u00a0:<br \/>\n<\/strong>Bureau des affaires publiques<br \/>\nUniversit\u00e9 du Qu\u00e9bec \u00e0 Chicoutimi<br \/>\n418\u00a0545-5011, poste 2350 \u25aa <a href=\"mailto:affaires_publiques@uqac.ca\">affaires_publiques@uqac.ca<\/a><\/p>\n<p>Isabelle Lemay, professeure<br \/>\nD\u00e9partement des sciences \u00e9conomiques et administratives<br \/>\nUniversit\u00e9 du Qu\u00e9bec \u00e0 Chicoutimi<br \/>\n418\u00a0545-5011, poste 5305 \u25aa <a href=\"mailto:bruno.bouchard@uqac.ca\">isabelle.lamay@uqac.ca<\/a><\/p>\n<p>&nbsp;<\/p>\n<hr \/>\n<p><span style=\"color: #808080\">PHOTO : Daniel Tremblay, CPA, CA, directeur du module des sciences comptables de l\u2019UQAC, Guylaine Duval, CPA, CA, directrice du DESS en sciences comptables de l\u2019UQAC, Andr\u00e9-Pierre Lemay, \u00e9tudiant, \u00c9lisabeth Girard, \u00e9tudiante, Simon Tremblay, \u00e9tudiant, Laura-Kim Desmeules, \u00e9tudiante, Philippe Savard-Hudon, \u00e9tudiant, Lydia Tremblay, \u00e9tudiante, Magalie Proulx Ouellet, \u00e9tudiante, et Jean-Fran\u00e7ois Vernier, CPA,CMA, pr\u00e9sident du Regroupement r\u00e9gional des CPA du Saguenay-Lac-St-Jean.<\/span><\/p>\n<hr \/>\n<p>&nbsp;<\/p>\n","protected":false},"excerpt":{"rendered":"<p>L\u2019UQAC se joint au regroupement des CPA du Saguenay\u2013Lac-St-Jean pour souligner la performance de ses \u00e9tudiants aux examens nationaux de l\u2019Ordre des comptables professionnels agr\u00e9\u00e9s (CPA). D\u2019ann\u00e9e en ann\u00e9e, les dipl\u00f4m\u00e9s du baccalaur\u00e9at en sciences comptables de l\u2019UQAC se distinguent lors de ces examens, ce qui permet \u00e0 l\u2019\u00e9tablissement de se tailler une place parmi [&hellip;]<\/p>\n","protected":false},"author":5,"featured_media":29518,"comment_status":"open","ping_status":"open","sticky":false,"template":"","format":"standard","meta":{"footnotes":""},"categories":[2,9],"tags":[484,82,659,282],"yoast_head":"<!-- This site is optimized with the Yoast SEO plugin v24.2 - https:\/\/yoast.com\/wordpress\/plugins\/seo\/ -->\r\n<title>Les \u00e9tudiants en sciences comptables se d\u00e9marquent aux examens nationaux de l&#039;Ordre des comptables professionnels agr\u00e9\u00e9s - UQACtualit\u00e9s<\/title>\r\n<meta name=\"robots\" content=\"index, follow, max-snippet:-1, max-image-preview:large, max-video-preview:-1\" \/>\r\n<link rel=\"canonical\" href=\"https:\/\/www.uqac.ca\/uqactualites\/2015\/03\/09\/examens-cpa\/\" \/>\r\n<meta property=\"og:locale\" content=\"fr_CA\" \/>\r\n<meta property=\"og:type\" content=\"article\" \/>\r\n<meta property=\"og:title\" content=\"Les \u00e9tudiants en sciences comptables se d\u00e9marquent aux examens nationaux de l&#039;Ordre des comptables professionnels agr\u00e9\u00e9s - UQACtualit\u00e9s\" \/>\r\n<meta property=\"og:description\" content=\"L\u2019UQAC se joint au regroupement des CPA du Saguenay\u2013Lac-St-Jean pour souligner la performance de ses \u00e9tudiants aux examens nationaux de l\u2019Ordre des comptables professionnels agr\u00e9\u00e9s (CPA). D\u2019ann\u00e9e en ann\u00e9e, les dipl\u00f4m\u00e9s du baccalaur\u00e9at en sciences comptables de l\u2019UQAC se distinguent lors de ces examens, ce qui permet \u00e0 l\u2019\u00e9tablissement de se tailler une place parmi [&hellip;]\" \/>\r\n<meta property=\"og:url\" content=\"https:\/\/www.uqac.ca\/uqactualites\/2015\/03\/09\/examens-cpa\/\" \/>\r\n<meta property=\"og:site_name\" content=\"UQACtualit\u00e9s\" \/>\r\n<meta property=\"article:published_time\" content=\"2015-03-09T19:58:25+00:00\" \/>\r\n<meta property=\"og:image\" content=\"https:\/\/www.uqac.ca\/uqactualites\/wp-content\/uploads\/2015\/03\/Photo-pub-CPA-scaled.jpg\" \/>\r\n\t<meta property=\"og:image:width\" content=\"2560\" \/>\r\n\t<meta property=\"og:image:height\" content=\"1707\" \/>\r\n\t<meta property=\"og:image:type\" content=\"image\/jpeg\" \/>\r\n<meta name=\"author\" content=\"Service des communications et des relations publiques\" \/>\r\n<meta name=\"twitter:card\" content=\"summary_large_image\" \/>\r\n<meta name=\"twitter:label1\" content=\"\u00c9crit par\" \/>\n\t<meta name=\"twitter:data1\" content=\"Service des communications et des relations publiques\" \/>\n\t<meta name=\"twitter:label2\" content=\"Estimation du temps de lecture\" \/>\n\t<meta name=\"twitter:data2\" content=\"2 minutes\" \/>\r\n<script type=\"application\/ld+json\" class=\"yoast-schema-graph\">{\"@context\":\"https:\/\/schema.org\",\"@graph\":[{\"@type\":\"WebPage\",\"@id\":\"https:\/\/www.uqac.ca\/uqactualites\/2015\/03\/09\/examens-cpa\/\",\"url\":\"https:\/\/www.uqac.ca\/uqactualites\/2015\/03\/09\/examens-cpa\/\",\"name\":\"Les \u00e9tudiants en sciences comptables se d\u00e9marquent aux examens nationaux de l'Ordre des comptables professionnels agr\u00e9\u00e9s - UQACtualit\u00e9s\",\"isPartOf\":{\"@id\":\"https:\/\/www.uqac.ca\/uqactualites\/#website\"},\"primaryImageOfPage\":{\"@id\":\"https:\/\/www.uqac.ca\/uqactualites\/2015\/03\/09\/examens-cpa\/#primaryimage\"},\"image\":{\"@id\":\"https:\/\/www.uqac.ca\/uqactualites\/2015\/03\/09\/examens-cpa\/#primaryimage\"},\"thumbnailUrl\":\"https:\/\/www.uqac.ca\/uqactualites\/wp-content\/uploads\/2015\/03\/Photo-pub-CPA-scaled.jpg\",\"datePublished\":\"2015-03-09T19:58:25+00:00\",\"dateModified\":\"2015-03-09T19:58:25+00:00\",\"author\":{\"@id\":\"https:\/\/www.uqac.ca\/uqactualites\/#\/schema\/person\/366c45a0c4f0e677b41b4af5886e2018\"},\"breadcrumb\":{\"@id\":\"https:\/\/www.uqac.ca\/uqactualites\/2015\/03\/09\/examens-cpa\/#breadcrumb\"},\"inLanguage\":\"fr-CA\",\"potentialAction\":[{\"@type\":\"ReadAction\",\"target\":[\"https:\/\/www.uqac.ca\/uqactualites\/2015\/03\/09\/examens-cpa\/\"]}]},{\"@type\":\"ImageObject\",\"inLanguage\":\"fr-CA\",\"@id\":\"https:\/\/www.uqac.ca\/uqactualites\/2015\/03\/09\/examens-cpa\/#primaryimage\",\"url\":\"https:\/\/www.uqac.ca\/uqactualites\/wp-content\/uploads\/2015\/03\/Photo-pub-CPA-scaled.jpg\",\"contentUrl\":\"https:\/\/www.uqac.ca\/uqactualites\/wp-content\/uploads\/2015\/03\/Photo-pub-CPA-scaled.jpg\",\"width\":2560,\"height\":1707},{\"@type\":\"BreadcrumbList\",\"@id\":\"https:\/\/www.uqac.ca\/uqactualites\/2015\/03\/09\/examens-cpa\/#breadcrumb\",\"itemListElement\":[{\"@type\":\"ListItem\",\"position\":1,\"name\":\"Home\",\"item\":\"https:\/\/www.uqac.ca\/uqactualites\/\"},{\"@type\":\"ListItem\",\"position\":2,\"name\":\"Les \u00e9tudiants en sciences comptables se d\u00e9marquent aux examens nationaux de l&rsquo;Ordre des comptables professionnels agr\u00e9\u00e9s\"}]},{\"@type\":\"WebSite\",\"@id\":\"https:\/\/www.uqac.ca\/uqactualites\/#website\",\"url\":\"https:\/\/www.uqac.ca\/uqactualites\/\",\"name\":\"UQACtualit\u00e9s\",\"description\":\"Le portail des nouvelles de l&#039;UQAC\",\"potentialAction\":[{\"@type\":\"SearchAction\",\"target\":{\"@type\":\"EntryPoint\",\"urlTemplate\":\"https:\/\/www.uqac.ca\/uqactualites\/?s={search_term_string}\"},\"query-input\":{\"@type\":\"PropertyValueSpecification\",\"valueRequired\":true,\"valueName\":\"search_term_string\"}}],\"inLanguage\":\"fr-CA\"},{\"@type\":\"Person\",\"@id\":\"https:\/\/www.uqac.ca\/uqactualites\/#\/schema\/person\/366c45a0c4f0e677b41b4af5886e2018\",\"name\":\"Service des communications et des relations publiques\",\"image\":{\"@type\":\"ImageObject\",\"inLanguage\":\"fr-CA\",\"@id\":\"https:\/\/www.uqac.ca\/uqactualites\/#\/schema\/person\/image\/\",\"url\":\"https:\/\/secure.gravatar.com\/avatar\/20fbbda8a292f59f2d3461a5b999c00b?s=96&d=mm&r=g\",\"contentUrl\":\"https:\/\/secure.gravatar.com\/avatar\/20fbbda8a292f59f2d3461a5b999c00b?s=96&d=mm&r=g\",\"caption\":\"Service des communications et des relations publiques\"},\"url\":\"https:\/\/www.uqac.ca\/uqactualites\/author\/bap\/\"}]}<\/script>\r\n<!-- \/ Yoast SEO plugin. -->","yoast_head_json":{"title":"Les \u00e9tudiants en sciences comptables se d\u00e9marquent aux examens nationaux de l'Ordre des comptables professionnels agr\u00e9\u00e9s - UQACtualit\u00e9s","robots":{"index":"index","follow":"follow","max-snippet":"max-snippet:-1","max-image-preview":"max-image-preview:large","max-video-preview":"max-video-preview:-1"},"canonical":"https:\/\/www.uqac.ca\/uqactualites\/2015\/03\/09\/examens-cpa\/","og_locale":"fr_CA","og_type":"article","og_title":"Les \u00e9tudiants en sciences comptables se d\u00e9marquent aux examens nationaux de l'Ordre des comptables professionnels agr\u00e9\u00e9s - UQACtualit\u00e9s","og_description":"L\u2019UQAC se joint au regroupement des CPA du Saguenay\u2013Lac-St-Jean pour souligner la performance de ses \u00e9tudiants aux examens nationaux de l\u2019Ordre des comptables professionnels agr\u00e9\u00e9s (CPA). D\u2019ann\u00e9e en ann\u00e9e, les dipl\u00f4m\u00e9s du baccalaur\u00e9at en sciences comptables de l\u2019UQAC se distinguent lors de ces examens, ce qui permet \u00e0 l\u2019\u00e9tablissement de se tailler une place parmi [&hellip;]","og_url":"https:\/\/www.uqac.ca\/uqactualites\/2015\/03\/09\/examens-cpa\/","og_site_name":"UQACtualit\u00e9s","article_published_time":"2015-03-09T19:58:25+00:00","og_image":[{"width":2560,"height":1707,"url":"https:\/\/www.uqac.ca\/uqactualites\/wp-content\/uploads\/2015\/03\/Photo-pub-CPA-scaled.jpg","type":"image\/jpeg"}],"author":"Service des communications et des relations publiques","twitter_card":"summary_large_image","twitter_misc":{"\u00c9crit par":"Service des communications et des relations publiques","Estimation du temps de lecture":"2 minutes"},"schema":{"@context":"https:\/\/schema.org","@graph":[{"@type":"WebPage","@id":"https:\/\/www.uqac.ca\/uqactualites\/2015\/03\/09\/examens-cpa\/","url":"https:\/\/www.uqac.ca\/uqactualites\/2015\/03\/09\/examens-cpa\/","name":"Les \u00e9tudiants en sciences comptables se d\u00e9marquent aux examens nationaux de l'Ordre des comptables professionnels agr\u00e9\u00e9s - UQACtualit\u00e9s","isPartOf":{"@id":"https:\/\/www.uqac.ca\/uqactualites\/#website"},"primaryImageOfPage":{"@id":"https:\/\/www.uqac.ca\/uqactualites\/2015\/03\/09\/examens-cpa\/#primaryimage"},"image":{"@id":"https:\/\/www.uqac.ca\/uqactualites\/2015\/03\/09\/examens-cpa\/#primaryimage"},"thumbnailUrl":"https:\/\/www.uqac.ca\/uqactualites\/wp-content\/uploads\/2015\/03\/Photo-pub-CPA-scaled.jpg","datePublished":"2015-03-09T19:58:25+00:00","dateModified":"2015-03-09T19:58:25+00:00","author":{"@id":"https:\/\/www.uqac.ca\/uqactualites\/#\/schema\/person\/366c45a0c4f0e677b41b4af5886e2018"},"breadcrumb":{"@id":"https:\/\/www.uqac.ca\/uqactualites\/2015\/03\/09\/examens-cpa\/#breadcrumb"},"inLanguage":"fr-CA","potentialAction":[{"@type":"ReadAction","target":["https:\/\/www.uqac.ca\/uqactualites\/2015\/03\/09\/examens-cpa\/"]}]},{"@type":"ImageObject","inLanguage":"fr-CA","@id":"https:\/\/www.uqac.ca\/uqactualites\/2015\/03\/09\/examens-cpa\/#primaryimage","url":"https:\/\/www.uqac.ca\/uqactualites\/wp-content\/uploads\/2015\/03\/Photo-pub-CPA-scaled.jpg","contentUrl":"https:\/\/www.uqac.ca\/uqactualites\/wp-content\/uploads\/2015\/03\/Photo-pub-CPA-scaled.jpg","width":2560,"height":1707},{"@type":"BreadcrumbList","@id":"https:\/\/www.uqac.ca\/uqactualites\/2015\/03\/09\/examens-cpa\/#breadcrumb","itemListElement":[{"@type":"ListItem","position":1,"name":"Home","item":"https:\/\/www.uqac.ca\/uqactualites\/"},{"@type":"ListItem","position":2,"name":"Les \u00e9tudiants en sciences comptables se d\u00e9marquent aux examens nationaux de l&rsquo;Ordre des comptables professionnels agr\u00e9\u00e9s"}]},{"@type":"WebSite","@id":"https:\/\/www.uqac.ca\/uqactualites\/#website","url":"https:\/\/www.uqac.ca\/uqactualites\/","name":"UQACtualit\u00e9s","description":"Le portail des nouvelles de l&#039;UQAC","potentialAction":[{"@type":"SearchAction","target":{"@type":"EntryPoint","urlTemplate":"https:\/\/www.uqac.ca\/uqactualites\/?s={search_term_string}"},"query-input":{"@type":"PropertyValueSpecification","valueRequired":true,"valueName":"search_term_string"}}],"inLanguage":"fr-CA"},{"@type":"Person","@id":"https:\/\/www.uqac.ca\/uqactualites\/#\/schema\/person\/366c45a0c4f0e677b41b4af5886e2018","name":"Service des communications et des relations publiques","image":{"@type":"ImageObject","inLanguage":"fr-CA","@id":"https:\/\/www.uqac.ca\/uqactualites\/#\/schema\/person\/image\/","url":"https:\/\/secure.gravatar.com\/avatar\/20fbbda8a292f59f2d3461a5b999c00b?s=96&d=mm&r=g","contentUrl":"https:\/\/secure.gravatar.com\/avatar\/20fbbda8a292f59f2d3461a5b999c00b?s=96&d=mm&r=g","caption":"Service des communications et des relations publiques"},"url":"https:\/\/www.uqac.ca\/uqactualites\/author\/bap\/"}]}},"_links":{"self":[{"href":"https:\/\/www.uqac.ca\/uqactualites\/wp-json\/wp\/v2\/posts\/29511"}],"collection":[{"href":"https:\/\/www.uqac.ca\/uqactualites\/wp-json\/wp\/v2\/posts"}],"about":[{"href":"https:\/\/www.uqac.ca\/uqactualites\/wp-json\/wp\/v2\/types\/post"}],"author":[{"embeddable":true,"href":"https:\/\/www.uqac.ca\/uqactualites\/wp-json\/wp\/v2\/users\/5"}],"replies":[{"embeddable":true,"href":"https:\/\/www.uqac.ca\/uqactualites\/wp-json\/wp\/v2\/comments?post=29511"}],"version-history":[{"count":0,"href":"https:\/\/www.uqac.ca\/uqactualites\/wp-json\/wp\/v2\/posts\/29511\/revisions"}],"wp:featuredmedia":[{"embeddable":true,"href":"https:\/\/www.uqac.ca\/uqactualites\/wp-json\/wp\/v2\/media\/29518"}],"wp:attachment":[{"href":"https:\/\/www.uqac.ca\/uqactualites\/wp-json\/wp\/v2\/media?parent=29511"}],"wp:term":[{"taxonomy":"category","embeddable":true,"href":"https:\/\/www.uqac.ca\/uqactualites\/wp-json\/wp\/v2\/categories?post=29511"},{"taxonomy":"post_tag","embeddable":true,"href":"https:\/\/www.uqac.ca\/uqactualites\/wp-json\/wp\/v2\/tags?post=29511"}],"curies":[{"name":"wp","href":"https:\/\/api.w.org\/{rel}","templated":true}]}}