{"id":29596,"date":"2015-03-12T10:25:44","date_gmt":"2015-03-12T14:25:44","guid":{"rendered":"http:\/\/uqactualite.odev.ca\/?p=29596"},"modified":"2015-03-12T10:25:44","modified_gmt":"2015-03-12T14:25:44","slug":"changements-a-la-politique-dutilisation-des-espaces-a-la-bibliotheque","status":"publish","type":"post","link":"https:\/\/www.uqac.ca\/uqactualites\/2015\/03\/12\/changements-a-la-politique-dutilisation-des-espaces-a-la-bibliotheque\/","title":{"rendered":"Changements \u00e0 la politique d\u2019utilisation des espaces \u00e0 la biblioth\u00e8que"},"content":{"rendered":"<p>Les habitudes des usagers de la biblioth\u00e8que changent et nous avons effectu\u00e9 des modifications \u00e0 la politique d\u2019utilisation des espaces \u00e0 la suite des commentaires recueillis lors du dernier sondage LibQual+ sur la qualit\u00e9 des services.<\/p>\n<p>\u00c0 la biblioth\u00e8que, il est dor\u00e9navant permis\u2026<\/p>\n<p><a href=\"http:\/\/www.uqac.ca\/wp-content\/uploads\/2015\/03\/picto_bibliotheque.jpg\"><img loading=\"lazy\" decoding=\"async\" class=\"alignleft wp-image-29597 size-medium\" src=\"http:\/\/www.uqac.ca\/wp-content\/uploads\/2015\/03\/picto_bibliotheque-176x300.jpg\" alt=\"picto_bibliotheque\" width=\"176\" height=\"300\" srcset=\"https:\/\/www.uqac.ca\/uqactualites\/wp-content\/uploads\/2015\/03\/picto_bibliotheque-176x300.jpg 176w, https:\/\/www.uqac.ca\/uqactualites\/wp-content\/uploads\/2015\/03\/picto_bibliotheque.jpg 410w\" sizes=\"(max-width: 176px) 100vw, 176px\" \/><\/a><\/p>\n<p>&nbsp;<\/p>\n<p>De consommer des collations et des <strong>boissons<\/strong> dans des <strong>contenants avec couvercle<\/strong>.<\/p>\n<p>&nbsp;<\/p>\n<p>&nbsp;<\/p>\n<p>De parler \u00e0 <strong>voix mod\u00e9r\u00e9e<\/strong>.<\/p>\n<p>&nbsp;<\/p>\n<p>&nbsp;<\/p>\n<p>D\u2019utiliser un cellulaire en <strong>mode vibration<\/strong>.<\/p>\n<p>&nbsp;<\/p>\n<p>&nbsp;<\/p>\n<p>N\u2019h\u00e9sitez pas \u00e0 faire appel aux membres du personnel de la biblioth\u00e8que en cas de non-respect de cette r\u00e8glementation.<\/p>\n<p>Pour conna\u00eetre tous les d\u00e9tails de la nouvelle politique, visitez <a href=\"http:\/\/go.uqac.ca\/Wmn7\">notre site web<\/a>.<\/p>\n<p>Les r\u00e9sultats complets du sondage LibQual+ sont offerts sur la page \u00ab <a href=\"http:\/\/bibliotheque.uqac.ca\/libqual\/2013\/choisitabibliotheque.php\">Choisis ta biblioth\u00e8que<\/a>\u00bb.<\/p>\n<p>&nbsp;<\/p>\n<p><strong>Renseignements\u00a0:<br \/>\n<\/strong>Nadia Villeneuve, conseill\u00e8re en information documentaire<br \/>\nBiblioth\u00e8que Paul-\u00c9mile-Boulet<br \/>\nUniversit\u00e9 du Qu\u00e9bec \u00e0 Chicoutimi<br \/>\n418 545-5011, poste\u00a02305\u00a0 \u25aa\u00a0 <a href=\"mailto:nadia1_villeneuve@uqac.ca\">nadia1_villeneuve@uqac.ca<\/a><\/p>\n<p>&nbsp;<\/p>\n","protected":false},"excerpt":{"rendered":"<p>Les habitudes des usagers de la biblioth\u00e8que changent et nous avons effectu\u00e9 des modifications \u00e0 la politique d\u2019utilisation des espaces \u00e0 la suite des commentaires recueillis lors du dernier sondage LibQual+ sur la qualit\u00e9 des services. \u00c0 la biblioth\u00e8que, il est dor\u00e9navant permis\u2026 &nbsp; De consommer des collations et des boissons dans des contenants avec [&hellip;]<\/p>\n","protected":false},"author":5,"featured_media":20989,"comment_status":"open","ping_status":"open","sticky":false,"template":"","format":"standard","meta":{"footnotes":""},"categories":[2772],"tags":[245,683,684,685],"yoast_head":"<!-- This site is optimized with the Yoast SEO plugin v24.2 - https:\/\/yoast.com\/wordpress\/plugins\/seo\/ -->\r\n<title>Changements \u00e0 la politique d\u2019utilisation des espaces \u00e0 la biblioth\u00e8que - UQACtualit\u00e9s<\/title>\r\n<meta name=\"robots\" content=\"index, follow, max-snippet:-1, max-image-preview:large, max-video-preview:-1\" \/>\r\n<link rel=\"canonical\" href=\"https:\/\/www.uqac.ca\/uqactualites\/2015\/03\/12\/changements-a-la-politique-dutilisation-des-espaces-a-la-bibliotheque\/\" \/>\r\n<meta property=\"og:locale\" content=\"fr_CA\" \/>\r\n<meta property=\"og:type\" content=\"article\" \/>\r\n<meta property=\"og:title\" content=\"Changements \u00e0 la politique d\u2019utilisation des espaces \u00e0 la biblioth\u00e8que - UQACtualit\u00e9s\" \/>\r\n<meta property=\"og:description\" content=\"Les habitudes des usagers de la biblioth\u00e8que changent et nous avons effectu\u00e9 des modifications \u00e0 la politique d\u2019utilisation des espaces \u00e0 la suite des commentaires recueillis lors du dernier sondage LibQual+ sur la qualit\u00e9 des services. \u00c0 la biblioth\u00e8que, il est dor\u00e9navant permis\u2026 &nbsp; De consommer des collations et des boissons dans des contenants avec [&hellip;]\" \/>\r\n<meta property=\"og:url\" content=\"https:\/\/www.uqac.ca\/uqactualites\/2015\/03\/12\/changements-a-la-politique-dutilisation-des-espaces-a-la-bibliotheque\/\" \/>\r\n<meta property=\"og:site_name\" content=\"UQACtualit\u00e9s\" \/>\r\n<meta property=\"article:published_time\" content=\"2015-03-12T14:25:44+00:00\" \/>\r\n<meta property=\"og:image\" content=\"https:\/\/www.uqac.ca\/uqactualites\/wp-content\/uploads\/2012\/05\/avis-laCommunaut-.jpg\" \/>\r\n\t<meta property=\"og:image:width\" content=\"620\" \/>\r\n\t<meta property=\"og:image:height\" content=\"300\" \/>\r\n\t<meta property=\"og:image:type\" content=\"image\/jpeg\" \/>\r\n<meta name=\"author\" content=\"Service des communications et des relations publiques\" \/>\r\n<meta name=\"twitter:card\" content=\"summary_large_image\" \/>\r\n<meta name=\"twitter:label1\" content=\"\u00c9crit par\" \/>\n\t<meta name=\"twitter:data1\" content=\"Service des communications et des relations publiques\" \/>\n\t<meta name=\"twitter:label2\" content=\"Estimation du temps de lecture\" \/>\n\t<meta name=\"twitter:data2\" content=\"1 minute\" \/>\r\n<script type=\"application\/ld+json\" class=\"yoast-schema-graph\">{\"@context\":\"https:\/\/schema.org\",\"@graph\":[{\"@type\":\"WebPage\",\"@id\":\"https:\/\/www.uqac.ca\/uqactualites\/2015\/03\/12\/changements-a-la-politique-dutilisation-des-espaces-a-la-bibliotheque\/\",\"url\":\"https:\/\/www.uqac.ca\/uqactualites\/2015\/03\/12\/changements-a-la-politique-dutilisation-des-espaces-a-la-bibliotheque\/\",\"name\":\"Changements \u00e0 la politique d\u2019utilisation des espaces \u00e0 la biblioth\u00e8que - UQACtualit\u00e9s\",\"isPartOf\":{\"@id\":\"https:\/\/www.uqac.ca\/uqactualites\/#website\"},\"primaryImageOfPage\":{\"@id\":\"https:\/\/www.uqac.ca\/uqactualites\/2015\/03\/12\/changements-a-la-politique-dutilisation-des-espaces-a-la-bibliotheque\/#primaryimage\"},\"image\":{\"@id\":\"https:\/\/www.uqac.ca\/uqactualites\/2015\/03\/12\/changements-a-la-politique-dutilisation-des-espaces-a-la-bibliotheque\/#primaryimage\"},\"thumbnailUrl\":\"https:\/\/www.uqac.ca\/uqactualites\/wp-content\/uploads\/2012\/05\/avis-laCommunaut-.jpg\",\"datePublished\":\"2015-03-12T14:25:44+00:00\",\"dateModified\":\"2015-03-12T14:25:44+00:00\",\"author\":{\"@id\":\"https:\/\/www.uqac.ca\/uqactualites\/#\/schema\/person\/366c45a0c4f0e677b41b4af5886e2018\"},\"breadcrumb\":{\"@id\":\"https:\/\/www.uqac.ca\/uqactualites\/2015\/03\/12\/changements-a-la-politique-dutilisation-des-espaces-a-la-bibliotheque\/#breadcrumb\"},\"inLanguage\":\"fr-CA\",\"potentialAction\":[{\"@type\":\"ReadAction\",\"target\":[\"https:\/\/www.uqac.ca\/uqactualites\/2015\/03\/12\/changements-a-la-politique-dutilisation-des-espaces-a-la-bibliotheque\/\"]}]},{\"@type\":\"ImageObject\",\"inLanguage\":\"fr-CA\",\"@id\":\"https:\/\/www.uqac.ca\/uqactualites\/2015\/03\/12\/changements-a-la-politique-dutilisation-des-espaces-a-la-bibliotheque\/#primaryimage\",\"url\":\"https:\/\/www.uqac.ca\/uqactualites\/wp-content\/uploads\/2012\/05\/avis-laCommunaut-.jpg\",\"contentUrl\":\"https:\/\/www.uqac.ca\/uqactualites\/wp-content\/uploads\/2012\/05\/avis-laCommunaut-.jpg\",\"width\":620,\"height\":300},{\"@type\":\"BreadcrumbList\",\"@id\":\"https:\/\/www.uqac.ca\/uqactualites\/2015\/03\/12\/changements-a-la-politique-dutilisation-des-espaces-a-la-bibliotheque\/#breadcrumb\",\"itemListElement\":[{\"@type\":\"ListItem\",\"position\":1,\"name\":\"Home\",\"item\":\"https:\/\/www.uqac.ca\/uqactualites\/\"},{\"@type\":\"ListItem\",\"position\":2,\"name\":\"Changements \u00e0 la politique d\u2019utilisation des espaces \u00e0 la biblioth\u00e8que\"}]},{\"@type\":\"WebSite\",\"@id\":\"https:\/\/www.uqac.ca\/uqactualites\/#website\",\"url\":\"https:\/\/www.uqac.ca\/uqactualites\/\",\"name\":\"UQACtualit\u00e9s\",\"description\":\"Le portail des nouvelles de l&#039;UQAC\",\"potentialAction\":[{\"@type\":\"SearchAction\",\"target\":{\"@type\":\"EntryPoint\",\"urlTemplate\":\"https:\/\/www.uqac.ca\/uqactualites\/?s={search_term_string}\"},\"query-input\":{\"@type\":\"PropertyValueSpecification\",\"valueRequired\":true,\"valueName\":\"search_term_string\"}}],\"inLanguage\":\"fr-CA\"},{\"@type\":\"Person\",\"@id\":\"https:\/\/www.uqac.ca\/uqactualites\/#\/schema\/person\/366c45a0c4f0e677b41b4af5886e2018\",\"name\":\"Service des communications et des relations publiques\",\"image\":{\"@type\":\"ImageObject\",\"inLanguage\":\"fr-CA\",\"@id\":\"https:\/\/www.uqac.ca\/uqactualites\/#\/schema\/person\/image\/\",\"url\":\"https:\/\/secure.gravatar.com\/avatar\/20fbbda8a292f59f2d3461a5b999c00b?s=96&d=mm&r=g\",\"contentUrl\":\"https:\/\/secure.gravatar.com\/avatar\/20fbbda8a292f59f2d3461a5b999c00b?s=96&d=mm&r=g\",\"caption\":\"Service des communications et des relations publiques\"},\"url\":\"https:\/\/www.uqac.ca\/uqactualites\/author\/bap\/\"}]}<\/script>\r\n<!-- \/ Yoast SEO plugin. -->","yoast_head_json":{"title":"Changements \u00e0 la politique d\u2019utilisation des espaces \u00e0 la biblioth\u00e8que - UQACtualit\u00e9s","robots":{"index":"index","follow":"follow","max-snippet":"max-snippet:-1","max-image-preview":"max-image-preview:large","max-video-preview":"max-video-preview:-1"},"canonical":"https:\/\/www.uqac.ca\/uqactualites\/2015\/03\/12\/changements-a-la-politique-dutilisation-des-espaces-a-la-bibliotheque\/","og_locale":"fr_CA","og_type":"article","og_title":"Changements \u00e0 la politique d\u2019utilisation des espaces \u00e0 la biblioth\u00e8que - UQACtualit\u00e9s","og_description":"Les habitudes des usagers de la biblioth\u00e8que changent et nous avons effectu\u00e9 des modifications \u00e0 la politique d\u2019utilisation des espaces \u00e0 la suite des commentaires recueillis lors du dernier sondage LibQual+ sur la qualit\u00e9 des services. \u00c0 la biblioth\u00e8que, il est dor\u00e9navant permis\u2026 &nbsp; De consommer des collations et des boissons dans des contenants avec [&hellip;]","og_url":"https:\/\/www.uqac.ca\/uqactualites\/2015\/03\/12\/changements-a-la-politique-dutilisation-des-espaces-a-la-bibliotheque\/","og_site_name":"UQACtualit\u00e9s","article_published_time":"2015-03-12T14:25:44+00:00","og_image":[{"width":620,"height":300,"url":"https:\/\/www.uqac.ca\/uqactualites\/wp-content\/uploads\/2012\/05\/avis-laCommunaut-.jpg","type":"image\/jpeg"}],"author":"Service des communications et des relations publiques","twitter_card":"summary_large_image","twitter_misc":{"\u00c9crit par":"Service des communications et des relations publiques","Estimation du temps de lecture":"1 minute"},"schema":{"@context":"https:\/\/schema.org","@graph":[{"@type":"WebPage","@id":"https:\/\/www.uqac.ca\/uqactualites\/2015\/03\/12\/changements-a-la-politique-dutilisation-des-espaces-a-la-bibliotheque\/","url":"https:\/\/www.uqac.ca\/uqactualites\/2015\/03\/12\/changements-a-la-politique-dutilisation-des-espaces-a-la-bibliotheque\/","name":"Changements \u00e0 la politique d\u2019utilisation des espaces \u00e0 la biblioth\u00e8que - UQACtualit\u00e9s","isPartOf":{"@id":"https:\/\/www.uqac.ca\/uqactualites\/#website"},"primaryImageOfPage":{"@id":"https:\/\/www.uqac.ca\/uqactualites\/2015\/03\/12\/changements-a-la-politique-dutilisation-des-espaces-a-la-bibliotheque\/#primaryimage"},"image":{"@id":"https:\/\/www.uqac.ca\/uqactualites\/2015\/03\/12\/changements-a-la-politique-dutilisation-des-espaces-a-la-bibliotheque\/#primaryimage"},"thumbnailUrl":"https:\/\/www.uqac.ca\/uqactualites\/wp-content\/uploads\/2012\/05\/avis-laCommunaut-.jpg","datePublished":"2015-03-12T14:25:44+00:00","dateModified":"2015-03-12T14:25:44+00:00","author":{"@id":"https:\/\/www.uqac.ca\/uqactualites\/#\/schema\/person\/366c45a0c4f0e677b41b4af5886e2018"},"breadcrumb":{"@id":"https:\/\/www.uqac.ca\/uqactualites\/2015\/03\/12\/changements-a-la-politique-dutilisation-des-espaces-a-la-bibliotheque\/#breadcrumb"},"inLanguage":"fr-CA","potentialAction":[{"@type":"ReadAction","target":["https:\/\/www.uqac.ca\/uqactualites\/2015\/03\/12\/changements-a-la-politique-dutilisation-des-espaces-a-la-bibliotheque\/"]}]},{"@type":"ImageObject","inLanguage":"fr-CA","@id":"https:\/\/www.uqac.ca\/uqactualites\/2015\/03\/12\/changements-a-la-politique-dutilisation-des-espaces-a-la-bibliotheque\/#primaryimage","url":"https:\/\/www.uqac.ca\/uqactualites\/wp-content\/uploads\/2012\/05\/avis-laCommunaut-.jpg","contentUrl":"https:\/\/www.uqac.ca\/uqactualites\/wp-content\/uploads\/2012\/05\/avis-laCommunaut-.jpg","width":620,"height":300},{"@type":"BreadcrumbList","@id":"https:\/\/www.uqac.ca\/uqactualites\/2015\/03\/12\/changements-a-la-politique-dutilisation-des-espaces-a-la-bibliotheque\/#breadcrumb","itemListElement":[{"@type":"ListItem","position":1,"name":"Home","item":"https:\/\/www.uqac.ca\/uqactualites\/"},{"@type":"ListItem","position":2,"name":"Changements \u00e0 la politique d\u2019utilisation des espaces \u00e0 la biblioth\u00e8que"}]},{"@type":"WebSite","@id":"https:\/\/www.uqac.ca\/uqactualites\/#website","url":"https:\/\/www.uqac.ca\/uqactualites\/","name":"UQACtualit\u00e9s","description":"Le portail des nouvelles de l&#039;UQAC","potentialAction":[{"@type":"SearchAction","target":{"@type":"EntryPoint","urlTemplate":"https:\/\/www.uqac.ca\/uqactualites\/?s={search_term_string}"},"query-input":{"@type":"PropertyValueSpecification","valueRequired":true,"valueName":"search_term_string"}}],"inLanguage":"fr-CA"},{"@type":"Person","@id":"https:\/\/www.uqac.ca\/uqactualites\/#\/schema\/person\/366c45a0c4f0e677b41b4af5886e2018","name":"Service des communications et des relations publiques","image":{"@type":"ImageObject","inLanguage":"fr-CA","@id":"https:\/\/www.uqac.ca\/uqactualites\/#\/schema\/person\/image\/","url":"https:\/\/secure.gravatar.com\/avatar\/20fbbda8a292f59f2d3461a5b999c00b?s=96&d=mm&r=g","contentUrl":"https:\/\/secure.gravatar.com\/avatar\/20fbbda8a292f59f2d3461a5b999c00b?s=96&d=mm&r=g","caption":"Service des communications et des relations publiques"},"url":"https:\/\/www.uqac.ca\/uqactualites\/author\/bap\/"}]}},"_links":{"self":[{"href":"https:\/\/www.uqac.ca\/uqactualites\/wp-json\/wp\/v2\/posts\/29596"}],"collection":[{"href":"https:\/\/www.uqac.ca\/uqactualites\/wp-json\/wp\/v2\/posts"}],"about":[{"href":"https:\/\/www.uqac.ca\/uqactualites\/wp-json\/wp\/v2\/types\/post"}],"author":[{"embeddable":true,"href":"https:\/\/www.uqac.ca\/uqactualites\/wp-json\/wp\/v2\/users\/5"}],"replies":[{"embeddable":true,"href":"https:\/\/www.uqac.ca\/uqactualites\/wp-json\/wp\/v2\/comments?post=29596"}],"version-history":[{"count":0,"href":"https:\/\/www.uqac.ca\/uqactualites\/wp-json\/wp\/v2\/posts\/29596\/revisions"}],"wp:featuredmedia":[{"embeddable":true,"href":"https:\/\/www.uqac.ca\/uqactualites\/wp-json\/wp\/v2\/media\/20989"}],"wp:attachment":[{"href":"https:\/\/www.uqac.ca\/uqactualites\/wp-json\/wp\/v2\/media?parent=29596"}],"wp:term":[{"taxonomy":"category","embeddable":true,"href":"https:\/\/www.uqac.ca\/uqactualites\/wp-json\/wp\/v2\/categories?post=29596"},{"taxonomy":"post_tag","embeddable":true,"href":"https:\/\/www.uqac.ca\/uqactualites\/wp-json\/wp\/v2\/tags?post=29596"}],"curies":[{"name":"wp","href":"https:\/\/api.w.org\/{rel}","templated":true}]}}