{"id":29618,"date":"2015-03-12T14:01:04","date_gmt":"2015-03-12T18:01:04","guid":{"rendered":"http:\/\/uqactualite.odev.ca\/?p=29618"},"modified":"2015-03-12T14:01:04","modified_gmt":"2015-03-12T18:01:04","slug":"lafrique-les-afriques-regards-croises","status":"publish","type":"post","link":"https:\/\/www.uqac.ca\/uqactualites\/2015\/03\/12\/lafrique-les-afriques-regards-croises\/","title":{"rendered":"Conf\u00e9rence &#8211; L\u2019Afrique, les Afriques : regards crois\u00e9s"},"content":{"rendered":"<p>Dans le cadre de ses activit\u00e9s en partenariat avec le Centre de solidarit\u00e9 internationale du Saguenay-Lac-St-Jean (CSI-SLSJ), le\u00a0Laboratoire d\u2019\u00e9tudes et de recherches appliqu\u00e9es sur l\u2019Afrique (L\u00c9RAA) lance une s\u00e9rie de conf\u00e9rences sur l\u2019Afrique. La premi\u00e8re aura lieu le samedi 14 mars au C\u00e9gep de Saint-F\u00e9licien dans le cadre du 150<sup>e<\/sup> de la ville.<\/p>\n<p>Les conf\u00e9rences seront l\u2019occasion de mettre en valeur les nombreuses exp\u00e9riences de solidarit\u00e9 et de coop\u00e9ration internationale entre la r\u00e9gion et le continent africain, \u00e0 travers le t\u00e9moignage de personnes ayant r\u00e9alis\u00e9 diff\u00e9rents types de projets en Afrique. D\u00e9couvrez ainsi comment le Saguenay-Lac-St-Jean s\u2019illustre en Afrique, et comment l\u2019Afrique profite aux gens de chez nous.<\/p>\n<p>&nbsp;<\/p>\n<p><strong>Renseignements\u00a0:<br \/>\n<\/strong>Marie Fall, professeure<br \/>\nResponsable du Laboratoire d\u2019\u00c9tudes et de Recherches Appliqu\u00e9es sur l\u2019Afrique<br \/>\nD\u00e9partement des Sciences Humaines<br \/>\nUniversit\u00e9 du Qu\u00e9bec \u00e0 Chicoutimi<br \/>\n418 545-5011, poste 5695<br \/>\n<a href=\"mailto:marie_fall@uqac.ca\">marie_fall@uqac.ca<\/a><\/p>\n","protected":false},"excerpt":{"rendered":"<p>Dans le cadre de ses activit\u00e9s en partenariat avec le Centre de solidarit\u00e9 internationale du Saguenay-Lac-St-Jean (CSI-SLSJ), le\u00a0Laboratoire d\u2019\u00e9tudes et de recherches appliqu\u00e9es sur l\u2019Afrique (L\u00c9RAA) lance une s\u00e9rie de conf\u00e9rences sur l\u2019Afrique. La premi\u00e8re aura lieu le samedi 14 mars au C\u00e9gep de Saint-F\u00e9licien dans le cadre du 150e de la ville. Les conf\u00e9rences [&hellip;]<\/p>\n","protected":false},"author":5,"featured_media":20989,"comment_status":"open","ping_status":"open","sticky":false,"template":"","format":"standard","meta":{"footnotes":""},"categories":[2772],"tags":[692,693,694,223],"yoast_head":"<!-- This site is optimized with the Yoast SEO plugin v24.2 - https:\/\/yoast.com\/wordpress\/plugins\/seo\/ -->\r\n<title>Conf\u00e9rence - L\u2019Afrique, les Afriques : regards crois\u00e9s - UQACtualit\u00e9s<\/title>\r\n<meta name=\"robots\" content=\"index, follow, max-snippet:-1, max-image-preview:large, max-video-preview:-1\" \/>\r\n<link rel=\"canonical\" href=\"https:\/\/www.uqac.ca\/uqactualites\/2015\/03\/12\/lafrique-les-afriques-regards-croises\/\" \/>\r\n<meta property=\"og:locale\" content=\"fr_CA\" \/>\r\n<meta property=\"og:type\" content=\"article\" \/>\r\n<meta property=\"og:title\" content=\"Conf\u00e9rence - L\u2019Afrique, les Afriques : regards crois\u00e9s - UQACtualit\u00e9s\" \/>\r\n<meta property=\"og:description\" content=\"Dans le cadre de ses activit\u00e9s en partenariat avec le Centre de solidarit\u00e9 internationale du Saguenay-Lac-St-Jean (CSI-SLSJ), le\u00a0Laboratoire d\u2019\u00e9tudes et de recherches appliqu\u00e9es sur l\u2019Afrique (L\u00c9RAA) lance une s\u00e9rie de conf\u00e9rences sur l\u2019Afrique. La premi\u00e8re aura lieu le samedi 14 mars au C\u00e9gep de Saint-F\u00e9licien dans le cadre du 150e de la ville. Les conf\u00e9rences [&hellip;]\" \/>\r\n<meta property=\"og:url\" content=\"https:\/\/www.uqac.ca\/uqactualites\/2015\/03\/12\/lafrique-les-afriques-regards-croises\/\" \/>\r\n<meta property=\"og:site_name\" content=\"UQACtualit\u00e9s\" \/>\r\n<meta property=\"article:published_time\" content=\"2015-03-12T18:01:04+00:00\" \/>\r\n<meta property=\"og:image\" content=\"https:\/\/www.uqac.ca\/uqactualites\/wp-content\/uploads\/2012\/05\/avis-laCommunaut-.jpg\" \/>\r\n\t<meta property=\"og:image:width\" content=\"620\" \/>\r\n\t<meta property=\"og:image:height\" content=\"300\" \/>\r\n\t<meta property=\"og:image:type\" content=\"image\/jpeg\" \/>\r\n<meta name=\"author\" content=\"Service des communications et des relations publiques\" \/>\r\n<meta name=\"twitter:card\" content=\"summary_large_image\" \/>\r\n<meta name=\"twitter:label1\" content=\"\u00c9crit par\" \/>\n\t<meta name=\"twitter:data1\" content=\"Service des communications et des relations publiques\" \/>\n\t<meta name=\"twitter:label2\" content=\"Estimation du temps de lecture\" \/>\n\t<meta name=\"twitter:data2\" content=\"1 minute\" \/>\r\n<script type=\"application\/ld+json\" class=\"yoast-schema-graph\">{\"@context\":\"https:\/\/schema.org\",\"@graph\":[{\"@type\":\"WebPage\",\"@id\":\"https:\/\/www.uqac.ca\/uqactualites\/2015\/03\/12\/lafrique-les-afriques-regards-croises\/\",\"url\":\"https:\/\/www.uqac.ca\/uqactualites\/2015\/03\/12\/lafrique-les-afriques-regards-croises\/\",\"name\":\"Conf\u00e9rence - L\u2019Afrique, les Afriques : regards crois\u00e9s - UQACtualit\u00e9s\",\"isPartOf\":{\"@id\":\"https:\/\/www.uqac.ca\/uqactualites\/#website\"},\"primaryImageOfPage\":{\"@id\":\"https:\/\/www.uqac.ca\/uqactualites\/2015\/03\/12\/lafrique-les-afriques-regards-croises\/#primaryimage\"},\"image\":{\"@id\":\"https:\/\/www.uqac.ca\/uqactualites\/2015\/03\/12\/lafrique-les-afriques-regards-croises\/#primaryimage\"},\"thumbnailUrl\":\"https:\/\/www.uqac.ca\/uqactualites\/wp-content\/uploads\/2012\/05\/avis-laCommunaut-.jpg\",\"datePublished\":\"2015-03-12T18:01:04+00:00\",\"dateModified\":\"2015-03-12T18:01:04+00:00\",\"author\":{\"@id\":\"https:\/\/www.uqac.ca\/uqactualites\/#\/schema\/person\/366c45a0c4f0e677b41b4af5886e2018\"},\"breadcrumb\":{\"@id\":\"https:\/\/www.uqac.ca\/uqactualites\/2015\/03\/12\/lafrique-les-afriques-regards-croises\/#breadcrumb\"},\"inLanguage\":\"fr-CA\",\"potentialAction\":[{\"@type\":\"ReadAction\",\"target\":[\"https:\/\/www.uqac.ca\/uqactualites\/2015\/03\/12\/lafrique-les-afriques-regards-croises\/\"]}]},{\"@type\":\"ImageObject\",\"inLanguage\":\"fr-CA\",\"@id\":\"https:\/\/www.uqac.ca\/uqactualites\/2015\/03\/12\/lafrique-les-afriques-regards-croises\/#primaryimage\",\"url\":\"https:\/\/www.uqac.ca\/uqactualites\/wp-content\/uploads\/2012\/05\/avis-laCommunaut-.jpg\",\"contentUrl\":\"https:\/\/www.uqac.ca\/uqactualites\/wp-content\/uploads\/2012\/05\/avis-laCommunaut-.jpg\",\"width\":620,\"height\":300},{\"@type\":\"BreadcrumbList\",\"@id\":\"https:\/\/www.uqac.ca\/uqactualites\/2015\/03\/12\/lafrique-les-afriques-regards-croises\/#breadcrumb\",\"itemListElement\":[{\"@type\":\"ListItem\",\"position\":1,\"name\":\"Home\",\"item\":\"https:\/\/www.uqac.ca\/uqactualites\/\"},{\"@type\":\"ListItem\",\"position\":2,\"name\":\"Conf\u00e9rence &#8211; L\u2019Afrique, les Afriques : regards crois\u00e9s\"}]},{\"@type\":\"WebSite\",\"@id\":\"https:\/\/www.uqac.ca\/uqactualites\/#website\",\"url\":\"https:\/\/www.uqac.ca\/uqactualites\/\",\"name\":\"UQACtualit\u00e9s\",\"description\":\"Le portail des nouvelles de l&#039;UQAC\",\"potentialAction\":[{\"@type\":\"SearchAction\",\"target\":{\"@type\":\"EntryPoint\",\"urlTemplate\":\"https:\/\/www.uqac.ca\/uqactualites\/?s={search_term_string}\"},\"query-input\":{\"@type\":\"PropertyValueSpecification\",\"valueRequired\":true,\"valueName\":\"search_term_string\"}}],\"inLanguage\":\"fr-CA\"},{\"@type\":\"Person\",\"@id\":\"https:\/\/www.uqac.ca\/uqactualites\/#\/schema\/person\/366c45a0c4f0e677b41b4af5886e2018\",\"name\":\"Service des communications et des relations publiques\",\"image\":{\"@type\":\"ImageObject\",\"inLanguage\":\"fr-CA\",\"@id\":\"https:\/\/www.uqac.ca\/uqactualites\/#\/schema\/person\/image\/\",\"url\":\"https:\/\/secure.gravatar.com\/avatar\/20fbbda8a292f59f2d3461a5b999c00b?s=96&d=mm&r=g\",\"contentUrl\":\"https:\/\/secure.gravatar.com\/avatar\/20fbbda8a292f59f2d3461a5b999c00b?s=96&d=mm&r=g\",\"caption\":\"Service des communications et des relations publiques\"},\"url\":\"https:\/\/www.uqac.ca\/uqactualites\/author\/bap\/\"}]}<\/script>\r\n<!-- \/ Yoast SEO plugin. -->","yoast_head_json":{"title":"Conf\u00e9rence - L\u2019Afrique, les Afriques : regards crois\u00e9s - UQACtualit\u00e9s","robots":{"index":"index","follow":"follow","max-snippet":"max-snippet:-1","max-image-preview":"max-image-preview:large","max-video-preview":"max-video-preview:-1"},"canonical":"https:\/\/www.uqac.ca\/uqactualites\/2015\/03\/12\/lafrique-les-afriques-regards-croises\/","og_locale":"fr_CA","og_type":"article","og_title":"Conf\u00e9rence - L\u2019Afrique, les Afriques : regards crois\u00e9s - UQACtualit\u00e9s","og_description":"Dans le cadre de ses activit\u00e9s en partenariat avec le Centre de solidarit\u00e9 internationale du Saguenay-Lac-St-Jean (CSI-SLSJ), le\u00a0Laboratoire d\u2019\u00e9tudes et de recherches appliqu\u00e9es sur l\u2019Afrique (L\u00c9RAA) lance une s\u00e9rie de conf\u00e9rences sur l\u2019Afrique. La premi\u00e8re aura lieu le samedi 14 mars au C\u00e9gep de Saint-F\u00e9licien dans le cadre du 150e de la ville. Les conf\u00e9rences [&hellip;]","og_url":"https:\/\/www.uqac.ca\/uqactualites\/2015\/03\/12\/lafrique-les-afriques-regards-croises\/","og_site_name":"UQACtualit\u00e9s","article_published_time":"2015-03-12T18:01:04+00:00","og_image":[{"width":620,"height":300,"url":"https:\/\/www.uqac.ca\/uqactualites\/wp-content\/uploads\/2012\/05\/avis-laCommunaut-.jpg","type":"image\/jpeg"}],"author":"Service des communications et des relations publiques","twitter_card":"summary_large_image","twitter_misc":{"\u00c9crit par":"Service des communications et des relations publiques","Estimation du temps de lecture":"1 minute"},"schema":{"@context":"https:\/\/schema.org","@graph":[{"@type":"WebPage","@id":"https:\/\/www.uqac.ca\/uqactualites\/2015\/03\/12\/lafrique-les-afriques-regards-croises\/","url":"https:\/\/www.uqac.ca\/uqactualites\/2015\/03\/12\/lafrique-les-afriques-regards-croises\/","name":"Conf\u00e9rence - L\u2019Afrique, les Afriques : regards crois\u00e9s - UQACtualit\u00e9s","isPartOf":{"@id":"https:\/\/www.uqac.ca\/uqactualites\/#website"},"primaryImageOfPage":{"@id":"https:\/\/www.uqac.ca\/uqactualites\/2015\/03\/12\/lafrique-les-afriques-regards-croises\/#primaryimage"},"image":{"@id":"https:\/\/www.uqac.ca\/uqactualites\/2015\/03\/12\/lafrique-les-afriques-regards-croises\/#primaryimage"},"thumbnailUrl":"https:\/\/www.uqac.ca\/uqactualites\/wp-content\/uploads\/2012\/05\/avis-laCommunaut-.jpg","datePublished":"2015-03-12T18:01:04+00:00","dateModified":"2015-03-12T18:01:04+00:00","author":{"@id":"https:\/\/www.uqac.ca\/uqactualites\/#\/schema\/person\/366c45a0c4f0e677b41b4af5886e2018"},"breadcrumb":{"@id":"https:\/\/www.uqac.ca\/uqactualites\/2015\/03\/12\/lafrique-les-afriques-regards-croises\/#breadcrumb"},"inLanguage":"fr-CA","potentialAction":[{"@type":"ReadAction","target":["https:\/\/www.uqac.ca\/uqactualites\/2015\/03\/12\/lafrique-les-afriques-regards-croises\/"]}]},{"@type":"ImageObject","inLanguage":"fr-CA","@id":"https:\/\/www.uqac.ca\/uqactualites\/2015\/03\/12\/lafrique-les-afriques-regards-croises\/#primaryimage","url":"https:\/\/www.uqac.ca\/uqactualites\/wp-content\/uploads\/2012\/05\/avis-laCommunaut-.jpg","contentUrl":"https:\/\/www.uqac.ca\/uqactualites\/wp-content\/uploads\/2012\/05\/avis-laCommunaut-.jpg","width":620,"height":300},{"@type":"BreadcrumbList","@id":"https:\/\/www.uqac.ca\/uqactualites\/2015\/03\/12\/lafrique-les-afriques-regards-croises\/#breadcrumb","itemListElement":[{"@type":"ListItem","position":1,"name":"Home","item":"https:\/\/www.uqac.ca\/uqactualites\/"},{"@type":"ListItem","position":2,"name":"Conf\u00e9rence &#8211; L\u2019Afrique, les Afriques : regards crois\u00e9s"}]},{"@type":"WebSite","@id":"https:\/\/www.uqac.ca\/uqactualites\/#website","url":"https:\/\/www.uqac.ca\/uqactualites\/","name":"UQACtualit\u00e9s","description":"Le portail des nouvelles de l&#039;UQAC","potentialAction":[{"@type":"SearchAction","target":{"@type":"EntryPoint","urlTemplate":"https:\/\/www.uqac.ca\/uqactualites\/?s={search_term_string}"},"query-input":{"@type":"PropertyValueSpecification","valueRequired":true,"valueName":"search_term_string"}}],"inLanguage":"fr-CA"},{"@type":"Person","@id":"https:\/\/www.uqac.ca\/uqactualites\/#\/schema\/person\/366c45a0c4f0e677b41b4af5886e2018","name":"Service des communications et des relations publiques","image":{"@type":"ImageObject","inLanguage":"fr-CA","@id":"https:\/\/www.uqac.ca\/uqactualites\/#\/schema\/person\/image\/","url":"https:\/\/secure.gravatar.com\/avatar\/20fbbda8a292f59f2d3461a5b999c00b?s=96&d=mm&r=g","contentUrl":"https:\/\/secure.gravatar.com\/avatar\/20fbbda8a292f59f2d3461a5b999c00b?s=96&d=mm&r=g","caption":"Service des communications et des relations publiques"},"url":"https:\/\/www.uqac.ca\/uqactualites\/author\/bap\/"}]}},"_links":{"self":[{"href":"https:\/\/www.uqac.ca\/uqactualites\/wp-json\/wp\/v2\/posts\/29618"}],"collection":[{"href":"https:\/\/www.uqac.ca\/uqactualites\/wp-json\/wp\/v2\/posts"}],"about":[{"href":"https:\/\/www.uqac.ca\/uqactualites\/wp-json\/wp\/v2\/types\/post"}],"author":[{"embeddable":true,"href":"https:\/\/www.uqac.ca\/uqactualites\/wp-json\/wp\/v2\/users\/5"}],"replies":[{"embeddable":true,"href":"https:\/\/www.uqac.ca\/uqactualites\/wp-json\/wp\/v2\/comments?post=29618"}],"version-history":[{"count":0,"href":"https:\/\/www.uqac.ca\/uqactualites\/wp-json\/wp\/v2\/posts\/29618\/revisions"}],"wp:featuredmedia":[{"embeddable":true,"href":"https:\/\/www.uqac.ca\/uqactualites\/wp-json\/wp\/v2\/media\/20989"}],"wp:attachment":[{"href":"https:\/\/www.uqac.ca\/uqactualites\/wp-json\/wp\/v2\/media?parent=29618"}],"wp:term":[{"taxonomy":"category","embeddable":true,"href":"https:\/\/www.uqac.ca\/uqactualites\/wp-json\/wp\/v2\/categories?post=29618"},{"taxonomy":"post_tag","embeddable":true,"href":"https:\/\/www.uqac.ca\/uqactualites\/wp-json\/wp\/v2\/tags?post=29618"}],"curies":[{"name":"wp","href":"https:\/\/api.w.org\/{rel}","templated":true}]}}