{"id":29728,"date":"2015-03-24T13:54:17","date_gmt":"2015-03-24T17:54:17","guid":{"rendered":"http:\/\/uqactualite.odev.ca\/?p=29728"},"modified":"2015-03-24T13:54:17","modified_gmt":"2015-03-24T17:54:17","slug":"une-carte-routiere-minerale-du-saguenay-lac-saint-jean-pour-la-4e-edition-du-forum-minier-regional","status":"publish","type":"post","link":"https:\/\/www.uqac.ca\/uqactualites\/2015\/03\/24\/une-carte-routiere-minerale-du-saguenay-lac-saint-jean-pour-la-4e-edition-du-forum-minier-regional\/","title":{"rendered":"Une carte routi\u00e8re min\u00e9rale du Saguenay\u2013Lac-Saint-Jean pour la 4e \u00e9dition du Forum minier r\u00e9gional"},"content":{"rendered":"<p><strong>Saguenay, le 24 mars 2015 <\/strong>\u2013 Ce vendredi 27 mars, l\u2019UQAC sera l\u2019h\u00f4te du 4<sup>e<\/sup> Forum minier r\u00e9gional. Pr\u00e9sent\u00e9 sous le th\u00e8me \u00ab\u00a0PERSPECTIVES DE D\u00c9VELOPPEMENT MIN\u00c9RAL AU SAGUENAY\u2013LAC-SAINT-JEAN\u00a0\u00bb, l\u2019\u00e9v\u00e9nement permettra de d\u00e9voiler un nouveau produit r\u00e9alis\u00e9 par le Consortium de recherche en exploration min\u00e9rale (CONSOREM) et la Conf\u00e9rence r\u00e9gionale des \u00e9lus (CR\u00c9) du Saguenay\u2212Lac-Saint-Jean soit la carte routi\u00e8re min\u00e9rale de la r\u00e9gion.<\/p>\n<p>Cette carte routi\u00e8re prend la forme d\u2019un portail Web qui fait le lien entre les informations du territoire (ressources min\u00e9rales, infrastructures et gouvernance) avec un inventaire d\u2019entreprises de service et \u00e9quipementi\u00e8res de la r\u00e9gion. La carte a comme objectif de procurer \u00e0 la r\u00e9gion un outil suppl\u00e9mentaire favorisant la promotion du SLSJ comme territoire de d\u00e9veloppement min\u00e9ral. Elle sera utile aux gestionnaires du territoire, aux d\u00e9cideurs \u00e9conomiques, aux investisseurs, aux entreprises mini\u00e8res, aux prospecteurs et au grand public de mani\u00e8re g\u00e9n\u00e9rale.<\/p>\n<p>De plus, le Forum sera l\u2019occasion de faire la revue de plusieurs projets miniers et de leurs perspectives de d\u00e9veloppement \u00e9conomique. On y parlera de la pierre dimensionnelle, de granulats denses, de wollastonite, de quartz et de l\u2019avancement du projet de fer-vanadium de M\u00e9taux Blackrock \u00e0 Chibougamau.<\/p>\n<p>Le coup d\u2019envoi du 4<sup>e<\/sup> Forum minier r\u00e9gional sera donn\u00e9 \u00e0 9\u00a0h \u00e0 l\u2019auditorium de l\u2019UQAC (local P0-5000 du Pavillon principal). Les personnes int\u00e9ress\u00e9es \u00e0 participer \u00e0 l\u2019\u00e9v\u00e9nement doivent s\u2019inscrire en communiquant avec Julie Menier au 418 545-5011, poste\u00a02202 ou \u00e0 <a href=\"mailto:julie1_menier@uqac.ca\">julie1_menier@uqac.ca<\/a>.<\/p>\n<p>Le 4<sup>e<\/sup> Forum minier r\u00e9gional est une initiative du Centre d\u2019\u00e9tudes sur les ressources min\u00e9rales de l\u2019UQAC (CERM), du volet r\u00e9gional du CONSOREM soit la Table r\u00e9gionale de concertation mini\u00e8re SLSJ ainsi que de la CR\u00c9 du Saguenay\u2212Lac-Saint-Jean.<\/p>\n<p><strong>Carrefour des sciences de la Terre<br \/>\n<\/strong>Le Forum minier r\u00e9gional s\u2019inscrit dans une semaine d\u2019activit\u00e9s au sein du Carrefour des sciences de la Terre de l\u2019UQAC qui comprend \u00e9galement le 21<sup>e<\/sup> colloque du Regroupement des \u00e9tudiants dipl\u00f4m\u00e9s en sciences de la Terre (R\u00c9DIST). Ce colloque se tiendra le jeudi 26 mars \u00e0 l\u2019auditorium de l\u2019UQAC sous le th\u00e8me\u00a0: \u00ab\u00a0Nouveaux d\u00e9veloppements dans les techniques d\u2019exploration\u00a0\u00bb. L\u2019\u00e9v\u00e9nement r\u00e9unira des experts dans plusieurs domaines de pointe tels que la g\u00e9ophysique, la g\u00e9ochimie et la m\u00e9tallog\u00e9nie.<\/p>\n<p>La programmation compl\u00e8te du Carrefour des sciences de la Terre est disponible sur le Web \u00e0 l\u2019adresse suivante\u00a0: <a href=\"http:\/\/www.uqac.ca\/uest\/actualites_sct\/Affiche_carrefour_2105.pdf\">www.uqac.ca\/uest\/actualites_sct\/Affiche_carrefour_2105.pdf<\/a><\/p>\n<p style=\"text-align: center\">\u00a0&#8211; 30 &#8211;<\/p>\n<p><strong>Source\u00a0:<br \/>\n<\/strong>Jos\u00e9e Bourassa, agente d\u2019information<br \/>\nBureau des affaires publiques<br \/>\nUniversit\u00e9 du Qu\u00e9bec \u00e0 Chicoutimi<br \/>\n418\u00a0545-5011, poste 5006 \u25aa 418 815-6771<br \/>\n<a href=\"mailto:josee.bourassa@uqac.ca\">josee.bourassa@uqac.ca<\/a><\/p>\n<p><strong>Renseignements\u00a0:<br \/>\n<\/strong>R\u00e9al Daigneault, professeur<br \/>\nD\u00e9partement des sciences appliqu\u00e9es<br \/>\nUniversit\u00e9 du Qu\u00e9bec \u00e0 Chicoutimi<br \/>\n418\u00a0545-5011, poste\u00a05634 \u25aa <a href=\"mailto:real_daigneault@uqac.ca\">real_daigneault@uqac.ca<\/a><\/p>\n","protected":false},"excerpt":{"rendered":"<p>Saguenay, le 24 mars 2015 \u2013 Ce vendredi 27 mars, l\u2019UQAC sera l\u2019h\u00f4te du 4e Forum minier r\u00e9gional. Pr\u00e9sent\u00e9 sous le th\u00e8me \u00ab\u00a0PERSPECTIVES DE D\u00c9VELOPPEMENT MIN\u00c9RAL AU SAGUENAY\u2013LAC-SAINT-JEAN\u00a0\u00bb, l\u2019\u00e9v\u00e9nement permettra de d\u00e9voiler un nouveau produit r\u00e9alis\u00e9 par le Consortium de recherche en exploration min\u00e9rale (CONSOREM) et la Conf\u00e9rence r\u00e9gionale des \u00e9lus (CR\u00c9) du Saguenay\u2212Lac-Saint-Jean soit [&hellip;]<\/p>\n","protected":false},"author":5,"featured_media":20745,"comment_status":"open","ping_status":"open","sticky":false,"template":"","format":"standard","meta":{"footnotes":""},"categories":[2772],"tags":[],"yoast_head":"<!-- This site is optimized with the Yoast SEO plugin v24.2 - https:\/\/yoast.com\/wordpress\/plugins\/seo\/ -->\r\n<title>Une carte routi\u00e8re min\u00e9rale du Saguenay\u2013Lac-Saint-Jean pour la 4e \u00e9dition du Forum minier r\u00e9gional - UQACtualit\u00e9s<\/title>\r\n<meta name=\"robots\" content=\"index, follow, max-snippet:-1, max-image-preview:large, max-video-preview:-1\" \/>\r\n<link rel=\"canonical\" href=\"https:\/\/www.uqac.ca\/uqactualites\/2015\/03\/24\/une-carte-routiere-minerale-du-saguenay-lac-saint-jean-pour-la-4e-edition-du-forum-minier-regional\/\" \/>\r\n<meta property=\"og:locale\" content=\"fr_CA\" \/>\r\n<meta property=\"og:type\" content=\"article\" \/>\r\n<meta property=\"og:title\" content=\"Une carte routi\u00e8re min\u00e9rale du Saguenay\u2013Lac-Saint-Jean pour la 4e \u00e9dition du Forum minier r\u00e9gional - UQACtualit\u00e9s\" \/>\r\n<meta property=\"og:description\" content=\"Saguenay, le 24 mars 2015 \u2013 Ce vendredi 27 mars, l\u2019UQAC sera l\u2019h\u00f4te du 4e Forum minier r\u00e9gional. Pr\u00e9sent\u00e9 sous le th\u00e8me \u00ab\u00a0PERSPECTIVES DE D\u00c9VELOPPEMENT MIN\u00c9RAL AU SAGUENAY\u2013LAC-SAINT-JEAN\u00a0\u00bb, l\u2019\u00e9v\u00e9nement permettra de d\u00e9voiler un nouveau produit r\u00e9alis\u00e9 par le Consortium de recherche en exploration min\u00e9rale (CONSOREM) et la Conf\u00e9rence r\u00e9gionale des \u00e9lus (CR\u00c9) du Saguenay\u2212Lac-Saint-Jean soit [&hellip;]\" \/>\r\n<meta property=\"og:url\" content=\"https:\/\/www.uqac.ca\/uqactualites\/2015\/03\/24\/une-carte-routiere-minerale-du-saguenay-lac-saint-jean-pour-la-4e-edition-du-forum-minier-regional\/\" \/>\r\n<meta property=\"og:site_name\" content=\"UQACtualit\u00e9s\" \/>\r\n<meta property=\"article:published_time\" content=\"2015-03-24T17:54:17+00:00\" \/>\r\n<meta property=\"og:image\" content=\"https:\/\/www.uqac.ca\/uqactualites\/wp-content\/uploads\/2012\/05\/communiqu-.jpg\" \/>\r\n\t<meta property=\"og:image:width\" content=\"620\" \/>\r\n\t<meta property=\"og:image:height\" content=\"300\" \/>\r\n\t<meta property=\"og:image:type\" content=\"image\/jpeg\" \/>\r\n<meta name=\"author\" content=\"Service des communications et des relations publiques\" \/>\r\n<meta name=\"twitter:card\" content=\"summary_large_image\" \/>\r\n<meta name=\"twitter:label1\" content=\"\u00c9crit par\" \/>\n\t<meta name=\"twitter:data1\" content=\"Service des communications et des relations publiques\" \/>\n\t<meta name=\"twitter:label2\" content=\"Estimation du temps de lecture\" \/>\n\t<meta name=\"twitter:data2\" content=\"2 minutes\" \/>\r\n<script type=\"application\/ld+json\" class=\"yoast-schema-graph\">{\"@context\":\"https:\/\/schema.org\",\"@graph\":[{\"@type\":\"WebPage\",\"@id\":\"https:\/\/www.uqac.ca\/uqactualites\/2015\/03\/24\/une-carte-routiere-minerale-du-saguenay-lac-saint-jean-pour-la-4e-edition-du-forum-minier-regional\/\",\"url\":\"https:\/\/www.uqac.ca\/uqactualites\/2015\/03\/24\/une-carte-routiere-minerale-du-saguenay-lac-saint-jean-pour-la-4e-edition-du-forum-minier-regional\/\",\"name\":\"Une carte routi\u00e8re min\u00e9rale du Saguenay\u2013Lac-Saint-Jean pour la 4e \u00e9dition du Forum minier r\u00e9gional - UQACtualit\u00e9s\",\"isPartOf\":{\"@id\":\"https:\/\/www.uqac.ca\/uqactualites\/#website\"},\"primaryImageOfPage\":{\"@id\":\"https:\/\/www.uqac.ca\/uqactualites\/2015\/03\/24\/une-carte-routiere-minerale-du-saguenay-lac-saint-jean-pour-la-4e-edition-du-forum-minier-regional\/#primaryimage\"},\"image\":{\"@id\":\"https:\/\/www.uqac.ca\/uqactualites\/2015\/03\/24\/une-carte-routiere-minerale-du-saguenay-lac-saint-jean-pour-la-4e-edition-du-forum-minier-regional\/#primaryimage\"},\"thumbnailUrl\":\"https:\/\/www.uqac.ca\/uqactualites\/wp-content\/uploads\/2012\/05\/communiqu-.jpg\",\"datePublished\":\"2015-03-24T17:54:17+00:00\",\"dateModified\":\"2015-03-24T17:54:17+00:00\",\"author\":{\"@id\":\"https:\/\/www.uqac.ca\/uqactualites\/#\/schema\/person\/366c45a0c4f0e677b41b4af5886e2018\"},\"breadcrumb\":{\"@id\":\"https:\/\/www.uqac.ca\/uqactualites\/2015\/03\/24\/une-carte-routiere-minerale-du-saguenay-lac-saint-jean-pour-la-4e-edition-du-forum-minier-regional\/#breadcrumb\"},\"inLanguage\":\"fr-CA\",\"potentialAction\":[{\"@type\":\"ReadAction\",\"target\":[\"https:\/\/www.uqac.ca\/uqactualites\/2015\/03\/24\/une-carte-routiere-minerale-du-saguenay-lac-saint-jean-pour-la-4e-edition-du-forum-minier-regional\/\"]}]},{\"@type\":\"ImageObject\",\"inLanguage\":\"fr-CA\",\"@id\":\"https:\/\/www.uqac.ca\/uqactualites\/2015\/03\/24\/une-carte-routiere-minerale-du-saguenay-lac-saint-jean-pour-la-4e-edition-du-forum-minier-regional\/#primaryimage\",\"url\":\"https:\/\/www.uqac.ca\/uqactualites\/wp-content\/uploads\/2012\/05\/communiqu-.jpg\",\"contentUrl\":\"https:\/\/www.uqac.ca\/uqactualites\/wp-content\/uploads\/2012\/05\/communiqu-.jpg\",\"width\":620,\"height\":300},{\"@type\":\"BreadcrumbList\",\"@id\":\"https:\/\/www.uqac.ca\/uqactualites\/2015\/03\/24\/une-carte-routiere-minerale-du-saguenay-lac-saint-jean-pour-la-4e-edition-du-forum-minier-regional\/#breadcrumb\",\"itemListElement\":[{\"@type\":\"ListItem\",\"position\":1,\"name\":\"Home\",\"item\":\"https:\/\/www.uqac.ca\/uqactualites\/\"},{\"@type\":\"ListItem\",\"position\":2,\"name\":\"Une carte routi\u00e8re min\u00e9rale du Saguenay\u2013Lac-Saint-Jean pour la 4e \u00e9dition du Forum minier r\u00e9gional\"}]},{\"@type\":\"WebSite\",\"@id\":\"https:\/\/www.uqac.ca\/uqactualites\/#website\",\"url\":\"https:\/\/www.uqac.ca\/uqactualites\/\",\"name\":\"UQACtualit\u00e9s\",\"description\":\"Le portail des nouvelles de l&#039;UQAC\",\"potentialAction\":[{\"@type\":\"SearchAction\",\"target\":{\"@type\":\"EntryPoint\",\"urlTemplate\":\"https:\/\/www.uqac.ca\/uqactualites\/?s={search_term_string}\"},\"query-input\":{\"@type\":\"PropertyValueSpecification\",\"valueRequired\":true,\"valueName\":\"search_term_string\"}}],\"inLanguage\":\"fr-CA\"},{\"@type\":\"Person\",\"@id\":\"https:\/\/www.uqac.ca\/uqactualites\/#\/schema\/person\/366c45a0c4f0e677b41b4af5886e2018\",\"name\":\"Service des communications et des relations publiques\",\"image\":{\"@type\":\"ImageObject\",\"inLanguage\":\"fr-CA\",\"@id\":\"https:\/\/www.uqac.ca\/uqactualites\/#\/schema\/person\/image\/\",\"url\":\"https:\/\/secure.gravatar.com\/avatar\/20fbbda8a292f59f2d3461a5b999c00b?s=96&d=mm&r=g\",\"contentUrl\":\"https:\/\/secure.gravatar.com\/avatar\/20fbbda8a292f59f2d3461a5b999c00b?s=96&d=mm&r=g\",\"caption\":\"Service des communications et des relations publiques\"},\"url\":\"https:\/\/www.uqac.ca\/uqactualites\/author\/bap\/\"}]}<\/script>\r\n<!-- \/ Yoast SEO plugin. -->","yoast_head_json":{"title":"Une carte routi\u00e8re min\u00e9rale du Saguenay\u2013Lac-Saint-Jean pour la 4e \u00e9dition du Forum minier r\u00e9gional - UQACtualit\u00e9s","robots":{"index":"index","follow":"follow","max-snippet":"max-snippet:-1","max-image-preview":"max-image-preview:large","max-video-preview":"max-video-preview:-1"},"canonical":"https:\/\/www.uqac.ca\/uqactualites\/2015\/03\/24\/une-carte-routiere-minerale-du-saguenay-lac-saint-jean-pour-la-4e-edition-du-forum-minier-regional\/","og_locale":"fr_CA","og_type":"article","og_title":"Une carte routi\u00e8re min\u00e9rale du Saguenay\u2013Lac-Saint-Jean pour la 4e \u00e9dition du Forum minier r\u00e9gional - UQACtualit\u00e9s","og_description":"Saguenay, le 24 mars 2015 \u2013 Ce vendredi 27 mars, l\u2019UQAC sera l\u2019h\u00f4te du 4e Forum minier r\u00e9gional. Pr\u00e9sent\u00e9 sous le th\u00e8me \u00ab\u00a0PERSPECTIVES DE D\u00c9VELOPPEMENT MIN\u00c9RAL AU SAGUENAY\u2013LAC-SAINT-JEAN\u00a0\u00bb, l\u2019\u00e9v\u00e9nement permettra de d\u00e9voiler un nouveau produit r\u00e9alis\u00e9 par le Consortium de recherche en exploration min\u00e9rale (CONSOREM) et la Conf\u00e9rence r\u00e9gionale des \u00e9lus (CR\u00c9) du Saguenay\u2212Lac-Saint-Jean soit [&hellip;]","og_url":"https:\/\/www.uqac.ca\/uqactualites\/2015\/03\/24\/une-carte-routiere-minerale-du-saguenay-lac-saint-jean-pour-la-4e-edition-du-forum-minier-regional\/","og_site_name":"UQACtualit\u00e9s","article_published_time":"2015-03-24T17:54:17+00:00","og_image":[{"width":620,"height":300,"url":"https:\/\/www.uqac.ca\/uqactualites\/wp-content\/uploads\/2012\/05\/communiqu-.jpg","type":"image\/jpeg"}],"author":"Service des communications et des relations publiques","twitter_card":"summary_large_image","twitter_misc":{"\u00c9crit par":"Service des communications et des relations publiques","Estimation du temps de lecture":"2 minutes"},"schema":{"@context":"https:\/\/schema.org","@graph":[{"@type":"WebPage","@id":"https:\/\/www.uqac.ca\/uqactualites\/2015\/03\/24\/une-carte-routiere-minerale-du-saguenay-lac-saint-jean-pour-la-4e-edition-du-forum-minier-regional\/","url":"https:\/\/www.uqac.ca\/uqactualites\/2015\/03\/24\/une-carte-routiere-minerale-du-saguenay-lac-saint-jean-pour-la-4e-edition-du-forum-minier-regional\/","name":"Une carte routi\u00e8re min\u00e9rale du Saguenay\u2013Lac-Saint-Jean pour la 4e \u00e9dition du Forum minier r\u00e9gional - UQACtualit\u00e9s","isPartOf":{"@id":"https:\/\/www.uqac.ca\/uqactualites\/#website"},"primaryImageOfPage":{"@id":"https:\/\/www.uqac.ca\/uqactualites\/2015\/03\/24\/une-carte-routiere-minerale-du-saguenay-lac-saint-jean-pour-la-4e-edition-du-forum-minier-regional\/#primaryimage"},"image":{"@id":"https:\/\/www.uqac.ca\/uqactualites\/2015\/03\/24\/une-carte-routiere-minerale-du-saguenay-lac-saint-jean-pour-la-4e-edition-du-forum-minier-regional\/#primaryimage"},"thumbnailUrl":"https:\/\/www.uqac.ca\/uqactualites\/wp-content\/uploads\/2012\/05\/communiqu-.jpg","datePublished":"2015-03-24T17:54:17+00:00","dateModified":"2015-03-24T17:54:17+00:00","author":{"@id":"https:\/\/www.uqac.ca\/uqactualites\/#\/schema\/person\/366c45a0c4f0e677b41b4af5886e2018"},"breadcrumb":{"@id":"https:\/\/www.uqac.ca\/uqactualites\/2015\/03\/24\/une-carte-routiere-minerale-du-saguenay-lac-saint-jean-pour-la-4e-edition-du-forum-minier-regional\/#breadcrumb"},"inLanguage":"fr-CA","potentialAction":[{"@type":"ReadAction","target":["https:\/\/www.uqac.ca\/uqactualites\/2015\/03\/24\/une-carte-routiere-minerale-du-saguenay-lac-saint-jean-pour-la-4e-edition-du-forum-minier-regional\/"]}]},{"@type":"ImageObject","inLanguage":"fr-CA","@id":"https:\/\/www.uqac.ca\/uqactualites\/2015\/03\/24\/une-carte-routiere-minerale-du-saguenay-lac-saint-jean-pour-la-4e-edition-du-forum-minier-regional\/#primaryimage","url":"https:\/\/www.uqac.ca\/uqactualites\/wp-content\/uploads\/2012\/05\/communiqu-.jpg","contentUrl":"https:\/\/www.uqac.ca\/uqactualites\/wp-content\/uploads\/2012\/05\/communiqu-.jpg","width":620,"height":300},{"@type":"BreadcrumbList","@id":"https:\/\/www.uqac.ca\/uqactualites\/2015\/03\/24\/une-carte-routiere-minerale-du-saguenay-lac-saint-jean-pour-la-4e-edition-du-forum-minier-regional\/#breadcrumb","itemListElement":[{"@type":"ListItem","position":1,"name":"Home","item":"https:\/\/www.uqac.ca\/uqactualites\/"},{"@type":"ListItem","position":2,"name":"Une carte routi\u00e8re min\u00e9rale du Saguenay\u2013Lac-Saint-Jean pour la 4e \u00e9dition du Forum minier r\u00e9gional"}]},{"@type":"WebSite","@id":"https:\/\/www.uqac.ca\/uqactualites\/#website","url":"https:\/\/www.uqac.ca\/uqactualites\/","name":"UQACtualit\u00e9s","description":"Le portail des nouvelles de l&#039;UQAC","potentialAction":[{"@type":"SearchAction","target":{"@type":"EntryPoint","urlTemplate":"https:\/\/www.uqac.ca\/uqactualites\/?s={search_term_string}"},"query-input":{"@type":"PropertyValueSpecification","valueRequired":true,"valueName":"search_term_string"}}],"inLanguage":"fr-CA"},{"@type":"Person","@id":"https:\/\/www.uqac.ca\/uqactualites\/#\/schema\/person\/366c45a0c4f0e677b41b4af5886e2018","name":"Service des communications et des relations publiques","image":{"@type":"ImageObject","inLanguage":"fr-CA","@id":"https:\/\/www.uqac.ca\/uqactualites\/#\/schema\/person\/image\/","url":"https:\/\/secure.gravatar.com\/avatar\/20fbbda8a292f59f2d3461a5b999c00b?s=96&d=mm&r=g","contentUrl":"https:\/\/secure.gravatar.com\/avatar\/20fbbda8a292f59f2d3461a5b999c00b?s=96&d=mm&r=g","caption":"Service des communications et des relations publiques"},"url":"https:\/\/www.uqac.ca\/uqactualites\/author\/bap\/"}]}},"_links":{"self":[{"href":"https:\/\/www.uqac.ca\/uqactualites\/wp-json\/wp\/v2\/posts\/29728"}],"collection":[{"href":"https:\/\/www.uqac.ca\/uqactualites\/wp-json\/wp\/v2\/posts"}],"about":[{"href":"https:\/\/www.uqac.ca\/uqactualites\/wp-json\/wp\/v2\/types\/post"}],"author":[{"embeddable":true,"href":"https:\/\/www.uqac.ca\/uqactualites\/wp-json\/wp\/v2\/users\/5"}],"replies":[{"embeddable":true,"href":"https:\/\/www.uqac.ca\/uqactualites\/wp-json\/wp\/v2\/comments?post=29728"}],"version-history":[{"count":0,"href":"https:\/\/www.uqac.ca\/uqactualites\/wp-json\/wp\/v2\/posts\/29728\/revisions"}],"wp:featuredmedia":[{"embeddable":true,"href":"https:\/\/www.uqac.ca\/uqactualites\/wp-json\/wp\/v2\/media\/20745"}],"wp:attachment":[{"href":"https:\/\/www.uqac.ca\/uqactualites\/wp-json\/wp\/v2\/media?parent=29728"}],"wp:term":[{"taxonomy":"category","embeddable":true,"href":"https:\/\/www.uqac.ca\/uqactualites\/wp-json\/wp\/v2\/categories?post=29728"},{"taxonomy":"post_tag","embeddable":true,"href":"https:\/\/www.uqac.ca\/uqactualites\/wp-json\/wp\/v2\/tags?post=29728"}],"curies":[{"name":"wp","href":"https:\/\/api.w.org\/{rel}","templated":true}]}}