{"id":29736,"date":"2015-03-25T15:05:08","date_gmt":"2015-03-25T19:05:08","guid":{"rendered":"http:\/\/uqactualite.odev.ca\/?p=29736"},"modified":"2024-03-15T11:52:49","modified_gmt":"2024-03-15T15:52:49","slug":"patricia-maltais-tremblay-etudiante-au-doctorat-en-developpement-regional","status":"publish","type":"post","link":"https:\/\/www.uqac.ca\/uqactualites\/2015\/03\/25\/patricia-maltais-tremblay-etudiante-au-doctorat-en-developpement-regional\/","title":{"rendered":"Patricia Maltais-Tremblay, \u00e9tudiante au doctorat en d\u00e9veloppement r\u00e9gional"},"content":{"rendered":"<p><strong>Pourquoi avoir choisi de poursuivre des \u00e9tudes de cycles sup\u00e9rieurs?<\/strong><br \/>\nJ\u2019ai choisi de poursuivre des \u00e9tudes de cycles sup\u00e9rieurs pour continuer le d\u00e9veloppement de mes connaissances et de mes r\u00e9flexions. J\u2019ai toujours eu soif d\u2019apprendre pour acqu\u00e9rir de nouvelles connaissances et de nouveaux savoirs.<\/p>\n<p>Dans mon cas, l\u2019apprentissage d\u2019une autre discipline me permet d\u2019entrevoir les choses d\u2019une autre mani\u00e8re. En effet, mes \u00e9tudes ant\u00e9rieures \u00e9tant reli\u00e9es au champ des sciences \u00e9conomiques et administratives, je connaissais peu celui des sciences humaines, plus particuli\u00e8rement le d\u00e9veloppement r\u00e9gional, que je souhaitais approfondir. De plus, en poursuivant au <a href=\"http:\/\/programmes.uqac.ca\/3770\">doctorat<\/a>, je peux m\u2019assurer la poursuite d\u2019un projet de recherche stimulant (Fralubec) d\u00e9but\u00e9 dans le cadre de mes \u00e9tudes \u00e0 la ma\u00eetrise.<\/p>\n<p><strong><br \/>\nQuels sont vos projets en cours?<\/strong><br \/>\nJe suis assistante de recherche au sein du projet de recherche Fralubec (FRance-ALUminium-Qu\u00e9BEC) qui porte sur le d\u00e9veloppement local et la strat\u00e9gie globale de deux multinationales de production d\u2019aluminium au XXe si\u00e8cle : Pechiney \u00e0 Saint-Jean-de-Maurienne en France et RioTinto Alcan \u00e0 Saguenay au Qu\u00e9bec. Mes principales t\u00e2ches consistent au traitement et \u00e0 l\u2019analyse de l\u2019information recueillie, \u00e0 la participation aux entrevues, au classement de la documentation, \u00e0 la transcription de verbatim ainsi qu\u2019\u00e0 la participation aux communications \u00e9crites et orales. Je suis aussi membre du comit\u00e9 scientifique de l\u2019Institut pour l\u2019histoire de l\u2019aluminium en Am\u00e9rique du Nord (IHA-ADN).<\/p>\n<p>Actuellement, je suis en processus de r\u00e9daction de l\u2019examen de synth\u00e8se, un pr\u00e9requis pour pouvoir entamer la r\u00e9daction de la th\u00e8se de doctorat.<\/p>\n<p>Nouvellement charg\u00e9e de cours au D\u00e9partement des sciences \u00e9conomiques et administratives de l\u2019UQAC, je dispense le cours de politique g\u00e9n\u00e9rale aux \u00e9tudiants \u00e0 la troisi\u00e8me ann\u00e9e du baccalaur\u00e9at, une exp\u00e9rience tr\u00e8s enrichissante. Je combine ces nouvelles t\u00e2ches avec celles d\u2019aide p\u00e9dagogique, o\u00f9 je soutiens les \u00e9tudiants de premier cycle en lien avec une simulation en ligne (Navisim) en plus d\u2019effectuer de la surveillance et de la correction d\u2019examens et de cas.<\/p>\n<p><strong><br \/>\nQuels sont vos objectifs professionnels?<\/strong><br \/>\nAu niveau professionnel, je d\u00e9sire transmettre mes connaissances, mon savoir et mes passions par l\u2019enseignement, et ce, en poursuivant l\u2019avancement<br \/>\ndes connaissances par la recherche scientifique.<\/p>\n","protected":false},"excerpt":{"rendered":"<p>Pourquoi avoir choisi de poursuivre des \u00e9tudes de cycles sup\u00e9rieurs? J\u2019ai choisi de poursuivre des \u00e9tudes de cycles sup\u00e9rieurs pour continuer le d\u00e9veloppement de mes connaissances et de mes r\u00e9flexions. J\u2019ai toujours eu soif d\u2019apprendre pour acqu\u00e9rir de nouvelles connaissances et de nouveaux savoirs. Dans mon cas, l\u2019apprentissage d\u2019une autre discipline me permet d\u2019entrevoir les [&hellip;]<\/p>\n","protected":false},"author":5,"featured_media":29737,"comment_status":"open","ping_status":"open","sticky":false,"template":"","format":"standard","meta":{"footnotes":""},"categories":[2844,248],"tags":[741,742,743,744,565],"yoast_head":"<!-- This site is optimized with the Yoast SEO plugin v24.2 - https:\/\/yoast.com\/wordpress\/plugins\/seo\/ -->\r\n<title>Patricia Maltais-Tremblay, \u00e9tudiante au doctorat en d\u00e9veloppement r\u00e9gional - UQACtualit\u00e9s<\/title>\r\n<meta name=\"robots\" content=\"index, follow, max-snippet:-1, max-image-preview:large, max-video-preview:-1\" \/>\r\n<link rel=\"canonical\" href=\"https:\/\/www.uqac.ca\/uqactualites\/2015\/03\/25\/patricia-maltais-tremblay-etudiante-au-doctorat-en-developpement-regional\/\" \/>\r\n<meta property=\"og:locale\" content=\"fr_CA\" \/>\r\n<meta property=\"og:type\" content=\"article\" \/>\r\n<meta property=\"og:title\" content=\"Patricia Maltais-Tremblay, \u00e9tudiante au doctorat en d\u00e9veloppement r\u00e9gional - UQACtualit\u00e9s\" \/>\r\n<meta property=\"og:description\" content=\"Pourquoi avoir choisi de poursuivre des \u00e9tudes de cycles sup\u00e9rieurs? J\u2019ai choisi de poursuivre des \u00e9tudes de cycles sup\u00e9rieurs pour continuer le d\u00e9veloppement de mes connaissances et de mes r\u00e9flexions. J\u2019ai toujours eu soif d\u2019apprendre pour acqu\u00e9rir de nouvelles connaissances et de nouveaux savoirs. Dans mon cas, l\u2019apprentissage d\u2019une autre discipline me permet d\u2019entrevoir les [&hellip;]\" \/>\r\n<meta property=\"og:url\" content=\"https:\/\/www.uqac.ca\/uqactualites\/2015\/03\/25\/patricia-maltais-tremblay-etudiante-au-doctorat-en-developpement-regional\/\" \/>\r\n<meta property=\"og:site_name\" content=\"UQACtualit\u00e9s\" \/>\r\n<meta property=\"article:published_time\" content=\"2015-03-25T19:05:08+00:00\" \/>\r\n<meta property=\"article:modified_time\" content=\"2024-03-15T15:52:49+00:00\" \/>\r\n<meta property=\"og:image\" content=\"https:\/\/www.uqac.ca\/uqactualites\/wp-content\/uploads\/2015\/03\/portrait_patricia-maltais-tremblay.jpg\" \/>\r\n\t<meta property=\"og:image:width\" content=\"621\" \/>\r\n\t<meta property=\"og:image:height\" content=\"300\" \/>\r\n\t<meta property=\"og:image:type\" content=\"image\/jpeg\" \/>\r\n<meta name=\"author\" content=\"Service des communications et des relations publiques\" \/>\r\n<meta name=\"twitter:card\" content=\"summary_large_image\" \/>\r\n<meta name=\"twitter:label1\" content=\"\u00c9crit par\" \/>\n\t<meta name=\"twitter:data1\" content=\"Service des communications et des relations publiques\" \/>\n\t<meta name=\"twitter:label2\" content=\"Estimation du temps de lecture\" \/>\n\t<meta name=\"twitter:data2\" content=\"2 minutes\" \/>\r\n<script type=\"application\/ld+json\" class=\"yoast-schema-graph\">{\"@context\":\"https:\/\/schema.org\",\"@graph\":[{\"@type\":\"WebPage\",\"@id\":\"https:\/\/www.uqac.ca\/uqactualites\/2015\/03\/25\/patricia-maltais-tremblay-etudiante-au-doctorat-en-developpement-regional\/\",\"url\":\"https:\/\/www.uqac.ca\/uqactualites\/2015\/03\/25\/patricia-maltais-tremblay-etudiante-au-doctorat-en-developpement-regional\/\",\"name\":\"Patricia Maltais-Tremblay, \u00e9tudiante au doctorat en d\u00e9veloppement r\u00e9gional - UQACtualit\u00e9s\",\"isPartOf\":{\"@id\":\"https:\/\/www.uqac.ca\/uqactualites\/#website\"},\"primaryImageOfPage\":{\"@id\":\"https:\/\/www.uqac.ca\/uqactualites\/2015\/03\/25\/patricia-maltais-tremblay-etudiante-au-doctorat-en-developpement-regional\/#primaryimage\"},\"image\":{\"@id\":\"https:\/\/www.uqac.ca\/uqactualites\/2015\/03\/25\/patricia-maltais-tremblay-etudiante-au-doctorat-en-developpement-regional\/#primaryimage\"},\"thumbnailUrl\":\"https:\/\/www.uqac.ca\/uqactualites\/wp-content\/uploads\/2015\/03\/portrait_patricia-maltais-tremblay.jpg\",\"datePublished\":\"2015-03-25T19:05:08+00:00\",\"dateModified\":\"2024-03-15T15:52:49+00:00\",\"author\":{\"@id\":\"https:\/\/www.uqac.ca\/uqactualites\/#\/schema\/person\/366c45a0c4f0e677b41b4af5886e2018\"},\"breadcrumb\":{\"@id\":\"https:\/\/www.uqac.ca\/uqactualites\/2015\/03\/25\/patricia-maltais-tremblay-etudiante-au-doctorat-en-developpement-regional\/#breadcrumb\"},\"inLanguage\":\"fr-CA\",\"potentialAction\":[{\"@type\":\"ReadAction\",\"target\":[\"https:\/\/www.uqac.ca\/uqactualites\/2015\/03\/25\/patricia-maltais-tremblay-etudiante-au-doctorat-en-developpement-regional\/\"]}]},{\"@type\":\"ImageObject\",\"inLanguage\":\"fr-CA\",\"@id\":\"https:\/\/www.uqac.ca\/uqactualites\/2015\/03\/25\/patricia-maltais-tremblay-etudiante-au-doctorat-en-developpement-regional\/#primaryimage\",\"url\":\"https:\/\/www.uqac.ca\/uqactualites\/wp-content\/uploads\/2015\/03\/portrait_patricia-maltais-tremblay.jpg\",\"contentUrl\":\"https:\/\/www.uqac.ca\/uqactualites\/wp-content\/uploads\/2015\/03\/portrait_patricia-maltais-tremblay.jpg\",\"width\":621,\"height\":300},{\"@type\":\"BreadcrumbList\",\"@id\":\"https:\/\/www.uqac.ca\/uqactualites\/2015\/03\/25\/patricia-maltais-tremblay-etudiante-au-doctorat-en-developpement-regional\/#breadcrumb\",\"itemListElement\":[{\"@type\":\"ListItem\",\"position\":1,\"name\":\"Home\",\"item\":\"https:\/\/www.uqac.ca\/uqactualites\/\"},{\"@type\":\"ListItem\",\"position\":2,\"name\":\"Patricia Maltais-Tremblay, \u00e9tudiante au doctorat en d\u00e9veloppement r\u00e9gional\"}]},{\"@type\":\"WebSite\",\"@id\":\"https:\/\/www.uqac.ca\/uqactualites\/#website\",\"url\":\"https:\/\/www.uqac.ca\/uqactualites\/\",\"name\":\"UQACtualit\u00e9s\",\"description\":\"Le portail des nouvelles de l&#039;UQAC\",\"potentialAction\":[{\"@type\":\"SearchAction\",\"target\":{\"@type\":\"EntryPoint\",\"urlTemplate\":\"https:\/\/www.uqac.ca\/uqactualites\/?s={search_term_string}\"},\"query-input\":{\"@type\":\"PropertyValueSpecification\",\"valueRequired\":true,\"valueName\":\"search_term_string\"}}],\"inLanguage\":\"fr-CA\"},{\"@type\":\"Person\",\"@id\":\"https:\/\/www.uqac.ca\/uqactualites\/#\/schema\/person\/366c45a0c4f0e677b41b4af5886e2018\",\"name\":\"Service des communications et des relations publiques\",\"image\":{\"@type\":\"ImageObject\",\"inLanguage\":\"fr-CA\",\"@id\":\"https:\/\/www.uqac.ca\/uqactualites\/#\/schema\/person\/image\/\",\"url\":\"https:\/\/secure.gravatar.com\/avatar\/20fbbda8a292f59f2d3461a5b999c00b?s=96&d=mm&r=g\",\"contentUrl\":\"https:\/\/secure.gravatar.com\/avatar\/20fbbda8a292f59f2d3461a5b999c00b?s=96&d=mm&r=g\",\"caption\":\"Service des communications et des relations publiques\"},\"url\":\"https:\/\/www.uqac.ca\/uqactualites\/author\/bap\/\"}]}<\/script>\r\n<!-- \/ Yoast SEO plugin. -->","yoast_head_json":{"title":"Patricia Maltais-Tremblay, \u00e9tudiante au doctorat en d\u00e9veloppement r\u00e9gional - UQACtualit\u00e9s","robots":{"index":"index","follow":"follow","max-snippet":"max-snippet:-1","max-image-preview":"max-image-preview:large","max-video-preview":"max-video-preview:-1"},"canonical":"https:\/\/www.uqac.ca\/uqactualites\/2015\/03\/25\/patricia-maltais-tremblay-etudiante-au-doctorat-en-developpement-regional\/","og_locale":"fr_CA","og_type":"article","og_title":"Patricia Maltais-Tremblay, \u00e9tudiante au doctorat en d\u00e9veloppement r\u00e9gional - UQACtualit\u00e9s","og_description":"Pourquoi avoir choisi de poursuivre des \u00e9tudes de cycles sup\u00e9rieurs? J\u2019ai choisi de poursuivre des \u00e9tudes de cycles sup\u00e9rieurs pour continuer le d\u00e9veloppement de mes connaissances et de mes r\u00e9flexions. J\u2019ai toujours eu soif d\u2019apprendre pour acqu\u00e9rir de nouvelles connaissances et de nouveaux savoirs. Dans mon cas, l\u2019apprentissage d\u2019une autre discipline me permet d\u2019entrevoir les [&hellip;]","og_url":"https:\/\/www.uqac.ca\/uqactualites\/2015\/03\/25\/patricia-maltais-tremblay-etudiante-au-doctorat-en-developpement-regional\/","og_site_name":"UQACtualit\u00e9s","article_published_time":"2015-03-25T19:05:08+00:00","article_modified_time":"2024-03-15T15:52:49+00:00","og_image":[{"width":621,"height":300,"url":"https:\/\/www.uqac.ca\/uqactualites\/wp-content\/uploads\/2015\/03\/portrait_patricia-maltais-tremblay.jpg","type":"image\/jpeg"}],"author":"Service des communications et des relations publiques","twitter_card":"summary_large_image","twitter_misc":{"\u00c9crit par":"Service des communications et des relations publiques","Estimation du temps de lecture":"2 minutes"},"schema":{"@context":"https:\/\/schema.org","@graph":[{"@type":"WebPage","@id":"https:\/\/www.uqac.ca\/uqactualites\/2015\/03\/25\/patricia-maltais-tremblay-etudiante-au-doctorat-en-developpement-regional\/","url":"https:\/\/www.uqac.ca\/uqactualites\/2015\/03\/25\/patricia-maltais-tremblay-etudiante-au-doctorat-en-developpement-regional\/","name":"Patricia Maltais-Tremblay, \u00e9tudiante au doctorat en d\u00e9veloppement r\u00e9gional - UQACtualit\u00e9s","isPartOf":{"@id":"https:\/\/www.uqac.ca\/uqactualites\/#website"},"primaryImageOfPage":{"@id":"https:\/\/www.uqac.ca\/uqactualites\/2015\/03\/25\/patricia-maltais-tremblay-etudiante-au-doctorat-en-developpement-regional\/#primaryimage"},"image":{"@id":"https:\/\/www.uqac.ca\/uqactualites\/2015\/03\/25\/patricia-maltais-tremblay-etudiante-au-doctorat-en-developpement-regional\/#primaryimage"},"thumbnailUrl":"https:\/\/www.uqac.ca\/uqactualites\/wp-content\/uploads\/2015\/03\/portrait_patricia-maltais-tremblay.jpg","datePublished":"2015-03-25T19:05:08+00:00","dateModified":"2024-03-15T15:52:49+00:00","author":{"@id":"https:\/\/www.uqac.ca\/uqactualites\/#\/schema\/person\/366c45a0c4f0e677b41b4af5886e2018"},"breadcrumb":{"@id":"https:\/\/www.uqac.ca\/uqactualites\/2015\/03\/25\/patricia-maltais-tremblay-etudiante-au-doctorat-en-developpement-regional\/#breadcrumb"},"inLanguage":"fr-CA","potentialAction":[{"@type":"ReadAction","target":["https:\/\/www.uqac.ca\/uqactualites\/2015\/03\/25\/patricia-maltais-tremblay-etudiante-au-doctorat-en-developpement-regional\/"]}]},{"@type":"ImageObject","inLanguage":"fr-CA","@id":"https:\/\/www.uqac.ca\/uqactualites\/2015\/03\/25\/patricia-maltais-tremblay-etudiante-au-doctorat-en-developpement-regional\/#primaryimage","url":"https:\/\/www.uqac.ca\/uqactualites\/wp-content\/uploads\/2015\/03\/portrait_patricia-maltais-tremblay.jpg","contentUrl":"https:\/\/www.uqac.ca\/uqactualites\/wp-content\/uploads\/2015\/03\/portrait_patricia-maltais-tremblay.jpg","width":621,"height":300},{"@type":"BreadcrumbList","@id":"https:\/\/www.uqac.ca\/uqactualites\/2015\/03\/25\/patricia-maltais-tremblay-etudiante-au-doctorat-en-developpement-regional\/#breadcrumb","itemListElement":[{"@type":"ListItem","position":1,"name":"Home","item":"https:\/\/www.uqac.ca\/uqactualites\/"},{"@type":"ListItem","position":2,"name":"Patricia Maltais-Tremblay, \u00e9tudiante au doctorat en d\u00e9veloppement r\u00e9gional"}]},{"@type":"WebSite","@id":"https:\/\/www.uqac.ca\/uqactualites\/#website","url":"https:\/\/www.uqac.ca\/uqactualites\/","name":"UQACtualit\u00e9s","description":"Le portail des nouvelles de l&#039;UQAC","potentialAction":[{"@type":"SearchAction","target":{"@type":"EntryPoint","urlTemplate":"https:\/\/www.uqac.ca\/uqactualites\/?s={search_term_string}"},"query-input":{"@type":"PropertyValueSpecification","valueRequired":true,"valueName":"search_term_string"}}],"inLanguage":"fr-CA"},{"@type":"Person","@id":"https:\/\/www.uqac.ca\/uqactualites\/#\/schema\/person\/366c45a0c4f0e677b41b4af5886e2018","name":"Service des communications et des relations publiques","image":{"@type":"ImageObject","inLanguage":"fr-CA","@id":"https:\/\/www.uqac.ca\/uqactualites\/#\/schema\/person\/image\/","url":"https:\/\/secure.gravatar.com\/avatar\/20fbbda8a292f59f2d3461a5b999c00b?s=96&d=mm&r=g","contentUrl":"https:\/\/secure.gravatar.com\/avatar\/20fbbda8a292f59f2d3461a5b999c00b?s=96&d=mm&r=g","caption":"Service des communications et des relations publiques"},"url":"https:\/\/www.uqac.ca\/uqactualites\/author\/bap\/"}]}},"_links":{"self":[{"href":"https:\/\/www.uqac.ca\/uqactualites\/wp-json\/wp\/v2\/posts\/29736"}],"collection":[{"href":"https:\/\/www.uqac.ca\/uqactualites\/wp-json\/wp\/v2\/posts"}],"about":[{"href":"https:\/\/www.uqac.ca\/uqactualites\/wp-json\/wp\/v2\/types\/post"}],"author":[{"embeddable":true,"href":"https:\/\/www.uqac.ca\/uqactualites\/wp-json\/wp\/v2\/users\/5"}],"replies":[{"embeddable":true,"href":"https:\/\/www.uqac.ca\/uqactualites\/wp-json\/wp\/v2\/comments?post=29736"}],"version-history":[{"count":1,"href":"https:\/\/www.uqac.ca\/uqactualites\/wp-json\/wp\/v2\/posts\/29736\/revisions"}],"predecessor-version":[{"id":46400,"href":"https:\/\/www.uqac.ca\/uqactualites\/wp-json\/wp\/v2\/posts\/29736\/revisions\/46400"}],"wp:featuredmedia":[{"embeddable":true,"href":"https:\/\/www.uqac.ca\/uqactualites\/wp-json\/wp\/v2\/media\/29737"}],"wp:attachment":[{"href":"https:\/\/www.uqac.ca\/uqactualites\/wp-json\/wp\/v2\/media?parent=29736"}],"wp:term":[{"taxonomy":"category","embeddable":true,"href":"https:\/\/www.uqac.ca\/uqactualites\/wp-json\/wp\/v2\/categories?post=29736"},{"taxonomy":"post_tag","embeddable":true,"href":"https:\/\/www.uqac.ca\/uqactualites\/wp-json\/wp\/v2\/tags?post=29736"}],"curies":[{"name":"wp","href":"https:\/\/api.w.org\/{rel}","templated":true}]}}