{"id":29783,"date":"2015-03-30T08:48:48","date_gmt":"2015-03-30T12:48:48","guid":{"rendered":"http:\/\/uqactualite.odev.ca\/?p=29783"},"modified":"2015-03-30T08:48:48","modified_gmt":"2015-03-30T12:48:48","slug":"travaux-de-renovation-a-bibliotheque-paul-emile-boulet","status":"publish","type":"post","link":"https:\/\/www.uqac.ca\/uqactualites\/2015\/03\/30\/travaux-de-renovation-a-bibliotheque-paul-emile-boulet\/","title":{"rendered":"Travaux de r\u00e9novation \u00e0 biblioth\u00e8que Paul-\u00c9mile-Boulet"},"content":{"rendered":"<p>Des travaux de r\u00e9novation auront lieu au premier \u00e9tage de la biblioth\u00e8que Paul-\u00c9mile-Boulet jusqu\u2019au 1er avril inclusivement. Ces r\u00e9novations serviront \u00e0 cr\u00e9er de nouvelles salles de travail en \u00e9quipe. En plus de ces salles, un nouveau local sera aussi am\u00e9nag\u00e9 pour la testoth\u00e8que. Ces am\u00e9nagements seront accessibles \u00e0 l\u2019automne 2015.<\/p>\n<p>Nous nous excusons des inconv\u00e9nients que le bruit pourrait occasionner. Pour ceux qui d\u00e9sirent travailler dans la tranquillit\u00e9, les salles de travail en silence au 2<sup>e<\/sup> \u00e9tage de la biblioth\u00e8que sont toujours \u00e0 votre disposition.<\/p>\n<p>&nbsp;<\/p>\n<p><strong>Renseignements\u00a0:<br \/>\n<\/strong>Nadia Villeneuve, conseill\u00e8re en information documentaire<br \/>\nBiblioth\u00e8que Paul-\u00c9mile-Boulet<br \/>\nUniversit\u00e9 du Qu\u00e9bec \u00e0 Chicoutimi<br \/>\n418 545-5011, poste\u00a02305\u00a0 \u25aa\u00a0 <a href=\"mailto:nadia1_villeneuve@uqac.ca\">nadia1_villeneuve@uqac.ca<\/a><\/p>\n","protected":false},"excerpt":{"rendered":"<p>Des travaux de r\u00e9novation auront lieu au premier \u00e9tage de la biblioth\u00e8que Paul-\u00c9mile-Boulet jusqu\u2019au 1er avril inclusivement. Ces r\u00e9novations serviront \u00e0 cr\u00e9er de nouvelles salles de travail en \u00e9quipe. En plus de ces salles, un nouveau local sera aussi am\u00e9nag\u00e9 pour la testoth\u00e8que. Ces am\u00e9nagements seront accessibles \u00e0 l\u2019automne 2015. Nous nous excusons des inconv\u00e9nients [&hellip;]<\/p>\n","protected":false},"author":5,"featured_media":20989,"comment_status":"open","ping_status":"open","sticky":false,"template":"","format":"standard","meta":{"footnotes":""},"categories":[2772],"tags":[245,764,765],"yoast_head":"<!-- This site is optimized with the Yoast SEO plugin v24.2 - https:\/\/yoast.com\/wordpress\/plugins\/seo\/ -->\r\n<title>Travaux de r\u00e9novation \u00e0 biblioth\u00e8que Paul-\u00c9mile-Boulet - UQACtualit\u00e9s<\/title>\r\n<meta name=\"robots\" content=\"index, follow, max-snippet:-1, max-image-preview:large, max-video-preview:-1\" \/>\r\n<link rel=\"canonical\" href=\"https:\/\/www.uqac.ca\/uqactualites\/2015\/03\/30\/travaux-de-renovation-a-bibliotheque-paul-emile-boulet\/\" \/>\r\n<meta property=\"og:locale\" content=\"fr_CA\" \/>\r\n<meta property=\"og:type\" content=\"article\" \/>\r\n<meta property=\"og:title\" content=\"Travaux de r\u00e9novation \u00e0 biblioth\u00e8que Paul-\u00c9mile-Boulet - UQACtualit\u00e9s\" \/>\r\n<meta property=\"og:description\" content=\"Des travaux de r\u00e9novation auront lieu au premier \u00e9tage de la biblioth\u00e8que Paul-\u00c9mile-Boulet jusqu\u2019au 1er avril inclusivement. Ces r\u00e9novations serviront \u00e0 cr\u00e9er de nouvelles salles de travail en \u00e9quipe. En plus de ces salles, un nouveau local sera aussi am\u00e9nag\u00e9 pour la testoth\u00e8que. Ces am\u00e9nagements seront accessibles \u00e0 l\u2019automne 2015. Nous nous excusons des inconv\u00e9nients [&hellip;]\" \/>\r\n<meta property=\"og:url\" content=\"https:\/\/www.uqac.ca\/uqactualites\/2015\/03\/30\/travaux-de-renovation-a-bibliotheque-paul-emile-boulet\/\" \/>\r\n<meta property=\"og:site_name\" content=\"UQACtualit\u00e9s\" \/>\r\n<meta property=\"article:published_time\" content=\"2015-03-30T12:48:48+00:00\" \/>\r\n<meta property=\"og:image\" content=\"https:\/\/www.uqac.ca\/uqactualites\/wp-content\/uploads\/2012\/05\/avis-laCommunaut-.jpg\" \/>\r\n\t<meta property=\"og:image:width\" content=\"620\" \/>\r\n\t<meta property=\"og:image:height\" content=\"300\" \/>\r\n\t<meta property=\"og:image:type\" content=\"image\/jpeg\" \/>\r\n<meta name=\"author\" content=\"Service des communications et des relations publiques\" \/>\r\n<meta name=\"twitter:card\" content=\"summary_large_image\" \/>\r\n<meta name=\"twitter:label1\" content=\"\u00c9crit par\" \/>\n\t<meta name=\"twitter:data1\" content=\"Service des communications et des relations publiques\" \/>\n\t<meta name=\"twitter:label2\" content=\"Estimation du temps de lecture\" \/>\n\t<meta name=\"twitter:data2\" content=\"1 minute\" \/>\r\n<script type=\"application\/ld+json\" class=\"yoast-schema-graph\">{\"@context\":\"https:\/\/schema.org\",\"@graph\":[{\"@type\":\"WebPage\",\"@id\":\"https:\/\/www.uqac.ca\/uqactualites\/2015\/03\/30\/travaux-de-renovation-a-bibliotheque-paul-emile-boulet\/\",\"url\":\"https:\/\/www.uqac.ca\/uqactualites\/2015\/03\/30\/travaux-de-renovation-a-bibliotheque-paul-emile-boulet\/\",\"name\":\"Travaux de r\u00e9novation \u00e0 biblioth\u00e8que Paul-\u00c9mile-Boulet - UQACtualit\u00e9s\",\"isPartOf\":{\"@id\":\"https:\/\/www.uqac.ca\/uqactualites\/#website\"},\"primaryImageOfPage\":{\"@id\":\"https:\/\/www.uqac.ca\/uqactualites\/2015\/03\/30\/travaux-de-renovation-a-bibliotheque-paul-emile-boulet\/#primaryimage\"},\"image\":{\"@id\":\"https:\/\/www.uqac.ca\/uqactualites\/2015\/03\/30\/travaux-de-renovation-a-bibliotheque-paul-emile-boulet\/#primaryimage\"},\"thumbnailUrl\":\"https:\/\/www.uqac.ca\/uqactualites\/wp-content\/uploads\/2012\/05\/avis-laCommunaut-.jpg\",\"datePublished\":\"2015-03-30T12:48:48+00:00\",\"dateModified\":\"2015-03-30T12:48:48+00:00\",\"author\":{\"@id\":\"https:\/\/www.uqac.ca\/uqactualites\/#\/schema\/person\/366c45a0c4f0e677b41b4af5886e2018\"},\"breadcrumb\":{\"@id\":\"https:\/\/www.uqac.ca\/uqactualites\/2015\/03\/30\/travaux-de-renovation-a-bibliotheque-paul-emile-boulet\/#breadcrumb\"},\"inLanguage\":\"fr-CA\",\"potentialAction\":[{\"@type\":\"ReadAction\",\"target\":[\"https:\/\/www.uqac.ca\/uqactualites\/2015\/03\/30\/travaux-de-renovation-a-bibliotheque-paul-emile-boulet\/\"]}]},{\"@type\":\"ImageObject\",\"inLanguage\":\"fr-CA\",\"@id\":\"https:\/\/www.uqac.ca\/uqactualites\/2015\/03\/30\/travaux-de-renovation-a-bibliotheque-paul-emile-boulet\/#primaryimage\",\"url\":\"https:\/\/www.uqac.ca\/uqactualites\/wp-content\/uploads\/2012\/05\/avis-laCommunaut-.jpg\",\"contentUrl\":\"https:\/\/www.uqac.ca\/uqactualites\/wp-content\/uploads\/2012\/05\/avis-laCommunaut-.jpg\",\"width\":620,\"height\":300},{\"@type\":\"BreadcrumbList\",\"@id\":\"https:\/\/www.uqac.ca\/uqactualites\/2015\/03\/30\/travaux-de-renovation-a-bibliotheque-paul-emile-boulet\/#breadcrumb\",\"itemListElement\":[{\"@type\":\"ListItem\",\"position\":1,\"name\":\"Home\",\"item\":\"https:\/\/www.uqac.ca\/uqactualites\/\"},{\"@type\":\"ListItem\",\"position\":2,\"name\":\"Travaux de r\u00e9novation \u00e0 biblioth\u00e8que Paul-\u00c9mile-Boulet\"}]},{\"@type\":\"WebSite\",\"@id\":\"https:\/\/www.uqac.ca\/uqactualites\/#website\",\"url\":\"https:\/\/www.uqac.ca\/uqactualites\/\",\"name\":\"UQACtualit\u00e9s\",\"description\":\"Le portail des nouvelles de l&#039;UQAC\",\"potentialAction\":[{\"@type\":\"SearchAction\",\"target\":{\"@type\":\"EntryPoint\",\"urlTemplate\":\"https:\/\/www.uqac.ca\/uqactualites\/?s={search_term_string}\"},\"query-input\":{\"@type\":\"PropertyValueSpecification\",\"valueRequired\":true,\"valueName\":\"search_term_string\"}}],\"inLanguage\":\"fr-CA\"},{\"@type\":\"Person\",\"@id\":\"https:\/\/www.uqac.ca\/uqactualites\/#\/schema\/person\/366c45a0c4f0e677b41b4af5886e2018\",\"name\":\"Service des communications et des relations publiques\",\"image\":{\"@type\":\"ImageObject\",\"inLanguage\":\"fr-CA\",\"@id\":\"https:\/\/www.uqac.ca\/uqactualites\/#\/schema\/person\/image\/\",\"url\":\"https:\/\/secure.gravatar.com\/avatar\/20fbbda8a292f59f2d3461a5b999c00b?s=96&d=mm&r=g\",\"contentUrl\":\"https:\/\/secure.gravatar.com\/avatar\/20fbbda8a292f59f2d3461a5b999c00b?s=96&d=mm&r=g\",\"caption\":\"Service des communications et des relations publiques\"},\"url\":\"https:\/\/www.uqac.ca\/uqactualites\/author\/bap\/\"}]}<\/script>\r\n<!-- \/ Yoast SEO plugin. -->","yoast_head_json":{"title":"Travaux de r\u00e9novation \u00e0 biblioth\u00e8que Paul-\u00c9mile-Boulet - UQACtualit\u00e9s","robots":{"index":"index","follow":"follow","max-snippet":"max-snippet:-1","max-image-preview":"max-image-preview:large","max-video-preview":"max-video-preview:-1"},"canonical":"https:\/\/www.uqac.ca\/uqactualites\/2015\/03\/30\/travaux-de-renovation-a-bibliotheque-paul-emile-boulet\/","og_locale":"fr_CA","og_type":"article","og_title":"Travaux de r\u00e9novation \u00e0 biblioth\u00e8que Paul-\u00c9mile-Boulet - UQACtualit\u00e9s","og_description":"Des travaux de r\u00e9novation auront lieu au premier \u00e9tage de la biblioth\u00e8que Paul-\u00c9mile-Boulet jusqu\u2019au 1er avril inclusivement. Ces r\u00e9novations serviront \u00e0 cr\u00e9er de nouvelles salles de travail en \u00e9quipe. En plus de ces salles, un nouveau local sera aussi am\u00e9nag\u00e9 pour la testoth\u00e8que. Ces am\u00e9nagements seront accessibles \u00e0 l\u2019automne 2015. Nous nous excusons des inconv\u00e9nients [&hellip;]","og_url":"https:\/\/www.uqac.ca\/uqactualites\/2015\/03\/30\/travaux-de-renovation-a-bibliotheque-paul-emile-boulet\/","og_site_name":"UQACtualit\u00e9s","article_published_time":"2015-03-30T12:48:48+00:00","og_image":[{"width":620,"height":300,"url":"https:\/\/www.uqac.ca\/uqactualites\/wp-content\/uploads\/2012\/05\/avis-laCommunaut-.jpg","type":"image\/jpeg"}],"author":"Service des communications et des relations publiques","twitter_card":"summary_large_image","twitter_misc":{"\u00c9crit par":"Service des communications et des relations publiques","Estimation du temps de lecture":"1 minute"},"schema":{"@context":"https:\/\/schema.org","@graph":[{"@type":"WebPage","@id":"https:\/\/www.uqac.ca\/uqactualites\/2015\/03\/30\/travaux-de-renovation-a-bibliotheque-paul-emile-boulet\/","url":"https:\/\/www.uqac.ca\/uqactualites\/2015\/03\/30\/travaux-de-renovation-a-bibliotheque-paul-emile-boulet\/","name":"Travaux de r\u00e9novation \u00e0 biblioth\u00e8que Paul-\u00c9mile-Boulet - UQACtualit\u00e9s","isPartOf":{"@id":"https:\/\/www.uqac.ca\/uqactualites\/#website"},"primaryImageOfPage":{"@id":"https:\/\/www.uqac.ca\/uqactualites\/2015\/03\/30\/travaux-de-renovation-a-bibliotheque-paul-emile-boulet\/#primaryimage"},"image":{"@id":"https:\/\/www.uqac.ca\/uqactualites\/2015\/03\/30\/travaux-de-renovation-a-bibliotheque-paul-emile-boulet\/#primaryimage"},"thumbnailUrl":"https:\/\/www.uqac.ca\/uqactualites\/wp-content\/uploads\/2012\/05\/avis-laCommunaut-.jpg","datePublished":"2015-03-30T12:48:48+00:00","dateModified":"2015-03-30T12:48:48+00:00","author":{"@id":"https:\/\/www.uqac.ca\/uqactualites\/#\/schema\/person\/366c45a0c4f0e677b41b4af5886e2018"},"breadcrumb":{"@id":"https:\/\/www.uqac.ca\/uqactualites\/2015\/03\/30\/travaux-de-renovation-a-bibliotheque-paul-emile-boulet\/#breadcrumb"},"inLanguage":"fr-CA","potentialAction":[{"@type":"ReadAction","target":["https:\/\/www.uqac.ca\/uqactualites\/2015\/03\/30\/travaux-de-renovation-a-bibliotheque-paul-emile-boulet\/"]}]},{"@type":"ImageObject","inLanguage":"fr-CA","@id":"https:\/\/www.uqac.ca\/uqactualites\/2015\/03\/30\/travaux-de-renovation-a-bibliotheque-paul-emile-boulet\/#primaryimage","url":"https:\/\/www.uqac.ca\/uqactualites\/wp-content\/uploads\/2012\/05\/avis-laCommunaut-.jpg","contentUrl":"https:\/\/www.uqac.ca\/uqactualites\/wp-content\/uploads\/2012\/05\/avis-laCommunaut-.jpg","width":620,"height":300},{"@type":"BreadcrumbList","@id":"https:\/\/www.uqac.ca\/uqactualites\/2015\/03\/30\/travaux-de-renovation-a-bibliotheque-paul-emile-boulet\/#breadcrumb","itemListElement":[{"@type":"ListItem","position":1,"name":"Home","item":"https:\/\/www.uqac.ca\/uqactualites\/"},{"@type":"ListItem","position":2,"name":"Travaux de r\u00e9novation \u00e0 biblioth\u00e8que Paul-\u00c9mile-Boulet"}]},{"@type":"WebSite","@id":"https:\/\/www.uqac.ca\/uqactualites\/#website","url":"https:\/\/www.uqac.ca\/uqactualites\/","name":"UQACtualit\u00e9s","description":"Le portail des nouvelles de l&#039;UQAC","potentialAction":[{"@type":"SearchAction","target":{"@type":"EntryPoint","urlTemplate":"https:\/\/www.uqac.ca\/uqactualites\/?s={search_term_string}"},"query-input":{"@type":"PropertyValueSpecification","valueRequired":true,"valueName":"search_term_string"}}],"inLanguage":"fr-CA"},{"@type":"Person","@id":"https:\/\/www.uqac.ca\/uqactualites\/#\/schema\/person\/366c45a0c4f0e677b41b4af5886e2018","name":"Service des communications et des relations publiques","image":{"@type":"ImageObject","inLanguage":"fr-CA","@id":"https:\/\/www.uqac.ca\/uqactualites\/#\/schema\/person\/image\/","url":"https:\/\/secure.gravatar.com\/avatar\/20fbbda8a292f59f2d3461a5b999c00b?s=96&d=mm&r=g","contentUrl":"https:\/\/secure.gravatar.com\/avatar\/20fbbda8a292f59f2d3461a5b999c00b?s=96&d=mm&r=g","caption":"Service des communications et des relations publiques"},"url":"https:\/\/www.uqac.ca\/uqactualites\/author\/bap\/"}]}},"_links":{"self":[{"href":"https:\/\/www.uqac.ca\/uqactualites\/wp-json\/wp\/v2\/posts\/29783"}],"collection":[{"href":"https:\/\/www.uqac.ca\/uqactualites\/wp-json\/wp\/v2\/posts"}],"about":[{"href":"https:\/\/www.uqac.ca\/uqactualites\/wp-json\/wp\/v2\/types\/post"}],"author":[{"embeddable":true,"href":"https:\/\/www.uqac.ca\/uqactualites\/wp-json\/wp\/v2\/users\/5"}],"replies":[{"embeddable":true,"href":"https:\/\/www.uqac.ca\/uqactualites\/wp-json\/wp\/v2\/comments?post=29783"}],"version-history":[{"count":0,"href":"https:\/\/www.uqac.ca\/uqactualites\/wp-json\/wp\/v2\/posts\/29783\/revisions"}],"wp:featuredmedia":[{"embeddable":true,"href":"https:\/\/www.uqac.ca\/uqactualites\/wp-json\/wp\/v2\/media\/20989"}],"wp:attachment":[{"href":"https:\/\/www.uqac.ca\/uqactualites\/wp-json\/wp\/v2\/media?parent=29783"}],"wp:term":[{"taxonomy":"category","embeddable":true,"href":"https:\/\/www.uqac.ca\/uqactualites\/wp-json\/wp\/v2\/categories?post=29783"},{"taxonomy":"post_tag","embeddable":true,"href":"https:\/\/www.uqac.ca\/uqactualites\/wp-json\/wp\/v2\/tags?post=29783"}],"curies":[{"name":"wp","href":"https:\/\/api.w.org\/{rel}","templated":true}]}}