{"id":29805,"date":"2015-04-07T15:59:36","date_gmt":"2015-04-07T19:59:36","guid":{"rendered":"http:\/\/uqactualite.odev.ca\/?p=29805"},"modified":"2015-04-07T15:59:36","modified_gmt":"2015-04-07T19:59:36","slug":"acces-au-pavillon-sportif-pendant-le-salon-expo-nature-3","status":"publish","type":"post","link":"https:\/\/www.uqac.ca\/uqactualites\/2015\/04\/07\/acces-au-pavillon-sportif-pendant-le-salon-expo-nature-3\/","title":{"rendered":"Acc\u00e8s au Pavillon sportif pendant le Salon Expo Nature"},"content":{"rendered":"<p style=\"text-align: justify\"><strong>Aux utilisateurs\u00a0du Pavillon sportif circulant par le tunnel<\/strong><\/p>\n<p style=\"text-align: justify\">En raison de la pr\u00e9sentation du Salon Expo Nature, l\u2019acc\u00e8s au Pavillon sportif se fera uniquement par la porte d\u2019entr\u00e9e principale du Pavillon, et ce, du jeudi 9 avril \u00e0 partir de 15 h au lundi 13 avril, 6 h.<\/p>\n<p>Pr\u00e9voyez des v\u00eatements d\u2019ext\u00e9rieur.<br \/>\nNous vous remercions de votre collaboration.<\/p>\n<p><b>Renseignements\u00a0:<br \/>\n<\/b>Pavillon sportif<br \/>\nUniversit\u00e9 du Qu\u00e9bec \u00e0 Chicoutimi<br \/>\n418 545-5050\u00a0 \u25aa\u00a0 <span style=\"color: #5a7411\"><a href=\"http:\/\/uqactualite.odev.ca\/acces-au-pavillon-sportif-pendant-le-salon-expo-nature\/sports.uqac.ca\"><span style=\"color: #5a7411\">sports.uqac.ca<\/span><\/a><\/span><\/p>\n","protected":false},"excerpt":{"rendered":"<p>Aux utilisateurs\u00a0du Pavillon sportif circulant par le tunnel En raison de la pr\u00e9sentation du Salon Expo Nature, l\u2019acc\u00e8s au Pavillon sportif se fera uniquement par la porte d\u2019entr\u00e9e principale du Pavillon, et ce, du jeudi 9 avril \u00e0 partir de 15 h au lundi 13 avril, 6 h. Pr\u00e9voyez des v\u00eatements d\u2019ext\u00e9rieur. Nous vous remercions [&hellip;]<\/p>\n","protected":false},"author":5,"featured_media":20989,"comment_status":"open","ping_status":"open","sticky":false,"template":"","format":"standard","meta":{"footnotes":""},"categories":[2772],"tags":[],"yoast_head":"<!-- This site is optimized with the Yoast SEO plugin v24.2 - https:\/\/yoast.com\/wordpress\/plugins\/seo\/ -->\r\n<title>Acc\u00e8s au Pavillon sportif pendant le Salon Expo Nature - UQACtualit\u00e9s<\/title>\r\n<meta name=\"robots\" content=\"index, follow, max-snippet:-1, max-image-preview:large, max-video-preview:-1\" \/>\r\n<link rel=\"canonical\" href=\"https:\/\/www.uqac.ca\/uqactualites\/2015\/04\/07\/acces-au-pavillon-sportif-pendant-le-salon-expo-nature-3\/\" \/>\r\n<meta property=\"og:locale\" content=\"fr_CA\" \/>\r\n<meta property=\"og:type\" content=\"article\" \/>\r\n<meta property=\"og:title\" content=\"Acc\u00e8s au Pavillon sportif pendant le Salon Expo Nature - UQACtualit\u00e9s\" \/>\r\n<meta property=\"og:description\" content=\"Aux utilisateurs\u00a0du Pavillon sportif circulant par le tunnel En raison de la pr\u00e9sentation du Salon Expo Nature, l\u2019acc\u00e8s au Pavillon sportif se fera uniquement par la porte d\u2019entr\u00e9e principale du Pavillon, et ce, du jeudi 9 avril \u00e0 partir de 15 h au lundi 13 avril, 6 h. Pr\u00e9voyez des v\u00eatements d\u2019ext\u00e9rieur. Nous vous remercions [&hellip;]\" \/>\r\n<meta property=\"og:url\" content=\"https:\/\/www.uqac.ca\/uqactualites\/2015\/04\/07\/acces-au-pavillon-sportif-pendant-le-salon-expo-nature-3\/\" \/>\r\n<meta property=\"og:site_name\" content=\"UQACtualit\u00e9s\" \/>\r\n<meta property=\"article:published_time\" content=\"2015-04-07T19:59:36+00:00\" \/>\r\n<meta property=\"og:image\" content=\"https:\/\/www.uqac.ca\/uqactualites\/wp-content\/uploads\/2012\/05\/avis-laCommunaut-.jpg\" \/>\r\n\t<meta property=\"og:image:width\" content=\"620\" \/>\r\n\t<meta property=\"og:image:height\" content=\"300\" \/>\r\n\t<meta property=\"og:image:type\" content=\"image\/jpeg\" \/>\r\n<meta name=\"author\" content=\"Service des communications et des relations publiques\" \/>\r\n<meta name=\"twitter:card\" content=\"summary_large_image\" \/>\r\n<meta name=\"twitter:label1\" content=\"\u00c9crit par\" \/>\n\t<meta name=\"twitter:data1\" content=\"Service des communications et des relations publiques\" \/>\r\n<script type=\"application\/ld+json\" class=\"yoast-schema-graph\">{\"@context\":\"https:\/\/schema.org\",\"@graph\":[{\"@type\":\"WebPage\",\"@id\":\"https:\/\/www.uqac.ca\/uqactualites\/2015\/04\/07\/acces-au-pavillon-sportif-pendant-le-salon-expo-nature-3\/\",\"url\":\"https:\/\/www.uqac.ca\/uqactualites\/2015\/04\/07\/acces-au-pavillon-sportif-pendant-le-salon-expo-nature-3\/\",\"name\":\"Acc\u00e8s au Pavillon sportif pendant le Salon Expo Nature - UQACtualit\u00e9s\",\"isPartOf\":{\"@id\":\"https:\/\/www.uqac.ca\/uqactualites\/#website\"},\"primaryImageOfPage\":{\"@id\":\"https:\/\/www.uqac.ca\/uqactualites\/2015\/04\/07\/acces-au-pavillon-sportif-pendant-le-salon-expo-nature-3\/#primaryimage\"},\"image\":{\"@id\":\"https:\/\/www.uqac.ca\/uqactualites\/2015\/04\/07\/acces-au-pavillon-sportif-pendant-le-salon-expo-nature-3\/#primaryimage\"},\"thumbnailUrl\":\"https:\/\/www.uqac.ca\/uqactualites\/wp-content\/uploads\/2012\/05\/avis-laCommunaut-.jpg\",\"datePublished\":\"2015-04-07T19:59:36+00:00\",\"dateModified\":\"2015-04-07T19:59:36+00:00\",\"author\":{\"@id\":\"https:\/\/www.uqac.ca\/uqactualites\/#\/schema\/person\/366c45a0c4f0e677b41b4af5886e2018\"},\"breadcrumb\":{\"@id\":\"https:\/\/www.uqac.ca\/uqactualites\/2015\/04\/07\/acces-au-pavillon-sportif-pendant-le-salon-expo-nature-3\/#breadcrumb\"},\"inLanguage\":\"fr-CA\",\"potentialAction\":[{\"@type\":\"ReadAction\",\"target\":[\"https:\/\/www.uqac.ca\/uqactualites\/2015\/04\/07\/acces-au-pavillon-sportif-pendant-le-salon-expo-nature-3\/\"]}]},{\"@type\":\"ImageObject\",\"inLanguage\":\"fr-CA\",\"@id\":\"https:\/\/www.uqac.ca\/uqactualites\/2015\/04\/07\/acces-au-pavillon-sportif-pendant-le-salon-expo-nature-3\/#primaryimage\",\"url\":\"https:\/\/www.uqac.ca\/uqactualites\/wp-content\/uploads\/2012\/05\/avis-laCommunaut-.jpg\",\"contentUrl\":\"https:\/\/www.uqac.ca\/uqactualites\/wp-content\/uploads\/2012\/05\/avis-laCommunaut-.jpg\",\"width\":620,\"height\":300},{\"@type\":\"BreadcrumbList\",\"@id\":\"https:\/\/www.uqac.ca\/uqactualites\/2015\/04\/07\/acces-au-pavillon-sportif-pendant-le-salon-expo-nature-3\/#breadcrumb\",\"itemListElement\":[{\"@type\":\"ListItem\",\"position\":1,\"name\":\"Home\",\"item\":\"https:\/\/www.uqac.ca\/uqactualites\/\"},{\"@type\":\"ListItem\",\"position\":2,\"name\":\"Acc\u00e8s au Pavillon sportif pendant le Salon Expo Nature\"}]},{\"@type\":\"WebSite\",\"@id\":\"https:\/\/www.uqac.ca\/uqactualites\/#website\",\"url\":\"https:\/\/www.uqac.ca\/uqactualites\/\",\"name\":\"UQACtualit\u00e9s\",\"description\":\"Le portail des nouvelles de l&#039;UQAC\",\"potentialAction\":[{\"@type\":\"SearchAction\",\"target\":{\"@type\":\"EntryPoint\",\"urlTemplate\":\"https:\/\/www.uqac.ca\/uqactualites\/?s={search_term_string}\"},\"query-input\":{\"@type\":\"PropertyValueSpecification\",\"valueRequired\":true,\"valueName\":\"search_term_string\"}}],\"inLanguage\":\"fr-CA\"},{\"@type\":\"Person\",\"@id\":\"https:\/\/www.uqac.ca\/uqactualites\/#\/schema\/person\/366c45a0c4f0e677b41b4af5886e2018\",\"name\":\"Service des communications et des relations publiques\",\"image\":{\"@type\":\"ImageObject\",\"inLanguage\":\"fr-CA\",\"@id\":\"https:\/\/www.uqac.ca\/uqactualites\/#\/schema\/person\/image\/\",\"url\":\"https:\/\/secure.gravatar.com\/avatar\/20fbbda8a292f59f2d3461a5b999c00b?s=96&d=mm&r=g\",\"contentUrl\":\"https:\/\/secure.gravatar.com\/avatar\/20fbbda8a292f59f2d3461a5b999c00b?s=96&d=mm&r=g\",\"caption\":\"Service des communications et des relations publiques\"},\"url\":\"https:\/\/www.uqac.ca\/uqactualites\/author\/bap\/\"}]}<\/script>\r\n<!-- \/ Yoast SEO plugin. -->","yoast_head_json":{"title":"Acc\u00e8s au Pavillon sportif pendant le Salon Expo Nature - UQACtualit\u00e9s","robots":{"index":"index","follow":"follow","max-snippet":"max-snippet:-1","max-image-preview":"max-image-preview:large","max-video-preview":"max-video-preview:-1"},"canonical":"https:\/\/www.uqac.ca\/uqactualites\/2015\/04\/07\/acces-au-pavillon-sportif-pendant-le-salon-expo-nature-3\/","og_locale":"fr_CA","og_type":"article","og_title":"Acc\u00e8s au Pavillon sportif pendant le Salon Expo Nature - UQACtualit\u00e9s","og_description":"Aux utilisateurs\u00a0du Pavillon sportif circulant par le tunnel En raison de la pr\u00e9sentation du Salon Expo Nature, l\u2019acc\u00e8s au Pavillon sportif se fera uniquement par la porte d\u2019entr\u00e9e principale du Pavillon, et ce, du jeudi 9 avril \u00e0 partir de 15 h au lundi 13 avril, 6 h. Pr\u00e9voyez des v\u00eatements d\u2019ext\u00e9rieur. Nous vous remercions [&hellip;]","og_url":"https:\/\/www.uqac.ca\/uqactualites\/2015\/04\/07\/acces-au-pavillon-sportif-pendant-le-salon-expo-nature-3\/","og_site_name":"UQACtualit\u00e9s","article_published_time":"2015-04-07T19:59:36+00:00","og_image":[{"width":620,"height":300,"url":"https:\/\/www.uqac.ca\/uqactualites\/wp-content\/uploads\/2012\/05\/avis-laCommunaut-.jpg","type":"image\/jpeg"}],"author":"Service des communications et des relations publiques","twitter_card":"summary_large_image","twitter_misc":{"\u00c9crit par":"Service des communications et des relations publiques"},"schema":{"@context":"https:\/\/schema.org","@graph":[{"@type":"WebPage","@id":"https:\/\/www.uqac.ca\/uqactualites\/2015\/04\/07\/acces-au-pavillon-sportif-pendant-le-salon-expo-nature-3\/","url":"https:\/\/www.uqac.ca\/uqactualites\/2015\/04\/07\/acces-au-pavillon-sportif-pendant-le-salon-expo-nature-3\/","name":"Acc\u00e8s au Pavillon sportif pendant le Salon Expo Nature - UQACtualit\u00e9s","isPartOf":{"@id":"https:\/\/www.uqac.ca\/uqactualites\/#website"},"primaryImageOfPage":{"@id":"https:\/\/www.uqac.ca\/uqactualites\/2015\/04\/07\/acces-au-pavillon-sportif-pendant-le-salon-expo-nature-3\/#primaryimage"},"image":{"@id":"https:\/\/www.uqac.ca\/uqactualites\/2015\/04\/07\/acces-au-pavillon-sportif-pendant-le-salon-expo-nature-3\/#primaryimage"},"thumbnailUrl":"https:\/\/www.uqac.ca\/uqactualites\/wp-content\/uploads\/2012\/05\/avis-laCommunaut-.jpg","datePublished":"2015-04-07T19:59:36+00:00","dateModified":"2015-04-07T19:59:36+00:00","author":{"@id":"https:\/\/www.uqac.ca\/uqactualites\/#\/schema\/person\/366c45a0c4f0e677b41b4af5886e2018"},"breadcrumb":{"@id":"https:\/\/www.uqac.ca\/uqactualites\/2015\/04\/07\/acces-au-pavillon-sportif-pendant-le-salon-expo-nature-3\/#breadcrumb"},"inLanguage":"fr-CA","potentialAction":[{"@type":"ReadAction","target":["https:\/\/www.uqac.ca\/uqactualites\/2015\/04\/07\/acces-au-pavillon-sportif-pendant-le-salon-expo-nature-3\/"]}]},{"@type":"ImageObject","inLanguage":"fr-CA","@id":"https:\/\/www.uqac.ca\/uqactualites\/2015\/04\/07\/acces-au-pavillon-sportif-pendant-le-salon-expo-nature-3\/#primaryimage","url":"https:\/\/www.uqac.ca\/uqactualites\/wp-content\/uploads\/2012\/05\/avis-laCommunaut-.jpg","contentUrl":"https:\/\/www.uqac.ca\/uqactualites\/wp-content\/uploads\/2012\/05\/avis-laCommunaut-.jpg","width":620,"height":300},{"@type":"BreadcrumbList","@id":"https:\/\/www.uqac.ca\/uqactualites\/2015\/04\/07\/acces-au-pavillon-sportif-pendant-le-salon-expo-nature-3\/#breadcrumb","itemListElement":[{"@type":"ListItem","position":1,"name":"Home","item":"https:\/\/www.uqac.ca\/uqactualites\/"},{"@type":"ListItem","position":2,"name":"Acc\u00e8s au Pavillon sportif pendant le Salon Expo Nature"}]},{"@type":"WebSite","@id":"https:\/\/www.uqac.ca\/uqactualites\/#website","url":"https:\/\/www.uqac.ca\/uqactualites\/","name":"UQACtualit\u00e9s","description":"Le portail des nouvelles de l&#039;UQAC","potentialAction":[{"@type":"SearchAction","target":{"@type":"EntryPoint","urlTemplate":"https:\/\/www.uqac.ca\/uqactualites\/?s={search_term_string}"},"query-input":{"@type":"PropertyValueSpecification","valueRequired":true,"valueName":"search_term_string"}}],"inLanguage":"fr-CA"},{"@type":"Person","@id":"https:\/\/www.uqac.ca\/uqactualites\/#\/schema\/person\/366c45a0c4f0e677b41b4af5886e2018","name":"Service des communications et des relations publiques","image":{"@type":"ImageObject","inLanguage":"fr-CA","@id":"https:\/\/www.uqac.ca\/uqactualites\/#\/schema\/person\/image\/","url":"https:\/\/secure.gravatar.com\/avatar\/20fbbda8a292f59f2d3461a5b999c00b?s=96&d=mm&r=g","contentUrl":"https:\/\/secure.gravatar.com\/avatar\/20fbbda8a292f59f2d3461a5b999c00b?s=96&d=mm&r=g","caption":"Service des communications et des relations publiques"},"url":"https:\/\/www.uqac.ca\/uqactualites\/author\/bap\/"}]}},"_links":{"self":[{"href":"https:\/\/www.uqac.ca\/uqactualites\/wp-json\/wp\/v2\/posts\/29805"}],"collection":[{"href":"https:\/\/www.uqac.ca\/uqactualites\/wp-json\/wp\/v2\/posts"}],"about":[{"href":"https:\/\/www.uqac.ca\/uqactualites\/wp-json\/wp\/v2\/types\/post"}],"author":[{"embeddable":true,"href":"https:\/\/www.uqac.ca\/uqactualites\/wp-json\/wp\/v2\/users\/5"}],"replies":[{"embeddable":true,"href":"https:\/\/www.uqac.ca\/uqactualites\/wp-json\/wp\/v2\/comments?post=29805"}],"version-history":[{"count":0,"href":"https:\/\/www.uqac.ca\/uqactualites\/wp-json\/wp\/v2\/posts\/29805\/revisions"}],"wp:featuredmedia":[{"embeddable":true,"href":"https:\/\/www.uqac.ca\/uqactualites\/wp-json\/wp\/v2\/media\/20989"}],"wp:attachment":[{"href":"https:\/\/www.uqac.ca\/uqactualites\/wp-json\/wp\/v2\/media?parent=29805"}],"wp:term":[{"taxonomy":"category","embeddable":true,"href":"https:\/\/www.uqac.ca\/uqactualites\/wp-json\/wp\/v2\/categories?post=29805"},{"taxonomy":"post_tag","embeddable":true,"href":"https:\/\/www.uqac.ca\/uqactualites\/wp-json\/wp\/v2\/tags?post=29805"}],"curies":[{"name":"wp","href":"https:\/\/api.w.org\/{rel}","templated":true}]}}