{"id":29829,"date":"2015-04-08T11:29:32","date_gmt":"2015-04-08T15:29:32","guid":{"rendered":"http:\/\/uqactualite.odev.ca\/?p=29829"},"modified":"2015-04-08T11:29:32","modified_gmt":"2015-04-08T15:29:32","slug":"stephanie-cimon-180-secondes","status":"publish","type":"post","link":"https:\/\/www.uqac.ca\/uqactualites\/2015\/04\/08\/stephanie-cimon-180-secondes\/","title":{"rendered":"St\u00e9phanie Cimon, \u00e9tudiante au doctorat en biologie, repr\u00e9sentera l&rsquo;UQAC \u00e0 la finale provinciale du concours Ma th\u00e8se en 180 secondes"},"content":{"rendered":"<p>St\u00e9phanie Cimon, \u00e9tudiante au <a href=\"http:\/\/programmes.uqac.ca\/3805\">doctorat en biologie<\/a> agira \u00e0 titre de repr\u00e9sentante de l\u2019UQAC lors de la finale provinciale du concours \u00ab Ma th\u00e8se en 180 secondes \u00bb qui aura lieu le mercredi 27 mai 2015 \u00e0 l\u2019Universit\u00e9 du Qu\u00e9bec \u00e0 Rimouski dans le cadre du 83<sup>e<\/sup> Congr\u00e8s de l\u2019Acfas. Son sujet de th\u00e8se porte sur l&rsquo;influence des perturbations multiples sur les assemblages benthiques en milieu intertidal rocheux et zosteraies.<\/p>\n<p>C&rsquo;est \u00e0 l&rsquo;issue de la finale locale du concours qui avait lieu le mercredi 1er avril dernier \u00e0 l\u2019UQAC que St\u00e9phanie Cimon a remport\u00e9 la premi\u00e8re place devant trois candidats venus eux aussi r\u00e9aliser leur premi\u00e8re prestation de 180 secondes devant public : Amira ben Rejeb, \u00e9tudiante au <a href=\"http:\/\/programmes.uqac.ca\/3136\">doctorat en lettres<\/a>, Csilla Katinka Kaszas, \u00e9tudiante au <a href=\"http:\/\/programmes.uqac.ca\/3737\">doctorat en ing\u00e9nierie<\/a> et Serge Rodrigue Nenkam, \u00e9tudiant au <a href=\"http:\/\/programmes.uqac.ca\/3077\">doctorat en management de projets<\/a>.<\/p>\n<p style=\"text-align: justify\">Pour l\u2019occasion, un jury a \u00e9t\u00e9 form\u00e9 pour \u00e9valuer la performance des candidats. Il \u00e9tait compos\u00e9 de St\u00e9phane Allaire, doyen de la recherche et de la cr\u00e9ation, de Sylvain Hall\u00e9, professeur au D\u00e9partement d&rsquo;informatique et de math\u00e9matique, de Jacinthe Douesnard, professeur au D\u00e9partement des sciences \u00e9conomiques et administratives et de Marie-France Audet du Bureau des affaires publiques.<\/p>\n<p style=\"text-align: justify\">St\u00e9phanie Cimon se joindra donc \u00e0 des \u00e9tudiants provenant de tous les coins du Qu\u00e9bec venus pr\u00e9senter leur sujet de recherche doctorale en trois minutes tapantes.<\/p>\n<p style=\"text-align: justify\"><strong>Source :<br \/>\n<\/strong>Bureau des affaires publiques<br \/>\nUniversit\u00e9 du Qu\u00e9bec \u00e0 Chicoutimi<br \/>\n418\u00a0545-5011, poste 2350 \u25aa <a href=\"mailto:affaires_publiques@uqac.ca\">affaires_publiques@uqac.ca<\/a><\/p>\n<p style=\"text-align: justify\"><strong>Renseignements\u00a0:<br \/>\n<\/strong>Claude Gilbert, agent de recherche<br \/>\nD\u00e9canat de la recherche et de la cr\u00e9ation<br \/>\nUniversit\u00e9 du Qu\u00e9bec \u00e0 Chicoutimi<br \/>\n418 545-5011, poste\u00a02486 \u25aa <a href=\"mailto:claude_gilbert@uqac.ca\">claude_gilbert@uqac.ca<\/a><\/p>\n<hr \/>\n<p><span style=\"color: #808080\">PHOTO : Les participants de la finale locale du concours \u00ab Ma th\u00e8se en 180 secondes \u00bb,\u00a0St\u00e9phanie Cimon, Amira ben Rejeb, Csilla Katinka Kaszas et Serge Rodrigue Nenkam,\u00a0en compagnie de St\u00e9phane Allaire, doyen de la recherche et de la cr\u00e9ation \u00a9 Denis Blackburn<\/span><\/p>\n<hr \/>\n<p>&nbsp;<\/p>\n","protected":false},"excerpt":{"rendered":"<p>St\u00e9phanie Cimon, \u00e9tudiante au doctorat en biologie agira \u00e0 titre de repr\u00e9sentante de l\u2019UQAC lors de la finale provinciale du concours \u00ab Ma th\u00e8se en 180 secondes \u00bb qui aura lieu le mercredi 27 mai 2015 \u00e0 l\u2019Universit\u00e9 du Qu\u00e9bec \u00e0 Rimouski dans le cadre du 83e Congr\u00e8s de l\u2019Acfas. Son sujet de th\u00e8se porte [&hellip;]<\/p>\n","protected":false},"author":5,"featured_media":29830,"comment_status":"open","ping_status":"open","sticky":false,"template":"","format":"standard","meta":{"footnotes":""},"categories":[2],"tags":[217,632,772],"yoast_head":"<!-- This site is optimized with the Yoast SEO plugin v24.2 - https:\/\/yoast.com\/wordpress\/plugins\/seo\/ -->\r\n<title>St\u00e9phanie Cimon, \u00e9tudiante au doctorat en biologie, repr\u00e9sentera l&#039;UQAC \u00e0 la finale provinciale du concours Ma th\u00e8se en 180 secondes - UQACtualit\u00e9s<\/title>\r\n<meta name=\"robots\" content=\"index, follow, max-snippet:-1, max-image-preview:large, max-video-preview:-1\" \/>\r\n<link rel=\"canonical\" href=\"https:\/\/www.uqac.ca\/uqactualites\/2015\/04\/08\/stephanie-cimon-180-secondes\/\" \/>\r\n<meta property=\"og:locale\" content=\"fr_CA\" \/>\r\n<meta property=\"og:type\" content=\"article\" \/>\r\n<meta property=\"og:title\" content=\"St\u00e9phanie Cimon, \u00e9tudiante au doctorat en biologie, repr\u00e9sentera l&#039;UQAC \u00e0 la finale provinciale du concours Ma th\u00e8se en 180 secondes - UQACtualit\u00e9s\" \/>\r\n<meta property=\"og:description\" content=\"St\u00e9phanie Cimon, \u00e9tudiante au doctorat en biologie agira \u00e0 titre de repr\u00e9sentante de l\u2019UQAC lors de la finale provinciale du concours \u00ab Ma th\u00e8se en 180 secondes \u00bb qui aura lieu le mercredi 27 mai 2015 \u00e0 l\u2019Universit\u00e9 du Qu\u00e9bec \u00e0 Rimouski dans le cadre du 83e Congr\u00e8s de l\u2019Acfas. Son sujet de th\u00e8se porte [&hellip;]\" \/>\r\n<meta property=\"og:url\" content=\"https:\/\/www.uqac.ca\/uqactualites\/2015\/04\/08\/stephanie-cimon-180-secondes\/\" \/>\r\n<meta property=\"og:site_name\" content=\"UQACtualit\u00e9s\" \/>\r\n<meta property=\"article:published_time\" content=\"2015-04-08T15:29:32+00:00\" \/>\r\n<meta property=\"og:image\" content=\"https:\/\/www.uqac.ca\/uqactualites\/wp-content\/uploads\/2015\/04\/finalistes_180secondesH15-copie-scaled.jpg\" \/>\r\n\t<meta property=\"og:image:width\" content=\"2560\" \/>\r\n\t<meta property=\"og:image:height\" content=\"1089\" \/>\r\n\t<meta property=\"og:image:type\" content=\"image\/jpeg\" \/>\r\n<meta name=\"author\" content=\"Service des communications et des relations publiques\" \/>\r\n<meta name=\"twitter:card\" content=\"summary_large_image\" \/>\r\n<meta name=\"twitter:label1\" content=\"\u00c9crit par\" \/>\n\t<meta name=\"twitter:data1\" content=\"Service des communications et des relations publiques\" \/>\n\t<meta name=\"twitter:label2\" content=\"Estimation du temps de lecture\" \/>\n\t<meta name=\"twitter:data2\" content=\"2 minutes\" \/>\r\n<script type=\"application\/ld+json\" class=\"yoast-schema-graph\">{\"@context\":\"https:\/\/schema.org\",\"@graph\":[{\"@type\":\"WebPage\",\"@id\":\"https:\/\/www.uqac.ca\/uqactualites\/2015\/04\/08\/stephanie-cimon-180-secondes\/\",\"url\":\"https:\/\/www.uqac.ca\/uqactualites\/2015\/04\/08\/stephanie-cimon-180-secondes\/\",\"name\":\"St\u00e9phanie Cimon, \u00e9tudiante au doctorat en biologie, repr\u00e9sentera l'UQAC \u00e0 la finale provinciale du concours Ma th\u00e8se en 180 secondes - UQACtualit\u00e9s\",\"isPartOf\":{\"@id\":\"https:\/\/www.uqac.ca\/uqactualites\/#website\"},\"primaryImageOfPage\":{\"@id\":\"https:\/\/www.uqac.ca\/uqactualites\/2015\/04\/08\/stephanie-cimon-180-secondes\/#primaryimage\"},\"image\":{\"@id\":\"https:\/\/www.uqac.ca\/uqactualites\/2015\/04\/08\/stephanie-cimon-180-secondes\/#primaryimage\"},\"thumbnailUrl\":\"https:\/\/www.uqac.ca\/uqactualites\/wp-content\/uploads\/2015\/04\/finalistes_180secondesH15-copie-scaled.jpg\",\"datePublished\":\"2015-04-08T15:29:32+00:00\",\"dateModified\":\"2015-04-08T15:29:32+00:00\",\"author\":{\"@id\":\"https:\/\/www.uqac.ca\/uqactualites\/#\/schema\/person\/366c45a0c4f0e677b41b4af5886e2018\"},\"breadcrumb\":{\"@id\":\"https:\/\/www.uqac.ca\/uqactualites\/2015\/04\/08\/stephanie-cimon-180-secondes\/#breadcrumb\"},\"inLanguage\":\"fr-CA\",\"potentialAction\":[{\"@type\":\"ReadAction\",\"target\":[\"https:\/\/www.uqac.ca\/uqactualites\/2015\/04\/08\/stephanie-cimon-180-secondes\/\"]}]},{\"@type\":\"ImageObject\",\"inLanguage\":\"fr-CA\",\"@id\":\"https:\/\/www.uqac.ca\/uqactualites\/2015\/04\/08\/stephanie-cimon-180-secondes\/#primaryimage\",\"url\":\"https:\/\/www.uqac.ca\/uqactualites\/wp-content\/uploads\/2015\/04\/finalistes_180secondesH15-copie-scaled.jpg\",\"contentUrl\":\"https:\/\/www.uqac.ca\/uqactualites\/wp-content\/uploads\/2015\/04\/finalistes_180secondesH15-copie-scaled.jpg\",\"width\":2560,\"height\":1089},{\"@type\":\"BreadcrumbList\",\"@id\":\"https:\/\/www.uqac.ca\/uqactualites\/2015\/04\/08\/stephanie-cimon-180-secondes\/#breadcrumb\",\"itemListElement\":[{\"@type\":\"ListItem\",\"position\":1,\"name\":\"Home\",\"item\":\"https:\/\/www.uqac.ca\/uqactualites\/\"},{\"@type\":\"ListItem\",\"position\":2,\"name\":\"St\u00e9phanie Cimon, \u00e9tudiante au doctorat en biologie, repr\u00e9sentera l&rsquo;UQAC \u00e0 la finale provinciale du concours Ma th\u00e8se en 180 secondes\"}]},{\"@type\":\"WebSite\",\"@id\":\"https:\/\/www.uqac.ca\/uqactualites\/#website\",\"url\":\"https:\/\/www.uqac.ca\/uqactualites\/\",\"name\":\"UQACtualit\u00e9s\",\"description\":\"Le portail des nouvelles de l&#039;UQAC\",\"potentialAction\":[{\"@type\":\"SearchAction\",\"target\":{\"@type\":\"EntryPoint\",\"urlTemplate\":\"https:\/\/www.uqac.ca\/uqactualites\/?s={search_term_string}\"},\"query-input\":{\"@type\":\"PropertyValueSpecification\",\"valueRequired\":true,\"valueName\":\"search_term_string\"}}],\"inLanguage\":\"fr-CA\"},{\"@type\":\"Person\",\"@id\":\"https:\/\/www.uqac.ca\/uqactualites\/#\/schema\/person\/366c45a0c4f0e677b41b4af5886e2018\",\"name\":\"Service des communications et des relations publiques\",\"image\":{\"@type\":\"ImageObject\",\"inLanguage\":\"fr-CA\",\"@id\":\"https:\/\/www.uqac.ca\/uqactualites\/#\/schema\/person\/image\/\",\"url\":\"https:\/\/secure.gravatar.com\/avatar\/20fbbda8a292f59f2d3461a5b999c00b?s=96&d=mm&r=g\",\"contentUrl\":\"https:\/\/secure.gravatar.com\/avatar\/20fbbda8a292f59f2d3461a5b999c00b?s=96&d=mm&r=g\",\"caption\":\"Service des communications et des relations publiques\"},\"url\":\"https:\/\/www.uqac.ca\/uqactualites\/author\/bap\/\"}]}<\/script>\r\n<!-- \/ Yoast SEO plugin. -->","yoast_head_json":{"title":"St\u00e9phanie Cimon, \u00e9tudiante au doctorat en biologie, repr\u00e9sentera l'UQAC \u00e0 la finale provinciale du concours Ma th\u00e8se en 180 secondes - UQACtualit\u00e9s","robots":{"index":"index","follow":"follow","max-snippet":"max-snippet:-1","max-image-preview":"max-image-preview:large","max-video-preview":"max-video-preview:-1"},"canonical":"https:\/\/www.uqac.ca\/uqactualites\/2015\/04\/08\/stephanie-cimon-180-secondes\/","og_locale":"fr_CA","og_type":"article","og_title":"St\u00e9phanie Cimon, \u00e9tudiante au doctorat en biologie, repr\u00e9sentera l'UQAC \u00e0 la finale provinciale du concours Ma th\u00e8se en 180 secondes - UQACtualit\u00e9s","og_description":"St\u00e9phanie Cimon, \u00e9tudiante au doctorat en biologie agira \u00e0 titre de repr\u00e9sentante de l\u2019UQAC lors de la finale provinciale du concours \u00ab Ma th\u00e8se en 180 secondes \u00bb qui aura lieu le mercredi 27 mai 2015 \u00e0 l\u2019Universit\u00e9 du Qu\u00e9bec \u00e0 Rimouski dans le cadre du 83e Congr\u00e8s de l\u2019Acfas. Son sujet de th\u00e8se porte [&hellip;]","og_url":"https:\/\/www.uqac.ca\/uqactualites\/2015\/04\/08\/stephanie-cimon-180-secondes\/","og_site_name":"UQACtualit\u00e9s","article_published_time":"2015-04-08T15:29:32+00:00","og_image":[{"width":2560,"height":1089,"url":"https:\/\/www.uqac.ca\/uqactualites\/wp-content\/uploads\/2015\/04\/finalistes_180secondesH15-copie-scaled.jpg","type":"image\/jpeg"}],"author":"Service des communications et des relations publiques","twitter_card":"summary_large_image","twitter_misc":{"\u00c9crit par":"Service des communications et des relations publiques","Estimation du temps de lecture":"2 minutes"},"schema":{"@context":"https:\/\/schema.org","@graph":[{"@type":"WebPage","@id":"https:\/\/www.uqac.ca\/uqactualites\/2015\/04\/08\/stephanie-cimon-180-secondes\/","url":"https:\/\/www.uqac.ca\/uqactualites\/2015\/04\/08\/stephanie-cimon-180-secondes\/","name":"St\u00e9phanie Cimon, \u00e9tudiante au doctorat en biologie, repr\u00e9sentera l'UQAC \u00e0 la finale provinciale du concours Ma th\u00e8se en 180 secondes - UQACtualit\u00e9s","isPartOf":{"@id":"https:\/\/www.uqac.ca\/uqactualites\/#website"},"primaryImageOfPage":{"@id":"https:\/\/www.uqac.ca\/uqactualites\/2015\/04\/08\/stephanie-cimon-180-secondes\/#primaryimage"},"image":{"@id":"https:\/\/www.uqac.ca\/uqactualites\/2015\/04\/08\/stephanie-cimon-180-secondes\/#primaryimage"},"thumbnailUrl":"https:\/\/www.uqac.ca\/uqactualites\/wp-content\/uploads\/2015\/04\/finalistes_180secondesH15-copie-scaled.jpg","datePublished":"2015-04-08T15:29:32+00:00","dateModified":"2015-04-08T15:29:32+00:00","author":{"@id":"https:\/\/www.uqac.ca\/uqactualites\/#\/schema\/person\/366c45a0c4f0e677b41b4af5886e2018"},"breadcrumb":{"@id":"https:\/\/www.uqac.ca\/uqactualites\/2015\/04\/08\/stephanie-cimon-180-secondes\/#breadcrumb"},"inLanguage":"fr-CA","potentialAction":[{"@type":"ReadAction","target":["https:\/\/www.uqac.ca\/uqactualites\/2015\/04\/08\/stephanie-cimon-180-secondes\/"]}]},{"@type":"ImageObject","inLanguage":"fr-CA","@id":"https:\/\/www.uqac.ca\/uqactualites\/2015\/04\/08\/stephanie-cimon-180-secondes\/#primaryimage","url":"https:\/\/www.uqac.ca\/uqactualites\/wp-content\/uploads\/2015\/04\/finalistes_180secondesH15-copie-scaled.jpg","contentUrl":"https:\/\/www.uqac.ca\/uqactualites\/wp-content\/uploads\/2015\/04\/finalistes_180secondesH15-copie-scaled.jpg","width":2560,"height":1089},{"@type":"BreadcrumbList","@id":"https:\/\/www.uqac.ca\/uqactualites\/2015\/04\/08\/stephanie-cimon-180-secondes\/#breadcrumb","itemListElement":[{"@type":"ListItem","position":1,"name":"Home","item":"https:\/\/www.uqac.ca\/uqactualites\/"},{"@type":"ListItem","position":2,"name":"St\u00e9phanie Cimon, \u00e9tudiante au doctorat en biologie, repr\u00e9sentera l&rsquo;UQAC \u00e0 la finale provinciale du concours Ma th\u00e8se en 180 secondes"}]},{"@type":"WebSite","@id":"https:\/\/www.uqac.ca\/uqactualites\/#website","url":"https:\/\/www.uqac.ca\/uqactualites\/","name":"UQACtualit\u00e9s","description":"Le portail des nouvelles de l&#039;UQAC","potentialAction":[{"@type":"SearchAction","target":{"@type":"EntryPoint","urlTemplate":"https:\/\/www.uqac.ca\/uqactualites\/?s={search_term_string}"},"query-input":{"@type":"PropertyValueSpecification","valueRequired":true,"valueName":"search_term_string"}}],"inLanguage":"fr-CA"},{"@type":"Person","@id":"https:\/\/www.uqac.ca\/uqactualites\/#\/schema\/person\/366c45a0c4f0e677b41b4af5886e2018","name":"Service des communications et des relations publiques","image":{"@type":"ImageObject","inLanguage":"fr-CA","@id":"https:\/\/www.uqac.ca\/uqactualites\/#\/schema\/person\/image\/","url":"https:\/\/secure.gravatar.com\/avatar\/20fbbda8a292f59f2d3461a5b999c00b?s=96&d=mm&r=g","contentUrl":"https:\/\/secure.gravatar.com\/avatar\/20fbbda8a292f59f2d3461a5b999c00b?s=96&d=mm&r=g","caption":"Service des communications et des relations publiques"},"url":"https:\/\/www.uqac.ca\/uqactualites\/author\/bap\/"}]}},"_links":{"self":[{"href":"https:\/\/www.uqac.ca\/uqactualites\/wp-json\/wp\/v2\/posts\/29829"}],"collection":[{"href":"https:\/\/www.uqac.ca\/uqactualites\/wp-json\/wp\/v2\/posts"}],"about":[{"href":"https:\/\/www.uqac.ca\/uqactualites\/wp-json\/wp\/v2\/types\/post"}],"author":[{"embeddable":true,"href":"https:\/\/www.uqac.ca\/uqactualites\/wp-json\/wp\/v2\/users\/5"}],"replies":[{"embeddable":true,"href":"https:\/\/www.uqac.ca\/uqactualites\/wp-json\/wp\/v2\/comments?post=29829"}],"version-history":[{"count":0,"href":"https:\/\/www.uqac.ca\/uqactualites\/wp-json\/wp\/v2\/posts\/29829\/revisions"}],"wp:featuredmedia":[{"embeddable":true,"href":"https:\/\/www.uqac.ca\/uqactualites\/wp-json\/wp\/v2\/media\/29830"}],"wp:attachment":[{"href":"https:\/\/www.uqac.ca\/uqactualites\/wp-json\/wp\/v2\/media?parent=29829"}],"wp:term":[{"taxonomy":"category","embeddable":true,"href":"https:\/\/www.uqac.ca\/uqactualites\/wp-json\/wp\/v2\/categories?post=29829"},{"taxonomy":"post_tag","embeddable":true,"href":"https:\/\/www.uqac.ca\/uqactualites\/wp-json\/wp\/v2\/tags?post=29829"}],"curies":[{"name":"wp","href":"https:\/\/api.w.org\/{rel}","templated":true}]}}