{"id":29844,"date":"2015-04-09T08:55:12","date_gmt":"2015-04-09T12:55:12","guid":{"rendered":"http:\/\/uqactualite.odev.ca\/?p=29844"},"modified":"2015-04-09T08:55:12","modified_gmt":"2015-04-09T12:55:12","slug":"colloque-biennal-de-luqac-ladaptation-scolaire-et-sociale-au-coeur-des-preoccupations-2","status":"publish","type":"post","link":"https:\/\/www.uqac.ca\/uqactualites\/2015\/04\/09\/colloque-biennal-de-luqac-ladaptation-scolaire-et-sociale-au-coeur-des-preoccupations-2\/","title":{"rendered":"Colloque biennal de l\u2019UQAC : l\u2019adaptation scolaire et sociale au c\u0153ur des pr\u00e9occupations"},"content":{"rendered":"<p><strong>Saguenay, le 8 avril 2015 <\/strong>\u2013 Le Module d\u2019enseignement en adaptation scolaire de l\u2019Universit\u00e9 du Qu\u00e9bec \u00e0 Chicoutimi tiendra le vendredi 10 avril prochain son colloque biennal sous le th\u00e8me \u00ab\u00a0Chacun a son histoire\u00a0: une question d\u2019\u00e9quilibre pour faire face aux r\u00e9alit\u00e9s\u00a0\u00bb. L\u2019\u00e9v\u00e9nement, qui se d\u00e9roulera toute la journ\u00e9e \u00e0 l\u2019H\u00f4tel Le Montagnais, permettra aux participants de d\u00e9couvrir les diff\u00e9rentes initiatives des milieux scolaires et communautaires de la r\u00e9gion et d\u2019\u00eatre mieux outill\u00e9s pour aider les jeunes dans leur recherche de solutions pour faire face aux r\u00e9alit\u00e9s et trouver un meilleur \u00e9quilibre.<\/p>\n<p>Ce colloque est donc une occasion privil\u00e9gi\u00e9e pour les \u00e9tudiants de diff\u00e9rentes disciplines en lien avec la relation d\u2019aide, telles que l\u2019enseignement, la psychologie, le travail social, ainsi que pour les enseignants, les professeurs et autres intervenants d\u2019\u00eatre sensibilis\u00e9s \u00e0 divers projets novateurs d\u2019une richesse insoup\u00e7onn\u00e9e r\u00e9alis\u00e9s par des professionnels de la r\u00e9gion du Saguenay\u2013Lac-Saint-Jean. Une vingtaine d\u2019ateliers seront ainsi propos\u00e9s.<\/p>\n<p><strong>Conf\u00e9rence de Jasmin Roy<\/strong><br \/>\nParall\u00e8lement aux activit\u00e9s du colloque, les \u00e9tudiants et professeurs membres du comit\u00e9 organisateur proposent au public une conf\u00e9rence de Monsieur Jasmin Roy intitul\u00e9e \u00ab\u00a0Admettre la diff\u00e9rence\u00a0\u00bb. Cette conf\u00e9rence aura lieu le jeudi 9 avril, \u00e0 19 h 30, \u00e0 l\u2019H\u00f4tel Le Montagnais.<\/p>\n<p>Pour plus d\u2019informations et pour inscription\u00a0: <a href=\"http:\/\/colloques.uqac.ca\/adaptsco\/\"><strong>http:\/\/colloques.uqac.ca\/adaptsco\/<\/strong><\/a>.<\/p>\n<p style=\"text-align: center\">&#8211; 30 &#8211;<\/p>\n<p>&nbsp;<\/p>\n<p><em>M. Jasmin Roy sera \u00e9galement disponible pour accorder des entrevues.<\/em><\/p>\n<p><strong>Source\u00a0:<br \/>\n<\/strong>Jos\u00e9e Bourassa, agente d\u2019information<br \/>\nBureau des affaires publiques<br \/>\nUniversit\u00e9 du Qu\u00e9bec \u00e0 Chicoutimi<br \/>\n418\u00a0545-5011, poste\u00a02274<br \/>\n<a href=\"mailto:josee_bourassa@uqac.ca\">josee_bourassa@uqac.ca<\/a><\/p>\n<p><strong>Renseignements\u00a0:<br \/>\n<\/strong>Manon Doucet, professeure et directrice du Module d\u2019enseignement en adaptation scolaire et sociale<br \/>\nD\u00e9partement des sciences de l&rsquo;\u00e9ducation<br \/>\nUniversit\u00e9 du Qu\u00e9bec \u00e0 Chicoutimi<br \/>\n418 545-5011, poste 5324<br \/>\n<a href=\"mailto:manon_doucet@uqac.ca\">manon_doucet@uqac.ca<\/a><\/p>\n","protected":false},"excerpt":{"rendered":"<p>Saguenay, le 8 avril 2015 \u2013 Le Module d\u2019enseignement en adaptation scolaire de l\u2019Universit\u00e9 du Qu\u00e9bec \u00e0 Chicoutimi tiendra le vendredi 10 avril prochain son colloque biennal sous le th\u00e8me \u00ab\u00a0Chacun a son histoire\u00a0: une question d\u2019\u00e9quilibre pour faire face aux r\u00e9alit\u00e9s\u00a0\u00bb. L\u2019\u00e9v\u00e9nement, qui se d\u00e9roulera toute la journ\u00e9e \u00e0 l\u2019H\u00f4tel Le Montagnais, permettra aux [&hellip;]<\/p>\n","protected":false},"author":5,"featured_media":20745,"comment_status":"open","ping_status":"open","sticky":false,"template":"","format":"standard","meta":{"footnotes":""},"categories":[2772],"tags":[],"yoast_head":"<!-- This site is optimized with the Yoast SEO plugin v24.2 - https:\/\/yoast.com\/wordpress\/plugins\/seo\/ -->\r\n<title>Colloque biennal de l\u2019UQAC : l\u2019adaptation scolaire et sociale au c\u0153ur des pr\u00e9occupations - UQACtualit\u00e9s<\/title>\r\n<meta name=\"robots\" content=\"index, follow, max-snippet:-1, max-image-preview:large, max-video-preview:-1\" \/>\r\n<link rel=\"canonical\" href=\"https:\/\/www.uqac.ca\/uqactualites\/2015\/04\/09\/colloque-biennal-de-luqac-ladaptation-scolaire-et-sociale-au-coeur-des-preoccupations-2\/\" \/>\r\n<meta property=\"og:locale\" content=\"fr_CA\" \/>\r\n<meta property=\"og:type\" content=\"article\" \/>\r\n<meta property=\"og:title\" content=\"Colloque biennal de l\u2019UQAC : l\u2019adaptation scolaire et sociale au c\u0153ur des pr\u00e9occupations - UQACtualit\u00e9s\" \/>\r\n<meta property=\"og:description\" content=\"Saguenay, le 8 avril 2015 \u2013 Le Module d\u2019enseignement en adaptation scolaire de l\u2019Universit\u00e9 du Qu\u00e9bec \u00e0 Chicoutimi tiendra le vendredi 10 avril prochain son colloque biennal sous le th\u00e8me \u00ab\u00a0Chacun a son histoire\u00a0: une question d\u2019\u00e9quilibre pour faire face aux r\u00e9alit\u00e9s\u00a0\u00bb. L\u2019\u00e9v\u00e9nement, qui se d\u00e9roulera toute la journ\u00e9e \u00e0 l\u2019H\u00f4tel Le Montagnais, permettra aux [&hellip;]\" \/>\r\n<meta property=\"og:url\" content=\"https:\/\/www.uqac.ca\/uqactualites\/2015\/04\/09\/colloque-biennal-de-luqac-ladaptation-scolaire-et-sociale-au-coeur-des-preoccupations-2\/\" \/>\r\n<meta property=\"og:site_name\" content=\"UQACtualit\u00e9s\" \/>\r\n<meta property=\"article:published_time\" content=\"2015-04-09T12:55:12+00:00\" \/>\r\n<meta property=\"og:image\" content=\"https:\/\/www.uqac.ca\/uqactualites\/wp-content\/uploads\/2012\/05\/communiqu-.jpg\" \/>\r\n\t<meta property=\"og:image:width\" content=\"620\" \/>\r\n\t<meta property=\"og:image:height\" content=\"300\" \/>\r\n\t<meta property=\"og:image:type\" content=\"image\/jpeg\" \/>\r\n<meta name=\"author\" content=\"Service des communications et des relations publiques\" \/>\r\n<meta name=\"twitter:card\" content=\"summary_large_image\" \/>\r\n<meta name=\"twitter:label1\" content=\"\u00c9crit par\" \/>\n\t<meta name=\"twitter:data1\" content=\"Service des communications et des relations publiques\" \/>\n\t<meta name=\"twitter:label2\" content=\"Estimation du temps de lecture\" \/>\n\t<meta name=\"twitter:data2\" content=\"2 minutes\" \/>\r\n<script type=\"application\/ld+json\" class=\"yoast-schema-graph\">{\"@context\":\"https:\/\/schema.org\",\"@graph\":[{\"@type\":\"WebPage\",\"@id\":\"https:\/\/www.uqac.ca\/uqactualites\/2015\/04\/09\/colloque-biennal-de-luqac-ladaptation-scolaire-et-sociale-au-coeur-des-preoccupations-2\/\",\"url\":\"https:\/\/www.uqac.ca\/uqactualites\/2015\/04\/09\/colloque-biennal-de-luqac-ladaptation-scolaire-et-sociale-au-coeur-des-preoccupations-2\/\",\"name\":\"Colloque biennal de l\u2019UQAC : l\u2019adaptation scolaire et sociale au c\u0153ur des pr\u00e9occupations - UQACtualit\u00e9s\",\"isPartOf\":{\"@id\":\"https:\/\/www.uqac.ca\/uqactualites\/#website\"},\"primaryImageOfPage\":{\"@id\":\"https:\/\/www.uqac.ca\/uqactualites\/2015\/04\/09\/colloque-biennal-de-luqac-ladaptation-scolaire-et-sociale-au-coeur-des-preoccupations-2\/#primaryimage\"},\"image\":{\"@id\":\"https:\/\/www.uqac.ca\/uqactualites\/2015\/04\/09\/colloque-biennal-de-luqac-ladaptation-scolaire-et-sociale-au-coeur-des-preoccupations-2\/#primaryimage\"},\"thumbnailUrl\":\"https:\/\/www.uqac.ca\/uqactualites\/wp-content\/uploads\/2012\/05\/communiqu-.jpg\",\"datePublished\":\"2015-04-09T12:55:12+00:00\",\"dateModified\":\"2015-04-09T12:55:12+00:00\",\"author\":{\"@id\":\"https:\/\/www.uqac.ca\/uqactualites\/#\/schema\/person\/366c45a0c4f0e677b41b4af5886e2018\"},\"breadcrumb\":{\"@id\":\"https:\/\/www.uqac.ca\/uqactualites\/2015\/04\/09\/colloque-biennal-de-luqac-ladaptation-scolaire-et-sociale-au-coeur-des-preoccupations-2\/#breadcrumb\"},\"inLanguage\":\"fr-CA\",\"potentialAction\":[{\"@type\":\"ReadAction\",\"target\":[\"https:\/\/www.uqac.ca\/uqactualites\/2015\/04\/09\/colloque-biennal-de-luqac-ladaptation-scolaire-et-sociale-au-coeur-des-preoccupations-2\/\"]}]},{\"@type\":\"ImageObject\",\"inLanguage\":\"fr-CA\",\"@id\":\"https:\/\/www.uqac.ca\/uqactualites\/2015\/04\/09\/colloque-biennal-de-luqac-ladaptation-scolaire-et-sociale-au-coeur-des-preoccupations-2\/#primaryimage\",\"url\":\"https:\/\/www.uqac.ca\/uqactualites\/wp-content\/uploads\/2012\/05\/communiqu-.jpg\",\"contentUrl\":\"https:\/\/www.uqac.ca\/uqactualites\/wp-content\/uploads\/2012\/05\/communiqu-.jpg\",\"width\":620,\"height\":300},{\"@type\":\"BreadcrumbList\",\"@id\":\"https:\/\/www.uqac.ca\/uqactualites\/2015\/04\/09\/colloque-biennal-de-luqac-ladaptation-scolaire-et-sociale-au-coeur-des-preoccupations-2\/#breadcrumb\",\"itemListElement\":[{\"@type\":\"ListItem\",\"position\":1,\"name\":\"Home\",\"item\":\"https:\/\/www.uqac.ca\/uqactualites\/\"},{\"@type\":\"ListItem\",\"position\":2,\"name\":\"Colloque biennal de l\u2019UQAC : l\u2019adaptation scolaire et sociale au c\u0153ur des pr\u00e9occupations\"}]},{\"@type\":\"WebSite\",\"@id\":\"https:\/\/www.uqac.ca\/uqactualites\/#website\",\"url\":\"https:\/\/www.uqac.ca\/uqactualites\/\",\"name\":\"UQACtualit\u00e9s\",\"description\":\"Le portail des nouvelles de l&#039;UQAC\",\"potentialAction\":[{\"@type\":\"SearchAction\",\"target\":{\"@type\":\"EntryPoint\",\"urlTemplate\":\"https:\/\/www.uqac.ca\/uqactualites\/?s={search_term_string}\"},\"query-input\":{\"@type\":\"PropertyValueSpecification\",\"valueRequired\":true,\"valueName\":\"search_term_string\"}}],\"inLanguage\":\"fr-CA\"},{\"@type\":\"Person\",\"@id\":\"https:\/\/www.uqac.ca\/uqactualites\/#\/schema\/person\/366c45a0c4f0e677b41b4af5886e2018\",\"name\":\"Service des communications et des relations publiques\",\"image\":{\"@type\":\"ImageObject\",\"inLanguage\":\"fr-CA\",\"@id\":\"https:\/\/www.uqac.ca\/uqactualites\/#\/schema\/person\/image\/\",\"url\":\"https:\/\/secure.gravatar.com\/avatar\/20fbbda8a292f59f2d3461a5b999c00b?s=96&d=mm&r=g\",\"contentUrl\":\"https:\/\/secure.gravatar.com\/avatar\/20fbbda8a292f59f2d3461a5b999c00b?s=96&d=mm&r=g\",\"caption\":\"Service des communications et des relations publiques\"},\"url\":\"https:\/\/www.uqac.ca\/uqactualites\/author\/bap\/\"}]}<\/script>\r\n<!-- \/ Yoast SEO plugin. -->","yoast_head_json":{"title":"Colloque biennal de l\u2019UQAC : l\u2019adaptation scolaire et sociale au c\u0153ur des pr\u00e9occupations - UQACtualit\u00e9s","robots":{"index":"index","follow":"follow","max-snippet":"max-snippet:-1","max-image-preview":"max-image-preview:large","max-video-preview":"max-video-preview:-1"},"canonical":"https:\/\/www.uqac.ca\/uqactualites\/2015\/04\/09\/colloque-biennal-de-luqac-ladaptation-scolaire-et-sociale-au-coeur-des-preoccupations-2\/","og_locale":"fr_CA","og_type":"article","og_title":"Colloque biennal de l\u2019UQAC : l\u2019adaptation scolaire et sociale au c\u0153ur des pr\u00e9occupations - UQACtualit\u00e9s","og_description":"Saguenay, le 8 avril 2015 \u2013 Le Module d\u2019enseignement en adaptation scolaire de l\u2019Universit\u00e9 du Qu\u00e9bec \u00e0 Chicoutimi tiendra le vendredi 10 avril prochain son colloque biennal sous le th\u00e8me \u00ab\u00a0Chacun a son histoire\u00a0: une question d\u2019\u00e9quilibre pour faire face aux r\u00e9alit\u00e9s\u00a0\u00bb. L\u2019\u00e9v\u00e9nement, qui se d\u00e9roulera toute la journ\u00e9e \u00e0 l\u2019H\u00f4tel Le Montagnais, permettra aux [&hellip;]","og_url":"https:\/\/www.uqac.ca\/uqactualites\/2015\/04\/09\/colloque-biennal-de-luqac-ladaptation-scolaire-et-sociale-au-coeur-des-preoccupations-2\/","og_site_name":"UQACtualit\u00e9s","article_published_time":"2015-04-09T12:55:12+00:00","og_image":[{"width":620,"height":300,"url":"https:\/\/www.uqac.ca\/uqactualites\/wp-content\/uploads\/2012\/05\/communiqu-.jpg","type":"image\/jpeg"}],"author":"Service des communications et des relations publiques","twitter_card":"summary_large_image","twitter_misc":{"\u00c9crit par":"Service des communications et des relations publiques","Estimation du temps de lecture":"2 minutes"},"schema":{"@context":"https:\/\/schema.org","@graph":[{"@type":"WebPage","@id":"https:\/\/www.uqac.ca\/uqactualites\/2015\/04\/09\/colloque-biennal-de-luqac-ladaptation-scolaire-et-sociale-au-coeur-des-preoccupations-2\/","url":"https:\/\/www.uqac.ca\/uqactualites\/2015\/04\/09\/colloque-biennal-de-luqac-ladaptation-scolaire-et-sociale-au-coeur-des-preoccupations-2\/","name":"Colloque biennal de l\u2019UQAC : l\u2019adaptation scolaire et sociale au c\u0153ur des pr\u00e9occupations - UQACtualit\u00e9s","isPartOf":{"@id":"https:\/\/www.uqac.ca\/uqactualites\/#website"},"primaryImageOfPage":{"@id":"https:\/\/www.uqac.ca\/uqactualites\/2015\/04\/09\/colloque-biennal-de-luqac-ladaptation-scolaire-et-sociale-au-coeur-des-preoccupations-2\/#primaryimage"},"image":{"@id":"https:\/\/www.uqac.ca\/uqactualites\/2015\/04\/09\/colloque-biennal-de-luqac-ladaptation-scolaire-et-sociale-au-coeur-des-preoccupations-2\/#primaryimage"},"thumbnailUrl":"https:\/\/www.uqac.ca\/uqactualites\/wp-content\/uploads\/2012\/05\/communiqu-.jpg","datePublished":"2015-04-09T12:55:12+00:00","dateModified":"2015-04-09T12:55:12+00:00","author":{"@id":"https:\/\/www.uqac.ca\/uqactualites\/#\/schema\/person\/366c45a0c4f0e677b41b4af5886e2018"},"breadcrumb":{"@id":"https:\/\/www.uqac.ca\/uqactualites\/2015\/04\/09\/colloque-biennal-de-luqac-ladaptation-scolaire-et-sociale-au-coeur-des-preoccupations-2\/#breadcrumb"},"inLanguage":"fr-CA","potentialAction":[{"@type":"ReadAction","target":["https:\/\/www.uqac.ca\/uqactualites\/2015\/04\/09\/colloque-biennal-de-luqac-ladaptation-scolaire-et-sociale-au-coeur-des-preoccupations-2\/"]}]},{"@type":"ImageObject","inLanguage":"fr-CA","@id":"https:\/\/www.uqac.ca\/uqactualites\/2015\/04\/09\/colloque-biennal-de-luqac-ladaptation-scolaire-et-sociale-au-coeur-des-preoccupations-2\/#primaryimage","url":"https:\/\/www.uqac.ca\/uqactualites\/wp-content\/uploads\/2012\/05\/communiqu-.jpg","contentUrl":"https:\/\/www.uqac.ca\/uqactualites\/wp-content\/uploads\/2012\/05\/communiqu-.jpg","width":620,"height":300},{"@type":"BreadcrumbList","@id":"https:\/\/www.uqac.ca\/uqactualites\/2015\/04\/09\/colloque-biennal-de-luqac-ladaptation-scolaire-et-sociale-au-coeur-des-preoccupations-2\/#breadcrumb","itemListElement":[{"@type":"ListItem","position":1,"name":"Home","item":"https:\/\/www.uqac.ca\/uqactualites\/"},{"@type":"ListItem","position":2,"name":"Colloque biennal de l\u2019UQAC : l\u2019adaptation scolaire et sociale au c\u0153ur des pr\u00e9occupations"}]},{"@type":"WebSite","@id":"https:\/\/www.uqac.ca\/uqactualites\/#website","url":"https:\/\/www.uqac.ca\/uqactualites\/","name":"UQACtualit\u00e9s","description":"Le portail des nouvelles de l&#039;UQAC","potentialAction":[{"@type":"SearchAction","target":{"@type":"EntryPoint","urlTemplate":"https:\/\/www.uqac.ca\/uqactualites\/?s={search_term_string}"},"query-input":{"@type":"PropertyValueSpecification","valueRequired":true,"valueName":"search_term_string"}}],"inLanguage":"fr-CA"},{"@type":"Person","@id":"https:\/\/www.uqac.ca\/uqactualites\/#\/schema\/person\/366c45a0c4f0e677b41b4af5886e2018","name":"Service des communications et des relations publiques","image":{"@type":"ImageObject","inLanguage":"fr-CA","@id":"https:\/\/www.uqac.ca\/uqactualites\/#\/schema\/person\/image\/","url":"https:\/\/secure.gravatar.com\/avatar\/20fbbda8a292f59f2d3461a5b999c00b?s=96&d=mm&r=g","contentUrl":"https:\/\/secure.gravatar.com\/avatar\/20fbbda8a292f59f2d3461a5b999c00b?s=96&d=mm&r=g","caption":"Service des communications et des relations publiques"},"url":"https:\/\/www.uqac.ca\/uqactualites\/author\/bap\/"}]}},"_links":{"self":[{"href":"https:\/\/www.uqac.ca\/uqactualites\/wp-json\/wp\/v2\/posts\/29844"}],"collection":[{"href":"https:\/\/www.uqac.ca\/uqactualites\/wp-json\/wp\/v2\/posts"}],"about":[{"href":"https:\/\/www.uqac.ca\/uqactualites\/wp-json\/wp\/v2\/types\/post"}],"author":[{"embeddable":true,"href":"https:\/\/www.uqac.ca\/uqactualites\/wp-json\/wp\/v2\/users\/5"}],"replies":[{"embeddable":true,"href":"https:\/\/www.uqac.ca\/uqactualites\/wp-json\/wp\/v2\/comments?post=29844"}],"version-history":[{"count":0,"href":"https:\/\/www.uqac.ca\/uqactualites\/wp-json\/wp\/v2\/posts\/29844\/revisions"}],"wp:featuredmedia":[{"embeddable":true,"href":"https:\/\/www.uqac.ca\/uqactualites\/wp-json\/wp\/v2\/media\/20745"}],"wp:attachment":[{"href":"https:\/\/www.uqac.ca\/uqactualites\/wp-json\/wp\/v2\/media?parent=29844"}],"wp:term":[{"taxonomy":"category","embeddable":true,"href":"https:\/\/www.uqac.ca\/uqactualites\/wp-json\/wp\/v2\/categories?post=29844"},{"taxonomy":"post_tag","embeddable":true,"href":"https:\/\/www.uqac.ca\/uqactualites\/wp-json\/wp\/v2\/tags?post=29844"}],"curies":[{"name":"wp","href":"https:\/\/api.w.org\/{rel}","templated":true}]}}