{"id":29897,"date":"2015-04-14T16:24:08","date_gmt":"2015-04-14T20:24:08","guid":{"rendered":"http:\/\/uqactualite.odev.ca\/?p=29897"},"modified":"2015-04-14T16:24:08","modified_gmt":"2015-04-14T20:24:08","slug":"table-ronde-sur-les-enjeux-futurs-de-la-recherche","status":"publish","type":"post","link":"https:\/\/www.uqac.ca\/uqactualites\/2015\/04\/14\/table-ronde-sur-les-enjeux-futurs-de-la-recherche\/","title":{"rendered":"Table ronde sur les enjeux futurs de la recherche"},"content":{"rendered":"<p><strong>Invitation aux \u00e9tudiants inscrits \u00e0 un programme de cycles sup\u00e9rieurs en sciences humaines de l\u2019UQAC<\/strong><\/p>\n<p><strong>Contexte\u00a0:<\/strong><br \/>\nL\u2019Association canadienne pour les \u00e9tudes sup\u00e9rieures (ACES) en partenariat avec le Conseil de recherches en sciences humaines (CRSH) veut mettre sur pied une initiative pancanadienne sur l\u2019avenir de la recherche pour le secteur des humanit\u00e9s. Celle-ci prendra la forme d\u2019une table ronde qui permettra d\u2019alimenter le CRSH en plus de cr\u00e9er une occasion de dialoguer et de r\u00e9fl\u00e9chir sur les enjeux futurs de la recherche.<\/p>\n<p><strong>Question \u00e9tudi\u00e9e\u00a0:<\/strong><br \/>\nQuelles sont les nouvelles m\u00e9thodes d\u2019apprentissage dont les Canadiens auront besoin, en particulier dans l\u2019enseignement sup\u00e9rieur, pour r\u00e9ussir dans la soci\u00e9t\u00e9 et sur le march\u00e9 du travail de demain?<\/p>\n<p><strong>\u00c9tudiants vis\u00e9s\u00a0:<\/strong><br \/>\nLes \u00e9tudiants vis\u00e9s sont les \u00e9tudiants inscrits \u00e0 un programme de cycles sup\u00e9rieurs en sciences humaines de l\u2019UQAC. Cela dit, tout \u00e9tudiant de sciences humaines ayant \u00e0 c\u0153ur les enjeux de la recherche universitaire est le bienvenu!<\/p>\n<p><strong>Date de la tenue de la table ronde :<\/strong><br \/>\nVendredi le 24 avril 2015 \u00e0 l\u2019UQAC<\/p>\n<p><strong>Heure\u00a0:<\/strong><br \/>\n8 h 30 \u00e0 12 h<\/p>\n<p><strong>Date limite pour confirmer une participation\u00a0:<\/strong><br \/>\n17 avril 2015 aupr\u00e8s du vice-pr\u00e9sident aux cycles sup\u00e9rieurs du MAGE-UQAC (<a href=\"mailto:superieurs@mageuqac.com\">superieurs@mageuqac.com<\/a>)<\/p>\n<p><strong>D\u00e9roulement\u00a0:<\/strong><br \/>\n1) Introduction et mise en contexte (15 minutes);<br \/>\n2) Travail en parall\u00e8le de six groupes (5 \u00e0 8 participants chacun). Chaque groupe sera responsable d\u2019une des six sous-questions en lien avec la question g\u00e9n\u00e9rale retenue (60 minutes);<br \/>\n3) Mise en commun du travail effectu\u00e9 et bonification des id\u00e9es g\u00e9n\u00e9r\u00e9es pour chaque sous-question par les participants des autres groupes (120 minutes);<br \/>\n4) Conclusion (15 minutes);<br \/>\n5) Cocktail<\/p>\n<p><strong>Sous-questions\u00a0:<\/strong><br \/>\nA\u00a0: De quelles connaissances et comp\u00e9tences et de quels modes de transmission le syst\u00e8me d\u2019\u00e9ducation public a-t-il besoin pour cr\u00e9er une soci\u00e9t\u00e9 innovatrice, r\u00e9siliente et culturellement riche?<br \/>\nB\u00a0: Quelles aspirations et attentes du citoyen provenant d\u2019horizons divers viendront alimenter les milieux de travail, les emplois et le march\u00e9 du travail de demain?<br \/>\nC\u00a0: Quelles conditions doivent \u00eatre r\u00e9unies pour que les nouveaux mod\u00e8les de recherche connaissent du succ\u00e8s, en particulier la cocr\u00e9ation de connaissances impliquant les secteurs public, priv\u00e9 et sans but lucratif?<br \/>\nD\u00a0: Quel r\u00f4le les technologies de l\u2019information et des communications\u00a0\u00a0 \u00e9mergentes et perturbatrices jouent-elles dans la d\u00e9marche d\u2019apprentissage des personnes, des institutions et de la soci\u00e9t\u00e9 en g\u00e9n\u00e9ral?<br \/>\nE\u00a0: Quel doit \u00eatre le r\u00f4le jou\u00e9 par les personnes, les institutions et les gouvernements pour promouvoir et appuyer le cycle des connaissances \u2013\u00a0 y compris la cr\u00e9ation, l\u2019accessibilit\u00e9, le maintien en poste et la mobilisation\u00a0\u2013 dans tous les secteurs \u00e0 l\u2019\u00e9chelle nationale et internationale?<br \/>\nF\u00a0: Comment pouvons-nous exploiter la force du Canada dans les arts, les m\u00e9dias num\u00e9riques et les industries ax\u00e9es sur la culture afin de g\u00e9n\u00e9rer un bien-\u00eatre \u00e9conomique, social et culturel?<\/p>\n<p>Des caf\u00e9s et des beignes seront servis aux participants pendant l\u2019\u00e9v\u00e8nement.<\/p>\n<p><strong>Un tel \u00e9v\u00e8nement est une occasion en or pour les \u00e9tudiants de se faire entendre et de prendre part \u00e0 un processus de r\u00e9flexion qui aura des impacts consid\u00e9rables sur les modalit\u00e9s de la recherche future!<\/strong><\/p>\n<p><strong>Renseignements :<br \/>\n<\/strong>Samuel Boily, vice-pr\u00e9sident aux affaires de cycle sup\u00e9rieurs<br \/>\nMAGE-UQAC<br \/>\n<a href=\"mailto:superieurs@mageuqac.com\">superieurs@mageuqac.com<\/a><\/p>\n<p>&nbsp;<\/p>\n","protected":false},"excerpt":{"rendered":"<p>Invitation aux \u00e9tudiants inscrits \u00e0 un programme de cycles sup\u00e9rieurs en sciences humaines de l\u2019UQAC Contexte\u00a0: L\u2019Association canadienne pour les \u00e9tudes sup\u00e9rieures (ACES) en partenariat avec le Conseil de recherches en sciences humaines (CRSH) veut mettre sur pied une initiative pancanadienne sur l\u2019avenir de la recherche pour le secteur des humanit\u00e9s. Celle-ci prendra la forme [&hellip;]<\/p>\n","protected":false},"author":5,"featured_media":20989,"comment_status":"open","ping_status":"open","sticky":false,"template":"","format":"standard","meta":{"footnotes":""},"categories":[2772],"tags":[741,16,779,780],"yoast_head":"<!-- This site is optimized with the Yoast SEO plugin v24.2 - https:\/\/yoast.com\/wordpress\/plugins\/seo\/ -->\r\n<title>Table ronde sur les enjeux futurs de la recherche - UQACtualit\u00e9s<\/title>\r\n<meta name=\"robots\" content=\"index, follow, max-snippet:-1, max-image-preview:large, max-video-preview:-1\" \/>\r\n<link rel=\"canonical\" href=\"https:\/\/www.uqac.ca\/uqactualites\/2015\/04\/14\/table-ronde-sur-les-enjeux-futurs-de-la-recherche\/\" \/>\r\n<meta property=\"og:locale\" content=\"fr_CA\" \/>\r\n<meta property=\"og:type\" content=\"article\" \/>\r\n<meta property=\"og:title\" content=\"Table ronde sur les enjeux futurs de la recherche - UQACtualit\u00e9s\" \/>\r\n<meta property=\"og:description\" content=\"Invitation aux \u00e9tudiants inscrits \u00e0 un programme de cycles sup\u00e9rieurs en sciences humaines de l\u2019UQAC Contexte\u00a0: L\u2019Association canadienne pour les \u00e9tudes sup\u00e9rieures (ACES) en partenariat avec le Conseil de recherches en sciences humaines (CRSH) veut mettre sur pied une initiative pancanadienne sur l\u2019avenir de la recherche pour le secteur des humanit\u00e9s. Celle-ci prendra la forme [&hellip;]\" \/>\r\n<meta property=\"og:url\" content=\"https:\/\/www.uqac.ca\/uqactualites\/2015\/04\/14\/table-ronde-sur-les-enjeux-futurs-de-la-recherche\/\" \/>\r\n<meta property=\"og:site_name\" content=\"UQACtualit\u00e9s\" \/>\r\n<meta property=\"article:published_time\" content=\"2015-04-14T20:24:08+00:00\" \/>\r\n<meta property=\"og:image\" content=\"https:\/\/www.uqac.ca\/uqactualites\/wp-content\/uploads\/2012\/05\/avis-laCommunaut-.jpg\" \/>\r\n\t<meta property=\"og:image:width\" content=\"620\" \/>\r\n\t<meta property=\"og:image:height\" content=\"300\" \/>\r\n\t<meta property=\"og:image:type\" content=\"image\/jpeg\" \/>\r\n<meta name=\"author\" content=\"Service des communications et des relations publiques\" \/>\r\n<meta name=\"twitter:card\" content=\"summary_large_image\" \/>\r\n<meta name=\"twitter:label1\" content=\"\u00c9crit par\" \/>\n\t<meta name=\"twitter:data1\" content=\"Service des communications et des relations publiques\" \/>\n\t<meta name=\"twitter:label2\" content=\"Estimation du temps de lecture\" \/>\n\t<meta name=\"twitter:data2\" content=\"3 minutes\" \/>\r\n<script type=\"application\/ld+json\" class=\"yoast-schema-graph\">{\"@context\":\"https:\/\/schema.org\",\"@graph\":[{\"@type\":\"WebPage\",\"@id\":\"https:\/\/www.uqac.ca\/uqactualites\/2015\/04\/14\/table-ronde-sur-les-enjeux-futurs-de-la-recherche\/\",\"url\":\"https:\/\/www.uqac.ca\/uqactualites\/2015\/04\/14\/table-ronde-sur-les-enjeux-futurs-de-la-recherche\/\",\"name\":\"Table ronde sur les enjeux futurs de la recherche - UQACtualit\u00e9s\",\"isPartOf\":{\"@id\":\"https:\/\/www.uqac.ca\/uqactualites\/#website\"},\"primaryImageOfPage\":{\"@id\":\"https:\/\/www.uqac.ca\/uqactualites\/2015\/04\/14\/table-ronde-sur-les-enjeux-futurs-de-la-recherche\/#primaryimage\"},\"image\":{\"@id\":\"https:\/\/www.uqac.ca\/uqactualites\/2015\/04\/14\/table-ronde-sur-les-enjeux-futurs-de-la-recherche\/#primaryimage\"},\"thumbnailUrl\":\"https:\/\/www.uqac.ca\/uqactualites\/wp-content\/uploads\/2012\/05\/avis-laCommunaut-.jpg\",\"datePublished\":\"2015-04-14T20:24:08+00:00\",\"dateModified\":\"2015-04-14T20:24:08+00:00\",\"author\":{\"@id\":\"https:\/\/www.uqac.ca\/uqactualites\/#\/schema\/person\/366c45a0c4f0e677b41b4af5886e2018\"},\"breadcrumb\":{\"@id\":\"https:\/\/www.uqac.ca\/uqactualites\/2015\/04\/14\/table-ronde-sur-les-enjeux-futurs-de-la-recherche\/#breadcrumb\"},\"inLanguage\":\"fr-CA\",\"potentialAction\":[{\"@type\":\"ReadAction\",\"target\":[\"https:\/\/www.uqac.ca\/uqactualites\/2015\/04\/14\/table-ronde-sur-les-enjeux-futurs-de-la-recherche\/\"]}]},{\"@type\":\"ImageObject\",\"inLanguage\":\"fr-CA\",\"@id\":\"https:\/\/www.uqac.ca\/uqactualites\/2015\/04\/14\/table-ronde-sur-les-enjeux-futurs-de-la-recherche\/#primaryimage\",\"url\":\"https:\/\/www.uqac.ca\/uqactualites\/wp-content\/uploads\/2012\/05\/avis-laCommunaut-.jpg\",\"contentUrl\":\"https:\/\/www.uqac.ca\/uqactualites\/wp-content\/uploads\/2012\/05\/avis-laCommunaut-.jpg\",\"width\":620,\"height\":300},{\"@type\":\"BreadcrumbList\",\"@id\":\"https:\/\/www.uqac.ca\/uqactualites\/2015\/04\/14\/table-ronde-sur-les-enjeux-futurs-de-la-recherche\/#breadcrumb\",\"itemListElement\":[{\"@type\":\"ListItem\",\"position\":1,\"name\":\"Home\",\"item\":\"https:\/\/www.uqac.ca\/uqactualites\/\"},{\"@type\":\"ListItem\",\"position\":2,\"name\":\"Table ronde sur les enjeux futurs de la recherche\"}]},{\"@type\":\"WebSite\",\"@id\":\"https:\/\/www.uqac.ca\/uqactualites\/#website\",\"url\":\"https:\/\/www.uqac.ca\/uqactualites\/\",\"name\":\"UQACtualit\u00e9s\",\"description\":\"Le portail des nouvelles de l&#039;UQAC\",\"potentialAction\":[{\"@type\":\"SearchAction\",\"target\":{\"@type\":\"EntryPoint\",\"urlTemplate\":\"https:\/\/www.uqac.ca\/uqactualites\/?s={search_term_string}\"},\"query-input\":{\"@type\":\"PropertyValueSpecification\",\"valueRequired\":true,\"valueName\":\"search_term_string\"}}],\"inLanguage\":\"fr-CA\"},{\"@type\":\"Person\",\"@id\":\"https:\/\/www.uqac.ca\/uqactualites\/#\/schema\/person\/366c45a0c4f0e677b41b4af5886e2018\",\"name\":\"Service des communications et des relations publiques\",\"image\":{\"@type\":\"ImageObject\",\"inLanguage\":\"fr-CA\",\"@id\":\"https:\/\/www.uqac.ca\/uqactualites\/#\/schema\/person\/image\/\",\"url\":\"https:\/\/secure.gravatar.com\/avatar\/20fbbda8a292f59f2d3461a5b999c00b?s=96&d=mm&r=g\",\"contentUrl\":\"https:\/\/secure.gravatar.com\/avatar\/20fbbda8a292f59f2d3461a5b999c00b?s=96&d=mm&r=g\",\"caption\":\"Service des communications et des relations publiques\"},\"url\":\"https:\/\/www.uqac.ca\/uqactualites\/author\/bap\/\"}]}<\/script>\r\n<!-- \/ Yoast SEO plugin. -->","yoast_head_json":{"title":"Table ronde sur les enjeux futurs de la recherche - UQACtualit\u00e9s","robots":{"index":"index","follow":"follow","max-snippet":"max-snippet:-1","max-image-preview":"max-image-preview:large","max-video-preview":"max-video-preview:-1"},"canonical":"https:\/\/www.uqac.ca\/uqactualites\/2015\/04\/14\/table-ronde-sur-les-enjeux-futurs-de-la-recherche\/","og_locale":"fr_CA","og_type":"article","og_title":"Table ronde sur les enjeux futurs de la recherche - UQACtualit\u00e9s","og_description":"Invitation aux \u00e9tudiants inscrits \u00e0 un programme de cycles sup\u00e9rieurs en sciences humaines de l\u2019UQAC Contexte\u00a0: L\u2019Association canadienne pour les \u00e9tudes sup\u00e9rieures (ACES) en partenariat avec le Conseil de recherches en sciences humaines (CRSH) veut mettre sur pied une initiative pancanadienne sur l\u2019avenir de la recherche pour le secteur des humanit\u00e9s. Celle-ci prendra la forme [&hellip;]","og_url":"https:\/\/www.uqac.ca\/uqactualites\/2015\/04\/14\/table-ronde-sur-les-enjeux-futurs-de-la-recherche\/","og_site_name":"UQACtualit\u00e9s","article_published_time":"2015-04-14T20:24:08+00:00","og_image":[{"width":620,"height":300,"url":"https:\/\/www.uqac.ca\/uqactualites\/wp-content\/uploads\/2012\/05\/avis-laCommunaut-.jpg","type":"image\/jpeg"}],"author":"Service des communications et des relations publiques","twitter_card":"summary_large_image","twitter_misc":{"\u00c9crit par":"Service des communications et des relations publiques","Estimation du temps de lecture":"3 minutes"},"schema":{"@context":"https:\/\/schema.org","@graph":[{"@type":"WebPage","@id":"https:\/\/www.uqac.ca\/uqactualites\/2015\/04\/14\/table-ronde-sur-les-enjeux-futurs-de-la-recherche\/","url":"https:\/\/www.uqac.ca\/uqactualites\/2015\/04\/14\/table-ronde-sur-les-enjeux-futurs-de-la-recherche\/","name":"Table ronde sur les enjeux futurs de la recherche - UQACtualit\u00e9s","isPartOf":{"@id":"https:\/\/www.uqac.ca\/uqactualites\/#website"},"primaryImageOfPage":{"@id":"https:\/\/www.uqac.ca\/uqactualites\/2015\/04\/14\/table-ronde-sur-les-enjeux-futurs-de-la-recherche\/#primaryimage"},"image":{"@id":"https:\/\/www.uqac.ca\/uqactualites\/2015\/04\/14\/table-ronde-sur-les-enjeux-futurs-de-la-recherche\/#primaryimage"},"thumbnailUrl":"https:\/\/www.uqac.ca\/uqactualites\/wp-content\/uploads\/2012\/05\/avis-laCommunaut-.jpg","datePublished":"2015-04-14T20:24:08+00:00","dateModified":"2015-04-14T20:24:08+00:00","author":{"@id":"https:\/\/www.uqac.ca\/uqactualites\/#\/schema\/person\/366c45a0c4f0e677b41b4af5886e2018"},"breadcrumb":{"@id":"https:\/\/www.uqac.ca\/uqactualites\/2015\/04\/14\/table-ronde-sur-les-enjeux-futurs-de-la-recherche\/#breadcrumb"},"inLanguage":"fr-CA","potentialAction":[{"@type":"ReadAction","target":["https:\/\/www.uqac.ca\/uqactualites\/2015\/04\/14\/table-ronde-sur-les-enjeux-futurs-de-la-recherche\/"]}]},{"@type":"ImageObject","inLanguage":"fr-CA","@id":"https:\/\/www.uqac.ca\/uqactualites\/2015\/04\/14\/table-ronde-sur-les-enjeux-futurs-de-la-recherche\/#primaryimage","url":"https:\/\/www.uqac.ca\/uqactualites\/wp-content\/uploads\/2012\/05\/avis-laCommunaut-.jpg","contentUrl":"https:\/\/www.uqac.ca\/uqactualites\/wp-content\/uploads\/2012\/05\/avis-laCommunaut-.jpg","width":620,"height":300},{"@type":"BreadcrumbList","@id":"https:\/\/www.uqac.ca\/uqactualites\/2015\/04\/14\/table-ronde-sur-les-enjeux-futurs-de-la-recherche\/#breadcrumb","itemListElement":[{"@type":"ListItem","position":1,"name":"Home","item":"https:\/\/www.uqac.ca\/uqactualites\/"},{"@type":"ListItem","position":2,"name":"Table ronde sur les enjeux futurs de la recherche"}]},{"@type":"WebSite","@id":"https:\/\/www.uqac.ca\/uqactualites\/#website","url":"https:\/\/www.uqac.ca\/uqactualites\/","name":"UQACtualit\u00e9s","description":"Le portail des nouvelles de l&#039;UQAC","potentialAction":[{"@type":"SearchAction","target":{"@type":"EntryPoint","urlTemplate":"https:\/\/www.uqac.ca\/uqactualites\/?s={search_term_string}"},"query-input":{"@type":"PropertyValueSpecification","valueRequired":true,"valueName":"search_term_string"}}],"inLanguage":"fr-CA"},{"@type":"Person","@id":"https:\/\/www.uqac.ca\/uqactualites\/#\/schema\/person\/366c45a0c4f0e677b41b4af5886e2018","name":"Service des communications et des relations publiques","image":{"@type":"ImageObject","inLanguage":"fr-CA","@id":"https:\/\/www.uqac.ca\/uqactualites\/#\/schema\/person\/image\/","url":"https:\/\/secure.gravatar.com\/avatar\/20fbbda8a292f59f2d3461a5b999c00b?s=96&d=mm&r=g","contentUrl":"https:\/\/secure.gravatar.com\/avatar\/20fbbda8a292f59f2d3461a5b999c00b?s=96&d=mm&r=g","caption":"Service des communications et des relations publiques"},"url":"https:\/\/www.uqac.ca\/uqactualites\/author\/bap\/"}]}},"_links":{"self":[{"href":"https:\/\/www.uqac.ca\/uqactualites\/wp-json\/wp\/v2\/posts\/29897"}],"collection":[{"href":"https:\/\/www.uqac.ca\/uqactualites\/wp-json\/wp\/v2\/posts"}],"about":[{"href":"https:\/\/www.uqac.ca\/uqactualites\/wp-json\/wp\/v2\/types\/post"}],"author":[{"embeddable":true,"href":"https:\/\/www.uqac.ca\/uqactualites\/wp-json\/wp\/v2\/users\/5"}],"replies":[{"embeddable":true,"href":"https:\/\/www.uqac.ca\/uqactualites\/wp-json\/wp\/v2\/comments?post=29897"}],"version-history":[{"count":0,"href":"https:\/\/www.uqac.ca\/uqactualites\/wp-json\/wp\/v2\/posts\/29897\/revisions"}],"wp:featuredmedia":[{"embeddable":true,"href":"https:\/\/www.uqac.ca\/uqactualites\/wp-json\/wp\/v2\/media\/20989"}],"wp:attachment":[{"href":"https:\/\/www.uqac.ca\/uqactualites\/wp-json\/wp\/v2\/media?parent=29897"}],"wp:term":[{"taxonomy":"category","embeddable":true,"href":"https:\/\/www.uqac.ca\/uqactualites\/wp-json\/wp\/v2\/categories?post=29897"},{"taxonomy":"post_tag","embeddable":true,"href":"https:\/\/www.uqac.ca\/uqactualites\/wp-json\/wp\/v2\/tags?post=29897"}],"curies":[{"name":"wp","href":"https:\/\/api.w.org\/{rel}","templated":true}]}}