{"id":29967,"date":"2015-04-21T15:59:48","date_gmt":"2015-04-21T19:59:48","guid":{"rendered":"http:\/\/uqactualite.odev.ca\/?p=29967"},"modified":"2015-04-21T15:59:48","modified_gmt":"2015-04-21T19:59:48","slug":"rapport-danalyse-de-developpement-durable-du-programme-de-stabilisation-des-berges-du-lac-saint-jean-une-contribution-a-la-recherche-importante-pour-la-chaire-en-eco-conseil-de-luqac","status":"publish","type":"post","link":"https:\/\/www.uqac.ca\/uqactualites\/2015\/04\/21\/rapport-danalyse-de-developpement-durable-du-programme-de-stabilisation-des-berges-du-lac-saint-jean-une-contribution-a-la-recherche-importante-pour-la-chaire-en-eco-conseil-de-luqac\/","title":{"rendered":"Rapport d&rsquo;analyse de d\u00e9veloppement durable du Programme de stabilisation des berges du lac Saint-Jean : une contribution \u00e0 la recherche importante pour la Chaire en \u00e9co-conseil de l&rsquo;UQAC"},"content":{"rendered":"<p><strong>Saguenay, 21 avril 2015<\/strong> &#8211; Le rapport d\u2019analyse de d\u00e9veloppement durable (DD) du Programme de stabilisation des berges du lac Saint-Jean, r\u00e9alis\u00e9 avec la Grille d\u2019analyse de d\u00e9veloppement durable (GADD) de la Chaire en \u00e9co-conseil de l\u2019UQAC, a permis de situer le programme par rapport aux cinq dimensions du mod\u00e8le de DD de la Chaire et de valider la prise en compte des 16 objectifs de la loi qu\u00e9b\u00e9coise sur le d\u00e9veloppement durable. Le rapport, remis \u00e0 la division \u00c9nergie \u00e9lectrique de Rio Tinto Alcan (RTA-\u00c9\u00c9) en f\u00e9vrier dernier, fait ressortir les points forts et les points \u00e0 am\u00e9liorer dans une perspective de DD.<\/p>\n<p>Dix pistes de bonification prioritaires ont \u00e9t\u00e9 retenues par les analystes \u00e0 partir de la litt\u00e9rature scientifique et des interventions des parties prenantes. Sept de ces recommandations s\u2019adressent au mandataire, alors que trois ne sont pas directement sous son contr\u00f4le et impliquent les riverains, les gouvernements locaux et le gouvernement du Qu\u00e9bec.<\/p>\n<p>\u00ab\u00a0<em>Ces pistes de bonification sont les plus susceptibles de nourrir un plan d\u2019action et d\u2019assurer une int\u00e9gration fonctionnelle du d\u00e9veloppement durable dans les prochaines ann\u00e9es tout en diminuant les impacts sociaux et environnementaux de la gestion du lac Saint-Jean<\/em>\u00a0\u00bb, a expliqu\u00e9 le professeur Claude Villeneuve, directeur de la Chaire en \u00e9co-conseil. \u00ab\u00a0<em>Le d\u00e9veloppement durable implique une obligation d\u2019am\u00e9lioration continue. Ainsi, m\u00eame si le programme analys\u00e9 touche chacune des dimensions de la grille et prend en compte \u00e0 des degr\u00e9s divers chacun des 16 principes de la loi, il reste du travail \u00e0 accomplir pour faire mieux. Les attentes sont d\u2019autant plus \u00e9lev\u00e9es en raison des \u00e9v\u00e9nements des derni\u00e8res ann\u00e9es. Cependant, pour un programme qui n\u2019a pas \u00e9t\u00e9 con\u00e7u explicitement dans un objectif de d\u00e9veloppement durable, il s\u2019agit d\u2019une bonne performance sur laquelle il sera possible de se baser pour aller plus loin.\u00a0\u00bb<\/em><\/p>\n<p>Pour la Chaire en \u00e9co-conseil, cette analyse a \u00e9t\u00e9 l\u2019occasion d\u2019am\u00e9liorer son outil d\u2019analyse dans le cadre d\u2019une recherche-action. \u00ab\u00a0<em>Des mandats comme celui qui nous a \u00e9t\u00e9 donn\u00e9 par RTA-\u00c9\u00c9 ou par la Ville de Sept-\u00celes dans le dossier de Mine Arnaud en 2011 nous permettent de mettre \u00e0 l\u2019\u00e9preuve nos m\u00e9thodes et nos outils. Cela contribue \u00e0 l\u2019am\u00e9lioration continue et \u00e0 l\u2019accumulation de donn\u00e9es utiles pour l\u2019avancement des connaissances. D\u2019ailleurs, le concept d\u2019analyse syst\u00e9mique de la durabilit\u00e9 d\u00e9velopp\u00e9 autour de nos activit\u00e9s de recherche conna\u00eet \u00e0 l\u2019\u00e9chelle internationale un engouement avec l\u2019adoption prochaine des objectifs de d\u00e9veloppement durable des Nations Unies. Nous venons tout juste de signer une entente de partenariat avec l\u2019Organisation internationale de la Francophonie pour d\u00e9velopper ce concept et les outils qui y sont d\u00e9di\u00e9s pour les quatre prochaines ann\u00e9es. Je pr\u00e9senterai d\u2019ailleurs ce concept et nos outils dans le cadre d\u2019un atelier de travail du D\u00e9partement des affaires \u00e9conomiques et sociales des Nations Unies \u00e0 New York \u00e0 la fin de mai\u00a0\u00bb,<\/em> a expliqu\u00e9 le professeur Villeneuve.<\/p>\n<p><em>\u00ab\u00a0La recherche que nous poursuivons depuis plus de vingt ans porte aujourd\u2019hui ses fruits et elle se nourrit d\u2019exp\u00e9riences comme celle-ci. Actuellement, nos outils sont utilis\u00e9s un peu partout dans le monde. Cela conforte notre confiance dans l\u2019approche utilis\u00e9e pour am\u00e9liorer le Programme de stabilisation des berges du lac Saint-Jean dans les prochaines d\u00e9cennies, et nous souhaitons que les bonifications et recommandations soient prises au s\u00e9rieux par toutes les parties prenantes \u00e0 cet effet.\u00a0\u00bb<\/em><\/p>\n<p>Le rapport d\u2019analyse de d\u00e9veloppement durable du Programme de stabilisation des berges du lac Saint-Jean r\u00e9alis\u00e9 par la Chaire en \u00e9co-conseil de l\u2019UQAC a \u00e9t\u00e9 rendu public aujourd\u2019hui par la division \u00c9nergie \u00e9lectrique de Rio Tinto Alcan. Il est disponible sur le Web \u00e0 <a href=\"http:\/\/synapse.uqac.ca\/rta-berges\/rapports-rta-berges\/\">http:\/\/synapse.uqac.ca\/rta-berges\/rapports-rta-berges\/<\/a>.<\/p>\n<p style=\"text-align: center\">-30-<\/p>\n<p>&nbsp;<\/p>\n<p><strong>Source\u00a0:<br \/>\n<\/strong>Jos\u00e9e Bourassa, agente d\u2019information<br \/>\nBureau des affaires publiques<br \/>\nUniversit\u00e9 du Qu\u00e9bec \u00e0 Chicoutimi<br \/>\n418\u00a0545-5011, poste\u00a05006 \u25aa <a href=\"mailto:josee.bourassa@uqac.ca\">josee.bourassa@uqac.ca<\/a><\/p>\n<p>&nbsp;<\/p>\n<p><strong>Renseignements\u00a0:<br \/>\n<\/strong>Claude Villeneuve, professeur<br \/>\nD\u00e9partement des sciences fondamentales<br \/>\nUniversit\u00e9 du Qu\u00e9bec \u00e0 Chicoutimi<br \/>\n418\u00a0545-5011, poste\u00a05059 \u25aa <a href=\"mailto:claude_villeneuve@uqac.ca\">claude_villeneuve@uqac.ca<\/a><\/p>\n","protected":false},"excerpt":{"rendered":"<p>Saguenay, 21 avril 2015 &#8211; Le rapport d\u2019analyse de d\u00e9veloppement durable (DD) du Programme de stabilisation des berges du lac Saint-Jean, r\u00e9alis\u00e9 avec la Grille d\u2019analyse de d\u00e9veloppement durable (GADD) de la Chaire en \u00e9co-conseil de l\u2019UQAC, a permis de situer le programme par rapport aux cinq dimensions du mod\u00e8le de DD de la Chaire [&hellip;]<\/p>\n","protected":false},"author":5,"featured_media":20745,"comment_status":"open","ping_status":"open","sticky":false,"template":"","format":"standard","meta":{"footnotes":""},"categories":[2772],"tags":[],"yoast_head":"<!-- This site is optimized with the Yoast SEO plugin v24.2 - https:\/\/yoast.com\/wordpress\/plugins\/seo\/ -->\r\n<title>Rapport d&#039;analyse de d\u00e9veloppement durable du Programme de stabilisation des berges du lac Saint-Jean : une contribution \u00e0 la recherche importante pour la Chaire en \u00e9co-conseil de l&#039;UQAC - UQACtualit\u00e9s<\/title>\r\n<meta name=\"robots\" content=\"index, follow, max-snippet:-1, max-image-preview:large, max-video-preview:-1\" \/>\r\n<link rel=\"canonical\" href=\"https:\/\/www.uqac.ca\/uqactualites\/2015\/04\/21\/rapport-danalyse-de-developpement-durable-du-programme-de-stabilisation-des-berges-du-lac-saint-jean-une-contribution-a-la-recherche-importante-pour-la-chaire-en-eco-conseil-de-luqac\/\" \/>\r\n<meta property=\"og:locale\" content=\"fr_CA\" \/>\r\n<meta property=\"og:type\" content=\"article\" \/>\r\n<meta property=\"og:title\" content=\"Rapport d&#039;analyse de d\u00e9veloppement durable du Programme de stabilisation des berges du lac Saint-Jean : une contribution \u00e0 la recherche importante pour la Chaire en \u00e9co-conseil de l&#039;UQAC - UQACtualit\u00e9s\" \/>\r\n<meta property=\"og:description\" content=\"Saguenay, 21 avril 2015 &#8211; Le rapport d\u2019analyse de d\u00e9veloppement durable (DD) du Programme de stabilisation des berges du lac Saint-Jean, r\u00e9alis\u00e9 avec la Grille d\u2019analyse de d\u00e9veloppement durable (GADD) de la Chaire en \u00e9co-conseil de l\u2019UQAC, a permis de situer le programme par rapport aux cinq dimensions du mod\u00e8le de DD de la Chaire [&hellip;]\" \/>\r\n<meta property=\"og:url\" content=\"https:\/\/www.uqac.ca\/uqactualites\/2015\/04\/21\/rapport-danalyse-de-developpement-durable-du-programme-de-stabilisation-des-berges-du-lac-saint-jean-une-contribution-a-la-recherche-importante-pour-la-chaire-en-eco-conseil-de-luqac\/\" \/>\r\n<meta property=\"og:site_name\" content=\"UQACtualit\u00e9s\" \/>\r\n<meta property=\"article:published_time\" content=\"2015-04-21T19:59:48+00:00\" \/>\r\n<meta property=\"og:image\" content=\"https:\/\/www.uqac.ca\/uqactualites\/wp-content\/uploads\/2012\/05\/communiqu-.jpg\" \/>\r\n\t<meta property=\"og:image:width\" content=\"620\" \/>\r\n\t<meta property=\"og:image:height\" content=\"300\" \/>\r\n\t<meta property=\"og:image:type\" content=\"image\/jpeg\" \/>\r\n<meta name=\"author\" content=\"Service des communications et des relations publiques\" \/>\r\n<meta name=\"twitter:card\" content=\"summary_large_image\" \/>\r\n<meta name=\"twitter:label1\" content=\"\u00c9crit par\" \/>\n\t<meta name=\"twitter:data1\" content=\"Service des communications et des relations publiques\" \/>\n\t<meta name=\"twitter:label2\" content=\"Estimation du temps de lecture\" \/>\n\t<meta name=\"twitter:data2\" content=\"4 minutes\" \/>\r\n<script type=\"application\/ld+json\" class=\"yoast-schema-graph\">{\"@context\":\"https:\/\/schema.org\",\"@graph\":[{\"@type\":\"WebPage\",\"@id\":\"https:\/\/www.uqac.ca\/uqactualites\/2015\/04\/21\/rapport-danalyse-de-developpement-durable-du-programme-de-stabilisation-des-berges-du-lac-saint-jean-une-contribution-a-la-recherche-importante-pour-la-chaire-en-eco-conseil-de-luqac\/\",\"url\":\"https:\/\/www.uqac.ca\/uqactualites\/2015\/04\/21\/rapport-danalyse-de-developpement-durable-du-programme-de-stabilisation-des-berges-du-lac-saint-jean-une-contribution-a-la-recherche-importante-pour-la-chaire-en-eco-conseil-de-luqac\/\",\"name\":\"Rapport d'analyse de d\u00e9veloppement durable du Programme de stabilisation des berges du lac Saint-Jean : une contribution \u00e0 la recherche importante pour la Chaire en \u00e9co-conseil de l'UQAC - UQACtualit\u00e9s\",\"isPartOf\":{\"@id\":\"https:\/\/www.uqac.ca\/uqactualites\/#website\"},\"primaryImageOfPage\":{\"@id\":\"https:\/\/www.uqac.ca\/uqactualites\/2015\/04\/21\/rapport-danalyse-de-developpement-durable-du-programme-de-stabilisation-des-berges-du-lac-saint-jean-une-contribution-a-la-recherche-importante-pour-la-chaire-en-eco-conseil-de-luqac\/#primaryimage\"},\"image\":{\"@id\":\"https:\/\/www.uqac.ca\/uqactualites\/2015\/04\/21\/rapport-danalyse-de-developpement-durable-du-programme-de-stabilisation-des-berges-du-lac-saint-jean-une-contribution-a-la-recherche-importante-pour-la-chaire-en-eco-conseil-de-luqac\/#primaryimage\"},\"thumbnailUrl\":\"https:\/\/www.uqac.ca\/uqactualites\/wp-content\/uploads\/2012\/05\/communiqu-.jpg\",\"datePublished\":\"2015-04-21T19:59:48+00:00\",\"dateModified\":\"2015-04-21T19:59:48+00:00\",\"author\":{\"@id\":\"https:\/\/www.uqac.ca\/uqactualites\/#\/schema\/person\/366c45a0c4f0e677b41b4af5886e2018\"},\"breadcrumb\":{\"@id\":\"https:\/\/www.uqac.ca\/uqactualites\/2015\/04\/21\/rapport-danalyse-de-developpement-durable-du-programme-de-stabilisation-des-berges-du-lac-saint-jean-une-contribution-a-la-recherche-importante-pour-la-chaire-en-eco-conseil-de-luqac\/#breadcrumb\"},\"inLanguage\":\"fr-CA\",\"potentialAction\":[{\"@type\":\"ReadAction\",\"target\":[\"https:\/\/www.uqac.ca\/uqactualites\/2015\/04\/21\/rapport-danalyse-de-developpement-durable-du-programme-de-stabilisation-des-berges-du-lac-saint-jean-une-contribution-a-la-recherche-importante-pour-la-chaire-en-eco-conseil-de-luqac\/\"]}]},{\"@type\":\"ImageObject\",\"inLanguage\":\"fr-CA\",\"@id\":\"https:\/\/www.uqac.ca\/uqactualites\/2015\/04\/21\/rapport-danalyse-de-developpement-durable-du-programme-de-stabilisation-des-berges-du-lac-saint-jean-une-contribution-a-la-recherche-importante-pour-la-chaire-en-eco-conseil-de-luqac\/#primaryimage\",\"url\":\"https:\/\/www.uqac.ca\/uqactualites\/wp-content\/uploads\/2012\/05\/communiqu-.jpg\",\"contentUrl\":\"https:\/\/www.uqac.ca\/uqactualites\/wp-content\/uploads\/2012\/05\/communiqu-.jpg\",\"width\":620,\"height\":300},{\"@type\":\"BreadcrumbList\",\"@id\":\"https:\/\/www.uqac.ca\/uqactualites\/2015\/04\/21\/rapport-danalyse-de-developpement-durable-du-programme-de-stabilisation-des-berges-du-lac-saint-jean-une-contribution-a-la-recherche-importante-pour-la-chaire-en-eco-conseil-de-luqac\/#breadcrumb\",\"itemListElement\":[{\"@type\":\"ListItem\",\"position\":1,\"name\":\"Home\",\"item\":\"https:\/\/www.uqac.ca\/uqactualites\/\"},{\"@type\":\"ListItem\",\"position\":2,\"name\":\"Rapport d&rsquo;analyse de d\u00e9veloppement durable du Programme de stabilisation des berges du lac Saint-Jean : une contribution \u00e0 la recherche importante pour la Chaire en \u00e9co-conseil de l&rsquo;UQAC\"}]},{\"@type\":\"WebSite\",\"@id\":\"https:\/\/www.uqac.ca\/uqactualites\/#website\",\"url\":\"https:\/\/www.uqac.ca\/uqactualites\/\",\"name\":\"UQACtualit\u00e9s\",\"description\":\"Le portail des nouvelles de l&#039;UQAC\",\"potentialAction\":[{\"@type\":\"SearchAction\",\"target\":{\"@type\":\"EntryPoint\",\"urlTemplate\":\"https:\/\/www.uqac.ca\/uqactualites\/?s={search_term_string}\"},\"query-input\":{\"@type\":\"PropertyValueSpecification\",\"valueRequired\":true,\"valueName\":\"search_term_string\"}}],\"inLanguage\":\"fr-CA\"},{\"@type\":\"Person\",\"@id\":\"https:\/\/www.uqac.ca\/uqactualites\/#\/schema\/person\/366c45a0c4f0e677b41b4af5886e2018\",\"name\":\"Service des communications et des relations publiques\",\"image\":{\"@type\":\"ImageObject\",\"inLanguage\":\"fr-CA\",\"@id\":\"https:\/\/www.uqac.ca\/uqactualites\/#\/schema\/person\/image\/\",\"url\":\"https:\/\/secure.gravatar.com\/avatar\/20fbbda8a292f59f2d3461a5b999c00b?s=96&d=mm&r=g\",\"contentUrl\":\"https:\/\/secure.gravatar.com\/avatar\/20fbbda8a292f59f2d3461a5b999c00b?s=96&d=mm&r=g\",\"caption\":\"Service des communications et des relations publiques\"},\"url\":\"https:\/\/www.uqac.ca\/uqactualites\/author\/bap\/\"}]}<\/script>\r\n<!-- \/ Yoast SEO plugin. -->","yoast_head_json":{"title":"Rapport d'analyse de d\u00e9veloppement durable du Programme de stabilisation des berges du lac Saint-Jean : une contribution \u00e0 la recherche importante pour la Chaire en \u00e9co-conseil de l'UQAC - UQACtualit\u00e9s","robots":{"index":"index","follow":"follow","max-snippet":"max-snippet:-1","max-image-preview":"max-image-preview:large","max-video-preview":"max-video-preview:-1"},"canonical":"https:\/\/www.uqac.ca\/uqactualites\/2015\/04\/21\/rapport-danalyse-de-developpement-durable-du-programme-de-stabilisation-des-berges-du-lac-saint-jean-une-contribution-a-la-recherche-importante-pour-la-chaire-en-eco-conseil-de-luqac\/","og_locale":"fr_CA","og_type":"article","og_title":"Rapport d'analyse de d\u00e9veloppement durable du Programme de stabilisation des berges du lac Saint-Jean : une contribution \u00e0 la recherche importante pour la Chaire en \u00e9co-conseil de l'UQAC - UQACtualit\u00e9s","og_description":"Saguenay, 21 avril 2015 &#8211; Le rapport d\u2019analyse de d\u00e9veloppement durable (DD) du Programme de stabilisation des berges du lac Saint-Jean, r\u00e9alis\u00e9 avec la Grille d\u2019analyse de d\u00e9veloppement durable (GADD) de la Chaire en \u00e9co-conseil de l\u2019UQAC, a permis de situer le programme par rapport aux cinq dimensions du mod\u00e8le de DD de la Chaire [&hellip;]","og_url":"https:\/\/www.uqac.ca\/uqactualites\/2015\/04\/21\/rapport-danalyse-de-developpement-durable-du-programme-de-stabilisation-des-berges-du-lac-saint-jean-une-contribution-a-la-recherche-importante-pour-la-chaire-en-eco-conseil-de-luqac\/","og_site_name":"UQACtualit\u00e9s","article_published_time":"2015-04-21T19:59:48+00:00","og_image":[{"width":620,"height":300,"url":"https:\/\/www.uqac.ca\/uqactualites\/wp-content\/uploads\/2012\/05\/communiqu-.jpg","type":"image\/jpeg"}],"author":"Service des communications et des relations publiques","twitter_card":"summary_large_image","twitter_misc":{"\u00c9crit par":"Service des communications et des relations publiques","Estimation du temps de lecture":"4 minutes"},"schema":{"@context":"https:\/\/schema.org","@graph":[{"@type":"WebPage","@id":"https:\/\/www.uqac.ca\/uqactualites\/2015\/04\/21\/rapport-danalyse-de-developpement-durable-du-programme-de-stabilisation-des-berges-du-lac-saint-jean-une-contribution-a-la-recherche-importante-pour-la-chaire-en-eco-conseil-de-luqac\/","url":"https:\/\/www.uqac.ca\/uqactualites\/2015\/04\/21\/rapport-danalyse-de-developpement-durable-du-programme-de-stabilisation-des-berges-du-lac-saint-jean-une-contribution-a-la-recherche-importante-pour-la-chaire-en-eco-conseil-de-luqac\/","name":"Rapport d'analyse de d\u00e9veloppement durable du Programme de stabilisation des berges du lac Saint-Jean : une contribution \u00e0 la recherche importante pour la Chaire en \u00e9co-conseil de l'UQAC - UQACtualit\u00e9s","isPartOf":{"@id":"https:\/\/www.uqac.ca\/uqactualites\/#website"},"primaryImageOfPage":{"@id":"https:\/\/www.uqac.ca\/uqactualites\/2015\/04\/21\/rapport-danalyse-de-developpement-durable-du-programme-de-stabilisation-des-berges-du-lac-saint-jean-une-contribution-a-la-recherche-importante-pour-la-chaire-en-eco-conseil-de-luqac\/#primaryimage"},"image":{"@id":"https:\/\/www.uqac.ca\/uqactualites\/2015\/04\/21\/rapport-danalyse-de-developpement-durable-du-programme-de-stabilisation-des-berges-du-lac-saint-jean-une-contribution-a-la-recherche-importante-pour-la-chaire-en-eco-conseil-de-luqac\/#primaryimage"},"thumbnailUrl":"https:\/\/www.uqac.ca\/uqactualites\/wp-content\/uploads\/2012\/05\/communiqu-.jpg","datePublished":"2015-04-21T19:59:48+00:00","dateModified":"2015-04-21T19:59:48+00:00","author":{"@id":"https:\/\/www.uqac.ca\/uqactualites\/#\/schema\/person\/366c45a0c4f0e677b41b4af5886e2018"},"breadcrumb":{"@id":"https:\/\/www.uqac.ca\/uqactualites\/2015\/04\/21\/rapport-danalyse-de-developpement-durable-du-programme-de-stabilisation-des-berges-du-lac-saint-jean-une-contribution-a-la-recherche-importante-pour-la-chaire-en-eco-conseil-de-luqac\/#breadcrumb"},"inLanguage":"fr-CA","potentialAction":[{"@type":"ReadAction","target":["https:\/\/www.uqac.ca\/uqactualites\/2015\/04\/21\/rapport-danalyse-de-developpement-durable-du-programme-de-stabilisation-des-berges-du-lac-saint-jean-une-contribution-a-la-recherche-importante-pour-la-chaire-en-eco-conseil-de-luqac\/"]}]},{"@type":"ImageObject","inLanguage":"fr-CA","@id":"https:\/\/www.uqac.ca\/uqactualites\/2015\/04\/21\/rapport-danalyse-de-developpement-durable-du-programme-de-stabilisation-des-berges-du-lac-saint-jean-une-contribution-a-la-recherche-importante-pour-la-chaire-en-eco-conseil-de-luqac\/#primaryimage","url":"https:\/\/www.uqac.ca\/uqactualites\/wp-content\/uploads\/2012\/05\/communiqu-.jpg","contentUrl":"https:\/\/www.uqac.ca\/uqactualites\/wp-content\/uploads\/2012\/05\/communiqu-.jpg","width":620,"height":300},{"@type":"BreadcrumbList","@id":"https:\/\/www.uqac.ca\/uqactualites\/2015\/04\/21\/rapport-danalyse-de-developpement-durable-du-programme-de-stabilisation-des-berges-du-lac-saint-jean-une-contribution-a-la-recherche-importante-pour-la-chaire-en-eco-conseil-de-luqac\/#breadcrumb","itemListElement":[{"@type":"ListItem","position":1,"name":"Home","item":"https:\/\/www.uqac.ca\/uqactualites\/"},{"@type":"ListItem","position":2,"name":"Rapport d&rsquo;analyse de d\u00e9veloppement durable du Programme de stabilisation des berges du lac Saint-Jean : une contribution \u00e0 la recherche importante pour la Chaire en \u00e9co-conseil de l&rsquo;UQAC"}]},{"@type":"WebSite","@id":"https:\/\/www.uqac.ca\/uqactualites\/#website","url":"https:\/\/www.uqac.ca\/uqactualites\/","name":"UQACtualit\u00e9s","description":"Le portail des nouvelles de l&#039;UQAC","potentialAction":[{"@type":"SearchAction","target":{"@type":"EntryPoint","urlTemplate":"https:\/\/www.uqac.ca\/uqactualites\/?s={search_term_string}"},"query-input":{"@type":"PropertyValueSpecification","valueRequired":true,"valueName":"search_term_string"}}],"inLanguage":"fr-CA"},{"@type":"Person","@id":"https:\/\/www.uqac.ca\/uqactualites\/#\/schema\/person\/366c45a0c4f0e677b41b4af5886e2018","name":"Service des communications et des relations publiques","image":{"@type":"ImageObject","inLanguage":"fr-CA","@id":"https:\/\/www.uqac.ca\/uqactualites\/#\/schema\/person\/image\/","url":"https:\/\/secure.gravatar.com\/avatar\/20fbbda8a292f59f2d3461a5b999c00b?s=96&d=mm&r=g","contentUrl":"https:\/\/secure.gravatar.com\/avatar\/20fbbda8a292f59f2d3461a5b999c00b?s=96&d=mm&r=g","caption":"Service des communications et des relations publiques"},"url":"https:\/\/www.uqac.ca\/uqactualites\/author\/bap\/"}]}},"_links":{"self":[{"href":"https:\/\/www.uqac.ca\/uqactualites\/wp-json\/wp\/v2\/posts\/29967"}],"collection":[{"href":"https:\/\/www.uqac.ca\/uqactualites\/wp-json\/wp\/v2\/posts"}],"about":[{"href":"https:\/\/www.uqac.ca\/uqactualites\/wp-json\/wp\/v2\/types\/post"}],"author":[{"embeddable":true,"href":"https:\/\/www.uqac.ca\/uqactualites\/wp-json\/wp\/v2\/users\/5"}],"replies":[{"embeddable":true,"href":"https:\/\/www.uqac.ca\/uqactualites\/wp-json\/wp\/v2\/comments?post=29967"}],"version-history":[{"count":0,"href":"https:\/\/www.uqac.ca\/uqactualites\/wp-json\/wp\/v2\/posts\/29967\/revisions"}],"wp:featuredmedia":[{"embeddable":true,"href":"https:\/\/www.uqac.ca\/uqactualites\/wp-json\/wp\/v2\/media\/20745"}],"wp:attachment":[{"href":"https:\/\/www.uqac.ca\/uqactualites\/wp-json\/wp\/v2\/media?parent=29967"}],"wp:term":[{"taxonomy":"category","embeddable":true,"href":"https:\/\/www.uqac.ca\/uqactualites\/wp-json\/wp\/v2\/categories?post=29967"},{"taxonomy":"post_tag","embeddable":true,"href":"https:\/\/www.uqac.ca\/uqactualites\/wp-json\/wp\/v2\/tags?post=29967"}],"curies":[{"name":"wp","href":"https:\/\/api.w.org\/{rel}","templated":true}]}}