{"id":29970,"date":"2015-04-22T10:29:40","date_gmt":"2015-04-22T14:29:40","guid":{"rendered":"http:\/\/uqactualite.odev.ca\/?p=29970"},"modified":"2015-04-22T10:29:40","modified_gmt":"2015-04-22T14:29:40","slug":"uqac-en-spectacle-2015","status":"publish","type":"post","link":"https:\/\/www.uqac.ca\/uqactualites\/2015\/04\/22\/uqac-en-spectacle-2015\/","title":{"rendered":"Caroline Dufour remporte la 21e \u00e9dition de UQAC en spectacle"},"content":{"rendered":"<p>Le 23 mars dernier avait lieu la 21<sup>e<\/sup> \u00e9dition du concours des arts de la sc\u00e8ne UQAC en spectacle. La premi\u00e8re position a \u00e9t\u00e9 remport\u00e9e par Caroline Dufour, \u00e9tudiante en kin\u00e9siologie.<\/p>\n<p>L\u2019\u00e9quipe des Services aux \u00e9tudiants tient \u00e0 f\u00e9liciter l\u2019ensemble des participants et la gagnante de l\u2019\u00e9dition 2015.<\/p>\n<p><strong>\u00c0 propos de UQAC en spectacle<\/strong><br \/>\nUQAC en spectacle est concours qui s\u2019adresse aux \u00e9tudiants de l\u2019UQAC. Cette comp\u00e9tition des arts de la sc\u00e8ne a pour objectif de permettre aux artistes \u00e9tudiants d\u2019acqu\u00e9rir une exp\u00e9rience de la sc\u00e8ne et des coulisses du monde du spectacle, de mettre en valeur l\u2019excellence artistique \u00e9tudiante dans toutes les disciplines en plus de contribuer au d\u00e9veloppement artistique dans notre institution.<\/p>\n<p>&nbsp;<\/p>\n<p><strong>Renseignements :<br \/>\n<\/strong>Patrice S\u00e9guin, animateur de vie \u00e9tudiante<br \/>\nServices aux \u00e9tudiants<br \/>\nUniversit\u00e9 du Qu\u00e9bec \u00e0 Chicoutimi<br \/>\n418 545-5011, poste 2014 \u25aa <a href=\"mailto:patrice.seguin@uqac.ca\">patrice.seguin@uqac.ca<\/a><\/p>\n<p>&nbsp;<\/p>\n<hr \/>\n<p><span style=\"color: #808080\"><strong>PHOTO<\/strong> : (de gauche \u00e0 droite) Mme Jessica-Zo\u00e9 Fournier (jury), M. R\u00e9jean Ch\u00e2tigny (jury), Mme Caroline Dufour (gagnante) et M. Denis Bouchard (jury).<\/span><br \/>\n<span style=\"color: #808080\">Cr\u00e9dit photo\u00a0: Patrice S\u00e9guin<\/span><\/p>\n<hr \/>\n<p>&nbsp;<\/p>\n","protected":false},"excerpt":{"rendered":"<p>Le 23 mars dernier avait lieu la 21e \u00e9dition du concours des arts de la sc\u00e8ne UQAC en spectacle. La premi\u00e8re position a \u00e9t\u00e9 remport\u00e9e par Caroline Dufour, \u00e9tudiante en kin\u00e9siologie. L\u2019\u00e9quipe des Services aux \u00e9tudiants tient \u00e0 f\u00e9liciter l\u2019ensemble des participants et la gagnante de l\u2019\u00e9dition 2015. \u00c0 propos de UQAC en spectacle UQAC [&hellip;]<\/p>\n","protected":false},"author":5,"featured_media":29972,"comment_status":"open","ping_status":"open","sticky":false,"template":"","format":"standard","meta":{"footnotes":""},"categories":[2,9],"tags":[794,28,795,611,533],"yoast_head":"<!-- This site is optimized with the Yoast SEO plugin v24.2 - https:\/\/yoast.com\/wordpress\/plugins\/seo\/ -->\r\n<title>Caroline Dufour remporte la 21e \u00e9dition de UQAC en spectacle - UQACtualit\u00e9s<\/title>\r\n<meta name=\"robots\" content=\"index, follow, max-snippet:-1, max-image-preview:large, max-video-preview:-1\" \/>\r\n<link rel=\"canonical\" href=\"https:\/\/www.uqac.ca\/uqactualites\/2015\/04\/22\/uqac-en-spectacle-2015\/\" \/>\r\n<meta property=\"og:locale\" content=\"fr_CA\" \/>\r\n<meta property=\"og:type\" content=\"article\" \/>\r\n<meta property=\"og:title\" content=\"Caroline Dufour remporte la 21e \u00e9dition de UQAC en spectacle - UQACtualit\u00e9s\" \/>\r\n<meta property=\"og:description\" content=\"Le 23 mars dernier avait lieu la 21e \u00e9dition du concours des arts de la sc\u00e8ne UQAC en spectacle. La premi\u00e8re position a \u00e9t\u00e9 remport\u00e9e par Caroline Dufour, \u00e9tudiante en kin\u00e9siologie. L\u2019\u00e9quipe des Services aux \u00e9tudiants tient \u00e0 f\u00e9liciter l\u2019ensemble des participants et la gagnante de l\u2019\u00e9dition 2015. \u00c0 propos de UQAC en spectacle UQAC [&hellip;]\" \/>\r\n<meta property=\"og:url\" content=\"https:\/\/www.uqac.ca\/uqactualites\/2015\/04\/22\/uqac-en-spectacle-2015\/\" \/>\r\n<meta property=\"og:site_name\" content=\"UQACtualit\u00e9s\" \/>\r\n<meta property=\"article:published_time\" content=\"2015-04-22T14:29:40+00:00\" \/>\r\n<meta property=\"og:image\" content=\"https:\/\/www.uqac.ca\/uqactualites\/wp-content\/uploads\/2015\/04\/UQACenspectacleH15-2-scaled.jpg\" \/>\r\n\t<meta property=\"og:image:width\" content=\"2560\" \/>\r\n\t<meta property=\"og:image:height\" content=\"1175\" \/>\r\n\t<meta property=\"og:image:type\" content=\"image\/jpeg\" \/>\r\n<meta name=\"author\" content=\"Service des communications et des relations publiques\" \/>\r\n<meta name=\"twitter:card\" content=\"summary_large_image\" \/>\r\n<meta name=\"twitter:label1\" content=\"\u00c9crit par\" \/>\n\t<meta name=\"twitter:data1\" content=\"Service des communications et des relations publiques\" \/>\n\t<meta name=\"twitter:label2\" content=\"Estimation du temps de lecture\" \/>\n\t<meta name=\"twitter:data2\" content=\"1 minute\" \/>\r\n<script type=\"application\/ld+json\" class=\"yoast-schema-graph\">{\"@context\":\"https:\/\/schema.org\",\"@graph\":[{\"@type\":\"WebPage\",\"@id\":\"https:\/\/www.uqac.ca\/uqactualites\/2015\/04\/22\/uqac-en-spectacle-2015\/\",\"url\":\"https:\/\/www.uqac.ca\/uqactualites\/2015\/04\/22\/uqac-en-spectacle-2015\/\",\"name\":\"Caroline Dufour remporte la 21e \u00e9dition de UQAC en spectacle - UQACtualit\u00e9s\",\"isPartOf\":{\"@id\":\"https:\/\/www.uqac.ca\/uqactualites\/#website\"},\"primaryImageOfPage\":{\"@id\":\"https:\/\/www.uqac.ca\/uqactualites\/2015\/04\/22\/uqac-en-spectacle-2015\/#primaryimage\"},\"image\":{\"@id\":\"https:\/\/www.uqac.ca\/uqactualites\/2015\/04\/22\/uqac-en-spectacle-2015\/#primaryimage\"},\"thumbnailUrl\":\"https:\/\/www.uqac.ca\/uqactualites\/wp-content\/uploads\/2015\/04\/UQACenspectacleH15-2-scaled.jpg\",\"datePublished\":\"2015-04-22T14:29:40+00:00\",\"dateModified\":\"2015-04-22T14:29:40+00:00\",\"author\":{\"@id\":\"https:\/\/www.uqac.ca\/uqactualites\/#\/schema\/person\/366c45a0c4f0e677b41b4af5886e2018\"},\"breadcrumb\":{\"@id\":\"https:\/\/www.uqac.ca\/uqactualites\/2015\/04\/22\/uqac-en-spectacle-2015\/#breadcrumb\"},\"inLanguage\":\"fr-CA\",\"potentialAction\":[{\"@type\":\"ReadAction\",\"target\":[\"https:\/\/www.uqac.ca\/uqactualites\/2015\/04\/22\/uqac-en-spectacle-2015\/\"]}]},{\"@type\":\"ImageObject\",\"inLanguage\":\"fr-CA\",\"@id\":\"https:\/\/www.uqac.ca\/uqactualites\/2015\/04\/22\/uqac-en-spectacle-2015\/#primaryimage\",\"url\":\"https:\/\/www.uqac.ca\/uqactualites\/wp-content\/uploads\/2015\/04\/UQACenspectacleH15-2-scaled.jpg\",\"contentUrl\":\"https:\/\/www.uqac.ca\/uqactualites\/wp-content\/uploads\/2015\/04\/UQACenspectacleH15-2-scaled.jpg\",\"width\":2560,\"height\":1175},{\"@type\":\"BreadcrumbList\",\"@id\":\"https:\/\/www.uqac.ca\/uqactualites\/2015\/04\/22\/uqac-en-spectacle-2015\/#breadcrumb\",\"itemListElement\":[{\"@type\":\"ListItem\",\"position\":1,\"name\":\"Home\",\"item\":\"https:\/\/www.uqac.ca\/uqactualites\/\"},{\"@type\":\"ListItem\",\"position\":2,\"name\":\"Caroline Dufour remporte la 21e \u00e9dition de UQAC en spectacle\"}]},{\"@type\":\"WebSite\",\"@id\":\"https:\/\/www.uqac.ca\/uqactualites\/#website\",\"url\":\"https:\/\/www.uqac.ca\/uqactualites\/\",\"name\":\"UQACtualit\u00e9s\",\"description\":\"Le portail des nouvelles de l&#039;UQAC\",\"potentialAction\":[{\"@type\":\"SearchAction\",\"target\":{\"@type\":\"EntryPoint\",\"urlTemplate\":\"https:\/\/www.uqac.ca\/uqactualites\/?s={search_term_string}\"},\"query-input\":{\"@type\":\"PropertyValueSpecification\",\"valueRequired\":true,\"valueName\":\"search_term_string\"}}],\"inLanguage\":\"fr-CA\"},{\"@type\":\"Person\",\"@id\":\"https:\/\/www.uqac.ca\/uqactualites\/#\/schema\/person\/366c45a0c4f0e677b41b4af5886e2018\",\"name\":\"Service des communications et des relations publiques\",\"image\":{\"@type\":\"ImageObject\",\"inLanguage\":\"fr-CA\",\"@id\":\"https:\/\/www.uqac.ca\/uqactualites\/#\/schema\/person\/image\/\",\"url\":\"https:\/\/secure.gravatar.com\/avatar\/20fbbda8a292f59f2d3461a5b999c00b?s=96&d=mm&r=g\",\"contentUrl\":\"https:\/\/secure.gravatar.com\/avatar\/20fbbda8a292f59f2d3461a5b999c00b?s=96&d=mm&r=g\",\"caption\":\"Service des communications et des relations publiques\"},\"url\":\"https:\/\/www.uqac.ca\/uqactualites\/author\/bap\/\"}]}<\/script>\r\n<!-- \/ Yoast SEO plugin. -->","yoast_head_json":{"title":"Caroline Dufour remporte la 21e \u00e9dition de UQAC en spectacle - UQACtualit\u00e9s","robots":{"index":"index","follow":"follow","max-snippet":"max-snippet:-1","max-image-preview":"max-image-preview:large","max-video-preview":"max-video-preview:-1"},"canonical":"https:\/\/www.uqac.ca\/uqactualites\/2015\/04\/22\/uqac-en-spectacle-2015\/","og_locale":"fr_CA","og_type":"article","og_title":"Caroline Dufour remporte la 21e \u00e9dition de UQAC en spectacle - UQACtualit\u00e9s","og_description":"Le 23 mars dernier avait lieu la 21e \u00e9dition du concours des arts de la sc\u00e8ne UQAC en spectacle. La premi\u00e8re position a \u00e9t\u00e9 remport\u00e9e par Caroline Dufour, \u00e9tudiante en kin\u00e9siologie. L\u2019\u00e9quipe des Services aux \u00e9tudiants tient \u00e0 f\u00e9liciter l\u2019ensemble des participants et la gagnante de l\u2019\u00e9dition 2015. \u00c0 propos de UQAC en spectacle UQAC [&hellip;]","og_url":"https:\/\/www.uqac.ca\/uqactualites\/2015\/04\/22\/uqac-en-spectacle-2015\/","og_site_name":"UQACtualit\u00e9s","article_published_time":"2015-04-22T14:29:40+00:00","og_image":[{"width":2560,"height":1175,"url":"https:\/\/www.uqac.ca\/uqactualites\/wp-content\/uploads\/2015\/04\/UQACenspectacleH15-2-scaled.jpg","type":"image\/jpeg"}],"author":"Service des communications et des relations publiques","twitter_card":"summary_large_image","twitter_misc":{"\u00c9crit par":"Service des communications et des relations publiques","Estimation du temps de lecture":"1 minute"},"schema":{"@context":"https:\/\/schema.org","@graph":[{"@type":"WebPage","@id":"https:\/\/www.uqac.ca\/uqactualites\/2015\/04\/22\/uqac-en-spectacle-2015\/","url":"https:\/\/www.uqac.ca\/uqactualites\/2015\/04\/22\/uqac-en-spectacle-2015\/","name":"Caroline Dufour remporte la 21e \u00e9dition de UQAC en spectacle - UQACtualit\u00e9s","isPartOf":{"@id":"https:\/\/www.uqac.ca\/uqactualites\/#website"},"primaryImageOfPage":{"@id":"https:\/\/www.uqac.ca\/uqactualites\/2015\/04\/22\/uqac-en-spectacle-2015\/#primaryimage"},"image":{"@id":"https:\/\/www.uqac.ca\/uqactualites\/2015\/04\/22\/uqac-en-spectacle-2015\/#primaryimage"},"thumbnailUrl":"https:\/\/www.uqac.ca\/uqactualites\/wp-content\/uploads\/2015\/04\/UQACenspectacleH15-2-scaled.jpg","datePublished":"2015-04-22T14:29:40+00:00","dateModified":"2015-04-22T14:29:40+00:00","author":{"@id":"https:\/\/www.uqac.ca\/uqactualites\/#\/schema\/person\/366c45a0c4f0e677b41b4af5886e2018"},"breadcrumb":{"@id":"https:\/\/www.uqac.ca\/uqactualites\/2015\/04\/22\/uqac-en-spectacle-2015\/#breadcrumb"},"inLanguage":"fr-CA","potentialAction":[{"@type":"ReadAction","target":["https:\/\/www.uqac.ca\/uqactualites\/2015\/04\/22\/uqac-en-spectacle-2015\/"]}]},{"@type":"ImageObject","inLanguage":"fr-CA","@id":"https:\/\/www.uqac.ca\/uqactualites\/2015\/04\/22\/uqac-en-spectacle-2015\/#primaryimage","url":"https:\/\/www.uqac.ca\/uqactualites\/wp-content\/uploads\/2015\/04\/UQACenspectacleH15-2-scaled.jpg","contentUrl":"https:\/\/www.uqac.ca\/uqactualites\/wp-content\/uploads\/2015\/04\/UQACenspectacleH15-2-scaled.jpg","width":2560,"height":1175},{"@type":"BreadcrumbList","@id":"https:\/\/www.uqac.ca\/uqactualites\/2015\/04\/22\/uqac-en-spectacle-2015\/#breadcrumb","itemListElement":[{"@type":"ListItem","position":1,"name":"Home","item":"https:\/\/www.uqac.ca\/uqactualites\/"},{"@type":"ListItem","position":2,"name":"Caroline Dufour remporte la 21e \u00e9dition de UQAC en spectacle"}]},{"@type":"WebSite","@id":"https:\/\/www.uqac.ca\/uqactualites\/#website","url":"https:\/\/www.uqac.ca\/uqactualites\/","name":"UQACtualit\u00e9s","description":"Le portail des nouvelles de l&#039;UQAC","potentialAction":[{"@type":"SearchAction","target":{"@type":"EntryPoint","urlTemplate":"https:\/\/www.uqac.ca\/uqactualites\/?s={search_term_string}"},"query-input":{"@type":"PropertyValueSpecification","valueRequired":true,"valueName":"search_term_string"}}],"inLanguage":"fr-CA"},{"@type":"Person","@id":"https:\/\/www.uqac.ca\/uqactualites\/#\/schema\/person\/366c45a0c4f0e677b41b4af5886e2018","name":"Service des communications et des relations publiques","image":{"@type":"ImageObject","inLanguage":"fr-CA","@id":"https:\/\/www.uqac.ca\/uqactualites\/#\/schema\/person\/image\/","url":"https:\/\/secure.gravatar.com\/avatar\/20fbbda8a292f59f2d3461a5b999c00b?s=96&d=mm&r=g","contentUrl":"https:\/\/secure.gravatar.com\/avatar\/20fbbda8a292f59f2d3461a5b999c00b?s=96&d=mm&r=g","caption":"Service des communications et des relations publiques"},"url":"https:\/\/www.uqac.ca\/uqactualites\/author\/bap\/"}]}},"_links":{"self":[{"href":"https:\/\/www.uqac.ca\/uqactualites\/wp-json\/wp\/v2\/posts\/29970"}],"collection":[{"href":"https:\/\/www.uqac.ca\/uqactualites\/wp-json\/wp\/v2\/posts"}],"about":[{"href":"https:\/\/www.uqac.ca\/uqactualites\/wp-json\/wp\/v2\/types\/post"}],"author":[{"embeddable":true,"href":"https:\/\/www.uqac.ca\/uqactualites\/wp-json\/wp\/v2\/users\/5"}],"replies":[{"embeddable":true,"href":"https:\/\/www.uqac.ca\/uqactualites\/wp-json\/wp\/v2\/comments?post=29970"}],"version-history":[{"count":0,"href":"https:\/\/www.uqac.ca\/uqactualites\/wp-json\/wp\/v2\/posts\/29970\/revisions"}],"wp:featuredmedia":[{"embeddable":true,"href":"https:\/\/www.uqac.ca\/uqactualites\/wp-json\/wp\/v2\/media\/29972"}],"wp:attachment":[{"href":"https:\/\/www.uqac.ca\/uqactualites\/wp-json\/wp\/v2\/media?parent=29970"}],"wp:term":[{"taxonomy":"category","embeddable":true,"href":"https:\/\/www.uqac.ca\/uqactualites\/wp-json\/wp\/v2\/categories?post=29970"},{"taxonomy":"post_tag","embeddable":true,"href":"https:\/\/www.uqac.ca\/uqactualites\/wp-json\/wp\/v2\/tags?post=29970"}],"curies":[{"name":"wp","href":"https:\/\/api.w.org\/{rel}","templated":true}]}}