{"id":29987,"date":"2015-04-23T10:36:59","date_gmt":"2015-04-23T14:36:59","guid":{"rendered":"http:\/\/uqactualite.odev.ca\/?p=29987"},"modified":"2015-04-23T10:36:59","modified_gmt":"2015-04-23T14:36:59","slug":"nous-sommes-detroit","status":"publish","type":"post","link":"https:\/\/www.uqac.ca\/uqactualites\/2015\/04\/23\/nous-sommes-detroit\/","title":{"rendered":"Pi\u00e8ce de th\u00e9\u00e2tre \u00ab Nous sommes D\u00e9troit \u00bb"},"content":{"rendered":"<p>La communaut\u00e9 universitaire est invit\u00e9e \u00e0 assister \u00e0 la pi\u00e8ce de th\u00e9\u00e2tre \u00ab Nous sommes D\u00e9troit \u00bb produite par des \u00e9tudiants du cours Cr\u00e9ation th\u00e9\u00e2trale de l\u2019UQAC. Pr\u00e9sent\u00e9e les 22, 23 et 24 avril, \u00e0 20 h, au Petit th\u00e9\u00e2tre de l\u2019UQAC, cette pi\u00e8ce est une c\u00e9l\u00e9bration de la d\u00e9solation, cr\u00e9\u00e9e \u00e0 partir de nouvelles de l\u2019auteur am\u00e9ricain Raymond Carver (qui a \u00e9galement inspir\u00e9 le sc\u00e9nario du film Birdman).<\/p>\n<p>Un homme, une femme et une bouteille de scotch\u2026 Raymond Carver d\u00e9peint des personnages \u00e9cras\u00e9s par le quotidien, qui se d\u00e9foncent sans joie et d\u00e9cident un jour d\u2019envoyer tout valser. Dans un garage, th\u00e9\u00e2tre des possibles, onze jeunes se racontent Carver. Ils cherchent surtout \u00e0 d\u00e9construire la fable, \u00e0 laisser \u00e9merger la force animale de ces sc\u00e8nes de banlieue au quotidien \u00e9crasant. Comme \u00e0 D\u00e9troit, ils se r\u00e9veillent dans les ruines de leur vie et entament un joyeux chant punk \u00e9corch\u00e9.<\/p>\n<p>Cette cr\u00e9ation th\u00e9\u00e2trale parie sur une d\u00e9marche de construction et de d\u00e9construction perp\u00e9tuelles. La musique et la performance s\u2019infiltrent dans le processus de travail pour faire \u00e9merger une oeuvre \u00e0 la m\u00e9lancolie festive.<\/p>\n<p><strong>Renseignements :<\/strong><br \/>\nAnne-Marie Ouellet, charg\u00e9e de cours, et metteure en sc\u00e8ne<br \/>\n438-993-3601<br \/>\n<a href=\"mailto:%20annemarieouellet@gmail.com\">annemarieouellet@gmail.com<\/a><\/p>\n","protected":false},"excerpt":{"rendered":"<p>La communaut\u00e9 universitaire est invit\u00e9e \u00e0 assister \u00e0 la pi\u00e8ce de th\u00e9\u00e2tre \u00ab Nous sommes D\u00e9troit \u00bb produite par des \u00e9tudiants du cours Cr\u00e9ation th\u00e9\u00e2trale de l\u2019UQAC. Pr\u00e9sent\u00e9e les 22, 23 et 24 avril, \u00e0 20 h, au Petit th\u00e9\u00e2tre de l\u2019UQAC, cette pi\u00e8ce est une c\u00e9l\u00e9bration de la d\u00e9solation, cr\u00e9\u00e9e \u00e0 partir de nouvelles [&hellip;]<\/p>\n","protected":false},"author":5,"featured_media":20989,"comment_status":"open","ping_status":"open","sticky":false,"template":"","format":"standard","meta":{"footnotes":""},"categories":[2772],"tags":[796,797,205],"yoast_head":"<!-- This site is optimized with the Yoast SEO plugin v24.2 - https:\/\/yoast.com\/wordpress\/plugins\/seo\/ -->\r\n<title>Pi\u00e8ce de th\u00e9\u00e2tre \u00ab Nous sommes D\u00e9troit \u00bb - UQACtualit\u00e9s<\/title>\r\n<meta name=\"robots\" content=\"index, follow, max-snippet:-1, max-image-preview:large, max-video-preview:-1\" \/>\r\n<link rel=\"canonical\" href=\"https:\/\/www.uqac.ca\/uqactualites\/2015\/04\/23\/nous-sommes-detroit\/\" \/>\r\n<meta property=\"og:locale\" content=\"fr_CA\" \/>\r\n<meta property=\"og:type\" content=\"article\" \/>\r\n<meta property=\"og:title\" content=\"Pi\u00e8ce de th\u00e9\u00e2tre \u00ab Nous sommes D\u00e9troit \u00bb - UQACtualit\u00e9s\" \/>\r\n<meta property=\"og:description\" content=\"La communaut\u00e9 universitaire est invit\u00e9e \u00e0 assister \u00e0 la pi\u00e8ce de th\u00e9\u00e2tre \u00ab Nous sommes D\u00e9troit \u00bb produite par des \u00e9tudiants du cours Cr\u00e9ation th\u00e9\u00e2trale de l\u2019UQAC. Pr\u00e9sent\u00e9e les 22, 23 et 24 avril, \u00e0 20 h, au Petit th\u00e9\u00e2tre de l\u2019UQAC, cette pi\u00e8ce est une c\u00e9l\u00e9bration de la d\u00e9solation, cr\u00e9\u00e9e \u00e0 partir de nouvelles [&hellip;]\" \/>\r\n<meta property=\"og:url\" content=\"https:\/\/www.uqac.ca\/uqactualites\/2015\/04\/23\/nous-sommes-detroit\/\" \/>\r\n<meta property=\"og:site_name\" content=\"UQACtualit\u00e9s\" \/>\r\n<meta property=\"article:published_time\" content=\"2015-04-23T14:36:59+00:00\" \/>\r\n<meta property=\"og:image\" content=\"https:\/\/www.uqac.ca\/uqactualites\/wp-content\/uploads\/2012\/05\/avis-laCommunaut-.jpg\" \/>\r\n\t<meta property=\"og:image:width\" content=\"620\" \/>\r\n\t<meta property=\"og:image:height\" content=\"300\" \/>\r\n\t<meta property=\"og:image:type\" content=\"image\/jpeg\" \/>\r\n<meta name=\"author\" content=\"Service des communications et des relations publiques\" \/>\r\n<meta name=\"twitter:card\" content=\"summary_large_image\" \/>\r\n<meta name=\"twitter:label1\" content=\"\u00c9crit par\" \/>\n\t<meta name=\"twitter:data1\" content=\"Service des communications et des relations publiques\" \/>\n\t<meta name=\"twitter:label2\" content=\"Estimation du temps de lecture\" \/>\n\t<meta name=\"twitter:data2\" content=\"1 minute\" \/>\r\n<script type=\"application\/ld+json\" class=\"yoast-schema-graph\">{\"@context\":\"https:\/\/schema.org\",\"@graph\":[{\"@type\":\"WebPage\",\"@id\":\"https:\/\/www.uqac.ca\/uqactualites\/2015\/04\/23\/nous-sommes-detroit\/\",\"url\":\"https:\/\/www.uqac.ca\/uqactualites\/2015\/04\/23\/nous-sommes-detroit\/\",\"name\":\"Pi\u00e8ce de th\u00e9\u00e2tre \u00ab Nous sommes D\u00e9troit \u00bb - UQACtualit\u00e9s\",\"isPartOf\":{\"@id\":\"https:\/\/www.uqac.ca\/uqactualites\/#website\"},\"primaryImageOfPage\":{\"@id\":\"https:\/\/www.uqac.ca\/uqactualites\/2015\/04\/23\/nous-sommes-detroit\/#primaryimage\"},\"image\":{\"@id\":\"https:\/\/www.uqac.ca\/uqactualites\/2015\/04\/23\/nous-sommes-detroit\/#primaryimage\"},\"thumbnailUrl\":\"https:\/\/www.uqac.ca\/uqactualites\/wp-content\/uploads\/2012\/05\/avis-laCommunaut-.jpg\",\"datePublished\":\"2015-04-23T14:36:59+00:00\",\"dateModified\":\"2015-04-23T14:36:59+00:00\",\"author\":{\"@id\":\"https:\/\/www.uqac.ca\/uqactualites\/#\/schema\/person\/366c45a0c4f0e677b41b4af5886e2018\"},\"breadcrumb\":{\"@id\":\"https:\/\/www.uqac.ca\/uqactualites\/2015\/04\/23\/nous-sommes-detroit\/#breadcrumb\"},\"inLanguage\":\"fr-CA\",\"potentialAction\":[{\"@type\":\"ReadAction\",\"target\":[\"https:\/\/www.uqac.ca\/uqactualites\/2015\/04\/23\/nous-sommes-detroit\/\"]}]},{\"@type\":\"ImageObject\",\"inLanguage\":\"fr-CA\",\"@id\":\"https:\/\/www.uqac.ca\/uqactualites\/2015\/04\/23\/nous-sommes-detroit\/#primaryimage\",\"url\":\"https:\/\/www.uqac.ca\/uqactualites\/wp-content\/uploads\/2012\/05\/avis-laCommunaut-.jpg\",\"contentUrl\":\"https:\/\/www.uqac.ca\/uqactualites\/wp-content\/uploads\/2012\/05\/avis-laCommunaut-.jpg\",\"width\":620,\"height\":300},{\"@type\":\"BreadcrumbList\",\"@id\":\"https:\/\/www.uqac.ca\/uqactualites\/2015\/04\/23\/nous-sommes-detroit\/#breadcrumb\",\"itemListElement\":[{\"@type\":\"ListItem\",\"position\":1,\"name\":\"Home\",\"item\":\"https:\/\/www.uqac.ca\/uqactualites\/\"},{\"@type\":\"ListItem\",\"position\":2,\"name\":\"Pi\u00e8ce de th\u00e9\u00e2tre \u00ab Nous sommes D\u00e9troit \u00bb\"}]},{\"@type\":\"WebSite\",\"@id\":\"https:\/\/www.uqac.ca\/uqactualites\/#website\",\"url\":\"https:\/\/www.uqac.ca\/uqactualites\/\",\"name\":\"UQACtualit\u00e9s\",\"description\":\"Le portail des nouvelles de l&#039;UQAC\",\"potentialAction\":[{\"@type\":\"SearchAction\",\"target\":{\"@type\":\"EntryPoint\",\"urlTemplate\":\"https:\/\/www.uqac.ca\/uqactualites\/?s={search_term_string}\"},\"query-input\":{\"@type\":\"PropertyValueSpecification\",\"valueRequired\":true,\"valueName\":\"search_term_string\"}}],\"inLanguage\":\"fr-CA\"},{\"@type\":\"Person\",\"@id\":\"https:\/\/www.uqac.ca\/uqactualites\/#\/schema\/person\/366c45a0c4f0e677b41b4af5886e2018\",\"name\":\"Service des communications et des relations publiques\",\"image\":{\"@type\":\"ImageObject\",\"inLanguage\":\"fr-CA\",\"@id\":\"https:\/\/www.uqac.ca\/uqactualites\/#\/schema\/person\/image\/\",\"url\":\"https:\/\/secure.gravatar.com\/avatar\/20fbbda8a292f59f2d3461a5b999c00b?s=96&d=mm&r=g\",\"contentUrl\":\"https:\/\/secure.gravatar.com\/avatar\/20fbbda8a292f59f2d3461a5b999c00b?s=96&d=mm&r=g\",\"caption\":\"Service des communications et des relations publiques\"},\"url\":\"https:\/\/www.uqac.ca\/uqactualites\/author\/bap\/\"}]}<\/script>\r\n<!-- \/ Yoast SEO plugin. -->","yoast_head_json":{"title":"Pi\u00e8ce de th\u00e9\u00e2tre \u00ab Nous sommes D\u00e9troit \u00bb - UQACtualit\u00e9s","robots":{"index":"index","follow":"follow","max-snippet":"max-snippet:-1","max-image-preview":"max-image-preview:large","max-video-preview":"max-video-preview:-1"},"canonical":"https:\/\/www.uqac.ca\/uqactualites\/2015\/04\/23\/nous-sommes-detroit\/","og_locale":"fr_CA","og_type":"article","og_title":"Pi\u00e8ce de th\u00e9\u00e2tre \u00ab Nous sommes D\u00e9troit \u00bb - UQACtualit\u00e9s","og_description":"La communaut\u00e9 universitaire est invit\u00e9e \u00e0 assister \u00e0 la pi\u00e8ce de th\u00e9\u00e2tre \u00ab Nous sommes D\u00e9troit \u00bb produite par des \u00e9tudiants du cours Cr\u00e9ation th\u00e9\u00e2trale de l\u2019UQAC. Pr\u00e9sent\u00e9e les 22, 23 et 24 avril, \u00e0 20 h, au Petit th\u00e9\u00e2tre de l\u2019UQAC, cette pi\u00e8ce est une c\u00e9l\u00e9bration de la d\u00e9solation, cr\u00e9\u00e9e \u00e0 partir de nouvelles [&hellip;]","og_url":"https:\/\/www.uqac.ca\/uqactualites\/2015\/04\/23\/nous-sommes-detroit\/","og_site_name":"UQACtualit\u00e9s","article_published_time":"2015-04-23T14:36:59+00:00","og_image":[{"width":620,"height":300,"url":"https:\/\/www.uqac.ca\/uqactualites\/wp-content\/uploads\/2012\/05\/avis-laCommunaut-.jpg","type":"image\/jpeg"}],"author":"Service des communications et des relations publiques","twitter_card":"summary_large_image","twitter_misc":{"\u00c9crit par":"Service des communications et des relations publiques","Estimation du temps de lecture":"1 minute"},"schema":{"@context":"https:\/\/schema.org","@graph":[{"@type":"WebPage","@id":"https:\/\/www.uqac.ca\/uqactualites\/2015\/04\/23\/nous-sommes-detroit\/","url":"https:\/\/www.uqac.ca\/uqactualites\/2015\/04\/23\/nous-sommes-detroit\/","name":"Pi\u00e8ce de th\u00e9\u00e2tre \u00ab Nous sommes D\u00e9troit \u00bb - UQACtualit\u00e9s","isPartOf":{"@id":"https:\/\/www.uqac.ca\/uqactualites\/#website"},"primaryImageOfPage":{"@id":"https:\/\/www.uqac.ca\/uqactualites\/2015\/04\/23\/nous-sommes-detroit\/#primaryimage"},"image":{"@id":"https:\/\/www.uqac.ca\/uqactualites\/2015\/04\/23\/nous-sommes-detroit\/#primaryimage"},"thumbnailUrl":"https:\/\/www.uqac.ca\/uqactualites\/wp-content\/uploads\/2012\/05\/avis-laCommunaut-.jpg","datePublished":"2015-04-23T14:36:59+00:00","dateModified":"2015-04-23T14:36:59+00:00","author":{"@id":"https:\/\/www.uqac.ca\/uqactualites\/#\/schema\/person\/366c45a0c4f0e677b41b4af5886e2018"},"breadcrumb":{"@id":"https:\/\/www.uqac.ca\/uqactualites\/2015\/04\/23\/nous-sommes-detroit\/#breadcrumb"},"inLanguage":"fr-CA","potentialAction":[{"@type":"ReadAction","target":["https:\/\/www.uqac.ca\/uqactualites\/2015\/04\/23\/nous-sommes-detroit\/"]}]},{"@type":"ImageObject","inLanguage":"fr-CA","@id":"https:\/\/www.uqac.ca\/uqactualites\/2015\/04\/23\/nous-sommes-detroit\/#primaryimage","url":"https:\/\/www.uqac.ca\/uqactualites\/wp-content\/uploads\/2012\/05\/avis-laCommunaut-.jpg","contentUrl":"https:\/\/www.uqac.ca\/uqactualites\/wp-content\/uploads\/2012\/05\/avis-laCommunaut-.jpg","width":620,"height":300},{"@type":"BreadcrumbList","@id":"https:\/\/www.uqac.ca\/uqactualites\/2015\/04\/23\/nous-sommes-detroit\/#breadcrumb","itemListElement":[{"@type":"ListItem","position":1,"name":"Home","item":"https:\/\/www.uqac.ca\/uqactualites\/"},{"@type":"ListItem","position":2,"name":"Pi\u00e8ce de th\u00e9\u00e2tre \u00ab Nous sommes D\u00e9troit \u00bb"}]},{"@type":"WebSite","@id":"https:\/\/www.uqac.ca\/uqactualites\/#website","url":"https:\/\/www.uqac.ca\/uqactualites\/","name":"UQACtualit\u00e9s","description":"Le portail des nouvelles de l&#039;UQAC","potentialAction":[{"@type":"SearchAction","target":{"@type":"EntryPoint","urlTemplate":"https:\/\/www.uqac.ca\/uqactualites\/?s={search_term_string}"},"query-input":{"@type":"PropertyValueSpecification","valueRequired":true,"valueName":"search_term_string"}}],"inLanguage":"fr-CA"},{"@type":"Person","@id":"https:\/\/www.uqac.ca\/uqactualites\/#\/schema\/person\/366c45a0c4f0e677b41b4af5886e2018","name":"Service des communications et des relations publiques","image":{"@type":"ImageObject","inLanguage":"fr-CA","@id":"https:\/\/www.uqac.ca\/uqactualites\/#\/schema\/person\/image\/","url":"https:\/\/secure.gravatar.com\/avatar\/20fbbda8a292f59f2d3461a5b999c00b?s=96&d=mm&r=g","contentUrl":"https:\/\/secure.gravatar.com\/avatar\/20fbbda8a292f59f2d3461a5b999c00b?s=96&d=mm&r=g","caption":"Service des communications et des relations publiques"},"url":"https:\/\/www.uqac.ca\/uqactualites\/author\/bap\/"}]}},"_links":{"self":[{"href":"https:\/\/www.uqac.ca\/uqactualites\/wp-json\/wp\/v2\/posts\/29987"}],"collection":[{"href":"https:\/\/www.uqac.ca\/uqactualites\/wp-json\/wp\/v2\/posts"}],"about":[{"href":"https:\/\/www.uqac.ca\/uqactualites\/wp-json\/wp\/v2\/types\/post"}],"author":[{"embeddable":true,"href":"https:\/\/www.uqac.ca\/uqactualites\/wp-json\/wp\/v2\/users\/5"}],"replies":[{"embeddable":true,"href":"https:\/\/www.uqac.ca\/uqactualites\/wp-json\/wp\/v2\/comments?post=29987"}],"version-history":[{"count":0,"href":"https:\/\/www.uqac.ca\/uqactualites\/wp-json\/wp\/v2\/posts\/29987\/revisions"}],"wp:featuredmedia":[{"embeddable":true,"href":"https:\/\/www.uqac.ca\/uqactualites\/wp-json\/wp\/v2\/media\/20989"}],"wp:attachment":[{"href":"https:\/\/www.uqac.ca\/uqactualites\/wp-json\/wp\/v2\/media?parent=29987"}],"wp:term":[{"taxonomy":"category","embeddable":true,"href":"https:\/\/www.uqac.ca\/uqactualites\/wp-json\/wp\/v2\/categories?post=29987"},{"taxonomy":"post_tag","embeddable":true,"href":"https:\/\/www.uqac.ca\/uqactualites\/wp-json\/wp\/v2\/tags?post=29987"}],"curies":[{"name":"wp","href":"https:\/\/api.w.org\/{rel}","templated":true}]}}