{"id":30140,"date":"2015-05-08T16:12:29","date_gmt":"2015-05-08T20:12:29","guid":{"rendered":"http:\/\/uqactualite.odev.ca\/?p=30140"},"modified":"2015-05-08T16:12:29","modified_gmt":"2015-05-08T20:12:29","slug":"michael-la-chance-sodep","status":"publish","type":"post","link":"https:\/\/www.uqac.ca\/uqactualites\/2015\/05\/08\/michael-la-chance-sodep\/","title":{"rendered":"Micha\u00ebl La Chance re\u00e7oit le Prix d&rsquo;excellence cat\u00e9gorie Critique de la SODEP"},"content":{"rendered":"<p>Micha\u00ebl La Chance, professeur au D\u00e9partement des arts et lettres de l&rsquo;UQAC, a re\u00e7u le Prix d&rsquo;excellence cat\u00e9gorie Critique de la Soci\u00e9t\u00e9 de d\u00e9veloppement des p\u00e9riodiques culturels qu\u00e9b\u00e9cois (SODEP) dans la cat\u00e9gorie Prix de critique \u2013 Texte d\u2019opinion critique sur une \u0153uvre litt\u00e9raire ou artistique : \u00ab\u00a0<a style=\"color: #6dc6dd;font-weight: normal;text-decoration: underline\" href=\"https:\/\/www.sodep.qc.ca\/wp-content\/uploads\/2015\/04\/Exposition_detournee_La_Chance.pdf\">Exposition d\u00e9tourn\u00e9e, \u0153uvres pirat\u00e9es, artiste ready-made<\/a>\u00a0\u00bb<\/p>\n<p>Le 15 avril dernier, dans le cadre du <em>Printemps des revues<\/em>, la SODEP a d\u00e9cern\u00e9 ses prix d\u2019excellence au Caf\u00e9 du Monument national, \u00e0 Montr\u00e9al. Les <em>Prix d\u2019excellence de la SODEP<\/em> ont \u00e9t\u00e9 cr\u00e9\u00e9s pour r\u00e9compenser les collaborateurs dont le travail a contribu\u00e9, de fa\u00e7on exceptionnelle, \u00e0 la qualit\u00e9 des revues culturelles. Les laur\u00e9ats ont re\u00e7u des bourses allant de 400\u00a0$ \u00e0 1\u00a0000\u00a0$, gr\u00e2ce au soutien de l\u2019entreprise EquiSoft.<\/p>\n<p><a href=\"http:\/\/us5.campaign-archive1.com\/?u=d512b2862fcfceb198c085cae&amp;id=5e2ae32e94&amp;e=7bb6d7a4f4\">Consultez le communiqu\u00e9 de la SODEC en ligne<\/a><\/p>\n<p><strong>Source :<br \/>\n<\/strong>Bureau des affaires publiques<br \/>\nUniversit\u00e9 du Qu\u00e9bec \u00e0 Chicoutimi<br \/>\n418\u00a0545-5011, poste 2350 \u25aa <a href=\"mailto:affaires_publiques@uqac.ca\">affaires_publiques@uqac.ca<\/a><\/p>\n","protected":false},"excerpt":{"rendered":"<p>Micha\u00ebl La Chance, professeur au D\u00e9partement des arts et lettres de l&rsquo;UQAC, a re\u00e7u le Prix d&rsquo;excellence cat\u00e9gorie Critique de la Soci\u00e9t\u00e9 de d\u00e9veloppement des p\u00e9riodiques culturels qu\u00e9b\u00e9cois (SODEP) dans la cat\u00e9gorie Prix de critique \u2013 Texte d\u2019opinion critique sur une \u0153uvre litt\u00e9raire ou artistique : \u00ab\u00a0Exposition d\u00e9tourn\u00e9e, \u0153uvres pirat\u00e9es, artiste ready-made\u00a0\u00bb Le 15 avril [&hellip;]<\/p>\n","protected":false},"author":5,"featured_media":30142,"comment_status":"open","ping_status":"open","sticky":false,"template":"","format":"standard","meta":{"footnotes":""},"categories":[2,9],"tags":[],"yoast_head":"<!-- This site is optimized with the Yoast SEO plugin v24.2 - https:\/\/yoast.com\/wordpress\/plugins\/seo\/ -->\r\n<title>Micha\u00ebl La Chance re\u00e7oit le Prix d&#039;excellence cat\u00e9gorie Critique de la SODEP - UQACtualit\u00e9s<\/title>\r\n<meta name=\"robots\" content=\"index, follow, max-snippet:-1, max-image-preview:large, max-video-preview:-1\" \/>\r\n<link rel=\"canonical\" href=\"https:\/\/www.uqac.ca\/uqactualites\/2015\/05\/08\/michael-la-chance-sodep\/\" \/>\r\n<meta property=\"og:locale\" content=\"fr_CA\" \/>\r\n<meta property=\"og:type\" content=\"article\" \/>\r\n<meta property=\"og:title\" content=\"Micha\u00ebl La Chance re\u00e7oit le Prix d&#039;excellence cat\u00e9gorie Critique de la SODEP - UQACtualit\u00e9s\" \/>\r\n<meta property=\"og:description\" content=\"Micha\u00ebl La Chance, professeur au D\u00e9partement des arts et lettres de l&rsquo;UQAC, a re\u00e7u le Prix d&rsquo;excellence cat\u00e9gorie Critique de la Soci\u00e9t\u00e9 de d\u00e9veloppement des p\u00e9riodiques culturels qu\u00e9b\u00e9cois (SODEP) dans la cat\u00e9gorie Prix de critique \u2013 Texte d\u2019opinion critique sur une \u0153uvre litt\u00e9raire ou artistique : \u00ab\u00a0Exposition d\u00e9tourn\u00e9e, \u0153uvres pirat\u00e9es, artiste ready-made\u00a0\u00bb Le 15 avril [&hellip;]\" \/>\r\n<meta property=\"og:url\" content=\"https:\/\/www.uqac.ca\/uqactualites\/2015\/05\/08\/michael-la-chance-sodep\/\" \/>\r\n<meta property=\"og:site_name\" content=\"UQACtualit\u00e9s\" \/>\r\n<meta property=\"article:published_time\" content=\"2015-05-08T20:12:29+00:00\" \/>\r\n<meta property=\"og:image\" content=\"https:\/\/www.uqac.ca\/uqactualites\/wp-content\/uploads\/2015\/05\/GRAF_MLaChance.jpg\" \/>\r\n\t<meta property=\"og:image:width\" content=\"606\" \/>\r\n\t<meta property=\"og:image:height\" content=\"301\" \/>\r\n\t<meta property=\"og:image:type\" content=\"image\/jpeg\" \/>\r\n<meta name=\"author\" content=\"Service des communications et des relations publiques\" \/>\r\n<meta name=\"twitter:card\" content=\"summary_large_image\" \/>\r\n<meta name=\"twitter:label1\" content=\"\u00c9crit par\" \/>\n\t<meta name=\"twitter:data1\" content=\"Service des communications et des relations publiques\" \/>\n\t<meta name=\"twitter:label2\" content=\"Estimation du temps de lecture\" \/>\n\t<meta name=\"twitter:data2\" content=\"1 minute\" \/>\r\n<script type=\"application\/ld+json\" class=\"yoast-schema-graph\">{\"@context\":\"https:\/\/schema.org\",\"@graph\":[{\"@type\":\"WebPage\",\"@id\":\"https:\/\/www.uqac.ca\/uqactualites\/2015\/05\/08\/michael-la-chance-sodep\/\",\"url\":\"https:\/\/www.uqac.ca\/uqactualites\/2015\/05\/08\/michael-la-chance-sodep\/\",\"name\":\"Micha\u00ebl La Chance re\u00e7oit le Prix d'excellence cat\u00e9gorie Critique de la SODEP - UQACtualit\u00e9s\",\"isPartOf\":{\"@id\":\"https:\/\/www.uqac.ca\/uqactualites\/#website\"},\"primaryImageOfPage\":{\"@id\":\"https:\/\/www.uqac.ca\/uqactualites\/2015\/05\/08\/michael-la-chance-sodep\/#primaryimage\"},\"image\":{\"@id\":\"https:\/\/www.uqac.ca\/uqactualites\/2015\/05\/08\/michael-la-chance-sodep\/#primaryimage\"},\"thumbnailUrl\":\"https:\/\/www.uqac.ca\/uqactualites\/wp-content\/uploads\/2015\/05\/GRAF_MLaChance.jpg\",\"datePublished\":\"2015-05-08T20:12:29+00:00\",\"dateModified\":\"2015-05-08T20:12:29+00:00\",\"author\":{\"@id\":\"https:\/\/www.uqac.ca\/uqactualites\/#\/schema\/person\/366c45a0c4f0e677b41b4af5886e2018\"},\"breadcrumb\":{\"@id\":\"https:\/\/www.uqac.ca\/uqactualites\/2015\/05\/08\/michael-la-chance-sodep\/#breadcrumb\"},\"inLanguage\":\"fr-CA\",\"potentialAction\":[{\"@type\":\"ReadAction\",\"target\":[\"https:\/\/www.uqac.ca\/uqactualites\/2015\/05\/08\/michael-la-chance-sodep\/\"]}]},{\"@type\":\"ImageObject\",\"inLanguage\":\"fr-CA\",\"@id\":\"https:\/\/www.uqac.ca\/uqactualites\/2015\/05\/08\/michael-la-chance-sodep\/#primaryimage\",\"url\":\"https:\/\/www.uqac.ca\/uqactualites\/wp-content\/uploads\/2015\/05\/GRAF_MLaChance.jpg\",\"contentUrl\":\"https:\/\/www.uqac.ca\/uqactualites\/wp-content\/uploads\/2015\/05\/GRAF_MLaChance.jpg\",\"width\":606,\"height\":301},{\"@type\":\"BreadcrumbList\",\"@id\":\"https:\/\/www.uqac.ca\/uqactualites\/2015\/05\/08\/michael-la-chance-sodep\/#breadcrumb\",\"itemListElement\":[{\"@type\":\"ListItem\",\"position\":1,\"name\":\"Home\",\"item\":\"https:\/\/www.uqac.ca\/uqactualites\/\"},{\"@type\":\"ListItem\",\"position\":2,\"name\":\"Micha\u00ebl La Chance re\u00e7oit le Prix d&rsquo;excellence cat\u00e9gorie Critique de la SODEP\"}]},{\"@type\":\"WebSite\",\"@id\":\"https:\/\/www.uqac.ca\/uqactualites\/#website\",\"url\":\"https:\/\/www.uqac.ca\/uqactualites\/\",\"name\":\"UQACtualit\u00e9s\",\"description\":\"Le portail des nouvelles de l&#039;UQAC\",\"potentialAction\":[{\"@type\":\"SearchAction\",\"target\":{\"@type\":\"EntryPoint\",\"urlTemplate\":\"https:\/\/www.uqac.ca\/uqactualites\/?s={search_term_string}\"},\"query-input\":{\"@type\":\"PropertyValueSpecification\",\"valueRequired\":true,\"valueName\":\"search_term_string\"}}],\"inLanguage\":\"fr-CA\"},{\"@type\":\"Person\",\"@id\":\"https:\/\/www.uqac.ca\/uqactualites\/#\/schema\/person\/366c45a0c4f0e677b41b4af5886e2018\",\"name\":\"Service des communications et des relations publiques\",\"image\":{\"@type\":\"ImageObject\",\"inLanguage\":\"fr-CA\",\"@id\":\"https:\/\/www.uqac.ca\/uqactualites\/#\/schema\/person\/image\/\",\"url\":\"https:\/\/secure.gravatar.com\/avatar\/20fbbda8a292f59f2d3461a5b999c00b?s=96&d=mm&r=g\",\"contentUrl\":\"https:\/\/secure.gravatar.com\/avatar\/20fbbda8a292f59f2d3461a5b999c00b?s=96&d=mm&r=g\",\"caption\":\"Service des communications et des relations publiques\"},\"url\":\"https:\/\/www.uqac.ca\/uqactualites\/author\/bap\/\"}]}<\/script>\r\n<!-- \/ Yoast SEO plugin. -->","yoast_head_json":{"title":"Micha\u00ebl La Chance re\u00e7oit le Prix d'excellence cat\u00e9gorie Critique de la SODEP - UQACtualit\u00e9s","robots":{"index":"index","follow":"follow","max-snippet":"max-snippet:-1","max-image-preview":"max-image-preview:large","max-video-preview":"max-video-preview:-1"},"canonical":"https:\/\/www.uqac.ca\/uqactualites\/2015\/05\/08\/michael-la-chance-sodep\/","og_locale":"fr_CA","og_type":"article","og_title":"Micha\u00ebl La Chance re\u00e7oit le Prix d'excellence cat\u00e9gorie Critique de la SODEP - UQACtualit\u00e9s","og_description":"Micha\u00ebl La Chance, professeur au D\u00e9partement des arts et lettres de l&rsquo;UQAC, a re\u00e7u le Prix d&rsquo;excellence cat\u00e9gorie Critique de la Soci\u00e9t\u00e9 de d\u00e9veloppement des p\u00e9riodiques culturels qu\u00e9b\u00e9cois (SODEP) dans la cat\u00e9gorie Prix de critique \u2013 Texte d\u2019opinion critique sur une \u0153uvre litt\u00e9raire ou artistique : \u00ab\u00a0Exposition d\u00e9tourn\u00e9e, \u0153uvres pirat\u00e9es, artiste ready-made\u00a0\u00bb Le 15 avril [&hellip;]","og_url":"https:\/\/www.uqac.ca\/uqactualites\/2015\/05\/08\/michael-la-chance-sodep\/","og_site_name":"UQACtualit\u00e9s","article_published_time":"2015-05-08T20:12:29+00:00","og_image":[{"width":606,"height":301,"url":"https:\/\/www.uqac.ca\/uqactualites\/wp-content\/uploads\/2015\/05\/GRAF_MLaChance.jpg","type":"image\/jpeg"}],"author":"Service des communications et des relations publiques","twitter_card":"summary_large_image","twitter_misc":{"\u00c9crit par":"Service des communications et des relations publiques","Estimation du temps de lecture":"1 minute"},"schema":{"@context":"https:\/\/schema.org","@graph":[{"@type":"WebPage","@id":"https:\/\/www.uqac.ca\/uqactualites\/2015\/05\/08\/michael-la-chance-sodep\/","url":"https:\/\/www.uqac.ca\/uqactualites\/2015\/05\/08\/michael-la-chance-sodep\/","name":"Micha\u00ebl La Chance re\u00e7oit le Prix d'excellence cat\u00e9gorie Critique de la SODEP - UQACtualit\u00e9s","isPartOf":{"@id":"https:\/\/www.uqac.ca\/uqactualites\/#website"},"primaryImageOfPage":{"@id":"https:\/\/www.uqac.ca\/uqactualites\/2015\/05\/08\/michael-la-chance-sodep\/#primaryimage"},"image":{"@id":"https:\/\/www.uqac.ca\/uqactualites\/2015\/05\/08\/michael-la-chance-sodep\/#primaryimage"},"thumbnailUrl":"https:\/\/www.uqac.ca\/uqactualites\/wp-content\/uploads\/2015\/05\/GRAF_MLaChance.jpg","datePublished":"2015-05-08T20:12:29+00:00","dateModified":"2015-05-08T20:12:29+00:00","author":{"@id":"https:\/\/www.uqac.ca\/uqactualites\/#\/schema\/person\/366c45a0c4f0e677b41b4af5886e2018"},"breadcrumb":{"@id":"https:\/\/www.uqac.ca\/uqactualites\/2015\/05\/08\/michael-la-chance-sodep\/#breadcrumb"},"inLanguage":"fr-CA","potentialAction":[{"@type":"ReadAction","target":["https:\/\/www.uqac.ca\/uqactualites\/2015\/05\/08\/michael-la-chance-sodep\/"]}]},{"@type":"ImageObject","inLanguage":"fr-CA","@id":"https:\/\/www.uqac.ca\/uqactualites\/2015\/05\/08\/michael-la-chance-sodep\/#primaryimage","url":"https:\/\/www.uqac.ca\/uqactualites\/wp-content\/uploads\/2015\/05\/GRAF_MLaChance.jpg","contentUrl":"https:\/\/www.uqac.ca\/uqactualites\/wp-content\/uploads\/2015\/05\/GRAF_MLaChance.jpg","width":606,"height":301},{"@type":"BreadcrumbList","@id":"https:\/\/www.uqac.ca\/uqactualites\/2015\/05\/08\/michael-la-chance-sodep\/#breadcrumb","itemListElement":[{"@type":"ListItem","position":1,"name":"Home","item":"https:\/\/www.uqac.ca\/uqactualites\/"},{"@type":"ListItem","position":2,"name":"Micha\u00ebl La Chance re\u00e7oit le Prix d&rsquo;excellence cat\u00e9gorie Critique de la SODEP"}]},{"@type":"WebSite","@id":"https:\/\/www.uqac.ca\/uqactualites\/#website","url":"https:\/\/www.uqac.ca\/uqactualites\/","name":"UQACtualit\u00e9s","description":"Le portail des nouvelles de l&#039;UQAC","potentialAction":[{"@type":"SearchAction","target":{"@type":"EntryPoint","urlTemplate":"https:\/\/www.uqac.ca\/uqactualites\/?s={search_term_string}"},"query-input":{"@type":"PropertyValueSpecification","valueRequired":true,"valueName":"search_term_string"}}],"inLanguage":"fr-CA"},{"@type":"Person","@id":"https:\/\/www.uqac.ca\/uqactualites\/#\/schema\/person\/366c45a0c4f0e677b41b4af5886e2018","name":"Service des communications et des relations publiques","image":{"@type":"ImageObject","inLanguage":"fr-CA","@id":"https:\/\/www.uqac.ca\/uqactualites\/#\/schema\/person\/image\/","url":"https:\/\/secure.gravatar.com\/avatar\/20fbbda8a292f59f2d3461a5b999c00b?s=96&d=mm&r=g","contentUrl":"https:\/\/secure.gravatar.com\/avatar\/20fbbda8a292f59f2d3461a5b999c00b?s=96&d=mm&r=g","caption":"Service des communications et des relations publiques"},"url":"https:\/\/www.uqac.ca\/uqactualites\/author\/bap\/"}]}},"_links":{"self":[{"href":"https:\/\/www.uqac.ca\/uqactualites\/wp-json\/wp\/v2\/posts\/30140"}],"collection":[{"href":"https:\/\/www.uqac.ca\/uqactualites\/wp-json\/wp\/v2\/posts"}],"about":[{"href":"https:\/\/www.uqac.ca\/uqactualites\/wp-json\/wp\/v2\/types\/post"}],"author":[{"embeddable":true,"href":"https:\/\/www.uqac.ca\/uqactualites\/wp-json\/wp\/v2\/users\/5"}],"replies":[{"embeddable":true,"href":"https:\/\/www.uqac.ca\/uqactualites\/wp-json\/wp\/v2\/comments?post=30140"}],"version-history":[{"count":0,"href":"https:\/\/www.uqac.ca\/uqactualites\/wp-json\/wp\/v2\/posts\/30140\/revisions"}],"wp:featuredmedia":[{"embeddable":true,"href":"https:\/\/www.uqac.ca\/uqactualites\/wp-json\/wp\/v2\/media\/30142"}],"wp:attachment":[{"href":"https:\/\/www.uqac.ca\/uqactualites\/wp-json\/wp\/v2\/media?parent=30140"}],"wp:term":[{"taxonomy":"category","embeddable":true,"href":"https:\/\/www.uqac.ca\/uqactualites\/wp-json\/wp\/v2\/categories?post=30140"},{"taxonomy":"post_tag","embeddable":true,"href":"https:\/\/www.uqac.ca\/uqactualites\/wp-json\/wp\/v2\/tags?post=30140"}],"curies":[{"name":"wp","href":"https:\/\/api.w.org\/{rel}","templated":true}]}}