{"id":30247,"date":"2015-05-25T10:53:22","date_gmt":"2015-05-25T14:53:22","guid":{"rendered":"http:\/\/uqactualite.odev.ca\/?p=30247"},"modified":"2015-05-25T10:53:22","modified_gmt":"2015-05-25T14:53:22","slug":"shakespeare-et-nous","status":"publish","type":"post","link":"https:\/\/www.uqac.ca\/uqactualites\/2015\/05\/25\/shakespeare-et-nous\/","title":{"rendered":"Shakespeare et nous : une premi\u00e8re conf\u00e9rence dans la cadre de l&rsquo;Universit\u00e9 populaire de l&rsquo;UQAC"},"content":{"rendered":"<p>Le coup d&rsquo;envoi de la premi\u00e8re \u00e9dition de l\u2019Universit\u00e9 populaire de l&rsquo;UQAC a \u00e9t\u00e9 donn\u00e9 mercredi dernier alors que Mustapha Fahmi, vice-recteur \u00e0 l&rsquo;enseignement, \u00e0 la recherche et \u00e0 la cr\u00e9ation, a pr\u00e9sent\u00e9 la conf\u00e9rence <em>Shakespeare et nous<\/em>. Le professeur Fahmi a partag\u00e9 sa passion de Shakespeare avec plus de 200 personnes r\u00e9unies au Petit th\u00e9\u00e2tre de l&rsquo;UQAC pour l&rsquo;occasion.<\/p>\n<p>L\u2019animation de la conf\u00e9rence a \u00e9t\u00e9 confi\u00e9e au com\u00e9dien \u00c9ric Chalifour, qui en a aussi assur\u00e9 la mise en sc\u00e8ne. V\u00eatu d&rsquo;un costume d&rsquo;\u00e9poque, il a plong\u00e9 la salle dans l&rsquo;univers <span class=\"dico_title_2\">shakespearien en introduisant M. Fahmi <\/span>en d\u00e9but de soir\u00e9e.<\/p>\n<p>La conf\u00e9rence sera diffus\u00e9e sur le Web dans les prochains jours.<\/p>\n<p>La prochaine conf\u00e9rence publique aura lieu le mercredi 27 mai prochain et portera sur le monde virtuel. Visitez le site Web de l&rsquo;Universit\u00e9 populaire de l&rsquo;UQAC pour plus d&rsquo;information et pour inscription : <a href=\"www.uqac.ca\/upopulaire\">www.uqac.ca\/upopulaire<\/a><\/p>\n<p>S\u2019inspirant des mod\u00e8les existant d\u00e9j\u00e0 depuis longtemps en Europe, l\u2019Universit\u00e9 populaire de l\u2019UQAC proposera, chaque ann\u00e9e, \u00e0 la population du Saguenay\u2013Lac-Saint-Jean et des environs, une programmation de conf\u00e9rences publiques gratuites et ouvertes \u00e0 tous.<\/p>\n<p><strong>Source :<br \/>\n<\/strong>Bureau des affaires publiques<br \/>\nUniversit\u00e9 du Qu\u00e9bec \u00e0 Chicoutimi<br \/>\n418\u00a0545-5011, poste 2350 \u25aa <a href=\"mailto:affaires_publiques@uqac.ca\">affaires_publiques@uqac.ca<\/a><\/p>\n<p>&nbsp;<\/p>\n<p>&nbsp;<\/p>\n","protected":false},"excerpt":{"rendered":"<p>Le coup d&rsquo;envoi de la premi\u00e8re \u00e9dition de l\u2019Universit\u00e9 populaire de l&rsquo;UQAC a \u00e9t\u00e9 donn\u00e9 mercredi dernier alors que Mustapha Fahmi, vice-recteur \u00e0 l&rsquo;enseignement, \u00e0 la recherche et \u00e0 la cr\u00e9ation, a pr\u00e9sent\u00e9 la conf\u00e9rence Shakespeare et nous. Le professeur Fahmi a partag\u00e9 sa passion de Shakespeare avec plus de 200 personnes r\u00e9unies au Petit [&hellip;]<\/p>\n","protected":false},"author":5,"featured_media":30251,"comment_status":"open","ping_status":"open","sticky":false,"template":"","format":"standard","meta":{"footnotes":""},"categories":[2,61],"tags":[461,835,836,837],"yoast_head":"<!-- This site is optimized with the Yoast SEO plugin v24.2 - https:\/\/yoast.com\/wordpress\/plugins\/seo\/ -->\r\n<title>Shakespeare et nous : une premi\u00e8re conf\u00e9rence dans la cadre de l&#039;Universit\u00e9 populaire de l&#039;UQAC - UQACtualit\u00e9s<\/title>\r\n<meta name=\"robots\" content=\"index, follow, max-snippet:-1, max-image-preview:large, max-video-preview:-1\" \/>\r\n<link rel=\"canonical\" href=\"https:\/\/www.uqac.ca\/uqactualites\/2015\/05\/25\/shakespeare-et-nous\/\" \/>\r\n<meta property=\"og:locale\" content=\"fr_CA\" \/>\r\n<meta property=\"og:type\" content=\"article\" \/>\r\n<meta property=\"og:title\" content=\"Shakespeare et nous : une premi\u00e8re conf\u00e9rence dans la cadre de l&#039;Universit\u00e9 populaire de l&#039;UQAC - UQACtualit\u00e9s\" \/>\r\n<meta property=\"og:description\" content=\"Le coup d&rsquo;envoi de la premi\u00e8re \u00e9dition de l\u2019Universit\u00e9 populaire de l&rsquo;UQAC a \u00e9t\u00e9 donn\u00e9 mercredi dernier alors que Mustapha Fahmi, vice-recteur \u00e0 l&rsquo;enseignement, \u00e0 la recherche et \u00e0 la cr\u00e9ation, a pr\u00e9sent\u00e9 la conf\u00e9rence Shakespeare et nous. Le professeur Fahmi a partag\u00e9 sa passion de Shakespeare avec plus de 200 personnes r\u00e9unies au Petit [&hellip;]\" \/>\r\n<meta property=\"og:url\" content=\"https:\/\/www.uqac.ca\/uqactualites\/2015\/05\/25\/shakespeare-et-nous\/\" \/>\r\n<meta property=\"og:site_name\" content=\"UQACtualit\u00e9s\" \/>\r\n<meta property=\"article:published_time\" content=\"2015-05-25T14:53:22+00:00\" \/>\r\n<meta property=\"og:image\" content=\"https:\/\/www.uqac.ca\/uqactualites\/wp-content\/uploads\/2015\/05\/DSC_0056-copie-scaled.jpg\" \/>\r\n\t<meta property=\"og:image:width\" content=\"2560\" \/>\r\n\t<meta property=\"og:image:height\" content=\"956\" \/>\r\n\t<meta property=\"og:image:type\" content=\"image\/jpeg\" \/>\r\n<meta name=\"author\" content=\"Service des communications et des relations publiques\" \/>\r\n<meta name=\"twitter:card\" content=\"summary_large_image\" \/>\r\n<meta name=\"twitter:label1\" content=\"\u00c9crit par\" \/>\n\t<meta name=\"twitter:data1\" content=\"Service des communications et des relations publiques\" \/>\n\t<meta name=\"twitter:label2\" content=\"Estimation du temps de lecture\" \/>\n\t<meta name=\"twitter:data2\" content=\"1 minute\" \/>\r\n<script type=\"application\/ld+json\" class=\"yoast-schema-graph\">{\"@context\":\"https:\/\/schema.org\",\"@graph\":[{\"@type\":\"WebPage\",\"@id\":\"https:\/\/www.uqac.ca\/uqactualites\/2015\/05\/25\/shakespeare-et-nous\/\",\"url\":\"https:\/\/www.uqac.ca\/uqactualites\/2015\/05\/25\/shakespeare-et-nous\/\",\"name\":\"Shakespeare et nous : une premi\u00e8re conf\u00e9rence dans la cadre de l'Universit\u00e9 populaire de l'UQAC - UQACtualit\u00e9s\",\"isPartOf\":{\"@id\":\"https:\/\/www.uqac.ca\/uqactualites\/#website\"},\"primaryImageOfPage\":{\"@id\":\"https:\/\/www.uqac.ca\/uqactualites\/2015\/05\/25\/shakespeare-et-nous\/#primaryimage\"},\"image\":{\"@id\":\"https:\/\/www.uqac.ca\/uqactualites\/2015\/05\/25\/shakespeare-et-nous\/#primaryimage\"},\"thumbnailUrl\":\"https:\/\/www.uqac.ca\/uqactualites\/wp-content\/uploads\/2015\/05\/DSC_0056-copie-scaled.jpg\",\"datePublished\":\"2015-05-25T14:53:22+00:00\",\"dateModified\":\"2015-05-25T14:53:22+00:00\",\"author\":{\"@id\":\"https:\/\/www.uqac.ca\/uqactualites\/#\/schema\/person\/366c45a0c4f0e677b41b4af5886e2018\"},\"breadcrumb\":{\"@id\":\"https:\/\/www.uqac.ca\/uqactualites\/2015\/05\/25\/shakespeare-et-nous\/#breadcrumb\"},\"inLanguage\":\"fr-CA\",\"potentialAction\":[{\"@type\":\"ReadAction\",\"target\":[\"https:\/\/www.uqac.ca\/uqactualites\/2015\/05\/25\/shakespeare-et-nous\/\"]}]},{\"@type\":\"ImageObject\",\"inLanguage\":\"fr-CA\",\"@id\":\"https:\/\/www.uqac.ca\/uqactualites\/2015\/05\/25\/shakespeare-et-nous\/#primaryimage\",\"url\":\"https:\/\/www.uqac.ca\/uqactualites\/wp-content\/uploads\/2015\/05\/DSC_0056-copie-scaled.jpg\",\"contentUrl\":\"https:\/\/www.uqac.ca\/uqactualites\/wp-content\/uploads\/2015\/05\/DSC_0056-copie-scaled.jpg\",\"width\":2560,\"height\":956},{\"@type\":\"BreadcrumbList\",\"@id\":\"https:\/\/www.uqac.ca\/uqactualites\/2015\/05\/25\/shakespeare-et-nous\/#breadcrumb\",\"itemListElement\":[{\"@type\":\"ListItem\",\"position\":1,\"name\":\"Home\",\"item\":\"https:\/\/www.uqac.ca\/uqactualites\/\"},{\"@type\":\"ListItem\",\"position\":2,\"name\":\"Shakespeare et nous : une premi\u00e8re conf\u00e9rence dans la cadre de l&rsquo;Universit\u00e9 populaire de l&rsquo;UQAC\"}]},{\"@type\":\"WebSite\",\"@id\":\"https:\/\/www.uqac.ca\/uqactualites\/#website\",\"url\":\"https:\/\/www.uqac.ca\/uqactualites\/\",\"name\":\"UQACtualit\u00e9s\",\"description\":\"Le portail des nouvelles de l&#039;UQAC\",\"potentialAction\":[{\"@type\":\"SearchAction\",\"target\":{\"@type\":\"EntryPoint\",\"urlTemplate\":\"https:\/\/www.uqac.ca\/uqactualites\/?s={search_term_string}\"},\"query-input\":{\"@type\":\"PropertyValueSpecification\",\"valueRequired\":true,\"valueName\":\"search_term_string\"}}],\"inLanguage\":\"fr-CA\"},{\"@type\":\"Person\",\"@id\":\"https:\/\/www.uqac.ca\/uqactualites\/#\/schema\/person\/366c45a0c4f0e677b41b4af5886e2018\",\"name\":\"Service des communications et des relations publiques\",\"image\":{\"@type\":\"ImageObject\",\"inLanguage\":\"fr-CA\",\"@id\":\"https:\/\/www.uqac.ca\/uqactualites\/#\/schema\/person\/image\/\",\"url\":\"https:\/\/secure.gravatar.com\/avatar\/20fbbda8a292f59f2d3461a5b999c00b?s=96&d=mm&r=g\",\"contentUrl\":\"https:\/\/secure.gravatar.com\/avatar\/20fbbda8a292f59f2d3461a5b999c00b?s=96&d=mm&r=g\",\"caption\":\"Service des communications et des relations publiques\"},\"url\":\"https:\/\/www.uqac.ca\/uqactualites\/author\/bap\/\"}]}<\/script>\r\n<!-- \/ Yoast SEO plugin. -->","yoast_head_json":{"title":"Shakespeare et nous : une premi\u00e8re conf\u00e9rence dans la cadre de l'Universit\u00e9 populaire de l'UQAC - UQACtualit\u00e9s","robots":{"index":"index","follow":"follow","max-snippet":"max-snippet:-1","max-image-preview":"max-image-preview:large","max-video-preview":"max-video-preview:-1"},"canonical":"https:\/\/www.uqac.ca\/uqactualites\/2015\/05\/25\/shakespeare-et-nous\/","og_locale":"fr_CA","og_type":"article","og_title":"Shakespeare et nous : une premi\u00e8re conf\u00e9rence dans la cadre de l'Universit\u00e9 populaire de l'UQAC - UQACtualit\u00e9s","og_description":"Le coup d&rsquo;envoi de la premi\u00e8re \u00e9dition de l\u2019Universit\u00e9 populaire de l&rsquo;UQAC a \u00e9t\u00e9 donn\u00e9 mercredi dernier alors que Mustapha Fahmi, vice-recteur \u00e0 l&rsquo;enseignement, \u00e0 la recherche et \u00e0 la cr\u00e9ation, a pr\u00e9sent\u00e9 la conf\u00e9rence Shakespeare et nous. Le professeur Fahmi a partag\u00e9 sa passion de Shakespeare avec plus de 200 personnes r\u00e9unies au Petit [&hellip;]","og_url":"https:\/\/www.uqac.ca\/uqactualites\/2015\/05\/25\/shakespeare-et-nous\/","og_site_name":"UQACtualit\u00e9s","article_published_time":"2015-05-25T14:53:22+00:00","og_image":[{"width":2560,"height":956,"url":"https:\/\/www.uqac.ca\/uqactualites\/wp-content\/uploads\/2015\/05\/DSC_0056-copie-scaled.jpg","type":"image\/jpeg"}],"author":"Service des communications et des relations publiques","twitter_card":"summary_large_image","twitter_misc":{"\u00c9crit par":"Service des communications et des relations publiques","Estimation du temps de lecture":"1 minute"},"schema":{"@context":"https:\/\/schema.org","@graph":[{"@type":"WebPage","@id":"https:\/\/www.uqac.ca\/uqactualites\/2015\/05\/25\/shakespeare-et-nous\/","url":"https:\/\/www.uqac.ca\/uqactualites\/2015\/05\/25\/shakespeare-et-nous\/","name":"Shakespeare et nous : une premi\u00e8re conf\u00e9rence dans la cadre de l'Universit\u00e9 populaire de l'UQAC - UQACtualit\u00e9s","isPartOf":{"@id":"https:\/\/www.uqac.ca\/uqactualites\/#website"},"primaryImageOfPage":{"@id":"https:\/\/www.uqac.ca\/uqactualites\/2015\/05\/25\/shakespeare-et-nous\/#primaryimage"},"image":{"@id":"https:\/\/www.uqac.ca\/uqactualites\/2015\/05\/25\/shakespeare-et-nous\/#primaryimage"},"thumbnailUrl":"https:\/\/www.uqac.ca\/uqactualites\/wp-content\/uploads\/2015\/05\/DSC_0056-copie-scaled.jpg","datePublished":"2015-05-25T14:53:22+00:00","dateModified":"2015-05-25T14:53:22+00:00","author":{"@id":"https:\/\/www.uqac.ca\/uqactualites\/#\/schema\/person\/366c45a0c4f0e677b41b4af5886e2018"},"breadcrumb":{"@id":"https:\/\/www.uqac.ca\/uqactualites\/2015\/05\/25\/shakespeare-et-nous\/#breadcrumb"},"inLanguage":"fr-CA","potentialAction":[{"@type":"ReadAction","target":["https:\/\/www.uqac.ca\/uqactualites\/2015\/05\/25\/shakespeare-et-nous\/"]}]},{"@type":"ImageObject","inLanguage":"fr-CA","@id":"https:\/\/www.uqac.ca\/uqactualites\/2015\/05\/25\/shakespeare-et-nous\/#primaryimage","url":"https:\/\/www.uqac.ca\/uqactualites\/wp-content\/uploads\/2015\/05\/DSC_0056-copie-scaled.jpg","contentUrl":"https:\/\/www.uqac.ca\/uqactualites\/wp-content\/uploads\/2015\/05\/DSC_0056-copie-scaled.jpg","width":2560,"height":956},{"@type":"BreadcrumbList","@id":"https:\/\/www.uqac.ca\/uqactualites\/2015\/05\/25\/shakespeare-et-nous\/#breadcrumb","itemListElement":[{"@type":"ListItem","position":1,"name":"Home","item":"https:\/\/www.uqac.ca\/uqactualites\/"},{"@type":"ListItem","position":2,"name":"Shakespeare et nous : une premi\u00e8re conf\u00e9rence dans la cadre de l&rsquo;Universit\u00e9 populaire de l&rsquo;UQAC"}]},{"@type":"WebSite","@id":"https:\/\/www.uqac.ca\/uqactualites\/#website","url":"https:\/\/www.uqac.ca\/uqactualites\/","name":"UQACtualit\u00e9s","description":"Le portail des nouvelles de l&#039;UQAC","potentialAction":[{"@type":"SearchAction","target":{"@type":"EntryPoint","urlTemplate":"https:\/\/www.uqac.ca\/uqactualites\/?s={search_term_string}"},"query-input":{"@type":"PropertyValueSpecification","valueRequired":true,"valueName":"search_term_string"}}],"inLanguage":"fr-CA"},{"@type":"Person","@id":"https:\/\/www.uqac.ca\/uqactualites\/#\/schema\/person\/366c45a0c4f0e677b41b4af5886e2018","name":"Service des communications et des relations publiques","image":{"@type":"ImageObject","inLanguage":"fr-CA","@id":"https:\/\/www.uqac.ca\/uqactualites\/#\/schema\/person\/image\/","url":"https:\/\/secure.gravatar.com\/avatar\/20fbbda8a292f59f2d3461a5b999c00b?s=96&d=mm&r=g","contentUrl":"https:\/\/secure.gravatar.com\/avatar\/20fbbda8a292f59f2d3461a5b999c00b?s=96&d=mm&r=g","caption":"Service des communications et des relations publiques"},"url":"https:\/\/www.uqac.ca\/uqactualites\/author\/bap\/"}]}},"_links":{"self":[{"href":"https:\/\/www.uqac.ca\/uqactualites\/wp-json\/wp\/v2\/posts\/30247"}],"collection":[{"href":"https:\/\/www.uqac.ca\/uqactualites\/wp-json\/wp\/v2\/posts"}],"about":[{"href":"https:\/\/www.uqac.ca\/uqactualites\/wp-json\/wp\/v2\/types\/post"}],"author":[{"embeddable":true,"href":"https:\/\/www.uqac.ca\/uqactualites\/wp-json\/wp\/v2\/users\/5"}],"replies":[{"embeddable":true,"href":"https:\/\/www.uqac.ca\/uqactualites\/wp-json\/wp\/v2\/comments?post=30247"}],"version-history":[{"count":0,"href":"https:\/\/www.uqac.ca\/uqactualites\/wp-json\/wp\/v2\/posts\/30247\/revisions"}],"wp:featuredmedia":[{"embeddable":true,"href":"https:\/\/www.uqac.ca\/uqactualites\/wp-json\/wp\/v2\/media\/30251"}],"wp:attachment":[{"href":"https:\/\/www.uqac.ca\/uqactualites\/wp-json\/wp\/v2\/media?parent=30247"}],"wp:term":[{"taxonomy":"category","embeddable":true,"href":"https:\/\/www.uqac.ca\/uqactualites\/wp-json\/wp\/v2\/categories?post=30247"},{"taxonomy":"post_tag","embeddable":true,"href":"https:\/\/www.uqac.ca\/uqactualites\/wp-json\/wp\/v2\/tags?post=30247"}],"curies":[{"name":"wp","href":"https:\/\/api.w.org\/{rel}","templated":true}]}}