{"id":30309,"date":"2015-05-28T10:53:13","date_gmt":"2015-05-28T14:53:13","guid":{"rendered":"http:\/\/uqactualite.odev.ca\/?p=30309"},"modified":"2015-05-28T10:53:13","modified_gmt":"2015-05-28T14:53:13","slug":"le-monde-virtuel","status":"publish","type":"post","link":"https:\/\/www.uqac.ca\/uqactualites\/2015\/05\/28\/le-monde-virtuel\/","title":{"rendered":"Le monde virtuel, probl\u00e8mes r\u00e9els : l\u2019Universit\u00e9 populaire de l\u2019UQAC pr\u00e9sente une deuxi\u00e8me conf\u00e9rence"},"content":{"rendered":"<p>Une deuxi\u00e8me conf\u00e9rence publique de l\u2019Universit\u00e9 populaire de l\u2019UQAC, cette fois\u00a0sous le th\u00e8me du monde virtuel, a \u00e9t\u00e9 pr\u00e9sent\u00e9e, hier soir, au Petit Th\u00e9\u00e2tre de l\u2019Universit\u00e9. \u00c0 l\u2019occasion de cette soir\u00e9e, le sujet \u00e9tait trait\u00e9 par deux professeurs issus de secteurs diff\u00e9rents soit les arts et lettres et l&rsquo;informatique et math\u00e9matique.<\/p>\n<p>D\u2019entr\u00e9e de jeu, Micha\u00ebl La Chance, professeur au D\u00e9partement des arts et lettres de l\u2019UQAC, proposait une communication traitant de l\u2019histoire des exp\u00e9rimentations en art o\u00f9 (il semble que) le cerveau parle et agit directement. Il a \u00e9t\u00e9 entre autres question de neuroart, de jeux vid\u00e9o, de proth\u00e8ses esth\u00e9siques, de t\u00e9l\u00e9chargement du cerveau et d\u2019esth\u00e9tiques transhumanistes.<\/p>\n<p>En deuxi\u00e8me partie, Sylvain Hall\u00e9, professeur au D\u00e9partement d\u2019informatique et de math\u00e9matique de l&rsquo;UQAC, a, pour sa part, trait\u00e9 de la complexit\u00e9 des programmes informatiques. \u00c0 partir d&rsquo;exemples tr\u00e8s concrets, il a tent\u00e9 de d\u00e9montrer \u00e0 l\u2019auditoire que de plus en plus, les informaticiens prennent l\u2019allure d\u2019apprentis-sorciers, d\u00e9pass\u00e9s par la complexit\u00e9 des syst\u00e8mes qu\u2019ils ont eux-m\u00eames cr\u00e9\u00e9s.<\/p>\n<p>Encore une fois, la pr\u00e9sence du com\u00e9dien \u00c9ric Chalifour, \u00e9galement en charge de la mise en sc\u00e8ne de la soir\u00e9e, a contribu\u00e9 \u00e0 donner \u00e0 cette conf\u00e9rence un caract\u00e8re tout \u00e0 fait unique.<\/p>\n<p>Cette activit\u00e9 compl\u00e8te la programmation de la premi\u00e8re \u00e9dition de l\u2019Universit\u00e9 populaire de l\u2019UQAC.<\/p>\n<p>S\u2019inspirant des mod\u00e8les existant d\u00e9j\u00e0 depuis longtemps en Europe, l\u2019Universit\u00e9 populaire de l\u2019UQAC proposera, chaque ann\u00e9e, \u00e0 la population du Saguenay\u2013Lac-Saint-Jean et des environs, une programmation de conf\u00e9rences publiques gratuites et ouvertes \u00e0 tous. Surveillez le site Web de l\u2019UQAC pour plus d\u2019information.<\/p>\n<p><strong><br \/>\nSource :<br \/>\n<\/strong>Bureau des affaires publiques<br \/>\nUniversit\u00e9 du Qu\u00e9bec \u00e0 Chicoutimi<br \/>\n418\u00a0545-5011, poste 2350 \u25aa <a href=\"mailto:affaires_publiques@uqac.ca\">affaires_publiques@uqac.ca<\/a><\/p>\n","protected":false},"excerpt":{"rendered":"<p>Une deuxi\u00e8me conf\u00e9rence publique de l\u2019Universit\u00e9 populaire de l\u2019UQAC, cette fois\u00a0sous le th\u00e8me du monde virtuel, a \u00e9t\u00e9 pr\u00e9sent\u00e9e, hier soir, au Petit Th\u00e9\u00e2tre de l\u2019Universit\u00e9. \u00c0 l\u2019occasion de cette soir\u00e9e, le sujet \u00e9tait trait\u00e9 par deux professeurs issus de secteurs diff\u00e9rents soit les arts et lettres et l&rsquo;informatique et math\u00e9matique. D\u2019entr\u00e9e de jeu, Micha\u00ebl [&hellip;]<\/p>\n","protected":false},"author":5,"featured_media":30317,"comment_status":"open","ping_status":"open","sticky":false,"template":"","format":"standard","meta":{"footnotes":""},"categories":[2,61],"tags":[208,851,852,853,837],"yoast_head":"<!-- This site is optimized with the Yoast SEO plugin v24.2 - https:\/\/yoast.com\/wordpress\/plugins\/seo\/ -->\r\n<title>Le monde virtuel, probl\u00e8mes r\u00e9els : l\u2019Universit\u00e9 populaire de l\u2019UQAC pr\u00e9sente une deuxi\u00e8me conf\u00e9rence - UQACtualit\u00e9s<\/title>\r\n<meta name=\"robots\" content=\"index, follow, max-snippet:-1, max-image-preview:large, max-video-preview:-1\" \/>\r\n<link rel=\"canonical\" href=\"https:\/\/www.uqac.ca\/uqactualites\/2015\/05\/28\/le-monde-virtuel\/\" \/>\r\n<meta property=\"og:locale\" content=\"fr_CA\" \/>\r\n<meta property=\"og:type\" content=\"article\" \/>\r\n<meta property=\"og:title\" content=\"Le monde virtuel, probl\u00e8mes r\u00e9els : l\u2019Universit\u00e9 populaire de l\u2019UQAC pr\u00e9sente une deuxi\u00e8me conf\u00e9rence - UQACtualit\u00e9s\" \/>\r\n<meta property=\"og:description\" content=\"Une deuxi\u00e8me conf\u00e9rence publique de l\u2019Universit\u00e9 populaire de l\u2019UQAC, cette fois\u00a0sous le th\u00e8me du monde virtuel, a \u00e9t\u00e9 pr\u00e9sent\u00e9e, hier soir, au Petit Th\u00e9\u00e2tre de l\u2019Universit\u00e9. \u00c0 l\u2019occasion de cette soir\u00e9e, le sujet \u00e9tait trait\u00e9 par deux professeurs issus de secteurs diff\u00e9rents soit les arts et lettres et l&rsquo;informatique et math\u00e9matique. D\u2019entr\u00e9e de jeu, Micha\u00ebl [&hellip;]\" \/>\r\n<meta property=\"og:url\" content=\"https:\/\/www.uqac.ca\/uqactualites\/2015\/05\/28\/le-monde-virtuel\/\" \/>\r\n<meta property=\"og:site_name\" content=\"UQACtualit\u00e9s\" \/>\r\n<meta property=\"article:published_time\" content=\"2015-05-28T14:53:13+00:00\" \/>\r\n<meta property=\"og:image\" content=\"https:\/\/www.uqac.ca\/uqactualites\/wp-content\/uploads\/2015\/05\/DSC_0246-scaled.jpg\" \/>\r\n\t<meta property=\"og:image:width\" content=\"2560\" \/>\r\n\t<meta property=\"og:image:height\" content=\"1701\" \/>\r\n\t<meta property=\"og:image:type\" content=\"image\/jpeg\" \/>\r\n<meta name=\"author\" content=\"Service des communications et des relations publiques\" \/>\r\n<meta name=\"twitter:card\" content=\"summary_large_image\" \/>\r\n<meta name=\"twitter:label1\" content=\"\u00c9crit par\" \/>\n\t<meta name=\"twitter:data1\" content=\"Service des communications et des relations publiques\" \/>\n\t<meta name=\"twitter:label2\" content=\"Estimation du temps de lecture\" \/>\n\t<meta name=\"twitter:data2\" content=\"2 minutes\" \/>\r\n<script type=\"application\/ld+json\" class=\"yoast-schema-graph\">{\"@context\":\"https:\/\/schema.org\",\"@graph\":[{\"@type\":\"WebPage\",\"@id\":\"https:\/\/www.uqac.ca\/uqactualites\/2015\/05\/28\/le-monde-virtuel\/\",\"url\":\"https:\/\/www.uqac.ca\/uqactualites\/2015\/05\/28\/le-monde-virtuel\/\",\"name\":\"Le monde virtuel, probl\u00e8mes r\u00e9els : l\u2019Universit\u00e9 populaire de l\u2019UQAC pr\u00e9sente une deuxi\u00e8me conf\u00e9rence - UQACtualit\u00e9s\",\"isPartOf\":{\"@id\":\"https:\/\/www.uqac.ca\/uqactualites\/#website\"},\"primaryImageOfPage\":{\"@id\":\"https:\/\/www.uqac.ca\/uqactualites\/2015\/05\/28\/le-monde-virtuel\/#primaryimage\"},\"image\":{\"@id\":\"https:\/\/www.uqac.ca\/uqactualites\/2015\/05\/28\/le-monde-virtuel\/#primaryimage\"},\"thumbnailUrl\":\"https:\/\/www.uqac.ca\/uqactualites\/wp-content\/uploads\/2015\/05\/DSC_0246-scaled.jpg\",\"datePublished\":\"2015-05-28T14:53:13+00:00\",\"dateModified\":\"2015-05-28T14:53:13+00:00\",\"author\":{\"@id\":\"https:\/\/www.uqac.ca\/uqactualites\/#\/schema\/person\/366c45a0c4f0e677b41b4af5886e2018\"},\"breadcrumb\":{\"@id\":\"https:\/\/www.uqac.ca\/uqactualites\/2015\/05\/28\/le-monde-virtuel\/#breadcrumb\"},\"inLanguage\":\"fr-CA\",\"potentialAction\":[{\"@type\":\"ReadAction\",\"target\":[\"https:\/\/www.uqac.ca\/uqactualites\/2015\/05\/28\/le-monde-virtuel\/\"]}]},{\"@type\":\"ImageObject\",\"inLanguage\":\"fr-CA\",\"@id\":\"https:\/\/www.uqac.ca\/uqactualites\/2015\/05\/28\/le-monde-virtuel\/#primaryimage\",\"url\":\"https:\/\/www.uqac.ca\/uqactualites\/wp-content\/uploads\/2015\/05\/DSC_0246-scaled.jpg\",\"contentUrl\":\"https:\/\/www.uqac.ca\/uqactualites\/wp-content\/uploads\/2015\/05\/DSC_0246-scaled.jpg\",\"width\":2560,\"height\":1701},{\"@type\":\"BreadcrumbList\",\"@id\":\"https:\/\/www.uqac.ca\/uqactualites\/2015\/05\/28\/le-monde-virtuel\/#breadcrumb\",\"itemListElement\":[{\"@type\":\"ListItem\",\"position\":1,\"name\":\"Home\",\"item\":\"https:\/\/www.uqac.ca\/uqactualites\/\"},{\"@type\":\"ListItem\",\"position\":2,\"name\":\"Le monde virtuel, probl\u00e8mes r\u00e9els : l\u2019Universit\u00e9 populaire de l\u2019UQAC pr\u00e9sente une deuxi\u00e8me conf\u00e9rence\"}]},{\"@type\":\"WebSite\",\"@id\":\"https:\/\/www.uqac.ca\/uqactualites\/#website\",\"url\":\"https:\/\/www.uqac.ca\/uqactualites\/\",\"name\":\"UQACtualit\u00e9s\",\"description\":\"Le portail des nouvelles de l&#039;UQAC\",\"potentialAction\":[{\"@type\":\"SearchAction\",\"target\":{\"@type\":\"EntryPoint\",\"urlTemplate\":\"https:\/\/www.uqac.ca\/uqactualites\/?s={search_term_string}\"},\"query-input\":{\"@type\":\"PropertyValueSpecification\",\"valueRequired\":true,\"valueName\":\"search_term_string\"}}],\"inLanguage\":\"fr-CA\"},{\"@type\":\"Person\",\"@id\":\"https:\/\/www.uqac.ca\/uqactualites\/#\/schema\/person\/366c45a0c4f0e677b41b4af5886e2018\",\"name\":\"Service des communications et des relations publiques\",\"image\":{\"@type\":\"ImageObject\",\"inLanguage\":\"fr-CA\",\"@id\":\"https:\/\/www.uqac.ca\/uqactualites\/#\/schema\/person\/image\/\",\"url\":\"https:\/\/secure.gravatar.com\/avatar\/20fbbda8a292f59f2d3461a5b999c00b?s=96&d=mm&r=g\",\"contentUrl\":\"https:\/\/secure.gravatar.com\/avatar\/20fbbda8a292f59f2d3461a5b999c00b?s=96&d=mm&r=g\",\"caption\":\"Service des communications et des relations publiques\"},\"url\":\"https:\/\/www.uqac.ca\/uqactualites\/author\/bap\/\"}]}<\/script>\r\n<!-- \/ Yoast SEO plugin. -->","yoast_head_json":{"title":"Le monde virtuel, probl\u00e8mes r\u00e9els : l\u2019Universit\u00e9 populaire de l\u2019UQAC pr\u00e9sente une deuxi\u00e8me conf\u00e9rence - UQACtualit\u00e9s","robots":{"index":"index","follow":"follow","max-snippet":"max-snippet:-1","max-image-preview":"max-image-preview:large","max-video-preview":"max-video-preview:-1"},"canonical":"https:\/\/www.uqac.ca\/uqactualites\/2015\/05\/28\/le-monde-virtuel\/","og_locale":"fr_CA","og_type":"article","og_title":"Le monde virtuel, probl\u00e8mes r\u00e9els : l\u2019Universit\u00e9 populaire de l\u2019UQAC pr\u00e9sente une deuxi\u00e8me conf\u00e9rence - UQACtualit\u00e9s","og_description":"Une deuxi\u00e8me conf\u00e9rence publique de l\u2019Universit\u00e9 populaire de l\u2019UQAC, cette fois\u00a0sous le th\u00e8me du monde virtuel, a \u00e9t\u00e9 pr\u00e9sent\u00e9e, hier soir, au Petit Th\u00e9\u00e2tre de l\u2019Universit\u00e9. \u00c0 l\u2019occasion de cette soir\u00e9e, le sujet \u00e9tait trait\u00e9 par deux professeurs issus de secteurs diff\u00e9rents soit les arts et lettres et l&rsquo;informatique et math\u00e9matique. D\u2019entr\u00e9e de jeu, Micha\u00ebl [&hellip;]","og_url":"https:\/\/www.uqac.ca\/uqactualites\/2015\/05\/28\/le-monde-virtuel\/","og_site_name":"UQACtualit\u00e9s","article_published_time":"2015-05-28T14:53:13+00:00","og_image":[{"width":2560,"height":1701,"url":"https:\/\/www.uqac.ca\/uqactualites\/wp-content\/uploads\/2015\/05\/DSC_0246-scaled.jpg","type":"image\/jpeg"}],"author":"Service des communications et des relations publiques","twitter_card":"summary_large_image","twitter_misc":{"\u00c9crit par":"Service des communications et des relations publiques","Estimation du temps de lecture":"2 minutes"},"schema":{"@context":"https:\/\/schema.org","@graph":[{"@type":"WebPage","@id":"https:\/\/www.uqac.ca\/uqactualites\/2015\/05\/28\/le-monde-virtuel\/","url":"https:\/\/www.uqac.ca\/uqactualites\/2015\/05\/28\/le-monde-virtuel\/","name":"Le monde virtuel, probl\u00e8mes r\u00e9els : l\u2019Universit\u00e9 populaire de l\u2019UQAC pr\u00e9sente une deuxi\u00e8me conf\u00e9rence - UQACtualit\u00e9s","isPartOf":{"@id":"https:\/\/www.uqac.ca\/uqactualites\/#website"},"primaryImageOfPage":{"@id":"https:\/\/www.uqac.ca\/uqactualites\/2015\/05\/28\/le-monde-virtuel\/#primaryimage"},"image":{"@id":"https:\/\/www.uqac.ca\/uqactualites\/2015\/05\/28\/le-monde-virtuel\/#primaryimage"},"thumbnailUrl":"https:\/\/www.uqac.ca\/uqactualites\/wp-content\/uploads\/2015\/05\/DSC_0246-scaled.jpg","datePublished":"2015-05-28T14:53:13+00:00","dateModified":"2015-05-28T14:53:13+00:00","author":{"@id":"https:\/\/www.uqac.ca\/uqactualites\/#\/schema\/person\/366c45a0c4f0e677b41b4af5886e2018"},"breadcrumb":{"@id":"https:\/\/www.uqac.ca\/uqactualites\/2015\/05\/28\/le-monde-virtuel\/#breadcrumb"},"inLanguage":"fr-CA","potentialAction":[{"@type":"ReadAction","target":["https:\/\/www.uqac.ca\/uqactualites\/2015\/05\/28\/le-monde-virtuel\/"]}]},{"@type":"ImageObject","inLanguage":"fr-CA","@id":"https:\/\/www.uqac.ca\/uqactualites\/2015\/05\/28\/le-monde-virtuel\/#primaryimage","url":"https:\/\/www.uqac.ca\/uqactualites\/wp-content\/uploads\/2015\/05\/DSC_0246-scaled.jpg","contentUrl":"https:\/\/www.uqac.ca\/uqactualites\/wp-content\/uploads\/2015\/05\/DSC_0246-scaled.jpg","width":2560,"height":1701},{"@type":"BreadcrumbList","@id":"https:\/\/www.uqac.ca\/uqactualites\/2015\/05\/28\/le-monde-virtuel\/#breadcrumb","itemListElement":[{"@type":"ListItem","position":1,"name":"Home","item":"https:\/\/www.uqac.ca\/uqactualites\/"},{"@type":"ListItem","position":2,"name":"Le monde virtuel, probl\u00e8mes r\u00e9els : l\u2019Universit\u00e9 populaire de l\u2019UQAC pr\u00e9sente une deuxi\u00e8me conf\u00e9rence"}]},{"@type":"WebSite","@id":"https:\/\/www.uqac.ca\/uqactualites\/#website","url":"https:\/\/www.uqac.ca\/uqactualites\/","name":"UQACtualit\u00e9s","description":"Le portail des nouvelles de l&#039;UQAC","potentialAction":[{"@type":"SearchAction","target":{"@type":"EntryPoint","urlTemplate":"https:\/\/www.uqac.ca\/uqactualites\/?s={search_term_string}"},"query-input":{"@type":"PropertyValueSpecification","valueRequired":true,"valueName":"search_term_string"}}],"inLanguage":"fr-CA"},{"@type":"Person","@id":"https:\/\/www.uqac.ca\/uqactualites\/#\/schema\/person\/366c45a0c4f0e677b41b4af5886e2018","name":"Service des communications et des relations publiques","image":{"@type":"ImageObject","inLanguage":"fr-CA","@id":"https:\/\/www.uqac.ca\/uqactualites\/#\/schema\/person\/image\/","url":"https:\/\/secure.gravatar.com\/avatar\/20fbbda8a292f59f2d3461a5b999c00b?s=96&d=mm&r=g","contentUrl":"https:\/\/secure.gravatar.com\/avatar\/20fbbda8a292f59f2d3461a5b999c00b?s=96&d=mm&r=g","caption":"Service des communications et des relations publiques"},"url":"https:\/\/www.uqac.ca\/uqactualites\/author\/bap\/"}]}},"_links":{"self":[{"href":"https:\/\/www.uqac.ca\/uqactualites\/wp-json\/wp\/v2\/posts\/30309"}],"collection":[{"href":"https:\/\/www.uqac.ca\/uqactualites\/wp-json\/wp\/v2\/posts"}],"about":[{"href":"https:\/\/www.uqac.ca\/uqactualites\/wp-json\/wp\/v2\/types\/post"}],"author":[{"embeddable":true,"href":"https:\/\/www.uqac.ca\/uqactualites\/wp-json\/wp\/v2\/users\/5"}],"replies":[{"embeddable":true,"href":"https:\/\/www.uqac.ca\/uqactualites\/wp-json\/wp\/v2\/comments?post=30309"}],"version-history":[{"count":0,"href":"https:\/\/www.uqac.ca\/uqactualites\/wp-json\/wp\/v2\/posts\/30309\/revisions"}],"wp:featuredmedia":[{"embeddable":true,"href":"https:\/\/www.uqac.ca\/uqactualites\/wp-json\/wp\/v2\/media\/30317"}],"wp:attachment":[{"href":"https:\/\/www.uqac.ca\/uqactualites\/wp-json\/wp\/v2\/media?parent=30309"}],"wp:term":[{"taxonomy":"category","embeddable":true,"href":"https:\/\/www.uqac.ca\/uqactualites\/wp-json\/wp\/v2\/categories?post=30309"},{"taxonomy":"post_tag","embeddable":true,"href":"https:\/\/www.uqac.ca\/uqactualites\/wp-json\/wp\/v2\/tags?post=30309"}],"curies":[{"name":"wp","href":"https:\/\/api.w.org\/{rel}","templated":true}]}}