{"id":30340,"date":"2015-06-01T08:55:10","date_gmt":"2015-06-01T12:55:10","guid":{"rendered":"http:\/\/uqactualite.odev.ca\/?p=30340"},"modified":"2015-06-01T08:55:10","modified_gmt":"2015-06-01T12:55:10","slug":"nomination-de-madame-solange-moreau","status":"publish","type":"post","link":"https:\/\/www.uqac.ca\/uqactualites\/2015\/06\/01\/nomination-de-madame-solange-moreau\/","title":{"rendered":"Nomination de madame Solange Moreau"},"content":{"rendered":"<p style=\"text-align: justify\">L\u2019Universit\u00e9 du Qu\u00e9bec \u00e0 Chicoutimi annonce la nomination de madame Solange Moreau \u00e0 titre de directrice du Centre de savoir sur mesure (CESAM) et directrice de l\u2019\u00c9cole de langue fran\u00e7aise et de culture qu\u00e9b\u00e9coise (\u00c9LFCQ) de l\u2019UQAC.<\/p>\n<p style=\"text-align: justify\">Madame Moreau d\u00e9tient une scolarit\u00e9 doctorale en \u00e9ducation de l\u2019Universit\u00e9 de Sherbrooke, un dipl\u00f4me de deuxi\u00e8me cycle en administration (MBA) ainsi qu\u2019une ma\u00eetrise en didactique de l\u2019Universit\u00e9 Laval et un baccalaur\u00e9at en enseignement pr\u00e9scolaire et primaire.<\/p>\n<p style=\"text-align: justify\">Charg\u00e9e de cours depuis 1995 au sein de plusieurs universit\u00e9s, madame Moreau a \u00e9galement travaill\u00e9 comme conseill\u00e8re en francophonie au Secr\u00e9tariat aux affaires intergouvernementales canadiennes et comme conseill\u00e8re p\u00e9dagogique au programme de francisation des immigrants et \u00e0 la r\u00e9gionalisation de l\u2019immigration au Minist\u00e8re de l\u2019Immigration et des communaut\u00e9s culturelles.<\/p>\n<p style=\"text-align: justify\">Elle est \u00e9galement auteure de publications et ouvrages portant en \u00e9ducation et en gestion.<\/p>\n<p style=\"text-align: justify\">Depuis 2007 et jusqu\u2019\u00e0 tout r\u00e9cemment, madame Moreau a exerc\u00e9 plusieurs postes au sein de Revenu Qu\u00e9bec o\u00f9 elle a accumul\u00e9 une solide expertise en gestion, lui permettant de se qualifier pour plusieurs prix et distinctions.<\/p>\n<p style=\"text-align: justify\">Madame Moreau entrera en fonction le lundi 8 juin 2015. Nous lui souhaitons tout le succ\u00e8s d\u00e9sir\u00e9.<\/p>\n<p><strong>Source\u00a0:<br \/>\n<\/strong>Jos\u00e9e Bourassa, agente d\u2019information<br \/>\nBureau des affaires publiques<br \/>\nUniversit\u00e9 du Qu\u00e9bec \u00e0 Chicoutimi<br \/>\n418\u00a0545-5011, poste\u00a05006 \u25aa\u00a0<a href=\"mailto:josee.bourassa@uqac.ca\">josee.bourassa@uqac.ca<\/a><\/p>\n<p>&nbsp;<\/p>\n<p>&nbsp;<\/p>\n","protected":false},"excerpt":{"rendered":"<p>L\u2019Universit\u00e9 du Qu\u00e9bec \u00e0 Chicoutimi annonce la nomination de madame Solange Moreau \u00e0 titre de directrice du Centre de savoir sur mesure (CESAM) et directrice de l\u2019\u00c9cole de langue fran\u00e7aise et de culture qu\u00e9b\u00e9coise (\u00c9LFCQ) de l\u2019UQAC. Madame Moreau d\u00e9tient une scolarit\u00e9 doctorale en \u00e9ducation de l\u2019Universit\u00e9 de Sherbrooke, un dipl\u00f4me de deuxi\u00e8me cycle en [&hellip;]<\/p>\n","protected":false},"author":5,"featured_media":30342,"comment_status":"open","ping_status":"open","sticky":false,"template":"","format":"standard","meta":{"footnotes":""},"categories":[2,15],"tags":[],"yoast_head":"<!-- This site is optimized with the Yoast SEO plugin v24.2 - https:\/\/yoast.com\/wordpress\/plugins\/seo\/ -->\r\n<title>Nomination de madame Solange Moreau - UQACtualit\u00e9s<\/title>\r\n<meta name=\"robots\" content=\"index, follow, max-snippet:-1, max-image-preview:large, max-video-preview:-1\" \/>\r\n<link rel=\"canonical\" href=\"https:\/\/www.uqac.ca\/uqactualites\/2015\/06\/01\/nomination-de-madame-solange-moreau\/\" \/>\r\n<meta property=\"og:locale\" content=\"fr_CA\" \/>\r\n<meta property=\"og:type\" content=\"article\" \/>\r\n<meta property=\"og:title\" content=\"Nomination de madame Solange Moreau - UQACtualit\u00e9s\" \/>\r\n<meta property=\"og:description\" content=\"L\u2019Universit\u00e9 du Qu\u00e9bec \u00e0 Chicoutimi annonce la nomination de madame Solange Moreau \u00e0 titre de directrice du Centre de savoir sur mesure (CESAM) et directrice de l\u2019\u00c9cole de langue fran\u00e7aise et de culture qu\u00e9b\u00e9coise (\u00c9LFCQ) de l\u2019UQAC. Madame Moreau d\u00e9tient une scolarit\u00e9 doctorale en \u00e9ducation de l\u2019Universit\u00e9 de Sherbrooke, un dipl\u00f4me de deuxi\u00e8me cycle en [&hellip;]\" \/>\r\n<meta property=\"og:url\" content=\"https:\/\/www.uqac.ca\/uqactualites\/2015\/06\/01\/nomination-de-madame-solange-moreau\/\" \/>\r\n<meta property=\"og:site_name\" content=\"UQACtualit\u00e9s\" \/>\r\n<meta property=\"article:published_time\" content=\"2015-06-01T12:55:10+00:00\" \/>\r\n<meta property=\"og:image\" content=\"https:\/\/www.uqac.ca\/uqactualites\/wp-content\/uploads\/2015\/06\/mme-moreau.jpg\" \/>\r\n\t<meta property=\"og:image:width\" content=\"2110\" \/>\r\n\t<meta property=\"og:image:height\" content=\"1048\" \/>\r\n\t<meta property=\"og:image:type\" content=\"image\/jpeg\" \/>\r\n<meta name=\"author\" content=\"Service des communications et des relations publiques\" \/>\r\n<meta name=\"twitter:card\" content=\"summary_large_image\" \/>\r\n<meta name=\"twitter:label1\" content=\"\u00c9crit par\" \/>\n\t<meta name=\"twitter:data1\" content=\"Service des communications et des relations publiques\" \/>\n\t<meta name=\"twitter:label2\" content=\"Estimation du temps de lecture\" \/>\n\t<meta name=\"twitter:data2\" content=\"1 minute\" \/>\r\n<script type=\"application\/ld+json\" class=\"yoast-schema-graph\">{\"@context\":\"https:\/\/schema.org\",\"@graph\":[{\"@type\":\"WebPage\",\"@id\":\"https:\/\/www.uqac.ca\/uqactualites\/2015\/06\/01\/nomination-de-madame-solange-moreau\/\",\"url\":\"https:\/\/www.uqac.ca\/uqactualites\/2015\/06\/01\/nomination-de-madame-solange-moreau\/\",\"name\":\"Nomination de madame Solange Moreau - UQACtualit\u00e9s\",\"isPartOf\":{\"@id\":\"https:\/\/www.uqac.ca\/uqactualites\/#website\"},\"primaryImageOfPage\":{\"@id\":\"https:\/\/www.uqac.ca\/uqactualites\/2015\/06\/01\/nomination-de-madame-solange-moreau\/#primaryimage\"},\"image\":{\"@id\":\"https:\/\/www.uqac.ca\/uqactualites\/2015\/06\/01\/nomination-de-madame-solange-moreau\/#primaryimage\"},\"thumbnailUrl\":\"https:\/\/www.uqac.ca\/uqactualites\/wp-content\/uploads\/2015\/06\/mme-moreau.jpg\",\"datePublished\":\"2015-06-01T12:55:10+00:00\",\"dateModified\":\"2015-06-01T12:55:10+00:00\",\"author\":{\"@id\":\"https:\/\/www.uqac.ca\/uqactualites\/#\/schema\/person\/366c45a0c4f0e677b41b4af5886e2018\"},\"breadcrumb\":{\"@id\":\"https:\/\/www.uqac.ca\/uqactualites\/2015\/06\/01\/nomination-de-madame-solange-moreau\/#breadcrumb\"},\"inLanguage\":\"fr-CA\",\"potentialAction\":[{\"@type\":\"ReadAction\",\"target\":[\"https:\/\/www.uqac.ca\/uqactualites\/2015\/06\/01\/nomination-de-madame-solange-moreau\/\"]}]},{\"@type\":\"ImageObject\",\"inLanguage\":\"fr-CA\",\"@id\":\"https:\/\/www.uqac.ca\/uqactualites\/2015\/06\/01\/nomination-de-madame-solange-moreau\/#primaryimage\",\"url\":\"https:\/\/www.uqac.ca\/uqactualites\/wp-content\/uploads\/2015\/06\/mme-moreau.jpg\",\"contentUrl\":\"https:\/\/www.uqac.ca\/uqactualites\/wp-content\/uploads\/2015\/06\/mme-moreau.jpg\",\"width\":2110,\"height\":1048},{\"@type\":\"BreadcrumbList\",\"@id\":\"https:\/\/www.uqac.ca\/uqactualites\/2015\/06\/01\/nomination-de-madame-solange-moreau\/#breadcrumb\",\"itemListElement\":[{\"@type\":\"ListItem\",\"position\":1,\"name\":\"Home\",\"item\":\"https:\/\/www.uqac.ca\/uqactualites\/\"},{\"@type\":\"ListItem\",\"position\":2,\"name\":\"Nomination de madame Solange Moreau\"}]},{\"@type\":\"WebSite\",\"@id\":\"https:\/\/www.uqac.ca\/uqactualites\/#website\",\"url\":\"https:\/\/www.uqac.ca\/uqactualites\/\",\"name\":\"UQACtualit\u00e9s\",\"description\":\"Le portail des nouvelles de l&#039;UQAC\",\"potentialAction\":[{\"@type\":\"SearchAction\",\"target\":{\"@type\":\"EntryPoint\",\"urlTemplate\":\"https:\/\/www.uqac.ca\/uqactualites\/?s={search_term_string}\"},\"query-input\":{\"@type\":\"PropertyValueSpecification\",\"valueRequired\":true,\"valueName\":\"search_term_string\"}}],\"inLanguage\":\"fr-CA\"},{\"@type\":\"Person\",\"@id\":\"https:\/\/www.uqac.ca\/uqactualites\/#\/schema\/person\/366c45a0c4f0e677b41b4af5886e2018\",\"name\":\"Service des communications et des relations publiques\",\"image\":{\"@type\":\"ImageObject\",\"inLanguage\":\"fr-CA\",\"@id\":\"https:\/\/www.uqac.ca\/uqactualites\/#\/schema\/person\/image\/\",\"url\":\"https:\/\/secure.gravatar.com\/avatar\/20fbbda8a292f59f2d3461a5b999c00b?s=96&d=mm&r=g\",\"contentUrl\":\"https:\/\/secure.gravatar.com\/avatar\/20fbbda8a292f59f2d3461a5b999c00b?s=96&d=mm&r=g\",\"caption\":\"Service des communications et des relations publiques\"},\"url\":\"https:\/\/www.uqac.ca\/uqactualites\/author\/bap\/\"}]}<\/script>\r\n<!-- \/ Yoast SEO plugin. -->","yoast_head_json":{"title":"Nomination de madame Solange Moreau - UQACtualit\u00e9s","robots":{"index":"index","follow":"follow","max-snippet":"max-snippet:-1","max-image-preview":"max-image-preview:large","max-video-preview":"max-video-preview:-1"},"canonical":"https:\/\/www.uqac.ca\/uqactualites\/2015\/06\/01\/nomination-de-madame-solange-moreau\/","og_locale":"fr_CA","og_type":"article","og_title":"Nomination de madame Solange Moreau - UQACtualit\u00e9s","og_description":"L\u2019Universit\u00e9 du Qu\u00e9bec \u00e0 Chicoutimi annonce la nomination de madame Solange Moreau \u00e0 titre de directrice du Centre de savoir sur mesure (CESAM) et directrice de l\u2019\u00c9cole de langue fran\u00e7aise et de culture qu\u00e9b\u00e9coise (\u00c9LFCQ) de l\u2019UQAC. Madame Moreau d\u00e9tient une scolarit\u00e9 doctorale en \u00e9ducation de l\u2019Universit\u00e9 de Sherbrooke, un dipl\u00f4me de deuxi\u00e8me cycle en [&hellip;]","og_url":"https:\/\/www.uqac.ca\/uqactualites\/2015\/06\/01\/nomination-de-madame-solange-moreau\/","og_site_name":"UQACtualit\u00e9s","article_published_time":"2015-06-01T12:55:10+00:00","og_image":[{"width":2110,"height":1048,"url":"https:\/\/www.uqac.ca\/uqactualites\/wp-content\/uploads\/2015\/06\/mme-moreau.jpg","type":"image\/jpeg"}],"author":"Service des communications et des relations publiques","twitter_card":"summary_large_image","twitter_misc":{"\u00c9crit par":"Service des communications et des relations publiques","Estimation du temps de lecture":"1 minute"},"schema":{"@context":"https:\/\/schema.org","@graph":[{"@type":"WebPage","@id":"https:\/\/www.uqac.ca\/uqactualites\/2015\/06\/01\/nomination-de-madame-solange-moreau\/","url":"https:\/\/www.uqac.ca\/uqactualites\/2015\/06\/01\/nomination-de-madame-solange-moreau\/","name":"Nomination de madame Solange Moreau - UQACtualit\u00e9s","isPartOf":{"@id":"https:\/\/www.uqac.ca\/uqactualites\/#website"},"primaryImageOfPage":{"@id":"https:\/\/www.uqac.ca\/uqactualites\/2015\/06\/01\/nomination-de-madame-solange-moreau\/#primaryimage"},"image":{"@id":"https:\/\/www.uqac.ca\/uqactualites\/2015\/06\/01\/nomination-de-madame-solange-moreau\/#primaryimage"},"thumbnailUrl":"https:\/\/www.uqac.ca\/uqactualites\/wp-content\/uploads\/2015\/06\/mme-moreau.jpg","datePublished":"2015-06-01T12:55:10+00:00","dateModified":"2015-06-01T12:55:10+00:00","author":{"@id":"https:\/\/www.uqac.ca\/uqactualites\/#\/schema\/person\/366c45a0c4f0e677b41b4af5886e2018"},"breadcrumb":{"@id":"https:\/\/www.uqac.ca\/uqactualites\/2015\/06\/01\/nomination-de-madame-solange-moreau\/#breadcrumb"},"inLanguage":"fr-CA","potentialAction":[{"@type":"ReadAction","target":["https:\/\/www.uqac.ca\/uqactualites\/2015\/06\/01\/nomination-de-madame-solange-moreau\/"]}]},{"@type":"ImageObject","inLanguage":"fr-CA","@id":"https:\/\/www.uqac.ca\/uqactualites\/2015\/06\/01\/nomination-de-madame-solange-moreau\/#primaryimage","url":"https:\/\/www.uqac.ca\/uqactualites\/wp-content\/uploads\/2015\/06\/mme-moreau.jpg","contentUrl":"https:\/\/www.uqac.ca\/uqactualites\/wp-content\/uploads\/2015\/06\/mme-moreau.jpg","width":2110,"height":1048},{"@type":"BreadcrumbList","@id":"https:\/\/www.uqac.ca\/uqactualites\/2015\/06\/01\/nomination-de-madame-solange-moreau\/#breadcrumb","itemListElement":[{"@type":"ListItem","position":1,"name":"Home","item":"https:\/\/www.uqac.ca\/uqactualites\/"},{"@type":"ListItem","position":2,"name":"Nomination de madame Solange Moreau"}]},{"@type":"WebSite","@id":"https:\/\/www.uqac.ca\/uqactualites\/#website","url":"https:\/\/www.uqac.ca\/uqactualites\/","name":"UQACtualit\u00e9s","description":"Le portail des nouvelles de l&#039;UQAC","potentialAction":[{"@type":"SearchAction","target":{"@type":"EntryPoint","urlTemplate":"https:\/\/www.uqac.ca\/uqactualites\/?s={search_term_string}"},"query-input":{"@type":"PropertyValueSpecification","valueRequired":true,"valueName":"search_term_string"}}],"inLanguage":"fr-CA"},{"@type":"Person","@id":"https:\/\/www.uqac.ca\/uqactualites\/#\/schema\/person\/366c45a0c4f0e677b41b4af5886e2018","name":"Service des communications et des relations publiques","image":{"@type":"ImageObject","inLanguage":"fr-CA","@id":"https:\/\/www.uqac.ca\/uqactualites\/#\/schema\/person\/image\/","url":"https:\/\/secure.gravatar.com\/avatar\/20fbbda8a292f59f2d3461a5b999c00b?s=96&d=mm&r=g","contentUrl":"https:\/\/secure.gravatar.com\/avatar\/20fbbda8a292f59f2d3461a5b999c00b?s=96&d=mm&r=g","caption":"Service des communications et des relations publiques"},"url":"https:\/\/www.uqac.ca\/uqactualites\/author\/bap\/"}]}},"_links":{"self":[{"href":"https:\/\/www.uqac.ca\/uqactualites\/wp-json\/wp\/v2\/posts\/30340"}],"collection":[{"href":"https:\/\/www.uqac.ca\/uqactualites\/wp-json\/wp\/v2\/posts"}],"about":[{"href":"https:\/\/www.uqac.ca\/uqactualites\/wp-json\/wp\/v2\/types\/post"}],"author":[{"embeddable":true,"href":"https:\/\/www.uqac.ca\/uqactualites\/wp-json\/wp\/v2\/users\/5"}],"replies":[{"embeddable":true,"href":"https:\/\/www.uqac.ca\/uqactualites\/wp-json\/wp\/v2\/comments?post=30340"}],"version-history":[{"count":0,"href":"https:\/\/www.uqac.ca\/uqactualites\/wp-json\/wp\/v2\/posts\/30340\/revisions"}],"wp:featuredmedia":[{"embeddable":true,"href":"https:\/\/www.uqac.ca\/uqactualites\/wp-json\/wp\/v2\/media\/30342"}],"wp:attachment":[{"href":"https:\/\/www.uqac.ca\/uqactualites\/wp-json\/wp\/v2\/media?parent=30340"}],"wp:term":[{"taxonomy":"category","embeddable":true,"href":"https:\/\/www.uqac.ca\/uqactualites\/wp-json\/wp\/v2\/categories?post=30340"},{"taxonomy":"post_tag","embeddable":true,"href":"https:\/\/www.uqac.ca\/uqactualites\/wp-json\/wp\/v2\/tags?post=30340"}],"curies":[{"name":"wp","href":"https:\/\/api.w.org\/{rel}","templated":true}]}}