{"id":30418,"date":"2015-06-16T08:42:03","date_gmt":"2015-06-16T12:42:03","guid":{"rendered":"http:\/\/uqactualite.odev.ca\/?p=30418"},"modified":"2015-06-16T08:42:03","modified_gmt":"2015-06-16T12:42:03","slug":"deuxieme-place-colloque-acfas","status":"publish","type":"post","link":"https:\/\/www.uqac.ca\/uqactualites\/2015\/06\/16\/deuxieme-place-colloque-acfas\/","title":{"rendered":"Une deuxi\u00e8me place pour un \u00e9tudiant de l&rsquo;UQAC au Colloque de l&rsquo;ACFAS"},"content":{"rendered":"<p>Thomas Foulon, \u00e9tudiant \u00e0 la <a href=\"http:\/\/programmes.uqac.ca\/1687\">maitrise en g\u00e9ologie et g\u00e9nie g\u00e9ologique<\/a> de l\u2019UQAC, a remport\u00e9 la deuxi\u00e8me place dans la cat\u00e9gorie meilleures pr\u00e9sentations \u00e9tudiantes \u00e0 l\u2019occasion du <a href=\"http:\/\/www.acfas.ca\/evenements\/congres\/programme\/83\/600\/604\/C\">10e colloque de l&rsquo;ACFAS<\/a> sur les risques naturels au Qu\u00e9bec.<\/p>\n<p>Son projet de recherche s\u2019intitule \u00ab analyse du risque sismique, \u00e9laboration d\u2019une m\u00e9thodologie appliqu\u00e9e au territoire de la ville de Saguenay \u00bb. Son directeur de recherche est le professeur Ali Saeidi et son codirecteur est Romain Chesnaux, \u00e9galement professeur au D\u00e9partement des sciences appliqu\u00e9es.<\/p>\n<p><strong>Source : <\/strong><strong><br \/>\n<\/strong>Bureau des affaires publiques<br \/>\nUniversit\u00e9 du Qu\u00e9bec \u00e0 Chicoutimi<br \/>\n418\u00a0545-5011, poste 2350 \u25aa <a href=\"mailto:affaires_publiques@uqac.ca\">affaires_publiques@uqac.ca<\/a><\/p>\n","protected":false},"excerpt":{"rendered":"<p>Thomas Foulon, \u00e9tudiant \u00e0 la maitrise en g\u00e9ologie et g\u00e9nie g\u00e9ologique de l\u2019UQAC, a remport\u00e9 la deuxi\u00e8me place dans la cat\u00e9gorie meilleures pr\u00e9sentations \u00e9tudiantes \u00e0 l\u2019occasion du 10e colloque de l&rsquo;ACFAS sur les risques naturels au Qu\u00e9bec. Son projet de recherche s\u2019intitule \u00ab analyse du risque sismique, \u00e9laboration d\u2019une m\u00e9thodologie appliqu\u00e9e au territoire de la [&hellip;]<\/p>\n","protected":false},"author":5,"featured_media":30420,"comment_status":"open","ping_status":"open","sticky":false,"template":"","format":"standard","meta":{"footnotes":""},"categories":[2,9],"tags":[494,868,869,143,870,871,872],"yoast_head":"<!-- This site is optimized with the Yoast SEO plugin v24.2 - https:\/\/yoast.com\/wordpress\/plugins\/seo\/ -->\r\n<title>Une deuxi\u00e8me place pour un \u00e9tudiant de l&#039;UQAC au Colloque de l&#039;ACFAS - UQACtualit\u00e9s<\/title>\r\n<meta name=\"robots\" content=\"index, follow, max-snippet:-1, max-image-preview:large, max-video-preview:-1\" \/>\r\n<link rel=\"canonical\" href=\"https:\/\/www.uqac.ca\/uqactualites\/2015\/06\/16\/deuxieme-place-colloque-acfas\/\" \/>\r\n<meta property=\"og:locale\" content=\"fr_CA\" \/>\r\n<meta property=\"og:type\" content=\"article\" \/>\r\n<meta property=\"og:title\" content=\"Une deuxi\u00e8me place pour un \u00e9tudiant de l&#039;UQAC au Colloque de l&#039;ACFAS - UQACtualit\u00e9s\" \/>\r\n<meta property=\"og:description\" content=\"Thomas Foulon, \u00e9tudiant \u00e0 la maitrise en g\u00e9ologie et g\u00e9nie g\u00e9ologique de l\u2019UQAC, a remport\u00e9 la deuxi\u00e8me place dans la cat\u00e9gorie meilleures pr\u00e9sentations \u00e9tudiantes \u00e0 l\u2019occasion du 10e colloque de l&rsquo;ACFAS sur les risques naturels au Qu\u00e9bec. Son projet de recherche s\u2019intitule \u00ab analyse du risque sismique, \u00e9laboration d\u2019une m\u00e9thodologie appliqu\u00e9e au territoire de la [&hellip;]\" \/>\r\n<meta property=\"og:url\" content=\"https:\/\/www.uqac.ca\/uqactualites\/2015\/06\/16\/deuxieme-place-colloque-acfas\/\" \/>\r\n<meta property=\"og:site_name\" content=\"UQACtualit\u00e9s\" \/>\r\n<meta property=\"article:published_time\" content=\"2015-06-16T12:42:03+00:00\" \/>\r\n<meta property=\"og:image\" content=\"https:\/\/www.uqac.ca\/uqactualites\/wp-content\/uploads\/2015\/06\/DSC_0381-scaled.jpg\" \/>\r\n\t<meta property=\"og:image:width\" content=\"2560\" \/>\r\n\t<meta property=\"og:image:height\" content=\"1155\" \/>\r\n\t<meta property=\"og:image:type\" content=\"image\/jpeg\" \/>\r\n<meta name=\"author\" content=\"Service des communications et des relations publiques\" \/>\r\n<meta name=\"twitter:card\" content=\"summary_large_image\" \/>\r\n<meta name=\"twitter:label1\" content=\"\u00c9crit par\" \/>\n\t<meta name=\"twitter:data1\" content=\"Service des communications et des relations publiques\" \/>\n\t<meta name=\"twitter:label2\" content=\"Estimation du temps de lecture\" \/>\n\t<meta name=\"twitter:data2\" content=\"1 minute\" \/>\r\n<script type=\"application\/ld+json\" class=\"yoast-schema-graph\">{\"@context\":\"https:\/\/schema.org\",\"@graph\":[{\"@type\":\"WebPage\",\"@id\":\"https:\/\/www.uqac.ca\/uqactualites\/2015\/06\/16\/deuxieme-place-colloque-acfas\/\",\"url\":\"https:\/\/www.uqac.ca\/uqactualites\/2015\/06\/16\/deuxieme-place-colloque-acfas\/\",\"name\":\"Une deuxi\u00e8me place pour un \u00e9tudiant de l'UQAC au Colloque de l'ACFAS - UQACtualit\u00e9s\",\"isPartOf\":{\"@id\":\"https:\/\/www.uqac.ca\/uqactualites\/#website\"},\"primaryImageOfPage\":{\"@id\":\"https:\/\/www.uqac.ca\/uqactualites\/2015\/06\/16\/deuxieme-place-colloque-acfas\/#primaryimage\"},\"image\":{\"@id\":\"https:\/\/www.uqac.ca\/uqactualites\/2015\/06\/16\/deuxieme-place-colloque-acfas\/#primaryimage\"},\"thumbnailUrl\":\"https:\/\/www.uqac.ca\/uqactualites\/wp-content\/uploads\/2015\/06\/DSC_0381-scaled.jpg\",\"datePublished\":\"2015-06-16T12:42:03+00:00\",\"dateModified\":\"2015-06-16T12:42:03+00:00\",\"author\":{\"@id\":\"https:\/\/www.uqac.ca\/uqactualites\/#\/schema\/person\/366c45a0c4f0e677b41b4af5886e2018\"},\"breadcrumb\":{\"@id\":\"https:\/\/www.uqac.ca\/uqactualites\/2015\/06\/16\/deuxieme-place-colloque-acfas\/#breadcrumb\"},\"inLanguage\":\"fr-CA\",\"potentialAction\":[{\"@type\":\"ReadAction\",\"target\":[\"https:\/\/www.uqac.ca\/uqactualites\/2015\/06\/16\/deuxieme-place-colloque-acfas\/\"]}]},{\"@type\":\"ImageObject\",\"inLanguage\":\"fr-CA\",\"@id\":\"https:\/\/www.uqac.ca\/uqactualites\/2015\/06\/16\/deuxieme-place-colloque-acfas\/#primaryimage\",\"url\":\"https:\/\/www.uqac.ca\/uqactualites\/wp-content\/uploads\/2015\/06\/DSC_0381-scaled.jpg\",\"contentUrl\":\"https:\/\/www.uqac.ca\/uqactualites\/wp-content\/uploads\/2015\/06\/DSC_0381-scaled.jpg\",\"width\":2560,\"height\":1155},{\"@type\":\"BreadcrumbList\",\"@id\":\"https:\/\/www.uqac.ca\/uqactualites\/2015\/06\/16\/deuxieme-place-colloque-acfas\/#breadcrumb\",\"itemListElement\":[{\"@type\":\"ListItem\",\"position\":1,\"name\":\"Home\",\"item\":\"https:\/\/www.uqac.ca\/uqactualites\/\"},{\"@type\":\"ListItem\",\"position\":2,\"name\":\"Une deuxi\u00e8me place pour un \u00e9tudiant de l&rsquo;UQAC au Colloque de l&rsquo;ACFAS\"}]},{\"@type\":\"WebSite\",\"@id\":\"https:\/\/www.uqac.ca\/uqactualites\/#website\",\"url\":\"https:\/\/www.uqac.ca\/uqactualites\/\",\"name\":\"UQACtualit\u00e9s\",\"description\":\"Le portail des nouvelles de l&#039;UQAC\",\"potentialAction\":[{\"@type\":\"SearchAction\",\"target\":{\"@type\":\"EntryPoint\",\"urlTemplate\":\"https:\/\/www.uqac.ca\/uqactualites\/?s={search_term_string}\"},\"query-input\":{\"@type\":\"PropertyValueSpecification\",\"valueRequired\":true,\"valueName\":\"search_term_string\"}}],\"inLanguage\":\"fr-CA\"},{\"@type\":\"Person\",\"@id\":\"https:\/\/www.uqac.ca\/uqactualites\/#\/schema\/person\/366c45a0c4f0e677b41b4af5886e2018\",\"name\":\"Service des communications et des relations publiques\",\"image\":{\"@type\":\"ImageObject\",\"inLanguage\":\"fr-CA\",\"@id\":\"https:\/\/www.uqac.ca\/uqactualites\/#\/schema\/person\/image\/\",\"url\":\"https:\/\/secure.gravatar.com\/avatar\/20fbbda8a292f59f2d3461a5b999c00b?s=96&d=mm&r=g\",\"contentUrl\":\"https:\/\/secure.gravatar.com\/avatar\/20fbbda8a292f59f2d3461a5b999c00b?s=96&d=mm&r=g\",\"caption\":\"Service des communications et des relations publiques\"},\"url\":\"https:\/\/www.uqac.ca\/uqactualites\/author\/bap\/\"}]}<\/script>\r\n<!-- \/ Yoast SEO plugin. -->","yoast_head_json":{"title":"Une deuxi\u00e8me place pour un \u00e9tudiant de l'UQAC au Colloque de l'ACFAS - UQACtualit\u00e9s","robots":{"index":"index","follow":"follow","max-snippet":"max-snippet:-1","max-image-preview":"max-image-preview:large","max-video-preview":"max-video-preview:-1"},"canonical":"https:\/\/www.uqac.ca\/uqactualites\/2015\/06\/16\/deuxieme-place-colloque-acfas\/","og_locale":"fr_CA","og_type":"article","og_title":"Une deuxi\u00e8me place pour un \u00e9tudiant de l'UQAC au Colloque de l'ACFAS - UQACtualit\u00e9s","og_description":"Thomas Foulon, \u00e9tudiant \u00e0 la maitrise en g\u00e9ologie et g\u00e9nie g\u00e9ologique de l\u2019UQAC, a remport\u00e9 la deuxi\u00e8me place dans la cat\u00e9gorie meilleures pr\u00e9sentations \u00e9tudiantes \u00e0 l\u2019occasion du 10e colloque de l&rsquo;ACFAS sur les risques naturels au Qu\u00e9bec. Son projet de recherche s\u2019intitule \u00ab analyse du risque sismique, \u00e9laboration d\u2019une m\u00e9thodologie appliqu\u00e9e au territoire de la [&hellip;]","og_url":"https:\/\/www.uqac.ca\/uqactualites\/2015\/06\/16\/deuxieme-place-colloque-acfas\/","og_site_name":"UQACtualit\u00e9s","article_published_time":"2015-06-16T12:42:03+00:00","og_image":[{"width":2560,"height":1155,"url":"https:\/\/www.uqac.ca\/uqactualites\/wp-content\/uploads\/2015\/06\/DSC_0381-scaled.jpg","type":"image\/jpeg"}],"author":"Service des communications et des relations publiques","twitter_card":"summary_large_image","twitter_misc":{"\u00c9crit par":"Service des communications et des relations publiques","Estimation du temps de lecture":"1 minute"},"schema":{"@context":"https:\/\/schema.org","@graph":[{"@type":"WebPage","@id":"https:\/\/www.uqac.ca\/uqactualites\/2015\/06\/16\/deuxieme-place-colloque-acfas\/","url":"https:\/\/www.uqac.ca\/uqactualites\/2015\/06\/16\/deuxieme-place-colloque-acfas\/","name":"Une deuxi\u00e8me place pour un \u00e9tudiant de l'UQAC au Colloque de l'ACFAS - UQACtualit\u00e9s","isPartOf":{"@id":"https:\/\/www.uqac.ca\/uqactualites\/#website"},"primaryImageOfPage":{"@id":"https:\/\/www.uqac.ca\/uqactualites\/2015\/06\/16\/deuxieme-place-colloque-acfas\/#primaryimage"},"image":{"@id":"https:\/\/www.uqac.ca\/uqactualites\/2015\/06\/16\/deuxieme-place-colloque-acfas\/#primaryimage"},"thumbnailUrl":"https:\/\/www.uqac.ca\/uqactualites\/wp-content\/uploads\/2015\/06\/DSC_0381-scaled.jpg","datePublished":"2015-06-16T12:42:03+00:00","dateModified":"2015-06-16T12:42:03+00:00","author":{"@id":"https:\/\/www.uqac.ca\/uqactualites\/#\/schema\/person\/366c45a0c4f0e677b41b4af5886e2018"},"breadcrumb":{"@id":"https:\/\/www.uqac.ca\/uqactualites\/2015\/06\/16\/deuxieme-place-colloque-acfas\/#breadcrumb"},"inLanguage":"fr-CA","potentialAction":[{"@type":"ReadAction","target":["https:\/\/www.uqac.ca\/uqactualites\/2015\/06\/16\/deuxieme-place-colloque-acfas\/"]}]},{"@type":"ImageObject","inLanguage":"fr-CA","@id":"https:\/\/www.uqac.ca\/uqactualites\/2015\/06\/16\/deuxieme-place-colloque-acfas\/#primaryimage","url":"https:\/\/www.uqac.ca\/uqactualites\/wp-content\/uploads\/2015\/06\/DSC_0381-scaled.jpg","contentUrl":"https:\/\/www.uqac.ca\/uqactualites\/wp-content\/uploads\/2015\/06\/DSC_0381-scaled.jpg","width":2560,"height":1155},{"@type":"BreadcrumbList","@id":"https:\/\/www.uqac.ca\/uqactualites\/2015\/06\/16\/deuxieme-place-colloque-acfas\/#breadcrumb","itemListElement":[{"@type":"ListItem","position":1,"name":"Home","item":"https:\/\/www.uqac.ca\/uqactualites\/"},{"@type":"ListItem","position":2,"name":"Une deuxi\u00e8me place pour un \u00e9tudiant de l&rsquo;UQAC au Colloque de l&rsquo;ACFAS"}]},{"@type":"WebSite","@id":"https:\/\/www.uqac.ca\/uqactualites\/#website","url":"https:\/\/www.uqac.ca\/uqactualites\/","name":"UQACtualit\u00e9s","description":"Le portail des nouvelles de l&#039;UQAC","potentialAction":[{"@type":"SearchAction","target":{"@type":"EntryPoint","urlTemplate":"https:\/\/www.uqac.ca\/uqactualites\/?s={search_term_string}"},"query-input":{"@type":"PropertyValueSpecification","valueRequired":true,"valueName":"search_term_string"}}],"inLanguage":"fr-CA"},{"@type":"Person","@id":"https:\/\/www.uqac.ca\/uqactualites\/#\/schema\/person\/366c45a0c4f0e677b41b4af5886e2018","name":"Service des communications et des relations publiques","image":{"@type":"ImageObject","inLanguage":"fr-CA","@id":"https:\/\/www.uqac.ca\/uqactualites\/#\/schema\/person\/image\/","url":"https:\/\/secure.gravatar.com\/avatar\/20fbbda8a292f59f2d3461a5b999c00b?s=96&d=mm&r=g","contentUrl":"https:\/\/secure.gravatar.com\/avatar\/20fbbda8a292f59f2d3461a5b999c00b?s=96&d=mm&r=g","caption":"Service des communications et des relations publiques"},"url":"https:\/\/www.uqac.ca\/uqactualites\/author\/bap\/"}]}},"_links":{"self":[{"href":"https:\/\/www.uqac.ca\/uqactualites\/wp-json\/wp\/v2\/posts\/30418"}],"collection":[{"href":"https:\/\/www.uqac.ca\/uqactualites\/wp-json\/wp\/v2\/posts"}],"about":[{"href":"https:\/\/www.uqac.ca\/uqactualites\/wp-json\/wp\/v2\/types\/post"}],"author":[{"embeddable":true,"href":"https:\/\/www.uqac.ca\/uqactualites\/wp-json\/wp\/v2\/users\/5"}],"replies":[{"embeddable":true,"href":"https:\/\/www.uqac.ca\/uqactualites\/wp-json\/wp\/v2\/comments?post=30418"}],"version-history":[{"count":0,"href":"https:\/\/www.uqac.ca\/uqactualites\/wp-json\/wp\/v2\/posts\/30418\/revisions"}],"wp:featuredmedia":[{"embeddable":true,"href":"https:\/\/www.uqac.ca\/uqactualites\/wp-json\/wp\/v2\/media\/30420"}],"wp:attachment":[{"href":"https:\/\/www.uqac.ca\/uqactualites\/wp-json\/wp\/v2\/media?parent=30418"}],"wp:term":[{"taxonomy":"category","embeddable":true,"href":"https:\/\/www.uqac.ca\/uqactualites\/wp-json\/wp\/v2\/categories?post=30418"},{"taxonomy":"post_tag","embeddable":true,"href":"https:\/\/www.uqac.ca\/uqactualites\/wp-json\/wp\/v2\/tags?post=30418"}],"curies":[{"name":"wp","href":"https:\/\/api.w.org\/{rel}","templated":true}]}}