{"id":30483,"date":"2015-07-01T11:07:58","date_gmt":"2015-07-01T15:07:58","guid":{"rendered":"http:\/\/uqactualite.odev.ca\/?p=30483"},"modified":"2015-07-01T11:07:58","modified_gmt":"2015-07-01T15:07:58","slug":"luniversite-du-quebec-a-chicoutimi-annonce-le-recipiendaire-du-prix-masoud-farzaneh-2015","status":"publish","type":"post","link":"https:\/\/www.uqac.ca\/uqactualites\/2015\/07\/01\/luniversite-du-quebec-a-chicoutimi-annonce-le-recipiendaire-du-prix-masoud-farzaneh-2015\/","title":{"rendered":"L\u2019Universit\u00e9 du Qu\u00e9bec \u00e0 Chicoutimi annonce le r\u00e9cipiendaire du Prix Masoud Farzaneh 2015"},"content":{"rendered":"<p><strong>Saguenay, le 1<sup>er<\/sup> juillet 2015 \u2013 <\/strong>La cinqui\u00e8me \u00e9dition de la remise du Prix Masoud Farzaneh a eu lieu \u00e0 l\u2019occasion de l\u2019International Workshop on Atmospheric Icing of Structures (IWAIS 2015) qui se tient \u00e0 Uppsala, en Su\u00e8de, du 28 juin au 3 juillet 2015 en pr\u00e9sence de dignitaires et scientifiques d\u2019une trentaine de pays. Le r\u00e9cipiendaire du Prix 2015 est le Dr Lasse J. Makkonen pour ses contributions \u00e0la mod\u00e9lisation des charges de glace et de neige sur les lignes \u00e9lectriques.<\/p>\n<p>Scientifique principal, Dr Lasse J. Makkonen est n\u00e9 \u00e0 Helsinki, en Finlande, et a \u00e9tudi\u00e9 la g\u00e9ophysique et la m\u00e9t\u00e9orologie \u00e0 l\u2019Universit\u00e9 de Helsinki. Il est entr\u00e9 au service de l\u2019Institut finlandais de recherche marine en 1977, dans la recherche sur l\u2019accumulation de glace marine. En 1983, il a obtenu la bourse du Conseil national de recherche du gouvernement du Canada pour les scientifiques en visite, et a d\u00e9velopp\u00e9 et valid\u00e9 la th\u00e9orie du givrage par des exp\u00e9riences pratiques en utilisant les tunnels r\u00e9frig\u00e9r\u00e9s du Centre national de recherche du Canada et de l\u2019Universit\u00e9 d\u2019Alberta.<\/p>\n<p>En 1985, le Dr Makkonen a rejoint le Centre de recherche de Finlande (VTT), o\u00f9 il travaille de depuis, sauf pour les p\u00e9riodes o\u00f9 il a \u00e9t\u00e9 professeur invit\u00e9 au Canada et au Japon. Il a \u00e9t\u00e9 impliqu\u00e9 dans divers projets, couvrant aussi bien les aspects fondamentaux que les applications pratiques, surtout en ce qui concerne la physique de la glace et de la neige, ainsi que le givrage et la pr\u00e9vention de son accumulation. Parmi les clients de VTT, on note des producteurs et distributeurs d\u2019\u00e9nergie \u00e9lectrique, des propri\u00e9taires de pyl\u00f4nes, des fabricants de capteurs et des autorit\u00e9s r\u00e9glementaires, en provenance du monde entier. Le Dr Makkonen a eu des r\u00f4les importants dans des comit\u00e9s internationaux, tel que ISO Atmospheric Icing of Structures, COST 727 et le Comit\u00e9 aviseur international de l\u2019IWAIS. Il a \u00e9t\u00e9 \u00e9galement membre du conseil de l\u2019International Glaciological Society ainsi que l\u2019\u00e9diteur de son journal.<\/p>\n<p>Les mod\u00e8les de givrage d\u00e9velopp\u00e9s par le Dr Makkonen incluent tous les types de givrage, notamment le givre, le verglas, la neige collante, et la gel\u00e9e blanche, ainsi que la croissance des gla\u00e7ons, sont largement utilis\u00e9s. Ces mod\u00e8les sont appliqu\u00e9s, en particulier, \u00e0 la conception probabiliste des lignes \u00e0 haute tension. Il a \u00e9galement d\u00e9velopp\u00e9 des m\u00e9thodes pour l\u2019\u00e9valuation des valeurs extr\u00eames \u00e0 cette fin.<\/p>\n<p><strong>Le prix Masoud Farzaneh<br \/>\n<\/strong>Le prix Masoud Farzaneh a \u00e9t\u00e9 cr\u00e9\u00e9 en 2010 par l\u2019Universit\u00e9 du Qu\u00e9bec \u00e0 Chicoutimi en l\u2019honneur du professeur Masoud Farzaneh, un chercheur de renomm\u00e9e internationale dans le domaine du transport et de la distribution de l\u2019\u00e9lectricit\u00e9 dans les r\u00e9gions au climat froid, dont la recherche et son impact ont permis \u00e0 l\u2019UQAC de devenir un chef de file dans ce domaine. Masoud Farzaneh, Dr Ing., Dr d\u2019\u00c9tat, ProfesseurFIEEE, FIET, FICI, CEng (UK) est directeur du Centre international CENGIVRE, titulaire de la Chaire de recherche du Canada (INGIVRE), niveau 1. Il \u0153uvre au D\u00e9partement des sciences appliqu\u00e9es de l\u2019UQAC.<\/p>\n<p>Le prix sera d\u00e9cern\u00e9 annuellement jusqu\u2019en 2017, et ensuite la remise du prix sera biennale. Il est accord\u00e9 \u00e0 une personne qui s\u2019est distingu\u00e9e par ses contributions exceptionnelles dans les domaines du transport et de la distribution de l\u2019\u00e9nergie \u00e9lectrique, et de l\u2019ing\u00e9nierie de la haute tension. Il sera attribu\u00e9 en priorit\u00e9 \u00e0 un chercheur dont la recherche tient compte de l\u2019influence du givrage atmosph\u00e9rique. Les crit\u00e8res d\u2019\u00e9valuation sont les suivants : l\u2019importance et l\u2019impact de la recherche, l\u2019originalit\u00e9, le leadership, les publications et la qualit\u00e9 de la nomination.<\/p>\n<p><strong>Laur\u00e9ats pr\u00e9c\u00e9dents\u00a0:<br \/>\n<\/strong>2014 \u2013 William A. Chisholm, consultant international, Canada<br \/>\n2013 \u2013 Svein M. Fikke, consultant international, Norv\u00e8ge<br \/>\n2012 &#8211; Edward A. Cherney, Universit\u00e9 de Waterloo, Canada<br \/>\n2011 &#8211; K.D. Srivastava, professeur \u00e9m\u00e9rite, Universit\u00e9 de la Colombie-Britannique (UBC), Canada<\/p>\n<p>&nbsp;<\/p>\n<p style=\"text-align: center\">-30-<\/p>\n<p><strong>Source\u00a0:<br \/>\n<\/strong>Jos\u00e9e Bourassa, agente d\u2019information<br \/>\nBureau des affaires publiques<br \/>\nUniversit\u00e9 du Qu\u00e9bec \u00e0 Chicoutimi<br \/>\n418\u00a0545-5011, poste\u00a02274 \u25aa <a href=\"mailto:josee.bourassa@uqac.ca\">josee.bourassa@uqac.ca<\/a><\/p>\n<p><strong>Renseignements\u00a0:<br \/>\n<\/strong>Masoud Farzaneh, professeur<br \/>\nD\u00e9partement des sciences appliqu\u00e9es<br \/>\nUniversit\u00e9 du Qu\u00e9bec \u00e0 Chicoutimi<br \/>\n418 545-5011, postes\u00a05044 et 2467 \u25aa <a href=\"mailto:masoud_farzaneh@uqac.ca\">masoud_farzaneh@uqac.ca<\/a><\/p>\n","protected":false},"excerpt":{"rendered":"<p>Saguenay, le 1er juillet 2015 \u2013 La cinqui\u00e8me \u00e9dition de la remise du Prix Masoud Farzaneh a eu lieu \u00e0 l\u2019occasion de l\u2019International Workshop on Atmospheric Icing of Structures (IWAIS 2015) qui se tient \u00e0 Uppsala, en Su\u00e8de, du 28 juin au 3 juillet 2015 en pr\u00e9sence de dignitaires et scientifiques d\u2019une trentaine de pays. [&hellip;]<\/p>\n","protected":false},"author":5,"featured_media":20745,"comment_status":"open","ping_status":"open","sticky":false,"template":"","format":"standard","meta":{"footnotes":""},"categories":[2772],"tags":[],"yoast_head":"<!-- This site is optimized with the Yoast SEO plugin v24.2 - https:\/\/yoast.com\/wordpress\/plugins\/seo\/ -->\r\n<title>L\u2019Universit\u00e9 du Qu\u00e9bec \u00e0 Chicoutimi annonce le r\u00e9cipiendaire du Prix Masoud Farzaneh 2015 - UQACtualit\u00e9s<\/title>\r\n<meta name=\"robots\" content=\"index, follow, max-snippet:-1, max-image-preview:large, max-video-preview:-1\" \/>\r\n<link rel=\"canonical\" href=\"https:\/\/www.uqac.ca\/uqactualites\/2015\/07\/01\/luniversite-du-quebec-a-chicoutimi-annonce-le-recipiendaire-du-prix-masoud-farzaneh-2015\/\" \/>\r\n<meta property=\"og:locale\" content=\"fr_CA\" \/>\r\n<meta property=\"og:type\" content=\"article\" \/>\r\n<meta property=\"og:title\" content=\"L\u2019Universit\u00e9 du Qu\u00e9bec \u00e0 Chicoutimi annonce le r\u00e9cipiendaire du Prix Masoud Farzaneh 2015 - UQACtualit\u00e9s\" \/>\r\n<meta property=\"og:description\" content=\"Saguenay, le 1er juillet 2015 \u2013 La cinqui\u00e8me \u00e9dition de la remise du Prix Masoud Farzaneh a eu lieu \u00e0 l\u2019occasion de l\u2019International Workshop on Atmospheric Icing of Structures (IWAIS 2015) qui se tient \u00e0 Uppsala, en Su\u00e8de, du 28 juin au 3 juillet 2015 en pr\u00e9sence de dignitaires et scientifiques d\u2019une trentaine de pays. [&hellip;]\" \/>\r\n<meta property=\"og:url\" content=\"https:\/\/www.uqac.ca\/uqactualites\/2015\/07\/01\/luniversite-du-quebec-a-chicoutimi-annonce-le-recipiendaire-du-prix-masoud-farzaneh-2015\/\" \/>\r\n<meta property=\"og:site_name\" content=\"UQACtualit\u00e9s\" \/>\r\n<meta property=\"article:published_time\" content=\"2015-07-01T15:07:58+00:00\" \/>\r\n<meta property=\"og:image\" content=\"https:\/\/www.uqac.ca\/uqactualites\/wp-content\/uploads\/2012\/05\/communiqu-.jpg\" \/>\r\n\t<meta property=\"og:image:width\" content=\"620\" \/>\r\n\t<meta property=\"og:image:height\" content=\"300\" \/>\r\n\t<meta property=\"og:image:type\" content=\"image\/jpeg\" \/>\r\n<meta name=\"author\" content=\"Service des communications et des relations publiques\" \/>\r\n<meta name=\"twitter:card\" content=\"summary_large_image\" \/>\r\n<meta name=\"twitter:label1\" content=\"\u00c9crit par\" \/>\n\t<meta name=\"twitter:data1\" content=\"Service des communications et des relations publiques\" \/>\n\t<meta name=\"twitter:label2\" content=\"Estimation du temps de lecture\" \/>\n\t<meta name=\"twitter:data2\" content=\"4 minutes\" \/>\r\n<script type=\"application\/ld+json\" class=\"yoast-schema-graph\">{\"@context\":\"https:\/\/schema.org\",\"@graph\":[{\"@type\":\"WebPage\",\"@id\":\"https:\/\/www.uqac.ca\/uqactualites\/2015\/07\/01\/luniversite-du-quebec-a-chicoutimi-annonce-le-recipiendaire-du-prix-masoud-farzaneh-2015\/\",\"url\":\"https:\/\/www.uqac.ca\/uqactualites\/2015\/07\/01\/luniversite-du-quebec-a-chicoutimi-annonce-le-recipiendaire-du-prix-masoud-farzaneh-2015\/\",\"name\":\"L\u2019Universit\u00e9 du Qu\u00e9bec \u00e0 Chicoutimi annonce le r\u00e9cipiendaire du Prix Masoud Farzaneh 2015 - UQACtualit\u00e9s\",\"isPartOf\":{\"@id\":\"https:\/\/www.uqac.ca\/uqactualites\/#website\"},\"primaryImageOfPage\":{\"@id\":\"https:\/\/www.uqac.ca\/uqactualites\/2015\/07\/01\/luniversite-du-quebec-a-chicoutimi-annonce-le-recipiendaire-du-prix-masoud-farzaneh-2015\/#primaryimage\"},\"image\":{\"@id\":\"https:\/\/www.uqac.ca\/uqactualites\/2015\/07\/01\/luniversite-du-quebec-a-chicoutimi-annonce-le-recipiendaire-du-prix-masoud-farzaneh-2015\/#primaryimage\"},\"thumbnailUrl\":\"https:\/\/www.uqac.ca\/uqactualites\/wp-content\/uploads\/2012\/05\/communiqu-.jpg\",\"datePublished\":\"2015-07-01T15:07:58+00:00\",\"dateModified\":\"2015-07-01T15:07:58+00:00\",\"author\":{\"@id\":\"https:\/\/www.uqac.ca\/uqactualites\/#\/schema\/person\/366c45a0c4f0e677b41b4af5886e2018\"},\"breadcrumb\":{\"@id\":\"https:\/\/www.uqac.ca\/uqactualites\/2015\/07\/01\/luniversite-du-quebec-a-chicoutimi-annonce-le-recipiendaire-du-prix-masoud-farzaneh-2015\/#breadcrumb\"},\"inLanguage\":\"fr-CA\",\"potentialAction\":[{\"@type\":\"ReadAction\",\"target\":[\"https:\/\/www.uqac.ca\/uqactualites\/2015\/07\/01\/luniversite-du-quebec-a-chicoutimi-annonce-le-recipiendaire-du-prix-masoud-farzaneh-2015\/\"]}]},{\"@type\":\"ImageObject\",\"inLanguage\":\"fr-CA\",\"@id\":\"https:\/\/www.uqac.ca\/uqactualites\/2015\/07\/01\/luniversite-du-quebec-a-chicoutimi-annonce-le-recipiendaire-du-prix-masoud-farzaneh-2015\/#primaryimage\",\"url\":\"https:\/\/www.uqac.ca\/uqactualites\/wp-content\/uploads\/2012\/05\/communiqu-.jpg\",\"contentUrl\":\"https:\/\/www.uqac.ca\/uqactualites\/wp-content\/uploads\/2012\/05\/communiqu-.jpg\",\"width\":620,\"height\":300},{\"@type\":\"BreadcrumbList\",\"@id\":\"https:\/\/www.uqac.ca\/uqactualites\/2015\/07\/01\/luniversite-du-quebec-a-chicoutimi-annonce-le-recipiendaire-du-prix-masoud-farzaneh-2015\/#breadcrumb\",\"itemListElement\":[{\"@type\":\"ListItem\",\"position\":1,\"name\":\"Home\",\"item\":\"https:\/\/www.uqac.ca\/uqactualites\/\"},{\"@type\":\"ListItem\",\"position\":2,\"name\":\"L\u2019Universit\u00e9 du Qu\u00e9bec \u00e0 Chicoutimi annonce le r\u00e9cipiendaire du Prix Masoud Farzaneh 2015\"}]},{\"@type\":\"WebSite\",\"@id\":\"https:\/\/www.uqac.ca\/uqactualites\/#website\",\"url\":\"https:\/\/www.uqac.ca\/uqactualites\/\",\"name\":\"UQACtualit\u00e9s\",\"description\":\"Le portail des nouvelles de l&#039;UQAC\",\"potentialAction\":[{\"@type\":\"SearchAction\",\"target\":{\"@type\":\"EntryPoint\",\"urlTemplate\":\"https:\/\/www.uqac.ca\/uqactualites\/?s={search_term_string}\"},\"query-input\":{\"@type\":\"PropertyValueSpecification\",\"valueRequired\":true,\"valueName\":\"search_term_string\"}}],\"inLanguage\":\"fr-CA\"},{\"@type\":\"Person\",\"@id\":\"https:\/\/www.uqac.ca\/uqactualites\/#\/schema\/person\/366c45a0c4f0e677b41b4af5886e2018\",\"name\":\"Service des communications et des relations publiques\",\"image\":{\"@type\":\"ImageObject\",\"inLanguage\":\"fr-CA\",\"@id\":\"https:\/\/www.uqac.ca\/uqactualites\/#\/schema\/person\/image\/\",\"url\":\"https:\/\/secure.gravatar.com\/avatar\/20fbbda8a292f59f2d3461a5b999c00b?s=96&d=mm&r=g\",\"contentUrl\":\"https:\/\/secure.gravatar.com\/avatar\/20fbbda8a292f59f2d3461a5b999c00b?s=96&d=mm&r=g\",\"caption\":\"Service des communications et des relations publiques\"},\"url\":\"https:\/\/www.uqac.ca\/uqactualites\/author\/bap\/\"}]}<\/script>\r\n<!-- \/ Yoast SEO plugin. -->","yoast_head_json":{"title":"L\u2019Universit\u00e9 du Qu\u00e9bec \u00e0 Chicoutimi annonce le r\u00e9cipiendaire du Prix Masoud Farzaneh 2015 - UQACtualit\u00e9s","robots":{"index":"index","follow":"follow","max-snippet":"max-snippet:-1","max-image-preview":"max-image-preview:large","max-video-preview":"max-video-preview:-1"},"canonical":"https:\/\/www.uqac.ca\/uqactualites\/2015\/07\/01\/luniversite-du-quebec-a-chicoutimi-annonce-le-recipiendaire-du-prix-masoud-farzaneh-2015\/","og_locale":"fr_CA","og_type":"article","og_title":"L\u2019Universit\u00e9 du Qu\u00e9bec \u00e0 Chicoutimi annonce le r\u00e9cipiendaire du Prix Masoud Farzaneh 2015 - UQACtualit\u00e9s","og_description":"Saguenay, le 1er juillet 2015 \u2013 La cinqui\u00e8me \u00e9dition de la remise du Prix Masoud Farzaneh a eu lieu \u00e0 l\u2019occasion de l\u2019International Workshop on Atmospheric Icing of Structures (IWAIS 2015) qui se tient \u00e0 Uppsala, en Su\u00e8de, du 28 juin au 3 juillet 2015 en pr\u00e9sence de dignitaires et scientifiques d\u2019une trentaine de pays. [&hellip;]","og_url":"https:\/\/www.uqac.ca\/uqactualites\/2015\/07\/01\/luniversite-du-quebec-a-chicoutimi-annonce-le-recipiendaire-du-prix-masoud-farzaneh-2015\/","og_site_name":"UQACtualit\u00e9s","article_published_time":"2015-07-01T15:07:58+00:00","og_image":[{"width":620,"height":300,"url":"https:\/\/www.uqac.ca\/uqactualites\/wp-content\/uploads\/2012\/05\/communiqu-.jpg","type":"image\/jpeg"}],"author":"Service des communications et des relations publiques","twitter_card":"summary_large_image","twitter_misc":{"\u00c9crit par":"Service des communications et des relations publiques","Estimation du temps de lecture":"4 minutes"},"schema":{"@context":"https:\/\/schema.org","@graph":[{"@type":"WebPage","@id":"https:\/\/www.uqac.ca\/uqactualites\/2015\/07\/01\/luniversite-du-quebec-a-chicoutimi-annonce-le-recipiendaire-du-prix-masoud-farzaneh-2015\/","url":"https:\/\/www.uqac.ca\/uqactualites\/2015\/07\/01\/luniversite-du-quebec-a-chicoutimi-annonce-le-recipiendaire-du-prix-masoud-farzaneh-2015\/","name":"L\u2019Universit\u00e9 du Qu\u00e9bec \u00e0 Chicoutimi annonce le r\u00e9cipiendaire du Prix Masoud Farzaneh 2015 - UQACtualit\u00e9s","isPartOf":{"@id":"https:\/\/www.uqac.ca\/uqactualites\/#website"},"primaryImageOfPage":{"@id":"https:\/\/www.uqac.ca\/uqactualites\/2015\/07\/01\/luniversite-du-quebec-a-chicoutimi-annonce-le-recipiendaire-du-prix-masoud-farzaneh-2015\/#primaryimage"},"image":{"@id":"https:\/\/www.uqac.ca\/uqactualites\/2015\/07\/01\/luniversite-du-quebec-a-chicoutimi-annonce-le-recipiendaire-du-prix-masoud-farzaneh-2015\/#primaryimage"},"thumbnailUrl":"https:\/\/www.uqac.ca\/uqactualites\/wp-content\/uploads\/2012\/05\/communiqu-.jpg","datePublished":"2015-07-01T15:07:58+00:00","dateModified":"2015-07-01T15:07:58+00:00","author":{"@id":"https:\/\/www.uqac.ca\/uqactualites\/#\/schema\/person\/366c45a0c4f0e677b41b4af5886e2018"},"breadcrumb":{"@id":"https:\/\/www.uqac.ca\/uqactualites\/2015\/07\/01\/luniversite-du-quebec-a-chicoutimi-annonce-le-recipiendaire-du-prix-masoud-farzaneh-2015\/#breadcrumb"},"inLanguage":"fr-CA","potentialAction":[{"@type":"ReadAction","target":["https:\/\/www.uqac.ca\/uqactualites\/2015\/07\/01\/luniversite-du-quebec-a-chicoutimi-annonce-le-recipiendaire-du-prix-masoud-farzaneh-2015\/"]}]},{"@type":"ImageObject","inLanguage":"fr-CA","@id":"https:\/\/www.uqac.ca\/uqactualites\/2015\/07\/01\/luniversite-du-quebec-a-chicoutimi-annonce-le-recipiendaire-du-prix-masoud-farzaneh-2015\/#primaryimage","url":"https:\/\/www.uqac.ca\/uqactualites\/wp-content\/uploads\/2012\/05\/communiqu-.jpg","contentUrl":"https:\/\/www.uqac.ca\/uqactualites\/wp-content\/uploads\/2012\/05\/communiqu-.jpg","width":620,"height":300},{"@type":"BreadcrumbList","@id":"https:\/\/www.uqac.ca\/uqactualites\/2015\/07\/01\/luniversite-du-quebec-a-chicoutimi-annonce-le-recipiendaire-du-prix-masoud-farzaneh-2015\/#breadcrumb","itemListElement":[{"@type":"ListItem","position":1,"name":"Home","item":"https:\/\/www.uqac.ca\/uqactualites\/"},{"@type":"ListItem","position":2,"name":"L\u2019Universit\u00e9 du Qu\u00e9bec \u00e0 Chicoutimi annonce le r\u00e9cipiendaire du Prix Masoud Farzaneh 2015"}]},{"@type":"WebSite","@id":"https:\/\/www.uqac.ca\/uqactualites\/#website","url":"https:\/\/www.uqac.ca\/uqactualites\/","name":"UQACtualit\u00e9s","description":"Le portail des nouvelles de l&#039;UQAC","potentialAction":[{"@type":"SearchAction","target":{"@type":"EntryPoint","urlTemplate":"https:\/\/www.uqac.ca\/uqactualites\/?s={search_term_string}"},"query-input":{"@type":"PropertyValueSpecification","valueRequired":true,"valueName":"search_term_string"}}],"inLanguage":"fr-CA"},{"@type":"Person","@id":"https:\/\/www.uqac.ca\/uqactualites\/#\/schema\/person\/366c45a0c4f0e677b41b4af5886e2018","name":"Service des communications et des relations publiques","image":{"@type":"ImageObject","inLanguage":"fr-CA","@id":"https:\/\/www.uqac.ca\/uqactualites\/#\/schema\/person\/image\/","url":"https:\/\/secure.gravatar.com\/avatar\/20fbbda8a292f59f2d3461a5b999c00b?s=96&d=mm&r=g","contentUrl":"https:\/\/secure.gravatar.com\/avatar\/20fbbda8a292f59f2d3461a5b999c00b?s=96&d=mm&r=g","caption":"Service des communications et des relations publiques"},"url":"https:\/\/www.uqac.ca\/uqactualites\/author\/bap\/"}]}},"_links":{"self":[{"href":"https:\/\/www.uqac.ca\/uqactualites\/wp-json\/wp\/v2\/posts\/30483"}],"collection":[{"href":"https:\/\/www.uqac.ca\/uqactualites\/wp-json\/wp\/v2\/posts"}],"about":[{"href":"https:\/\/www.uqac.ca\/uqactualites\/wp-json\/wp\/v2\/types\/post"}],"author":[{"embeddable":true,"href":"https:\/\/www.uqac.ca\/uqactualites\/wp-json\/wp\/v2\/users\/5"}],"replies":[{"embeddable":true,"href":"https:\/\/www.uqac.ca\/uqactualites\/wp-json\/wp\/v2\/comments?post=30483"}],"version-history":[{"count":0,"href":"https:\/\/www.uqac.ca\/uqactualites\/wp-json\/wp\/v2\/posts\/30483\/revisions"}],"wp:featuredmedia":[{"embeddable":true,"href":"https:\/\/www.uqac.ca\/uqactualites\/wp-json\/wp\/v2\/media\/20745"}],"wp:attachment":[{"href":"https:\/\/www.uqac.ca\/uqactualites\/wp-json\/wp\/v2\/media?parent=30483"}],"wp:term":[{"taxonomy":"category","embeddable":true,"href":"https:\/\/www.uqac.ca\/uqactualites\/wp-json\/wp\/v2\/categories?post=30483"},{"taxonomy":"post_tag","embeddable":true,"href":"https:\/\/www.uqac.ca\/uqactualites\/wp-json\/wp\/v2\/tags?post=30483"}],"curies":[{"name":"wp","href":"https:\/\/api.w.org\/{rel}","templated":true}]}}