{"id":30514,"date":"2015-08-06T13:02:22","date_gmt":"2015-08-06T17:02:22","guid":{"rendered":"http:\/\/uqactualite.odev.ca\/?p=30514"},"modified":"2015-08-06T13:02:22","modified_gmt":"2015-08-06T17:02:22","slug":"des-etudiants-de-luqac-en-stage-au-senegal","status":"publish","type":"post","link":"https:\/\/www.uqac.ca\/uqactualites\/2015\/08\/06\/des-etudiants-de-luqac-en-stage-au-senegal\/","title":{"rendered":"Des \u00e9tudiants de l&rsquo;UQAC en stage au S\u00e9n\u00e9gal"},"content":{"rendered":"<p style=\"text-align: justify\">Depuis l\u2019\u00e9t\u00e9\u00a02009, le Programme de coop\u00e9ration internationale envoie des stagiaires au S\u00e9n\u00e9gal, dans le village de Missirah, sous la responsabilit\u00e9 de madame Marie Fall, professeure au D\u00e9partement des sciences humaines.<\/p>\n<p style=\"text-align: justify\">Le stage en coop\u00e9ration internationale constitue une exp\u00e9rience valorisante qui permet de mettre en pratique les connaissances acquises au cours du cheminement universitaire et de d\u00e9velopper des habilet\u00e9s dans l\u2019intervention terrain.<\/p>\n<p style=\"text-align: justify\">La participation concr\u00e8te \u00e0 un projet de d\u00e9veloppement dans une organisation permet le renforcement et la mise \u00e0 l\u2019\u00e9preuve des apprentissages. Le stage est tr\u00e8s populaire, car, en plus de constituer une exp\u00e9rience \u00e0 l\u2019international, il permet \u00e0 l\u2019\u00e9tudiant de vivre et de s\u2019int\u00e9grer dans d\u2019autres r\u00e9gions et d\u2019autres cultures du monde.<\/p>\n<p style=\"text-align: justify\">Les objectifs vis\u00e9s par le stage sont : l\u2019int\u00e9gration des connaissances, des concepts et des techniques de travail acquis pendant la formation universitaire et\/ou le milieu professionnel en effectuant des activit\u00e9s communautaires pour le d\u00e9veloppement local du village de Missirah au S\u00e9n\u00e9gal. Cette activit\u00e9\u00a0 s\u2019\u00e9chelonne sur une dur\u00e9e de 45 jours \u00e0 50 jours (pour un cours de 3 cr\u00e9dits) et 65 \u00e0 70 jours (pour un cours de 6 cr\u00e9dits).<\/p>\n<p style=\"text-align: justify\">Sept \u00e9tudiants ont particip\u00e9 \u00e0 ces stages cet \u00e9t\u00e9 et plusieurs r\u00e9alisations ont \u00e9t\u00e9 faites autour des activit\u00e9s suivantes :<\/p>\n<p style=\"text-align: justify\">Volet \u00ab\u00a0\u00c9ducation relative \u00e0 l\u2019environnement\u00a0\u00bb :<\/p>\n<p style=\"text-align: justify\">Organisation d\u2019activit\u00e9s et de formations intensives sur l\u2019environnement et le d\u00e9veloppement durable pour les \u00e9l\u00e8ves du primaire et du secondaire du village de Missirah.<\/p>\n<p style=\"text-align: justify\">Volet \u00ab\u00a0Agriculture durable et reboisement\u00a0\u00bb :<\/p>\n<p style=\"text-align: justify\">Agrandissement de la p\u00e9pini\u00e8re et renforcement de sa capacit\u00e9 de production pour fournir d\u2019autres villages du Delta du Saloum en esp\u00e8ces v\u00e9g\u00e9tales ; reboisement d\u2019esp\u00e8ces fruiti\u00e8res ; restauration de la mangrove ; mara\u00eechage avec les groupements de femmes.<\/p>\n<p style=\"text-align: justify\">Volet \u00ab\u00a0D\u00e9veloppement \u00e9cotouristique\u00a0\u00bb :<\/p>\n<p style=\"text-align: justify\">Construction et am\u00e9nagement du g\u00eete et de l\u2019\u00e9comus\u00e9e villageois dans l\u2019objectif d\u2019augmenter l\u2019offre touristique et d\u2019y faire la promotion des savoirs locaux.<\/p>\n<p style=\"text-align: justify\">Volet \u00ab\u00a0microcr\u00e9dit\u00a0\u00bb :<\/p>\n<p style=\"text-align: justify\">Cours d\u2019alphab\u00e9tisation fonctionnelle en fran\u00e7ais, formation et capacitation des\u00a0 groupements de femmes dans un projet de caisse commune.<\/p>\n<p style=\"text-align: justify\">Volet \u00ab\u00a0Promotion des savoirs locaux\u00a0\u00bb :<\/p>\n<p style=\"text-align: justify\">Recueil d\u2019informations sur les vertus m\u00e9dicinales des plantes aupr\u00e8s des A\u00een\u00e9s et vulgarisation des connaissances aupr\u00e8s des jeunes.<\/p>\n<p style=\"text-align: justify\">Depuis 2009, six groupes sont partis au S\u00e9n\u00e9gal soit\u00a0un total de 38 \u00e9tudiants de divers programmes de l\u2019UQAC. La majorit\u00e9 provenant du Programme de coop\u00e9ration internationale.<\/p>\n<p style=\"text-align: justify\">Mentionnons \u00e9galement qu\u2019au mois de novembre de chaque ann\u00e9e, dans le cadre des Journ\u00e9es qu\u00e9b\u00e9coises de la solidarit\u00e9 internationale, une exposition de photos des stages est organis\u00e9e dans notre universit\u00e9.<\/p>\n<p style=\"text-align: justify\">Ces activit\u00e9s de stage s\u2019int\u00e8grent dans un projet plus vaste de recherche-action men\u00e9e dans le delta du Saloum au S\u00e9n\u00e9gal avec les communaut\u00e9s villageoises, les partenaires institutionnels et s\u00e9n\u00e9galais.<\/p>\n<address>Source\u00a0: Bureau des affaires publique<\/address>\n<address>Pour renseignement\u00a0:<\/address>\n<address>Marie Fall<\/address>\n<address>Professeure responsable du Laboratoire d\u2019\u00c9tudes et de Recherches Appliqu\u00e9es sur l\u2019Afrique<\/address>\n<address>D\u00e9partement des Sciences Humaines\u00a0 418 545-5011, poste 5695<\/address>\n","protected":false},"excerpt":{"rendered":"<p>Depuis l\u2019\u00e9t\u00e9\u00a02009, le Programme de coop\u00e9ration internationale envoie des stagiaires au S\u00e9n\u00e9gal, dans le village de Missirah, sous la responsabilit\u00e9 de madame Marie Fall, professeure au D\u00e9partement des sciences humaines. Le stage en coop\u00e9ration internationale constitue une exp\u00e9rience valorisante qui permet de mettre en pratique les connaissances acquises au cours du cheminement universitaire et de [&hellip;]<\/p>\n","protected":false},"author":5,"featured_media":22074,"comment_status":"open","ping_status":"open","sticky":false,"template":"","format":"standard","meta":{"footnotes":""},"categories":[2],"tags":[],"yoast_head":"<!-- This site is optimized with the Yoast SEO plugin v24.2 - https:\/\/yoast.com\/wordpress\/plugins\/seo\/ -->\r\n<title>Des \u00e9tudiants de l&#039;UQAC en stage au S\u00e9n\u00e9gal - UQACtualit\u00e9s<\/title>\r\n<meta name=\"robots\" content=\"index, follow, max-snippet:-1, max-image-preview:large, max-video-preview:-1\" \/>\r\n<link rel=\"canonical\" href=\"https:\/\/www.uqac.ca\/uqactualites\/2015\/08\/06\/des-etudiants-de-luqac-en-stage-au-senegal\/\" \/>\r\n<meta property=\"og:locale\" content=\"fr_CA\" \/>\r\n<meta property=\"og:type\" content=\"article\" \/>\r\n<meta property=\"og:title\" content=\"Des \u00e9tudiants de l&#039;UQAC en stage au S\u00e9n\u00e9gal - UQACtualit\u00e9s\" \/>\r\n<meta property=\"og:description\" content=\"Depuis l\u2019\u00e9t\u00e9\u00a02009, le Programme de coop\u00e9ration internationale envoie des stagiaires au S\u00e9n\u00e9gal, dans le village de Missirah, sous la responsabilit\u00e9 de madame Marie Fall, professeure au D\u00e9partement des sciences humaines. Le stage en coop\u00e9ration internationale constitue une exp\u00e9rience valorisante qui permet de mettre en pratique les connaissances acquises au cours du cheminement universitaire et de [&hellip;]\" \/>\r\n<meta property=\"og:url\" content=\"https:\/\/www.uqac.ca\/uqactualites\/2015\/08\/06\/des-etudiants-de-luqac-en-stage-au-senegal\/\" \/>\r\n<meta property=\"og:site_name\" content=\"UQACtualit\u00e9s\" \/>\r\n<meta property=\"article:published_time\" content=\"2015-08-06T17:02:22+00:00\" \/>\r\n<meta property=\"og:image\" content=\"https:\/\/www.uqac.ca\/uqactualites\/wp-content\/uploads\/2012\/11\/Campus-UQAC-Web-\u00a9Guylain-Doyle.jpg\" \/>\r\n\t<meta property=\"og:image:width\" content=\"620\" \/>\r\n\t<meta property=\"og:image:height\" content=\"300\" \/>\r\n\t<meta property=\"og:image:type\" content=\"image\/jpeg\" \/>\r\n<meta name=\"author\" content=\"Service des communications et des relations publiques\" \/>\r\n<meta name=\"twitter:card\" content=\"summary_large_image\" \/>\r\n<meta name=\"twitter:label1\" content=\"\u00c9crit par\" \/>\n\t<meta name=\"twitter:data1\" content=\"Service des communications et des relations publiques\" \/>\n\t<meta name=\"twitter:label2\" content=\"Estimation du temps de lecture\" \/>\n\t<meta name=\"twitter:data2\" content=\"3 minutes\" \/>\r\n<script type=\"application\/ld+json\" class=\"yoast-schema-graph\">{\"@context\":\"https:\/\/schema.org\",\"@graph\":[{\"@type\":\"WebPage\",\"@id\":\"https:\/\/www.uqac.ca\/uqactualites\/2015\/08\/06\/des-etudiants-de-luqac-en-stage-au-senegal\/\",\"url\":\"https:\/\/www.uqac.ca\/uqactualites\/2015\/08\/06\/des-etudiants-de-luqac-en-stage-au-senegal\/\",\"name\":\"Des \u00e9tudiants de l'UQAC en stage au S\u00e9n\u00e9gal - UQACtualit\u00e9s\",\"isPartOf\":{\"@id\":\"https:\/\/www.uqac.ca\/uqactualites\/#website\"},\"primaryImageOfPage\":{\"@id\":\"https:\/\/www.uqac.ca\/uqactualites\/2015\/08\/06\/des-etudiants-de-luqac-en-stage-au-senegal\/#primaryimage\"},\"image\":{\"@id\":\"https:\/\/www.uqac.ca\/uqactualites\/2015\/08\/06\/des-etudiants-de-luqac-en-stage-au-senegal\/#primaryimage\"},\"thumbnailUrl\":\"https:\/\/www.uqac.ca\/uqactualites\/wp-content\/uploads\/2012\/11\/Campus-UQAC-Web-\u00a9Guylain-Doyle.jpg\",\"datePublished\":\"2015-08-06T17:02:22+00:00\",\"dateModified\":\"2015-08-06T17:02:22+00:00\",\"author\":{\"@id\":\"https:\/\/www.uqac.ca\/uqactualites\/#\/schema\/person\/366c45a0c4f0e677b41b4af5886e2018\"},\"breadcrumb\":{\"@id\":\"https:\/\/www.uqac.ca\/uqactualites\/2015\/08\/06\/des-etudiants-de-luqac-en-stage-au-senegal\/#breadcrumb\"},\"inLanguage\":\"fr-CA\",\"potentialAction\":[{\"@type\":\"ReadAction\",\"target\":[\"https:\/\/www.uqac.ca\/uqactualites\/2015\/08\/06\/des-etudiants-de-luqac-en-stage-au-senegal\/\"]}]},{\"@type\":\"ImageObject\",\"inLanguage\":\"fr-CA\",\"@id\":\"https:\/\/www.uqac.ca\/uqactualites\/2015\/08\/06\/des-etudiants-de-luqac-en-stage-au-senegal\/#primaryimage\",\"url\":\"https:\/\/www.uqac.ca\/uqactualites\/wp-content\/uploads\/2012\/11\/Campus-UQAC-Web-\u00a9Guylain-Doyle.jpg\",\"contentUrl\":\"https:\/\/www.uqac.ca\/uqactualites\/wp-content\/uploads\/2012\/11\/Campus-UQAC-Web-\u00a9Guylain-Doyle.jpg\",\"width\":620,\"height\":300},{\"@type\":\"BreadcrumbList\",\"@id\":\"https:\/\/www.uqac.ca\/uqactualites\/2015\/08\/06\/des-etudiants-de-luqac-en-stage-au-senegal\/#breadcrumb\",\"itemListElement\":[{\"@type\":\"ListItem\",\"position\":1,\"name\":\"Home\",\"item\":\"https:\/\/www.uqac.ca\/uqactualites\/\"},{\"@type\":\"ListItem\",\"position\":2,\"name\":\"Des \u00e9tudiants de l&rsquo;UQAC en stage au S\u00e9n\u00e9gal\"}]},{\"@type\":\"WebSite\",\"@id\":\"https:\/\/www.uqac.ca\/uqactualites\/#website\",\"url\":\"https:\/\/www.uqac.ca\/uqactualites\/\",\"name\":\"UQACtualit\u00e9s\",\"description\":\"Le portail des nouvelles de l&#039;UQAC\",\"potentialAction\":[{\"@type\":\"SearchAction\",\"target\":{\"@type\":\"EntryPoint\",\"urlTemplate\":\"https:\/\/www.uqac.ca\/uqactualites\/?s={search_term_string}\"},\"query-input\":{\"@type\":\"PropertyValueSpecification\",\"valueRequired\":true,\"valueName\":\"search_term_string\"}}],\"inLanguage\":\"fr-CA\"},{\"@type\":\"Person\",\"@id\":\"https:\/\/www.uqac.ca\/uqactualites\/#\/schema\/person\/366c45a0c4f0e677b41b4af5886e2018\",\"name\":\"Service des communications et des relations publiques\",\"image\":{\"@type\":\"ImageObject\",\"inLanguage\":\"fr-CA\",\"@id\":\"https:\/\/www.uqac.ca\/uqactualites\/#\/schema\/person\/image\/\",\"url\":\"https:\/\/secure.gravatar.com\/avatar\/20fbbda8a292f59f2d3461a5b999c00b?s=96&d=mm&r=g\",\"contentUrl\":\"https:\/\/secure.gravatar.com\/avatar\/20fbbda8a292f59f2d3461a5b999c00b?s=96&d=mm&r=g\",\"caption\":\"Service des communications et des relations publiques\"},\"url\":\"https:\/\/www.uqac.ca\/uqactualites\/author\/bap\/\"}]}<\/script>\r\n<!-- \/ Yoast SEO plugin. -->","yoast_head_json":{"title":"Des \u00e9tudiants de l'UQAC en stage au S\u00e9n\u00e9gal - UQACtualit\u00e9s","robots":{"index":"index","follow":"follow","max-snippet":"max-snippet:-1","max-image-preview":"max-image-preview:large","max-video-preview":"max-video-preview:-1"},"canonical":"https:\/\/www.uqac.ca\/uqactualites\/2015\/08\/06\/des-etudiants-de-luqac-en-stage-au-senegal\/","og_locale":"fr_CA","og_type":"article","og_title":"Des \u00e9tudiants de l'UQAC en stage au S\u00e9n\u00e9gal - UQACtualit\u00e9s","og_description":"Depuis l\u2019\u00e9t\u00e9\u00a02009, le Programme de coop\u00e9ration internationale envoie des stagiaires au S\u00e9n\u00e9gal, dans le village de Missirah, sous la responsabilit\u00e9 de madame Marie Fall, professeure au D\u00e9partement des sciences humaines. Le stage en coop\u00e9ration internationale constitue une exp\u00e9rience valorisante qui permet de mettre en pratique les connaissances acquises au cours du cheminement universitaire et de [&hellip;]","og_url":"https:\/\/www.uqac.ca\/uqactualites\/2015\/08\/06\/des-etudiants-de-luqac-en-stage-au-senegal\/","og_site_name":"UQACtualit\u00e9s","article_published_time":"2015-08-06T17:02:22+00:00","og_image":[{"width":620,"height":300,"url":"https:\/\/www.uqac.ca\/uqactualites\/wp-content\/uploads\/2012\/11\/Campus-UQAC-Web-\u00a9Guylain-Doyle.jpg","type":"image\/jpeg"}],"author":"Service des communications et des relations publiques","twitter_card":"summary_large_image","twitter_misc":{"\u00c9crit par":"Service des communications et des relations publiques","Estimation du temps de lecture":"3 minutes"},"schema":{"@context":"https:\/\/schema.org","@graph":[{"@type":"WebPage","@id":"https:\/\/www.uqac.ca\/uqactualites\/2015\/08\/06\/des-etudiants-de-luqac-en-stage-au-senegal\/","url":"https:\/\/www.uqac.ca\/uqactualites\/2015\/08\/06\/des-etudiants-de-luqac-en-stage-au-senegal\/","name":"Des \u00e9tudiants de l'UQAC en stage au S\u00e9n\u00e9gal - UQACtualit\u00e9s","isPartOf":{"@id":"https:\/\/www.uqac.ca\/uqactualites\/#website"},"primaryImageOfPage":{"@id":"https:\/\/www.uqac.ca\/uqactualites\/2015\/08\/06\/des-etudiants-de-luqac-en-stage-au-senegal\/#primaryimage"},"image":{"@id":"https:\/\/www.uqac.ca\/uqactualites\/2015\/08\/06\/des-etudiants-de-luqac-en-stage-au-senegal\/#primaryimage"},"thumbnailUrl":"https:\/\/www.uqac.ca\/uqactualites\/wp-content\/uploads\/2012\/11\/Campus-UQAC-Web-\u00a9Guylain-Doyle.jpg","datePublished":"2015-08-06T17:02:22+00:00","dateModified":"2015-08-06T17:02:22+00:00","author":{"@id":"https:\/\/www.uqac.ca\/uqactualites\/#\/schema\/person\/366c45a0c4f0e677b41b4af5886e2018"},"breadcrumb":{"@id":"https:\/\/www.uqac.ca\/uqactualites\/2015\/08\/06\/des-etudiants-de-luqac-en-stage-au-senegal\/#breadcrumb"},"inLanguage":"fr-CA","potentialAction":[{"@type":"ReadAction","target":["https:\/\/www.uqac.ca\/uqactualites\/2015\/08\/06\/des-etudiants-de-luqac-en-stage-au-senegal\/"]}]},{"@type":"ImageObject","inLanguage":"fr-CA","@id":"https:\/\/www.uqac.ca\/uqactualites\/2015\/08\/06\/des-etudiants-de-luqac-en-stage-au-senegal\/#primaryimage","url":"https:\/\/www.uqac.ca\/uqactualites\/wp-content\/uploads\/2012\/11\/Campus-UQAC-Web-\u00a9Guylain-Doyle.jpg","contentUrl":"https:\/\/www.uqac.ca\/uqactualites\/wp-content\/uploads\/2012\/11\/Campus-UQAC-Web-\u00a9Guylain-Doyle.jpg","width":620,"height":300},{"@type":"BreadcrumbList","@id":"https:\/\/www.uqac.ca\/uqactualites\/2015\/08\/06\/des-etudiants-de-luqac-en-stage-au-senegal\/#breadcrumb","itemListElement":[{"@type":"ListItem","position":1,"name":"Home","item":"https:\/\/www.uqac.ca\/uqactualites\/"},{"@type":"ListItem","position":2,"name":"Des \u00e9tudiants de l&rsquo;UQAC en stage au S\u00e9n\u00e9gal"}]},{"@type":"WebSite","@id":"https:\/\/www.uqac.ca\/uqactualites\/#website","url":"https:\/\/www.uqac.ca\/uqactualites\/","name":"UQACtualit\u00e9s","description":"Le portail des nouvelles de l&#039;UQAC","potentialAction":[{"@type":"SearchAction","target":{"@type":"EntryPoint","urlTemplate":"https:\/\/www.uqac.ca\/uqactualites\/?s={search_term_string}"},"query-input":{"@type":"PropertyValueSpecification","valueRequired":true,"valueName":"search_term_string"}}],"inLanguage":"fr-CA"},{"@type":"Person","@id":"https:\/\/www.uqac.ca\/uqactualites\/#\/schema\/person\/366c45a0c4f0e677b41b4af5886e2018","name":"Service des communications et des relations publiques","image":{"@type":"ImageObject","inLanguage":"fr-CA","@id":"https:\/\/www.uqac.ca\/uqactualites\/#\/schema\/person\/image\/","url":"https:\/\/secure.gravatar.com\/avatar\/20fbbda8a292f59f2d3461a5b999c00b?s=96&d=mm&r=g","contentUrl":"https:\/\/secure.gravatar.com\/avatar\/20fbbda8a292f59f2d3461a5b999c00b?s=96&d=mm&r=g","caption":"Service des communications et des relations publiques"},"url":"https:\/\/www.uqac.ca\/uqactualites\/author\/bap\/"}]}},"_links":{"self":[{"href":"https:\/\/www.uqac.ca\/uqactualites\/wp-json\/wp\/v2\/posts\/30514"}],"collection":[{"href":"https:\/\/www.uqac.ca\/uqactualites\/wp-json\/wp\/v2\/posts"}],"about":[{"href":"https:\/\/www.uqac.ca\/uqactualites\/wp-json\/wp\/v2\/types\/post"}],"author":[{"embeddable":true,"href":"https:\/\/www.uqac.ca\/uqactualites\/wp-json\/wp\/v2\/users\/5"}],"replies":[{"embeddable":true,"href":"https:\/\/www.uqac.ca\/uqactualites\/wp-json\/wp\/v2\/comments?post=30514"}],"version-history":[{"count":0,"href":"https:\/\/www.uqac.ca\/uqactualites\/wp-json\/wp\/v2\/posts\/30514\/revisions"}],"wp:featuredmedia":[{"embeddable":true,"href":"https:\/\/www.uqac.ca\/uqactualites\/wp-json\/wp\/v2\/media\/22074"}],"wp:attachment":[{"href":"https:\/\/www.uqac.ca\/uqactualites\/wp-json\/wp\/v2\/media?parent=30514"}],"wp:term":[{"taxonomy":"category","embeddable":true,"href":"https:\/\/www.uqac.ca\/uqactualites\/wp-json\/wp\/v2\/categories?post=30514"},{"taxonomy":"post_tag","embeddable":true,"href":"https:\/\/www.uqac.ca\/uqactualites\/wp-json\/wp\/v2\/tags?post=30514"}],"curies":[{"name":"wp","href":"https:\/\/api.w.org\/{rel}","templated":true}]}}