{"id":30527,"date":"2015-08-24T08:49:17","date_gmt":"2015-08-24T12:49:17","guid":{"rendered":"http:\/\/uqactualite.odev.ca\/?p=30527"},"modified":"2015-08-24T08:49:17","modified_gmt":"2015-08-24T12:49:17","slug":"nouvel-horaire-du-bureau-du-registraire","status":"publish","type":"post","link":"https:\/\/www.uqac.ca\/uqactualites\/2015\/08\/24\/nouvel-horaire-du-bureau-du-registraire\/","title":{"rendered":"Nouvel horaire du Bureau du registraire"},"content":{"rendered":"<p>Le Bureau du registraire informe la communaut\u00e9 universitaire du nouvel horaire de son comptoir d&rsquo;accueil qui entre en vigueur \u00e0 compter d&rsquo;aujourd&rsquo;hui, le 24 ao\u00fbt 2015.<\/p>\n<table width=\"649\">\n<tbody>\n<tr>\n<td width=\"125\"><strong>LUNDI<\/strong><\/td>\n<td width=\"125\"><strong>MARDI<\/strong><\/td>\n<td width=\"140\"><strong>MERCREDI<\/strong><\/td>\n<td width=\"130\"><strong>JEUDI<\/strong><\/td>\n<td width=\"129\"><strong>VENDREDI<\/strong><\/td>\n<\/tr>\n<tr>\n<td width=\"125\">9\u00a0h \u00e0 12\u00a0h<br \/>\n14\u00a0h \u00e0 16\u00a0h<\/td>\n<td width=\"125\">9\u00a0h \u00e0 12\u00a0h<br \/>\n14\u00a0h \u00e0 16\u00a0h<\/td>\n<td width=\"140\">10\u00a0h \u00e0 12\u00a0h<br \/>\n14\u00a0h \u00e0 16\u00a0h<\/td>\n<td width=\"130\">9\u00a0h \u00e0 12\u00a0h<br \/>\n14\u00a0h \u00e0 16\u00a0h<\/td>\n<td width=\"129\">9\u00a0h \u00e0 12\u00a0h<br \/>\n14\u00a0h \u00e0 16\u00a0h<\/td>\n<\/tr>\n<\/tbody>\n<\/table>\n<p>&nbsp;<\/p>\n<p><strong>Renseignements<\/strong><br \/>\n418\u00a0545-5011, poste 5005<br \/>\n<a href=\"mailto:bureauduregistraire@uqac.ca\">bureauduregistraire@uqac.ca<\/a><\/p>\n","protected":false},"excerpt":{"rendered":"<p>Le Bureau du registraire informe la communaut\u00e9 universitaire du nouvel horaire de son comptoir d&rsquo;accueil qui entre en vigueur \u00e0 compter d&rsquo;aujourd&rsquo;hui, le 24 ao\u00fbt 2015. LUNDI MARDI MERCREDI JEUDI VENDREDI 9\u00a0h \u00e0 12\u00a0h 14\u00a0h \u00e0 16\u00a0h 9\u00a0h \u00e0 12\u00a0h 14\u00a0h \u00e0 16\u00a0h 10\u00a0h \u00e0 12\u00a0h 14\u00a0h \u00e0 16\u00a0h 9\u00a0h \u00e0 12\u00a0h 14\u00a0h \u00e0 16\u00a0h [&hellip;]<\/p>\n","protected":false},"author":5,"featured_media":20987,"comment_status":"open","ping_status":"open","sticky":false,"template":"","format":"standard","meta":{"footnotes":""},"categories":[2772],"tags":[530,397],"yoast_head":"<!-- This site is optimized with the Yoast SEO plugin v24.2 - https:\/\/yoast.com\/wordpress\/plugins\/seo\/ -->\r\n<title>Nouvel horaire du Bureau du registraire - UQACtualit\u00e9s<\/title>\r\n<meta name=\"robots\" content=\"index, follow, max-snippet:-1, max-image-preview:large, max-video-preview:-1\" \/>\r\n<link rel=\"canonical\" href=\"https:\/\/www.uqac.ca\/uqactualites\/2015\/08\/24\/nouvel-horaire-du-bureau-du-registraire\/\" \/>\r\n<meta property=\"og:locale\" content=\"fr_CA\" \/>\r\n<meta property=\"og:type\" content=\"article\" \/>\r\n<meta property=\"og:title\" content=\"Nouvel horaire du Bureau du registraire - UQACtualit\u00e9s\" \/>\r\n<meta property=\"og:description\" content=\"Le Bureau du registraire informe la communaut\u00e9 universitaire du nouvel horaire de son comptoir d&rsquo;accueil qui entre en vigueur \u00e0 compter d&rsquo;aujourd&rsquo;hui, le 24 ao\u00fbt 2015. LUNDI MARDI MERCREDI JEUDI VENDREDI 9\u00a0h \u00e0 12\u00a0h 14\u00a0h \u00e0 16\u00a0h 9\u00a0h \u00e0 12\u00a0h 14\u00a0h \u00e0 16\u00a0h 10\u00a0h \u00e0 12\u00a0h 14\u00a0h \u00e0 16\u00a0h 9\u00a0h \u00e0 12\u00a0h 14\u00a0h \u00e0 16\u00a0h [&hellip;]\" \/>\r\n<meta property=\"og:url\" content=\"https:\/\/www.uqac.ca\/uqactualites\/2015\/08\/24\/nouvel-horaire-du-bureau-du-registraire\/\" \/>\r\n<meta property=\"og:site_name\" content=\"UQACtualit\u00e9s\" \/>\r\n<meta property=\"article:published_time\" content=\"2015-08-24T12:49:17+00:00\" \/>\r\n<meta property=\"og:image\" content=\"https:\/\/www.uqac.ca\/uqactualites\/wp-content\/uploads\/2012\/05\/avis-important.jpg\" \/>\r\n\t<meta property=\"og:image:width\" content=\"620\" \/>\r\n\t<meta property=\"og:image:height\" content=\"300\" \/>\r\n\t<meta property=\"og:image:type\" content=\"image\/jpeg\" \/>\r\n<meta name=\"author\" content=\"Service des communications et des relations publiques\" \/>\r\n<meta name=\"twitter:card\" content=\"summary_large_image\" \/>\r\n<meta name=\"twitter:label1\" content=\"\u00c9crit par\" \/>\n\t<meta name=\"twitter:data1\" content=\"Service des communications et des relations publiques\" \/>\r\n<script type=\"application\/ld+json\" class=\"yoast-schema-graph\">{\"@context\":\"https:\/\/schema.org\",\"@graph\":[{\"@type\":\"WebPage\",\"@id\":\"https:\/\/www.uqac.ca\/uqactualites\/2015\/08\/24\/nouvel-horaire-du-bureau-du-registraire\/\",\"url\":\"https:\/\/www.uqac.ca\/uqactualites\/2015\/08\/24\/nouvel-horaire-du-bureau-du-registraire\/\",\"name\":\"Nouvel horaire du Bureau du registraire - UQACtualit\u00e9s\",\"isPartOf\":{\"@id\":\"https:\/\/www.uqac.ca\/uqactualites\/#website\"},\"primaryImageOfPage\":{\"@id\":\"https:\/\/www.uqac.ca\/uqactualites\/2015\/08\/24\/nouvel-horaire-du-bureau-du-registraire\/#primaryimage\"},\"image\":{\"@id\":\"https:\/\/www.uqac.ca\/uqactualites\/2015\/08\/24\/nouvel-horaire-du-bureau-du-registraire\/#primaryimage\"},\"thumbnailUrl\":\"https:\/\/www.uqac.ca\/uqactualites\/wp-content\/uploads\/2012\/05\/avis-important.jpg\",\"datePublished\":\"2015-08-24T12:49:17+00:00\",\"dateModified\":\"2015-08-24T12:49:17+00:00\",\"author\":{\"@id\":\"https:\/\/www.uqac.ca\/uqactualites\/#\/schema\/person\/366c45a0c4f0e677b41b4af5886e2018\"},\"breadcrumb\":{\"@id\":\"https:\/\/www.uqac.ca\/uqactualites\/2015\/08\/24\/nouvel-horaire-du-bureau-du-registraire\/#breadcrumb\"},\"inLanguage\":\"fr-CA\",\"potentialAction\":[{\"@type\":\"ReadAction\",\"target\":[\"https:\/\/www.uqac.ca\/uqactualites\/2015\/08\/24\/nouvel-horaire-du-bureau-du-registraire\/\"]}]},{\"@type\":\"ImageObject\",\"inLanguage\":\"fr-CA\",\"@id\":\"https:\/\/www.uqac.ca\/uqactualites\/2015\/08\/24\/nouvel-horaire-du-bureau-du-registraire\/#primaryimage\",\"url\":\"https:\/\/www.uqac.ca\/uqactualites\/wp-content\/uploads\/2012\/05\/avis-important.jpg\",\"contentUrl\":\"https:\/\/www.uqac.ca\/uqactualites\/wp-content\/uploads\/2012\/05\/avis-important.jpg\",\"width\":620,\"height\":300},{\"@type\":\"BreadcrumbList\",\"@id\":\"https:\/\/www.uqac.ca\/uqactualites\/2015\/08\/24\/nouvel-horaire-du-bureau-du-registraire\/#breadcrumb\",\"itemListElement\":[{\"@type\":\"ListItem\",\"position\":1,\"name\":\"Home\",\"item\":\"https:\/\/www.uqac.ca\/uqactualites\/\"},{\"@type\":\"ListItem\",\"position\":2,\"name\":\"Nouvel horaire du Bureau du registraire\"}]},{\"@type\":\"WebSite\",\"@id\":\"https:\/\/www.uqac.ca\/uqactualites\/#website\",\"url\":\"https:\/\/www.uqac.ca\/uqactualites\/\",\"name\":\"UQACtualit\u00e9s\",\"description\":\"Le portail des nouvelles de l&#039;UQAC\",\"potentialAction\":[{\"@type\":\"SearchAction\",\"target\":{\"@type\":\"EntryPoint\",\"urlTemplate\":\"https:\/\/www.uqac.ca\/uqactualites\/?s={search_term_string}\"},\"query-input\":{\"@type\":\"PropertyValueSpecification\",\"valueRequired\":true,\"valueName\":\"search_term_string\"}}],\"inLanguage\":\"fr-CA\"},{\"@type\":\"Person\",\"@id\":\"https:\/\/www.uqac.ca\/uqactualites\/#\/schema\/person\/366c45a0c4f0e677b41b4af5886e2018\",\"name\":\"Service des communications et des relations publiques\",\"image\":{\"@type\":\"ImageObject\",\"inLanguage\":\"fr-CA\",\"@id\":\"https:\/\/www.uqac.ca\/uqactualites\/#\/schema\/person\/image\/\",\"url\":\"https:\/\/secure.gravatar.com\/avatar\/20fbbda8a292f59f2d3461a5b999c00b?s=96&d=mm&r=g\",\"contentUrl\":\"https:\/\/secure.gravatar.com\/avatar\/20fbbda8a292f59f2d3461a5b999c00b?s=96&d=mm&r=g\",\"caption\":\"Service des communications et des relations publiques\"},\"url\":\"https:\/\/www.uqac.ca\/uqactualites\/author\/bap\/\"}]}<\/script>\r\n<!-- \/ Yoast SEO plugin. -->","yoast_head_json":{"title":"Nouvel horaire du Bureau du registraire - UQACtualit\u00e9s","robots":{"index":"index","follow":"follow","max-snippet":"max-snippet:-1","max-image-preview":"max-image-preview:large","max-video-preview":"max-video-preview:-1"},"canonical":"https:\/\/www.uqac.ca\/uqactualites\/2015\/08\/24\/nouvel-horaire-du-bureau-du-registraire\/","og_locale":"fr_CA","og_type":"article","og_title":"Nouvel horaire du Bureau du registraire - UQACtualit\u00e9s","og_description":"Le Bureau du registraire informe la communaut\u00e9 universitaire du nouvel horaire de son comptoir d&rsquo;accueil qui entre en vigueur \u00e0 compter d&rsquo;aujourd&rsquo;hui, le 24 ao\u00fbt 2015. LUNDI MARDI MERCREDI JEUDI VENDREDI 9\u00a0h \u00e0 12\u00a0h 14\u00a0h \u00e0 16\u00a0h 9\u00a0h \u00e0 12\u00a0h 14\u00a0h \u00e0 16\u00a0h 10\u00a0h \u00e0 12\u00a0h 14\u00a0h \u00e0 16\u00a0h 9\u00a0h \u00e0 12\u00a0h 14\u00a0h \u00e0 16\u00a0h [&hellip;]","og_url":"https:\/\/www.uqac.ca\/uqactualites\/2015\/08\/24\/nouvel-horaire-du-bureau-du-registraire\/","og_site_name":"UQACtualit\u00e9s","article_published_time":"2015-08-24T12:49:17+00:00","og_image":[{"width":620,"height":300,"url":"https:\/\/www.uqac.ca\/uqactualites\/wp-content\/uploads\/2012\/05\/avis-important.jpg","type":"image\/jpeg"}],"author":"Service des communications et des relations publiques","twitter_card":"summary_large_image","twitter_misc":{"\u00c9crit par":"Service des communications et des relations publiques"},"schema":{"@context":"https:\/\/schema.org","@graph":[{"@type":"WebPage","@id":"https:\/\/www.uqac.ca\/uqactualites\/2015\/08\/24\/nouvel-horaire-du-bureau-du-registraire\/","url":"https:\/\/www.uqac.ca\/uqactualites\/2015\/08\/24\/nouvel-horaire-du-bureau-du-registraire\/","name":"Nouvel horaire du Bureau du registraire - UQACtualit\u00e9s","isPartOf":{"@id":"https:\/\/www.uqac.ca\/uqactualites\/#website"},"primaryImageOfPage":{"@id":"https:\/\/www.uqac.ca\/uqactualites\/2015\/08\/24\/nouvel-horaire-du-bureau-du-registraire\/#primaryimage"},"image":{"@id":"https:\/\/www.uqac.ca\/uqactualites\/2015\/08\/24\/nouvel-horaire-du-bureau-du-registraire\/#primaryimage"},"thumbnailUrl":"https:\/\/www.uqac.ca\/uqactualites\/wp-content\/uploads\/2012\/05\/avis-important.jpg","datePublished":"2015-08-24T12:49:17+00:00","dateModified":"2015-08-24T12:49:17+00:00","author":{"@id":"https:\/\/www.uqac.ca\/uqactualites\/#\/schema\/person\/366c45a0c4f0e677b41b4af5886e2018"},"breadcrumb":{"@id":"https:\/\/www.uqac.ca\/uqactualites\/2015\/08\/24\/nouvel-horaire-du-bureau-du-registraire\/#breadcrumb"},"inLanguage":"fr-CA","potentialAction":[{"@type":"ReadAction","target":["https:\/\/www.uqac.ca\/uqactualites\/2015\/08\/24\/nouvel-horaire-du-bureau-du-registraire\/"]}]},{"@type":"ImageObject","inLanguage":"fr-CA","@id":"https:\/\/www.uqac.ca\/uqactualites\/2015\/08\/24\/nouvel-horaire-du-bureau-du-registraire\/#primaryimage","url":"https:\/\/www.uqac.ca\/uqactualites\/wp-content\/uploads\/2012\/05\/avis-important.jpg","contentUrl":"https:\/\/www.uqac.ca\/uqactualites\/wp-content\/uploads\/2012\/05\/avis-important.jpg","width":620,"height":300},{"@type":"BreadcrumbList","@id":"https:\/\/www.uqac.ca\/uqactualites\/2015\/08\/24\/nouvel-horaire-du-bureau-du-registraire\/#breadcrumb","itemListElement":[{"@type":"ListItem","position":1,"name":"Home","item":"https:\/\/www.uqac.ca\/uqactualites\/"},{"@type":"ListItem","position":2,"name":"Nouvel horaire du Bureau du registraire"}]},{"@type":"WebSite","@id":"https:\/\/www.uqac.ca\/uqactualites\/#website","url":"https:\/\/www.uqac.ca\/uqactualites\/","name":"UQACtualit\u00e9s","description":"Le portail des nouvelles de l&#039;UQAC","potentialAction":[{"@type":"SearchAction","target":{"@type":"EntryPoint","urlTemplate":"https:\/\/www.uqac.ca\/uqactualites\/?s={search_term_string}"},"query-input":{"@type":"PropertyValueSpecification","valueRequired":true,"valueName":"search_term_string"}}],"inLanguage":"fr-CA"},{"@type":"Person","@id":"https:\/\/www.uqac.ca\/uqactualites\/#\/schema\/person\/366c45a0c4f0e677b41b4af5886e2018","name":"Service des communications et des relations publiques","image":{"@type":"ImageObject","inLanguage":"fr-CA","@id":"https:\/\/www.uqac.ca\/uqactualites\/#\/schema\/person\/image\/","url":"https:\/\/secure.gravatar.com\/avatar\/20fbbda8a292f59f2d3461a5b999c00b?s=96&d=mm&r=g","contentUrl":"https:\/\/secure.gravatar.com\/avatar\/20fbbda8a292f59f2d3461a5b999c00b?s=96&d=mm&r=g","caption":"Service des communications et des relations publiques"},"url":"https:\/\/www.uqac.ca\/uqactualites\/author\/bap\/"}]}},"_links":{"self":[{"href":"https:\/\/www.uqac.ca\/uqactualites\/wp-json\/wp\/v2\/posts\/30527"}],"collection":[{"href":"https:\/\/www.uqac.ca\/uqactualites\/wp-json\/wp\/v2\/posts"}],"about":[{"href":"https:\/\/www.uqac.ca\/uqactualites\/wp-json\/wp\/v2\/types\/post"}],"author":[{"embeddable":true,"href":"https:\/\/www.uqac.ca\/uqactualites\/wp-json\/wp\/v2\/users\/5"}],"replies":[{"embeddable":true,"href":"https:\/\/www.uqac.ca\/uqactualites\/wp-json\/wp\/v2\/comments?post=30527"}],"version-history":[{"count":0,"href":"https:\/\/www.uqac.ca\/uqactualites\/wp-json\/wp\/v2\/posts\/30527\/revisions"}],"wp:featuredmedia":[{"embeddable":true,"href":"https:\/\/www.uqac.ca\/uqactualites\/wp-json\/wp\/v2\/media\/20987"}],"wp:attachment":[{"href":"https:\/\/www.uqac.ca\/uqactualites\/wp-json\/wp\/v2\/media?parent=30527"}],"wp:term":[{"taxonomy":"category","embeddable":true,"href":"https:\/\/www.uqac.ca\/uqactualites\/wp-json\/wp\/v2\/categories?post=30527"},{"taxonomy":"post_tag","embeddable":true,"href":"https:\/\/www.uqac.ca\/uqactualites\/wp-json\/wp\/v2\/tags?post=30527"}],"curies":[{"name":"wp","href":"https:\/\/api.w.org\/{rel}","templated":true}]}}