{"id":30536,"date":"2015-08-26T14:31:51","date_gmt":"2015-08-26T18:31:51","guid":{"rendered":"http:\/\/uqactualite.odev.ca\/?p=30536"},"modified":"2015-08-26T14:31:51","modified_gmt":"2015-08-26T18:31:51","slug":"le-court-metrage-atmosphere-selectionne-dans-trois-festivals-prestigieux","status":"publish","type":"post","link":"https:\/\/www.uqac.ca\/uqactualites\/2015\/08\/26\/le-court-metrage-atmosphere-selectionne-dans-trois-festivals-prestigieux\/","title":{"rendered":"Le court m\u00e9trage Atmosph\u00e8re s\u00e9lectionn\u00e9 dans trois festivals prestigieux"},"content":{"rendered":"<p>Le court m\u00e9trage ATMOSPH\u00c8RE a vu le jour \u00e0 l\u2019automne\u00a02014. Atmosph\u00e8re est un voyage onirique entre plusieurs mondes, parfois petits et parfois gigantesques, donnant une impression de rapidit\u00e9 ou de ralenti extr\u00eame. Le spectateur est amen\u00e9 \u00e0 suivre des formes r\u00e9currentes sph\u00e9riques et circulaire dans une narration, qui elle-m\u00eame est en boucle. Le rendu visuel 100\u00a0% 3D est de type photor\u00e9aliste stylis\u00e9. Le film a \u00e9t\u00e9 r\u00e9alis\u00e9 par le professeur Robin Tremblay (professeur VFX), enseignant au NAD depuis plus de 20 ans et originaire du Saguenay. L\u2019\u00e9quipe de cr\u00e9ateurs est quant \u00e0 elle form\u00e9e d\u2019\u00e9tudiants ayant compl\u00e9t\u00e9 leur formation au NAD. l\u2019\u00c9cole des arts num\u00e9riques, de l\u2019animation et du design de l\u2019UQAC, trois festivals prestigieux reconnaissent la qualit\u00e9 de cette \u0153uvre en le s\u00e9lectionnant dans leur programmation de leur \u00e9dition 2015:<\/p>\n<p>&nbsp;<\/p>\n<p><strong>Le <\/strong><strong>Toronto Urban Film Festival (TUFF) 60 films choisis sur 420 dossiers pr\u00e9sent\u00e9s<\/strong><\/p>\n<p>Du 12 au 20 septembre 2015<\/p>\n<p>http:\/\/www.torontourbanfilmfestival.com\/<\/p>\n<p>ATMOSPH\u00c8RE sera pr\u00e9sent\u00e9 dans les 63 quais du m\u00e9tro de Toronto pendant 9 jours. Une version muette et plus courte du film (60 secs) a \u00e9t\u00e9 produite pour l\u2019occasion. De plus, le court m\u00e9trage sera diffus\u00e9 sur le site du TUFF du 11 au 18 septembre pour le vote du public. ATMOSPH\u00c8RE est \u00e9galement en lice pour le prix du meilleur film.<\/p>\n<p>&nbsp;<\/p>\n<p><strong>ASFF\u00a02015 \/British short film<\/strong><\/p>\n<p>5 au 8 novembre 2015<\/p>\n<p>http:\/\/www.asff.co.uk\/asff2015\/<\/p>\n<p>ATMOSPH\u00c8RE est nomm\u00e9 dans la cat\u00e9gorie: animation L\u2019\u00e9quipe du film est \u00e9galement invit\u00e9e au gala et \u00e0 participer aux \u00e9v\u00e8nements du Festival.<\/p>\n<p>&nbsp;<\/p>\n<p><strong>Festival du Nouveau Cin\u00e9ma<\/strong><\/p>\n<p>Montr\u00e9al du 7 au 18 octobre 2015<\/p>\n<p><a href=\"http:\/\/www.nouveaucinema.ca\/#\/\">http:\/\/www.nouveaucinema.ca\/#\/<\/a><\/p>\n<p>Nicolas No\u00ebl Jodoin, qui signe le concept et la direction artistique du film, sera pr\u00e9sent dans le cadre du Pan-Canadian Student Film Meeting.<\/p>\n<p>&nbsp;<\/p>\n<address>Nous vous pr\u00e9sentons l\u2019\u00e9quipe de conception et de r\u00e9alisation du film ATMOSPH\u00c8RE\u00a0:<\/address>\n<address>Direction artistique, layout, concept: Nicolas No\u00ebl Jodoin (NAD &#8211; 2014)<\/address>\n<address>Direction photographique, layout, lighting: Olivier Lambert Rouillard (NAD &#8211; 2014)<\/address>\n<address>Direction technique, compositing: C\u00e9dric Tremblay (NAD &#8211; 2014)<\/address>\n<address>Direction de production, compositing, colorisation: Rapha\u00eblle Jean-Weisz (NAD &#8211; 2014)<\/address>\n<address>Mod\u00e9lisation, texture, shading (cr\u00e9atures): C\u00e9cile Roussel-Dupr\u00e9 (NAD &#8211; 2014)<\/address>\n<address>Mod\u00e9lisation, texture, shading: Karina Cesta (NAD &#8211; 2014)<\/address>\n<address>Mod\u00e9lisation, texture, shading: V\u00e9ronique Comeau (NAD &#8211; 2014)<\/address>\n<address>Mod\u00e9lisation, texture, shading, Matte Painting: V\u00e9ronique L\u00e9vesque (NAD &#8211; 2014)<\/address>\n<address>Matte painting, concept: Karlie Carpentier Rosin (NAD &#8211; 2014)<\/address>\n<address>Matte painting, concept: St\u00e9phanie Lawrence (NAD &#8211; 2014)<\/address>\n<address>Animation, rigging: Jean- S\u00e9bastien Brazeau-Riou (NAD &#8211; 2014)<\/address>\n<address>Simulation, FX: Leonardo Andres Grabau Villalba (NAD &#8211; 2014)<\/address>\n<address>Simulation, FX: Joan Sariol L\u00e9vy (NAD &#8211; 2014)<\/address>\n<p>&nbsp;<\/p>\n<p>\u00c9quipe musicale<\/p>\n<address>Compositeur, Concepteur sonore: Joel-Aim\u00e9 Beauchamps<\/address>\n<address>Compositeur: Philippe Bilodeau<\/address>\n<address>Compositeur: Christophe Lamarche-Ledoux<\/address>\n<address>Compositeur: Renaud Payant-H\u00e9bert<\/address>\n<address>Compositeur: Olivier P\u00e9pin<\/address>\n<address>\u00a0<\/address>\n<p>R\u00e9alisation\u00a0: Robin Tremblay<\/p>\n<p>&nbsp;<\/p>\n<p>&nbsp;<\/p>\n<p>L\u2019Universit\u00e9 du Qu\u00e9bec \u00e0 Chicoutimi f\u00e9licite l\u2019ensemble des artistes et des artisans de cette production et se r\u00e9jouit du rayonnement obtenu. C\u2019est avec fiert\u00e9 que l\u2019UQAC souligne le talent de toute l\u2019\u00e9quipe et leur souhaite bonne chance pour leur participation aux festivals!<\/p>\n<address>\u00a0<\/address>\n<address>Visionnez le film ATMOSPH\u00c8RE:<\/address>\n<address><a href=\"https:\/\/vimeo.com\/137388197\">https:\/\/vimeo.com\/137388197<\/a><\/address>\n<address>mot de passe:atmosphere<\/address>\n","protected":false},"excerpt":{"rendered":"<p>Le court m\u00e9trage ATMOSPH\u00c8RE a vu le jour \u00e0 l\u2019automne\u00a02014. Atmosph\u00e8re est un voyage onirique entre plusieurs mondes, parfois petits et parfois gigantesques, donnant une impression de rapidit\u00e9 ou de ralenti extr\u00eame. Le spectateur est amen\u00e9 \u00e0 suivre des formes r\u00e9currentes sph\u00e9riques et circulaire dans une narration, qui elle-m\u00eame est en boucle. Le rendu visuel [&hellip;]<\/p>\n","protected":false},"author":5,"featured_media":30537,"comment_status":"open","ping_status":"open","sticky":false,"template":"","format":"standard","meta":{"footnotes":""},"categories":[2,9],"tags":[],"yoast_head":"<!-- This site is optimized with the Yoast SEO plugin v24.2 - https:\/\/yoast.com\/wordpress\/plugins\/seo\/ -->\r\n<title>Le court m\u00e9trage Atmosph\u00e8re s\u00e9lectionn\u00e9 dans trois festivals prestigieux - UQACtualit\u00e9s<\/title>\r\n<meta name=\"robots\" content=\"index, follow, max-snippet:-1, max-image-preview:large, max-video-preview:-1\" \/>\r\n<link rel=\"canonical\" href=\"https:\/\/www.uqac.ca\/uqactualites\/2015\/08\/26\/le-court-metrage-atmosphere-selectionne-dans-trois-festivals-prestigieux\/\" \/>\r\n<meta property=\"og:locale\" content=\"fr_CA\" \/>\r\n<meta property=\"og:type\" content=\"article\" \/>\r\n<meta property=\"og:title\" content=\"Le court m\u00e9trage Atmosph\u00e8re s\u00e9lectionn\u00e9 dans trois festivals prestigieux - UQACtualit\u00e9s\" \/>\r\n<meta property=\"og:description\" content=\"Le court m\u00e9trage ATMOSPH\u00c8RE a vu le jour \u00e0 l\u2019automne\u00a02014. Atmosph\u00e8re est un voyage onirique entre plusieurs mondes, parfois petits et parfois gigantesques, donnant une impression de rapidit\u00e9 ou de ralenti extr\u00eame. Le spectateur est amen\u00e9 \u00e0 suivre des formes r\u00e9currentes sph\u00e9riques et circulaire dans une narration, qui elle-m\u00eame est en boucle. Le rendu visuel [&hellip;]\" \/>\r\n<meta property=\"og:url\" content=\"https:\/\/www.uqac.ca\/uqactualites\/2015\/08\/26\/le-court-metrage-atmosphere-selectionne-dans-trois-festivals-prestigieux\/\" \/>\r\n<meta property=\"og:site_name\" content=\"UQACtualit\u00e9s\" \/>\r\n<meta property=\"article:published_time\" content=\"2015-08-26T18:31:51+00:00\" \/>\r\n<meta property=\"og:image\" content=\"https:\/\/www.uqac.ca\/uqactualites\/wp-content\/uploads\/2015\/08\/Atmosphere_promo_lauriers.jpg\" \/>\r\n\t<meta property=\"og:image:width\" content=\"620\" \/>\r\n\t<meta property=\"og:image:height\" content=\"300\" \/>\r\n\t<meta property=\"og:image:type\" content=\"image\/jpeg\" \/>\r\n<meta name=\"author\" content=\"Service des communications et des relations publiques\" \/>\r\n<meta name=\"twitter:card\" content=\"summary_large_image\" \/>\r\n<meta name=\"twitter:label1\" content=\"\u00c9crit par\" \/>\n\t<meta name=\"twitter:data1\" content=\"Service des communications et des relations publiques\" \/>\n\t<meta name=\"twitter:label2\" content=\"Estimation du temps de lecture\" \/>\n\t<meta name=\"twitter:data2\" content=\"3 minutes\" \/>\r\n<script type=\"application\/ld+json\" class=\"yoast-schema-graph\">{\"@context\":\"https:\/\/schema.org\",\"@graph\":[{\"@type\":\"WebPage\",\"@id\":\"https:\/\/www.uqac.ca\/uqactualites\/2015\/08\/26\/le-court-metrage-atmosphere-selectionne-dans-trois-festivals-prestigieux\/\",\"url\":\"https:\/\/www.uqac.ca\/uqactualites\/2015\/08\/26\/le-court-metrage-atmosphere-selectionne-dans-trois-festivals-prestigieux\/\",\"name\":\"Le court m\u00e9trage Atmosph\u00e8re s\u00e9lectionn\u00e9 dans trois festivals prestigieux - UQACtualit\u00e9s\",\"isPartOf\":{\"@id\":\"https:\/\/www.uqac.ca\/uqactualites\/#website\"},\"primaryImageOfPage\":{\"@id\":\"https:\/\/www.uqac.ca\/uqactualites\/2015\/08\/26\/le-court-metrage-atmosphere-selectionne-dans-trois-festivals-prestigieux\/#primaryimage\"},\"image\":{\"@id\":\"https:\/\/www.uqac.ca\/uqactualites\/2015\/08\/26\/le-court-metrage-atmosphere-selectionne-dans-trois-festivals-prestigieux\/#primaryimage\"},\"thumbnailUrl\":\"https:\/\/www.uqac.ca\/uqactualites\/wp-content\/uploads\/2015\/08\/Atmosphere_promo_lauriers.jpg\",\"datePublished\":\"2015-08-26T18:31:51+00:00\",\"dateModified\":\"2015-08-26T18:31:51+00:00\",\"author\":{\"@id\":\"https:\/\/www.uqac.ca\/uqactualites\/#\/schema\/person\/366c45a0c4f0e677b41b4af5886e2018\"},\"breadcrumb\":{\"@id\":\"https:\/\/www.uqac.ca\/uqactualites\/2015\/08\/26\/le-court-metrage-atmosphere-selectionne-dans-trois-festivals-prestigieux\/#breadcrumb\"},\"inLanguage\":\"fr-CA\",\"potentialAction\":[{\"@type\":\"ReadAction\",\"target\":[\"https:\/\/www.uqac.ca\/uqactualites\/2015\/08\/26\/le-court-metrage-atmosphere-selectionne-dans-trois-festivals-prestigieux\/\"]}]},{\"@type\":\"ImageObject\",\"inLanguage\":\"fr-CA\",\"@id\":\"https:\/\/www.uqac.ca\/uqactualites\/2015\/08\/26\/le-court-metrage-atmosphere-selectionne-dans-trois-festivals-prestigieux\/#primaryimage\",\"url\":\"https:\/\/www.uqac.ca\/uqactualites\/wp-content\/uploads\/2015\/08\/Atmosphere_promo_lauriers.jpg\",\"contentUrl\":\"https:\/\/www.uqac.ca\/uqactualites\/wp-content\/uploads\/2015\/08\/Atmosphere_promo_lauriers.jpg\",\"width\":620,\"height\":300},{\"@type\":\"BreadcrumbList\",\"@id\":\"https:\/\/www.uqac.ca\/uqactualites\/2015\/08\/26\/le-court-metrage-atmosphere-selectionne-dans-trois-festivals-prestigieux\/#breadcrumb\",\"itemListElement\":[{\"@type\":\"ListItem\",\"position\":1,\"name\":\"Home\",\"item\":\"https:\/\/www.uqac.ca\/uqactualites\/\"},{\"@type\":\"ListItem\",\"position\":2,\"name\":\"Le court m\u00e9trage Atmosph\u00e8re s\u00e9lectionn\u00e9 dans trois festivals prestigieux\"}]},{\"@type\":\"WebSite\",\"@id\":\"https:\/\/www.uqac.ca\/uqactualites\/#website\",\"url\":\"https:\/\/www.uqac.ca\/uqactualites\/\",\"name\":\"UQACtualit\u00e9s\",\"description\":\"Le portail des nouvelles de l&#039;UQAC\",\"potentialAction\":[{\"@type\":\"SearchAction\",\"target\":{\"@type\":\"EntryPoint\",\"urlTemplate\":\"https:\/\/www.uqac.ca\/uqactualites\/?s={search_term_string}\"},\"query-input\":{\"@type\":\"PropertyValueSpecification\",\"valueRequired\":true,\"valueName\":\"search_term_string\"}}],\"inLanguage\":\"fr-CA\"},{\"@type\":\"Person\",\"@id\":\"https:\/\/www.uqac.ca\/uqactualites\/#\/schema\/person\/366c45a0c4f0e677b41b4af5886e2018\",\"name\":\"Service des communications et des relations publiques\",\"image\":{\"@type\":\"ImageObject\",\"inLanguage\":\"fr-CA\",\"@id\":\"https:\/\/www.uqac.ca\/uqactualites\/#\/schema\/person\/image\/\",\"url\":\"https:\/\/secure.gravatar.com\/avatar\/20fbbda8a292f59f2d3461a5b999c00b?s=96&d=mm&r=g\",\"contentUrl\":\"https:\/\/secure.gravatar.com\/avatar\/20fbbda8a292f59f2d3461a5b999c00b?s=96&d=mm&r=g\",\"caption\":\"Service des communications et des relations publiques\"},\"url\":\"https:\/\/www.uqac.ca\/uqactualites\/author\/bap\/\"}]}<\/script>\r\n<!-- \/ Yoast SEO plugin. -->","yoast_head_json":{"title":"Le court m\u00e9trage Atmosph\u00e8re s\u00e9lectionn\u00e9 dans trois festivals prestigieux - UQACtualit\u00e9s","robots":{"index":"index","follow":"follow","max-snippet":"max-snippet:-1","max-image-preview":"max-image-preview:large","max-video-preview":"max-video-preview:-1"},"canonical":"https:\/\/www.uqac.ca\/uqactualites\/2015\/08\/26\/le-court-metrage-atmosphere-selectionne-dans-trois-festivals-prestigieux\/","og_locale":"fr_CA","og_type":"article","og_title":"Le court m\u00e9trage Atmosph\u00e8re s\u00e9lectionn\u00e9 dans trois festivals prestigieux - UQACtualit\u00e9s","og_description":"Le court m\u00e9trage ATMOSPH\u00c8RE a vu le jour \u00e0 l\u2019automne\u00a02014. Atmosph\u00e8re est un voyage onirique entre plusieurs mondes, parfois petits et parfois gigantesques, donnant une impression de rapidit\u00e9 ou de ralenti extr\u00eame. Le spectateur est amen\u00e9 \u00e0 suivre des formes r\u00e9currentes sph\u00e9riques et circulaire dans une narration, qui elle-m\u00eame est en boucle. Le rendu visuel [&hellip;]","og_url":"https:\/\/www.uqac.ca\/uqactualites\/2015\/08\/26\/le-court-metrage-atmosphere-selectionne-dans-trois-festivals-prestigieux\/","og_site_name":"UQACtualit\u00e9s","article_published_time":"2015-08-26T18:31:51+00:00","og_image":[{"width":620,"height":300,"url":"https:\/\/www.uqac.ca\/uqactualites\/wp-content\/uploads\/2015\/08\/Atmosphere_promo_lauriers.jpg","type":"image\/jpeg"}],"author":"Service des communications et des relations publiques","twitter_card":"summary_large_image","twitter_misc":{"\u00c9crit par":"Service des communications et des relations publiques","Estimation du temps de lecture":"3 minutes"},"schema":{"@context":"https:\/\/schema.org","@graph":[{"@type":"WebPage","@id":"https:\/\/www.uqac.ca\/uqactualites\/2015\/08\/26\/le-court-metrage-atmosphere-selectionne-dans-trois-festivals-prestigieux\/","url":"https:\/\/www.uqac.ca\/uqactualites\/2015\/08\/26\/le-court-metrage-atmosphere-selectionne-dans-trois-festivals-prestigieux\/","name":"Le court m\u00e9trage Atmosph\u00e8re s\u00e9lectionn\u00e9 dans trois festivals prestigieux - UQACtualit\u00e9s","isPartOf":{"@id":"https:\/\/www.uqac.ca\/uqactualites\/#website"},"primaryImageOfPage":{"@id":"https:\/\/www.uqac.ca\/uqactualites\/2015\/08\/26\/le-court-metrage-atmosphere-selectionne-dans-trois-festivals-prestigieux\/#primaryimage"},"image":{"@id":"https:\/\/www.uqac.ca\/uqactualites\/2015\/08\/26\/le-court-metrage-atmosphere-selectionne-dans-trois-festivals-prestigieux\/#primaryimage"},"thumbnailUrl":"https:\/\/www.uqac.ca\/uqactualites\/wp-content\/uploads\/2015\/08\/Atmosphere_promo_lauriers.jpg","datePublished":"2015-08-26T18:31:51+00:00","dateModified":"2015-08-26T18:31:51+00:00","author":{"@id":"https:\/\/www.uqac.ca\/uqactualites\/#\/schema\/person\/366c45a0c4f0e677b41b4af5886e2018"},"breadcrumb":{"@id":"https:\/\/www.uqac.ca\/uqactualites\/2015\/08\/26\/le-court-metrage-atmosphere-selectionne-dans-trois-festivals-prestigieux\/#breadcrumb"},"inLanguage":"fr-CA","potentialAction":[{"@type":"ReadAction","target":["https:\/\/www.uqac.ca\/uqactualites\/2015\/08\/26\/le-court-metrage-atmosphere-selectionne-dans-trois-festivals-prestigieux\/"]}]},{"@type":"ImageObject","inLanguage":"fr-CA","@id":"https:\/\/www.uqac.ca\/uqactualites\/2015\/08\/26\/le-court-metrage-atmosphere-selectionne-dans-trois-festivals-prestigieux\/#primaryimage","url":"https:\/\/www.uqac.ca\/uqactualites\/wp-content\/uploads\/2015\/08\/Atmosphere_promo_lauriers.jpg","contentUrl":"https:\/\/www.uqac.ca\/uqactualites\/wp-content\/uploads\/2015\/08\/Atmosphere_promo_lauriers.jpg","width":620,"height":300},{"@type":"BreadcrumbList","@id":"https:\/\/www.uqac.ca\/uqactualites\/2015\/08\/26\/le-court-metrage-atmosphere-selectionne-dans-trois-festivals-prestigieux\/#breadcrumb","itemListElement":[{"@type":"ListItem","position":1,"name":"Home","item":"https:\/\/www.uqac.ca\/uqactualites\/"},{"@type":"ListItem","position":2,"name":"Le court m\u00e9trage Atmosph\u00e8re s\u00e9lectionn\u00e9 dans trois festivals prestigieux"}]},{"@type":"WebSite","@id":"https:\/\/www.uqac.ca\/uqactualites\/#website","url":"https:\/\/www.uqac.ca\/uqactualites\/","name":"UQACtualit\u00e9s","description":"Le portail des nouvelles de l&#039;UQAC","potentialAction":[{"@type":"SearchAction","target":{"@type":"EntryPoint","urlTemplate":"https:\/\/www.uqac.ca\/uqactualites\/?s={search_term_string}"},"query-input":{"@type":"PropertyValueSpecification","valueRequired":true,"valueName":"search_term_string"}}],"inLanguage":"fr-CA"},{"@type":"Person","@id":"https:\/\/www.uqac.ca\/uqactualites\/#\/schema\/person\/366c45a0c4f0e677b41b4af5886e2018","name":"Service des communications et des relations publiques","image":{"@type":"ImageObject","inLanguage":"fr-CA","@id":"https:\/\/www.uqac.ca\/uqactualites\/#\/schema\/person\/image\/","url":"https:\/\/secure.gravatar.com\/avatar\/20fbbda8a292f59f2d3461a5b999c00b?s=96&d=mm&r=g","contentUrl":"https:\/\/secure.gravatar.com\/avatar\/20fbbda8a292f59f2d3461a5b999c00b?s=96&d=mm&r=g","caption":"Service des communications et des relations publiques"},"url":"https:\/\/www.uqac.ca\/uqactualites\/author\/bap\/"}]}},"_links":{"self":[{"href":"https:\/\/www.uqac.ca\/uqactualites\/wp-json\/wp\/v2\/posts\/30536"}],"collection":[{"href":"https:\/\/www.uqac.ca\/uqactualites\/wp-json\/wp\/v2\/posts"}],"about":[{"href":"https:\/\/www.uqac.ca\/uqactualites\/wp-json\/wp\/v2\/types\/post"}],"author":[{"embeddable":true,"href":"https:\/\/www.uqac.ca\/uqactualites\/wp-json\/wp\/v2\/users\/5"}],"replies":[{"embeddable":true,"href":"https:\/\/www.uqac.ca\/uqactualites\/wp-json\/wp\/v2\/comments?post=30536"}],"version-history":[{"count":0,"href":"https:\/\/www.uqac.ca\/uqactualites\/wp-json\/wp\/v2\/posts\/30536\/revisions"}],"wp:featuredmedia":[{"embeddable":true,"href":"https:\/\/www.uqac.ca\/uqactualites\/wp-json\/wp\/v2\/media\/30537"}],"wp:attachment":[{"href":"https:\/\/www.uqac.ca\/uqactualites\/wp-json\/wp\/v2\/media?parent=30536"}],"wp:term":[{"taxonomy":"category","embeddable":true,"href":"https:\/\/www.uqac.ca\/uqactualites\/wp-json\/wp\/v2\/categories?post=30536"},{"taxonomy":"post_tag","embeddable":true,"href":"https:\/\/www.uqac.ca\/uqactualites\/wp-json\/wp\/v2\/tags?post=30536"}],"curies":[{"name":"wp","href":"https:\/\/api.w.org\/{rel}","templated":true}]}}