{"id":30557,"date":"2015-08-31T07:16:06","date_gmt":"2015-08-31T11:16:06","guid":{"rendered":"http:\/\/uqactualite.odev.ca\/?p=30557"},"modified":"2015-08-31T07:16:06","modified_gmt":"2015-08-31T11:16:06","slug":"rentree-2015","status":"publish","type":"post","link":"https:\/\/www.uqac.ca\/uqactualites\/2015\/08\/31\/rentree-2015\/","title":{"rendered":"Coup d&rsquo;envoi de la rentr\u00e9e 2015 \u00e0 l&rsquo;UQAC"},"content":{"rendered":"<p>Pr\u00e8s de 7 000\u00a0\u00e9tudiants sont attendus cette semaine \u00e0 l&rsquo;UQAC alors que s&rsquo;amorce la rentr\u00e9e universitaire 2015. Cette ann\u00e9e, une semaine d&rsquo;activit\u00e9s, sous le th\u00e8me de la <a href=\"http:\/\/sae.uqac.ca\/rentree\/\">Rentr\u00e9e galactique<\/a>, est pr\u00e9vue \u00e0 commencer par le traditionnel Salon \u00e9tudiant. Cette \u00e9v\u00e9nement, qui donne le coup d&rsquo;envoi de la rentr\u00e9e \u00e0 l&rsquo;UQAC, est le moment id\u00e9al pour les \u00e9tudiants d&rsquo;aller \u00e0 la rencontre des services et des associations \u00e9tudiantes qui sont au c\u0153ur de la vie universitaire. Ils pourront aussi profiter de l&rsquo;occasion pour se procurer agenda, carte \u00e9tudiante et casier.<\/p>\n<p>La semaine se poursuit le\u00a0mardi avec le 4 \u00e0 7 de la rentr\u00e9e o\u00f9 le recteur convie l&rsquo;ensemble de la communaut\u00e9 universitaire \u00e0 ce rendez-vous annuel sous le chapiteau ext\u00e9rieur. Tout au long de ces 4 jours de festivit\u00e9s, plusieurs activit\u00e9s sont \u00e9galement pr\u00e9vues, d\u00eener m\u00e9choui du MAGE-UQAC, pause-caf\u00e9 des Services aux \u00e9tudiants, activit\u00e9 d&rsquo;a\u00e9robie, visite du campus, tour de ville et encore plus. Au programme en soir\u00e9es, veill\u00e9e autour du feu avec chansonnier et cin\u00e9ma ext\u00e9rieur sont \u00e0 l&rsquo;horaire. Pour cl\u00f4turer cette semaine d&rsquo;activit\u00e9s, le Show de la rentr\u00e9e aura lieu jeudi alors que Galaxie, avec en premi\u00e8re partie le groupe Mordicus, se retrouveront sur la sc\u00e8ne du centre social.<\/p>\n<p>Cette ann\u00e9e, plus 2\u00a0000\u00a0$ en prix seront tir\u00e9s dans le cadre des activit\u00e9s de la rentr\u00e9e dont un trimestre en exemption de droits de scolarit\u00e9. Pour participer, les \u00e9tudiants doivent se procurer un billet de tirage au centre social les 31 ao\u00fbt et 1<sup>er<\/sup>septembre 2015. \u00c0 noter que le tirage des prix aura lieu lors du 4 \u00e0 7 de la rentr\u00e9e le mardi 1<sup>er<\/sup>septembre 2015 \u00e0 17\u00a0h\u00a030 et que la pr\u00e9sence est obligatoire pour gagner (1 coupon par \u00e9tudiant).<\/p>\n<p>La programmation compl\u00e8te des activit\u00e9s est disponible sur le Web\u00a0au <a href=\"http:\/\/sae.uqac.ca\/rentree\">sae.uqac.ca\/rentree<\/a>. La Rentr\u00e9e galactique 2015 est organis\u00e9e en collaboration avec le <a href=\"http:\/\/mageuqac.com\/\">Mouvement des associations g\u00e9n\u00e9rales \u00e9tudiantes de l&rsquo;UQAC<\/a> (MAGE-UQAC).<\/p>\n<p><strong>Source :<\/strong><br \/>\nBureau des affaires publiques<br \/>\nUniversit\u00e9 du Qu\u00e9bec \u00e0 Chicoutimi<br \/>\n418\u00a0545-5011, poste 2350 \u25aa <a href=\"mailto:affaires_publiques@uqac.ca\">affaires_publiques@uqac.ca<\/a><\/p>\n","protected":false},"excerpt":{"rendered":"<p>Pr\u00e8s de 7 000\u00a0\u00e9tudiants sont attendus cette semaine \u00e0 l&rsquo;UQAC alors que s&rsquo;amorce la rentr\u00e9e universitaire 2015. Cette ann\u00e9e, une semaine d&rsquo;activit\u00e9s, sous le th\u00e8me de la Rentr\u00e9e galactique, est pr\u00e9vue \u00e0 commencer par le traditionnel Salon \u00e9tudiant. Cette \u00e9v\u00e9nement, qui donne le coup d&rsquo;envoi de la rentr\u00e9e \u00e0 l&rsquo;UQAC, est le moment id\u00e9al pour [&hellip;]<\/p>\n","protected":false},"author":5,"featured_media":30560,"comment_status":"open","ping_status":"open","sticky":false,"template":"","format":"standard","meta":{"footnotes":""},"categories":[2,61],"tags":[816,538,894,895],"yoast_head":"<!-- This site is optimized with the Yoast SEO plugin v24.2 - https:\/\/yoast.com\/wordpress\/plugins\/seo\/ -->\r\n<title>Coup d&#039;envoi de la rentr\u00e9e 2015 \u00e0 l&#039;UQAC - UQACtualit\u00e9s<\/title>\r\n<meta name=\"robots\" content=\"index, follow, max-snippet:-1, max-image-preview:large, max-video-preview:-1\" \/>\r\n<link rel=\"canonical\" href=\"https:\/\/www.uqac.ca\/uqactualites\/2015\/08\/31\/rentree-2015\/\" \/>\r\n<meta property=\"og:locale\" content=\"fr_CA\" \/>\r\n<meta property=\"og:type\" content=\"article\" \/>\r\n<meta property=\"og:title\" content=\"Coup d&#039;envoi de la rentr\u00e9e 2015 \u00e0 l&#039;UQAC - UQACtualit\u00e9s\" \/>\r\n<meta property=\"og:description\" content=\"Pr\u00e8s de 7 000\u00a0\u00e9tudiants sont attendus cette semaine \u00e0 l&rsquo;UQAC alors que s&rsquo;amorce la rentr\u00e9e universitaire 2015. Cette ann\u00e9e, une semaine d&rsquo;activit\u00e9s, sous le th\u00e8me de la Rentr\u00e9e galactique, est pr\u00e9vue \u00e0 commencer par le traditionnel Salon \u00e9tudiant. Cette \u00e9v\u00e9nement, qui donne le coup d&rsquo;envoi de la rentr\u00e9e \u00e0 l&rsquo;UQAC, est le moment id\u00e9al pour [&hellip;]\" \/>\r\n<meta property=\"og:url\" content=\"https:\/\/www.uqac.ca\/uqactualites\/2015\/08\/31\/rentree-2015\/\" \/>\r\n<meta property=\"og:site_name\" content=\"UQACtualit\u00e9s\" \/>\r\n<meta property=\"article:published_time\" content=\"2015-08-31T11:16:06+00:00\" \/>\r\n<meta property=\"og:image\" content=\"https:\/\/www.uqac.ca\/uqactualites\/wp-content\/uploads\/2015\/08\/GRAF_UQACtualiteE15-01.jpg\" \/>\r\n\t<meta property=\"og:image:width\" content=\"620\" \/>\r\n\t<meta property=\"og:image:height\" content=\"300\" \/>\r\n\t<meta property=\"og:image:type\" content=\"image\/jpeg\" \/>\r\n<meta name=\"author\" content=\"Service des communications et des relations publiques\" \/>\r\n<meta name=\"twitter:card\" content=\"summary_large_image\" \/>\r\n<meta name=\"twitter:label1\" content=\"\u00c9crit par\" \/>\n\t<meta name=\"twitter:data1\" content=\"Service des communications et des relations publiques\" \/>\n\t<meta name=\"twitter:label2\" content=\"Estimation du temps de lecture\" \/>\n\t<meta name=\"twitter:data2\" content=\"2 minutes\" \/>\r\n<script type=\"application\/ld+json\" class=\"yoast-schema-graph\">{\"@context\":\"https:\/\/schema.org\",\"@graph\":[{\"@type\":\"WebPage\",\"@id\":\"https:\/\/www.uqac.ca\/uqactualites\/2015\/08\/31\/rentree-2015\/\",\"url\":\"https:\/\/www.uqac.ca\/uqactualites\/2015\/08\/31\/rentree-2015\/\",\"name\":\"Coup d'envoi de la rentr\u00e9e 2015 \u00e0 l'UQAC - UQACtualit\u00e9s\",\"isPartOf\":{\"@id\":\"https:\/\/www.uqac.ca\/uqactualites\/#website\"},\"primaryImageOfPage\":{\"@id\":\"https:\/\/www.uqac.ca\/uqactualites\/2015\/08\/31\/rentree-2015\/#primaryimage\"},\"image\":{\"@id\":\"https:\/\/www.uqac.ca\/uqactualites\/2015\/08\/31\/rentree-2015\/#primaryimage\"},\"thumbnailUrl\":\"https:\/\/www.uqac.ca\/uqactualites\/wp-content\/uploads\/2015\/08\/GRAF_UQACtualiteE15-01.jpg\",\"datePublished\":\"2015-08-31T11:16:06+00:00\",\"dateModified\":\"2015-08-31T11:16:06+00:00\",\"author\":{\"@id\":\"https:\/\/www.uqac.ca\/uqactualites\/#\/schema\/person\/366c45a0c4f0e677b41b4af5886e2018\"},\"breadcrumb\":{\"@id\":\"https:\/\/www.uqac.ca\/uqactualites\/2015\/08\/31\/rentree-2015\/#breadcrumb\"},\"inLanguage\":\"fr-CA\",\"potentialAction\":[{\"@type\":\"ReadAction\",\"target\":[\"https:\/\/www.uqac.ca\/uqactualites\/2015\/08\/31\/rentree-2015\/\"]}]},{\"@type\":\"ImageObject\",\"inLanguage\":\"fr-CA\",\"@id\":\"https:\/\/www.uqac.ca\/uqactualites\/2015\/08\/31\/rentree-2015\/#primaryimage\",\"url\":\"https:\/\/www.uqac.ca\/uqactualites\/wp-content\/uploads\/2015\/08\/GRAF_UQACtualiteE15-01.jpg\",\"contentUrl\":\"https:\/\/www.uqac.ca\/uqactualites\/wp-content\/uploads\/2015\/08\/GRAF_UQACtualiteE15-01.jpg\",\"width\":620,\"height\":300},{\"@type\":\"BreadcrumbList\",\"@id\":\"https:\/\/www.uqac.ca\/uqactualites\/2015\/08\/31\/rentree-2015\/#breadcrumb\",\"itemListElement\":[{\"@type\":\"ListItem\",\"position\":1,\"name\":\"Home\",\"item\":\"https:\/\/www.uqac.ca\/uqactualites\/\"},{\"@type\":\"ListItem\",\"position\":2,\"name\":\"Coup d&rsquo;envoi de la rentr\u00e9e 2015 \u00e0 l&rsquo;UQAC\"}]},{\"@type\":\"WebSite\",\"@id\":\"https:\/\/www.uqac.ca\/uqactualites\/#website\",\"url\":\"https:\/\/www.uqac.ca\/uqactualites\/\",\"name\":\"UQACtualit\u00e9s\",\"description\":\"Le portail des nouvelles de l&#039;UQAC\",\"potentialAction\":[{\"@type\":\"SearchAction\",\"target\":{\"@type\":\"EntryPoint\",\"urlTemplate\":\"https:\/\/www.uqac.ca\/uqactualites\/?s={search_term_string}\"},\"query-input\":{\"@type\":\"PropertyValueSpecification\",\"valueRequired\":true,\"valueName\":\"search_term_string\"}}],\"inLanguage\":\"fr-CA\"},{\"@type\":\"Person\",\"@id\":\"https:\/\/www.uqac.ca\/uqactualites\/#\/schema\/person\/366c45a0c4f0e677b41b4af5886e2018\",\"name\":\"Service des communications et des relations publiques\",\"image\":{\"@type\":\"ImageObject\",\"inLanguage\":\"fr-CA\",\"@id\":\"https:\/\/www.uqac.ca\/uqactualites\/#\/schema\/person\/image\/\",\"url\":\"https:\/\/secure.gravatar.com\/avatar\/20fbbda8a292f59f2d3461a5b999c00b?s=96&d=mm&r=g\",\"contentUrl\":\"https:\/\/secure.gravatar.com\/avatar\/20fbbda8a292f59f2d3461a5b999c00b?s=96&d=mm&r=g\",\"caption\":\"Service des communications et des relations publiques\"},\"url\":\"https:\/\/www.uqac.ca\/uqactualites\/author\/bap\/\"}]}<\/script>\r\n<!-- \/ Yoast SEO plugin. -->","yoast_head_json":{"title":"Coup d'envoi de la rentr\u00e9e 2015 \u00e0 l'UQAC - UQACtualit\u00e9s","robots":{"index":"index","follow":"follow","max-snippet":"max-snippet:-1","max-image-preview":"max-image-preview:large","max-video-preview":"max-video-preview:-1"},"canonical":"https:\/\/www.uqac.ca\/uqactualites\/2015\/08\/31\/rentree-2015\/","og_locale":"fr_CA","og_type":"article","og_title":"Coup d'envoi de la rentr\u00e9e 2015 \u00e0 l'UQAC - UQACtualit\u00e9s","og_description":"Pr\u00e8s de 7 000\u00a0\u00e9tudiants sont attendus cette semaine \u00e0 l&rsquo;UQAC alors que s&rsquo;amorce la rentr\u00e9e universitaire 2015. Cette ann\u00e9e, une semaine d&rsquo;activit\u00e9s, sous le th\u00e8me de la Rentr\u00e9e galactique, est pr\u00e9vue \u00e0 commencer par le traditionnel Salon \u00e9tudiant. Cette \u00e9v\u00e9nement, qui donne le coup d&rsquo;envoi de la rentr\u00e9e \u00e0 l&rsquo;UQAC, est le moment id\u00e9al pour [&hellip;]","og_url":"https:\/\/www.uqac.ca\/uqactualites\/2015\/08\/31\/rentree-2015\/","og_site_name":"UQACtualit\u00e9s","article_published_time":"2015-08-31T11:16:06+00:00","og_image":[{"width":620,"height":300,"url":"https:\/\/www.uqac.ca\/uqactualites\/wp-content\/uploads\/2015\/08\/GRAF_UQACtualiteE15-01.jpg","type":"image\/jpeg"}],"author":"Service des communications et des relations publiques","twitter_card":"summary_large_image","twitter_misc":{"\u00c9crit par":"Service des communications et des relations publiques","Estimation du temps de lecture":"2 minutes"},"schema":{"@context":"https:\/\/schema.org","@graph":[{"@type":"WebPage","@id":"https:\/\/www.uqac.ca\/uqactualites\/2015\/08\/31\/rentree-2015\/","url":"https:\/\/www.uqac.ca\/uqactualites\/2015\/08\/31\/rentree-2015\/","name":"Coup d'envoi de la rentr\u00e9e 2015 \u00e0 l'UQAC - UQACtualit\u00e9s","isPartOf":{"@id":"https:\/\/www.uqac.ca\/uqactualites\/#website"},"primaryImageOfPage":{"@id":"https:\/\/www.uqac.ca\/uqactualites\/2015\/08\/31\/rentree-2015\/#primaryimage"},"image":{"@id":"https:\/\/www.uqac.ca\/uqactualites\/2015\/08\/31\/rentree-2015\/#primaryimage"},"thumbnailUrl":"https:\/\/www.uqac.ca\/uqactualites\/wp-content\/uploads\/2015\/08\/GRAF_UQACtualiteE15-01.jpg","datePublished":"2015-08-31T11:16:06+00:00","dateModified":"2015-08-31T11:16:06+00:00","author":{"@id":"https:\/\/www.uqac.ca\/uqactualites\/#\/schema\/person\/366c45a0c4f0e677b41b4af5886e2018"},"breadcrumb":{"@id":"https:\/\/www.uqac.ca\/uqactualites\/2015\/08\/31\/rentree-2015\/#breadcrumb"},"inLanguage":"fr-CA","potentialAction":[{"@type":"ReadAction","target":["https:\/\/www.uqac.ca\/uqactualites\/2015\/08\/31\/rentree-2015\/"]}]},{"@type":"ImageObject","inLanguage":"fr-CA","@id":"https:\/\/www.uqac.ca\/uqactualites\/2015\/08\/31\/rentree-2015\/#primaryimage","url":"https:\/\/www.uqac.ca\/uqactualites\/wp-content\/uploads\/2015\/08\/GRAF_UQACtualiteE15-01.jpg","contentUrl":"https:\/\/www.uqac.ca\/uqactualites\/wp-content\/uploads\/2015\/08\/GRAF_UQACtualiteE15-01.jpg","width":620,"height":300},{"@type":"BreadcrumbList","@id":"https:\/\/www.uqac.ca\/uqactualites\/2015\/08\/31\/rentree-2015\/#breadcrumb","itemListElement":[{"@type":"ListItem","position":1,"name":"Home","item":"https:\/\/www.uqac.ca\/uqactualites\/"},{"@type":"ListItem","position":2,"name":"Coup d&rsquo;envoi de la rentr\u00e9e 2015 \u00e0 l&rsquo;UQAC"}]},{"@type":"WebSite","@id":"https:\/\/www.uqac.ca\/uqactualites\/#website","url":"https:\/\/www.uqac.ca\/uqactualites\/","name":"UQACtualit\u00e9s","description":"Le portail des nouvelles de l&#039;UQAC","potentialAction":[{"@type":"SearchAction","target":{"@type":"EntryPoint","urlTemplate":"https:\/\/www.uqac.ca\/uqactualites\/?s={search_term_string}"},"query-input":{"@type":"PropertyValueSpecification","valueRequired":true,"valueName":"search_term_string"}}],"inLanguage":"fr-CA"},{"@type":"Person","@id":"https:\/\/www.uqac.ca\/uqactualites\/#\/schema\/person\/366c45a0c4f0e677b41b4af5886e2018","name":"Service des communications et des relations publiques","image":{"@type":"ImageObject","inLanguage":"fr-CA","@id":"https:\/\/www.uqac.ca\/uqactualites\/#\/schema\/person\/image\/","url":"https:\/\/secure.gravatar.com\/avatar\/20fbbda8a292f59f2d3461a5b999c00b?s=96&d=mm&r=g","contentUrl":"https:\/\/secure.gravatar.com\/avatar\/20fbbda8a292f59f2d3461a5b999c00b?s=96&d=mm&r=g","caption":"Service des communications et des relations publiques"},"url":"https:\/\/www.uqac.ca\/uqactualites\/author\/bap\/"}]}},"_links":{"self":[{"href":"https:\/\/www.uqac.ca\/uqactualites\/wp-json\/wp\/v2\/posts\/30557"}],"collection":[{"href":"https:\/\/www.uqac.ca\/uqactualites\/wp-json\/wp\/v2\/posts"}],"about":[{"href":"https:\/\/www.uqac.ca\/uqactualites\/wp-json\/wp\/v2\/types\/post"}],"author":[{"embeddable":true,"href":"https:\/\/www.uqac.ca\/uqactualites\/wp-json\/wp\/v2\/users\/5"}],"replies":[{"embeddable":true,"href":"https:\/\/www.uqac.ca\/uqactualites\/wp-json\/wp\/v2\/comments?post=30557"}],"version-history":[{"count":0,"href":"https:\/\/www.uqac.ca\/uqactualites\/wp-json\/wp\/v2\/posts\/30557\/revisions"}],"wp:featuredmedia":[{"embeddable":true,"href":"https:\/\/www.uqac.ca\/uqactualites\/wp-json\/wp\/v2\/media\/30560"}],"wp:attachment":[{"href":"https:\/\/www.uqac.ca\/uqactualites\/wp-json\/wp\/v2\/media?parent=30557"}],"wp:term":[{"taxonomy":"category","embeddable":true,"href":"https:\/\/www.uqac.ca\/uqactualites\/wp-json\/wp\/v2\/categories?post=30557"},{"taxonomy":"post_tag","embeddable":true,"href":"https:\/\/www.uqac.ca\/uqactualites\/wp-json\/wp\/v2\/tags?post=30557"}],"curies":[{"name":"wp","href":"https:\/\/api.w.org\/{rel}","templated":true}]}}