{"id":30580,"date":"2015-09-01T15:53:19","date_gmt":"2015-09-01T19:53:19","guid":{"rendered":"http:\/\/uqactualite.odev.ca\/?p=30580"},"modified":"2015-09-01T15:53:19","modified_gmt":"2015-09-01T19:53:19","slug":"luniversite-du-quebec-a-chicoutimi-inaugure-son-nouveau-pavillon-du-grand-seminaire","status":"publish","type":"post","link":"https:\/\/www.uqac.ca\/uqactualites\/2015\/09\/01\/luniversite-du-quebec-a-chicoutimi-inaugure-son-nouveau-pavillon-du-grand-seminaire\/","title":{"rendered":"L\u2019Universit\u00e9 du Qu\u00e9bec \u00e0 Chicoutimi inaugure son nouveau Pavillon du Grand S\u00e9minaire"},"content":{"rendered":"<p><strong>Saguenay, le 1<sup>er<\/sup> septembre 2015 <\/strong>\u2013 L\u2019Universit\u00e9 du Qu\u00e9bec \u00e0 Chicoutimi a proc\u00e9d\u00e9 \u00e0 l\u2019inauguration officielle de son Pavillon du Grand S\u00e9minaire lors d\u2019une c\u00e9r\u00e9monie qui se d\u00e9roulait aujourd\u2019hui en pr\u00e9sence du ministre de l&rsquo;\u00c9ducation, de l&rsquo;Enseignement sup\u00e9rieur et de la Recherche et ministre responsable du Loisir et du Sport, Fran\u00e7ois Blais et de l&rsquo;\u00e9v\u00eaque du dioc\u00e8se de Chicoutimi, Monseigneur Andr\u00e9 Rivest.<\/p>\n<p>Ainsi, deux ans apr\u00e8s avoir fait l\u2019acquisition du Grand S\u00e9minaire de Chicoutimi, l&rsquo;UQAC ouvre officiellement les portes de ce b\u00e2timent r\u00e9nov\u00e9 et agrandi pour accueillir, \u00e0 l\u2019occasion de cette rentr\u00e9e scolaire, plus de cent cinquante \u00e9tudiants issus du D\u00e9partement des sciences de la sant\u00e9. Cet ajout au campus permet effectivement de regrouper sous un m\u00eame toit les \u00e9tudiants des programmes de physioth\u00e9rapie, offerts par l&rsquo;UQAC gr\u00e2ce \u00e0 la collaboration de l&rsquo;Universit\u00e9 McGill, de psychologie et de la formation m\u00e9dicale de la Facult\u00e9 de m\u00e9decine et des sciences de la sant\u00e9 de l&rsquo;Universit\u00e9 de Sherbrooke (FMSS).<\/p>\n<p>D\u2019entr\u00e9e de jeu, le recteur, Martin Gauthier, a tenu \u00e0 souligner le travail exceptionnel des employ\u00e9s de l&rsquo;Universit\u00e9, des professionnels et de l&rsquo;entrepreneur qui ont su am\u00e9nager des espaces modernes et \u00e0 la fine pointe tout en respectant le caract\u00e8re patrimonial de l&rsquo;\u00e9difice. Pourvu d\u2019\u00e9quipements hautement sp\u00e9cialis\u00e9s, ce nouveau pavillon permet aux \u00e9tudiants d\u2019avoir acc\u00e8s \u00e0 des installations qui r\u00e9pondent plus qu&rsquo;ad\u00e9quatement aux normes et aux exigences relatives \u00e0 la formation dans les domaines de la sant\u00e9 et des services sociaux. \u00ab\u00a0La qualit\u00e9 du travail r\u00e9alis\u00e9 permet \u00e0 l\u2019UQAC de favoriser l\u2019\u00e9mergence d\u2019une rel\u00e8ve hautement comp\u00e9tente dont les r\u00e9alisations feront \u00e9chos bien au-del\u00e0 de notre r\u00e9gion\u00a0\u00bb, a mentionn\u00e9 le recteur.<\/p>\n<p>De son c\u00f4t\u00e9, le doyen de la FMSS Pierre Cossette, pr\u00e9sent \u00e0 l\u2019inauguration, a salu\u00e9 la vision des partenaires de ce projet d\u2019envergure. \u00ab L\u2019inauguration de ce pavillon permet d\u2019offrir des conditions optimales de formation \u00e0 la future g\u00e9n\u00e9ration d\u2019apprenants qui fait le choix d\u2019\u00e9tudier dans la r\u00e9gion; le programme de formation m\u00e9dicale \u00e0 Saguenay participe activement au d\u00e9veloppement et \u00e0 l\u2019enrichissement de la communaut\u00e9\u00a0\u00bb, a-t-il pr\u00e9cis\u00e9.<\/p>\n<p>M. Gauthier a \u00e9galement tenu \u00e0 rappeler l&rsquo;importance du partenariat avec le Centre int\u00e9gr\u00e9 universitaire de sant\u00e9 et services sociaux dans la formation de la rel\u00e8ve en sant\u00e9\u00a0: \u00ab\u00a0En plus d\u2019\u00eatre un employeur de choix pour nos dipl\u00f4m\u00e9s, le CIUSSS est un partenaire important tant en enseignement qu&rsquo;en recherche. Cette collaboration permet notamment \u00e0 l\u2019Universit\u00e9 de b\u00e9n\u00e9ficier de l\u2019expertise de professionnels en soins et services sociaux dans notre r\u00e9gion en plus de pouvoir offrir \u00e0 nos \u00e9tudiants les stages essentiels \u00e0 leur formation.\u00a0\u00bb<\/p>\n<p>Pour sa part, Monseigneur Rivest s&rsquo;est dit enchant\u00e9 de la nouvelle vocation du Grand S\u00e9minaire et du souci de pr\u00e9servation de l&rsquo;immeuble d\u00e9montr\u00e9 par l&rsquo;UQAC.<\/p>\n<p>Construit en 1935, l\u2019\u00e9difice du Grand S\u00e9minaire \u00e9tait connu autrefois comme \u00e9tant le Pavillon Duchesne et renfermait l\u2019ancienne \u00e9cole d\u2019agriculture. Ce b\u00e2timent de style Dom Bellot accueillait \u00e9galement l\u2019Institut de formation th\u00e9ologique et pastorale et a servi longtemps \u00e0 la formation des futurs pr\u00eatres, agents pastoraux et b\u00e9n\u00e9voles d\u00e9sireux d\u2019approfondir leur foi.<\/p>\n<p>Rappelons que ce projet de quelque 10 millions de dollars a \u00e9t\u00e9 rendu possible gr\u00e2ce \u00e0 la contribution du minist\u00e8re de l\u2019\u00c9ducation, de l\u2019Enseignement sup\u00e9rieur et de la Recherche.<\/p>\n<p style=\"text-align: center\">\u00a0&#8211; 30 &#8211;<\/p>\n<p><strong>\u00a0<\/strong><\/p>\n<p><strong>Renseignements\u00a0:<br \/>\n<\/strong>Marie-Karlynn Laflamme, directrice<br \/>\nBureau des affaires publiques<br \/>\nUniversit\u00e9 du Qu\u00e9bec \u00e0 Chicoutimi<br \/>\n418\u00a0545-5011, poste 5006<br \/>\n<a href=\"mailto:marie-karlynn.laflamme@uqac.ca\">marie-karlynn.laflamme@uqac.ca<\/a><\/p>\n","protected":false},"excerpt":{"rendered":"<p>Saguenay, le 1er septembre 2015 \u2013 L\u2019Universit\u00e9 du Qu\u00e9bec \u00e0 Chicoutimi a proc\u00e9d\u00e9 \u00e0 l\u2019inauguration officielle de son Pavillon du Grand S\u00e9minaire lors d\u2019une c\u00e9r\u00e9monie qui se d\u00e9roulait aujourd\u2019hui en pr\u00e9sence du ministre de l&rsquo;\u00c9ducation, de l&rsquo;Enseignement sup\u00e9rieur et de la Recherche et ministre responsable du Loisir et du Sport, Fran\u00e7ois Blais et de l&rsquo;\u00e9v\u00eaque [&hellip;]<\/p>\n","protected":false},"author":5,"featured_media":20745,"comment_status":"open","ping_status":"open","sticky":false,"template":"","format":"standard","meta":{"footnotes":""},"categories":[2772],"tags":[],"yoast_head":"<!-- This site is optimized with the Yoast SEO plugin v24.2 - https:\/\/yoast.com\/wordpress\/plugins\/seo\/ -->\r\n<title>L\u2019Universit\u00e9 du Qu\u00e9bec \u00e0 Chicoutimi inaugure son nouveau Pavillon du Grand S\u00e9minaire - UQACtualit\u00e9s<\/title>\r\n<meta name=\"robots\" content=\"index, follow, max-snippet:-1, max-image-preview:large, max-video-preview:-1\" \/>\r\n<link rel=\"canonical\" href=\"https:\/\/www.uqac.ca\/uqactualites\/2015\/09\/01\/luniversite-du-quebec-a-chicoutimi-inaugure-son-nouveau-pavillon-du-grand-seminaire\/\" \/>\r\n<meta property=\"og:locale\" content=\"fr_CA\" \/>\r\n<meta property=\"og:type\" content=\"article\" \/>\r\n<meta property=\"og:title\" content=\"L\u2019Universit\u00e9 du Qu\u00e9bec \u00e0 Chicoutimi inaugure son nouveau Pavillon du Grand S\u00e9minaire - UQACtualit\u00e9s\" \/>\r\n<meta property=\"og:description\" content=\"Saguenay, le 1er septembre 2015 \u2013 L\u2019Universit\u00e9 du Qu\u00e9bec \u00e0 Chicoutimi a proc\u00e9d\u00e9 \u00e0 l\u2019inauguration officielle de son Pavillon du Grand S\u00e9minaire lors d\u2019une c\u00e9r\u00e9monie qui se d\u00e9roulait aujourd\u2019hui en pr\u00e9sence du ministre de l&rsquo;\u00c9ducation, de l&rsquo;Enseignement sup\u00e9rieur et de la Recherche et ministre responsable du Loisir et du Sport, Fran\u00e7ois Blais et de l&rsquo;\u00e9v\u00eaque [&hellip;]\" \/>\r\n<meta property=\"og:url\" content=\"https:\/\/www.uqac.ca\/uqactualites\/2015\/09\/01\/luniversite-du-quebec-a-chicoutimi-inaugure-son-nouveau-pavillon-du-grand-seminaire\/\" \/>\r\n<meta property=\"og:site_name\" content=\"UQACtualit\u00e9s\" \/>\r\n<meta property=\"article:published_time\" content=\"2015-09-01T19:53:19+00:00\" \/>\r\n<meta property=\"og:image\" content=\"https:\/\/www.uqac.ca\/uqactualites\/wp-content\/uploads\/2012\/05\/communiqu-.jpg\" \/>\r\n\t<meta property=\"og:image:width\" content=\"620\" \/>\r\n\t<meta property=\"og:image:height\" content=\"300\" \/>\r\n\t<meta property=\"og:image:type\" content=\"image\/jpeg\" \/>\r\n<meta name=\"author\" content=\"Service des communications et des relations publiques\" \/>\r\n<meta name=\"twitter:card\" content=\"summary_large_image\" \/>\r\n<meta name=\"twitter:label1\" content=\"\u00c9crit par\" \/>\n\t<meta name=\"twitter:data1\" content=\"Service des communications et des relations publiques\" \/>\n\t<meta name=\"twitter:label2\" content=\"Estimation du temps de lecture\" \/>\n\t<meta name=\"twitter:data2\" content=\"3 minutes\" \/>\r\n<script type=\"application\/ld+json\" class=\"yoast-schema-graph\">{\"@context\":\"https:\/\/schema.org\",\"@graph\":[{\"@type\":\"WebPage\",\"@id\":\"https:\/\/www.uqac.ca\/uqactualites\/2015\/09\/01\/luniversite-du-quebec-a-chicoutimi-inaugure-son-nouveau-pavillon-du-grand-seminaire\/\",\"url\":\"https:\/\/www.uqac.ca\/uqactualites\/2015\/09\/01\/luniversite-du-quebec-a-chicoutimi-inaugure-son-nouveau-pavillon-du-grand-seminaire\/\",\"name\":\"L\u2019Universit\u00e9 du Qu\u00e9bec \u00e0 Chicoutimi inaugure son nouveau Pavillon du Grand S\u00e9minaire - UQACtualit\u00e9s\",\"isPartOf\":{\"@id\":\"https:\/\/www.uqac.ca\/uqactualites\/#website\"},\"primaryImageOfPage\":{\"@id\":\"https:\/\/www.uqac.ca\/uqactualites\/2015\/09\/01\/luniversite-du-quebec-a-chicoutimi-inaugure-son-nouveau-pavillon-du-grand-seminaire\/#primaryimage\"},\"image\":{\"@id\":\"https:\/\/www.uqac.ca\/uqactualites\/2015\/09\/01\/luniversite-du-quebec-a-chicoutimi-inaugure-son-nouveau-pavillon-du-grand-seminaire\/#primaryimage\"},\"thumbnailUrl\":\"https:\/\/www.uqac.ca\/uqactualites\/wp-content\/uploads\/2012\/05\/communiqu-.jpg\",\"datePublished\":\"2015-09-01T19:53:19+00:00\",\"dateModified\":\"2015-09-01T19:53:19+00:00\",\"author\":{\"@id\":\"https:\/\/www.uqac.ca\/uqactualites\/#\/schema\/person\/366c45a0c4f0e677b41b4af5886e2018\"},\"breadcrumb\":{\"@id\":\"https:\/\/www.uqac.ca\/uqactualites\/2015\/09\/01\/luniversite-du-quebec-a-chicoutimi-inaugure-son-nouveau-pavillon-du-grand-seminaire\/#breadcrumb\"},\"inLanguage\":\"fr-CA\",\"potentialAction\":[{\"@type\":\"ReadAction\",\"target\":[\"https:\/\/www.uqac.ca\/uqactualites\/2015\/09\/01\/luniversite-du-quebec-a-chicoutimi-inaugure-son-nouveau-pavillon-du-grand-seminaire\/\"]}]},{\"@type\":\"ImageObject\",\"inLanguage\":\"fr-CA\",\"@id\":\"https:\/\/www.uqac.ca\/uqactualites\/2015\/09\/01\/luniversite-du-quebec-a-chicoutimi-inaugure-son-nouveau-pavillon-du-grand-seminaire\/#primaryimage\",\"url\":\"https:\/\/www.uqac.ca\/uqactualites\/wp-content\/uploads\/2012\/05\/communiqu-.jpg\",\"contentUrl\":\"https:\/\/www.uqac.ca\/uqactualites\/wp-content\/uploads\/2012\/05\/communiqu-.jpg\",\"width\":620,\"height\":300},{\"@type\":\"BreadcrumbList\",\"@id\":\"https:\/\/www.uqac.ca\/uqactualites\/2015\/09\/01\/luniversite-du-quebec-a-chicoutimi-inaugure-son-nouveau-pavillon-du-grand-seminaire\/#breadcrumb\",\"itemListElement\":[{\"@type\":\"ListItem\",\"position\":1,\"name\":\"Home\",\"item\":\"https:\/\/www.uqac.ca\/uqactualites\/\"},{\"@type\":\"ListItem\",\"position\":2,\"name\":\"L\u2019Universit\u00e9 du Qu\u00e9bec \u00e0 Chicoutimi inaugure son nouveau Pavillon du Grand S\u00e9minaire\"}]},{\"@type\":\"WebSite\",\"@id\":\"https:\/\/www.uqac.ca\/uqactualites\/#website\",\"url\":\"https:\/\/www.uqac.ca\/uqactualites\/\",\"name\":\"UQACtualit\u00e9s\",\"description\":\"Le portail des nouvelles de l&#039;UQAC\",\"potentialAction\":[{\"@type\":\"SearchAction\",\"target\":{\"@type\":\"EntryPoint\",\"urlTemplate\":\"https:\/\/www.uqac.ca\/uqactualites\/?s={search_term_string}\"},\"query-input\":{\"@type\":\"PropertyValueSpecification\",\"valueRequired\":true,\"valueName\":\"search_term_string\"}}],\"inLanguage\":\"fr-CA\"},{\"@type\":\"Person\",\"@id\":\"https:\/\/www.uqac.ca\/uqactualites\/#\/schema\/person\/366c45a0c4f0e677b41b4af5886e2018\",\"name\":\"Service des communications et des relations publiques\",\"image\":{\"@type\":\"ImageObject\",\"inLanguage\":\"fr-CA\",\"@id\":\"https:\/\/www.uqac.ca\/uqactualites\/#\/schema\/person\/image\/\",\"url\":\"https:\/\/secure.gravatar.com\/avatar\/20fbbda8a292f59f2d3461a5b999c00b?s=96&d=mm&r=g\",\"contentUrl\":\"https:\/\/secure.gravatar.com\/avatar\/20fbbda8a292f59f2d3461a5b999c00b?s=96&d=mm&r=g\",\"caption\":\"Service des communications et des relations publiques\"},\"url\":\"https:\/\/www.uqac.ca\/uqactualites\/author\/bap\/\"}]}<\/script>\r\n<!-- \/ Yoast SEO plugin. -->","yoast_head_json":{"title":"L\u2019Universit\u00e9 du Qu\u00e9bec \u00e0 Chicoutimi inaugure son nouveau Pavillon du Grand S\u00e9minaire - UQACtualit\u00e9s","robots":{"index":"index","follow":"follow","max-snippet":"max-snippet:-1","max-image-preview":"max-image-preview:large","max-video-preview":"max-video-preview:-1"},"canonical":"https:\/\/www.uqac.ca\/uqactualites\/2015\/09\/01\/luniversite-du-quebec-a-chicoutimi-inaugure-son-nouveau-pavillon-du-grand-seminaire\/","og_locale":"fr_CA","og_type":"article","og_title":"L\u2019Universit\u00e9 du Qu\u00e9bec \u00e0 Chicoutimi inaugure son nouveau Pavillon du Grand S\u00e9minaire - UQACtualit\u00e9s","og_description":"Saguenay, le 1er septembre 2015 \u2013 L\u2019Universit\u00e9 du Qu\u00e9bec \u00e0 Chicoutimi a proc\u00e9d\u00e9 \u00e0 l\u2019inauguration officielle de son Pavillon du Grand S\u00e9minaire lors d\u2019une c\u00e9r\u00e9monie qui se d\u00e9roulait aujourd\u2019hui en pr\u00e9sence du ministre de l&rsquo;\u00c9ducation, de l&rsquo;Enseignement sup\u00e9rieur et de la Recherche et ministre responsable du Loisir et du Sport, Fran\u00e7ois Blais et de l&rsquo;\u00e9v\u00eaque [&hellip;]","og_url":"https:\/\/www.uqac.ca\/uqactualites\/2015\/09\/01\/luniversite-du-quebec-a-chicoutimi-inaugure-son-nouveau-pavillon-du-grand-seminaire\/","og_site_name":"UQACtualit\u00e9s","article_published_time":"2015-09-01T19:53:19+00:00","og_image":[{"width":620,"height":300,"url":"https:\/\/www.uqac.ca\/uqactualites\/wp-content\/uploads\/2012\/05\/communiqu-.jpg","type":"image\/jpeg"}],"author":"Service des communications et des relations publiques","twitter_card":"summary_large_image","twitter_misc":{"\u00c9crit par":"Service des communications et des relations publiques","Estimation du temps de lecture":"3 minutes"},"schema":{"@context":"https:\/\/schema.org","@graph":[{"@type":"WebPage","@id":"https:\/\/www.uqac.ca\/uqactualites\/2015\/09\/01\/luniversite-du-quebec-a-chicoutimi-inaugure-son-nouveau-pavillon-du-grand-seminaire\/","url":"https:\/\/www.uqac.ca\/uqactualites\/2015\/09\/01\/luniversite-du-quebec-a-chicoutimi-inaugure-son-nouveau-pavillon-du-grand-seminaire\/","name":"L\u2019Universit\u00e9 du Qu\u00e9bec \u00e0 Chicoutimi inaugure son nouveau Pavillon du Grand S\u00e9minaire - UQACtualit\u00e9s","isPartOf":{"@id":"https:\/\/www.uqac.ca\/uqactualites\/#website"},"primaryImageOfPage":{"@id":"https:\/\/www.uqac.ca\/uqactualites\/2015\/09\/01\/luniversite-du-quebec-a-chicoutimi-inaugure-son-nouveau-pavillon-du-grand-seminaire\/#primaryimage"},"image":{"@id":"https:\/\/www.uqac.ca\/uqactualites\/2015\/09\/01\/luniversite-du-quebec-a-chicoutimi-inaugure-son-nouveau-pavillon-du-grand-seminaire\/#primaryimage"},"thumbnailUrl":"https:\/\/www.uqac.ca\/uqactualites\/wp-content\/uploads\/2012\/05\/communiqu-.jpg","datePublished":"2015-09-01T19:53:19+00:00","dateModified":"2015-09-01T19:53:19+00:00","author":{"@id":"https:\/\/www.uqac.ca\/uqactualites\/#\/schema\/person\/366c45a0c4f0e677b41b4af5886e2018"},"breadcrumb":{"@id":"https:\/\/www.uqac.ca\/uqactualites\/2015\/09\/01\/luniversite-du-quebec-a-chicoutimi-inaugure-son-nouveau-pavillon-du-grand-seminaire\/#breadcrumb"},"inLanguage":"fr-CA","potentialAction":[{"@type":"ReadAction","target":["https:\/\/www.uqac.ca\/uqactualites\/2015\/09\/01\/luniversite-du-quebec-a-chicoutimi-inaugure-son-nouveau-pavillon-du-grand-seminaire\/"]}]},{"@type":"ImageObject","inLanguage":"fr-CA","@id":"https:\/\/www.uqac.ca\/uqactualites\/2015\/09\/01\/luniversite-du-quebec-a-chicoutimi-inaugure-son-nouveau-pavillon-du-grand-seminaire\/#primaryimage","url":"https:\/\/www.uqac.ca\/uqactualites\/wp-content\/uploads\/2012\/05\/communiqu-.jpg","contentUrl":"https:\/\/www.uqac.ca\/uqactualites\/wp-content\/uploads\/2012\/05\/communiqu-.jpg","width":620,"height":300},{"@type":"BreadcrumbList","@id":"https:\/\/www.uqac.ca\/uqactualites\/2015\/09\/01\/luniversite-du-quebec-a-chicoutimi-inaugure-son-nouveau-pavillon-du-grand-seminaire\/#breadcrumb","itemListElement":[{"@type":"ListItem","position":1,"name":"Home","item":"https:\/\/www.uqac.ca\/uqactualites\/"},{"@type":"ListItem","position":2,"name":"L\u2019Universit\u00e9 du Qu\u00e9bec \u00e0 Chicoutimi inaugure son nouveau Pavillon du Grand S\u00e9minaire"}]},{"@type":"WebSite","@id":"https:\/\/www.uqac.ca\/uqactualites\/#website","url":"https:\/\/www.uqac.ca\/uqactualites\/","name":"UQACtualit\u00e9s","description":"Le portail des nouvelles de l&#039;UQAC","potentialAction":[{"@type":"SearchAction","target":{"@type":"EntryPoint","urlTemplate":"https:\/\/www.uqac.ca\/uqactualites\/?s={search_term_string}"},"query-input":{"@type":"PropertyValueSpecification","valueRequired":true,"valueName":"search_term_string"}}],"inLanguage":"fr-CA"},{"@type":"Person","@id":"https:\/\/www.uqac.ca\/uqactualites\/#\/schema\/person\/366c45a0c4f0e677b41b4af5886e2018","name":"Service des communications et des relations publiques","image":{"@type":"ImageObject","inLanguage":"fr-CA","@id":"https:\/\/www.uqac.ca\/uqactualites\/#\/schema\/person\/image\/","url":"https:\/\/secure.gravatar.com\/avatar\/20fbbda8a292f59f2d3461a5b999c00b?s=96&d=mm&r=g","contentUrl":"https:\/\/secure.gravatar.com\/avatar\/20fbbda8a292f59f2d3461a5b999c00b?s=96&d=mm&r=g","caption":"Service des communications et des relations publiques"},"url":"https:\/\/www.uqac.ca\/uqactualites\/author\/bap\/"}]}},"_links":{"self":[{"href":"https:\/\/www.uqac.ca\/uqactualites\/wp-json\/wp\/v2\/posts\/30580"}],"collection":[{"href":"https:\/\/www.uqac.ca\/uqactualites\/wp-json\/wp\/v2\/posts"}],"about":[{"href":"https:\/\/www.uqac.ca\/uqactualites\/wp-json\/wp\/v2\/types\/post"}],"author":[{"embeddable":true,"href":"https:\/\/www.uqac.ca\/uqactualites\/wp-json\/wp\/v2\/users\/5"}],"replies":[{"embeddable":true,"href":"https:\/\/www.uqac.ca\/uqactualites\/wp-json\/wp\/v2\/comments?post=30580"}],"version-history":[{"count":0,"href":"https:\/\/www.uqac.ca\/uqactualites\/wp-json\/wp\/v2\/posts\/30580\/revisions"}],"wp:featuredmedia":[{"embeddable":true,"href":"https:\/\/www.uqac.ca\/uqactualites\/wp-json\/wp\/v2\/media\/20745"}],"wp:attachment":[{"href":"https:\/\/www.uqac.ca\/uqactualites\/wp-json\/wp\/v2\/media?parent=30580"}],"wp:term":[{"taxonomy":"category","embeddable":true,"href":"https:\/\/www.uqac.ca\/uqactualites\/wp-json\/wp\/v2\/categories?post=30580"},{"taxonomy":"post_tag","embeddable":true,"href":"https:\/\/www.uqac.ca\/uqactualites\/wp-json\/wp\/v2\/tags?post=30580"}],"curies":[{"name":"wp","href":"https:\/\/api.w.org\/{rel}","templated":true}]}}